{"id":22893,"date":"2026-04-28T19:30:34","date_gmt":"2026-04-28T17:30:34","guid":{"rendered":"https:\/\/www.asajacyl.com\/palencia\/?p=22893"},"modified":"2026-04-28T19:30:37","modified_gmt":"2026-04-28T17:30:37","slug":"asaja-valora-positivamente-el-voto-del-parlamento-europeo-por-un-presupuesto-de-la-ue-mas-fuerte-pero-exige-garantias-firmes-para-la-pac","status":"publish","type":"post","link":"https:\/\/www.asajacyl.com\/palencia\/asaja-palencia-informa\/asaja-valora-positivamente-el-voto-del-parlamento-europeo-por-un-presupuesto-de-la-ue-mas-fuerte-pero-exige-garantias-firmes-para-la-pac","title":{"rendered":"ASAJA valora positivamente el voto del Parlamento Europeo por un presupuesto de la UE m\u00e1s fuerte, pero exige garant\u00edas firmes para la PAC"},"content":{"rendered":"\n<h2 class=\"wp-block-heading\">Y es que, el pleno del Parlamento Europeo en Estrasburgo ha aprobado defender un presupuesto equivalente al 1,27 % de la renta nacional bruta de la UE para el futuro Marco Financiero Plurianual (MFP) 2028-2034. <\/h2>\n\n\n\n<h2 class=\"wp-block-heading\">El presupuesto votado por los europarlamentarios representa un incremento aproximado del 10% respecto a la propuesta inicial de la Comisi\u00f3n. <\/h2>\n\n\n\n<h2 class=\"wp-block-heading\">Para ASAJA, este aumento es una se\u00f1al pol\u00edtica clara de que Europa debe dotarse de m\u00e1s recursos para responder a las demandas de los ciudadanos y sostener pol\u00edticas estrat\u00e9gicas, entre las que est\u00e1 la PAC.<\/h2>\n\n\n\n<figure class=\"wp-block-image size-full is-resized\"><img loading=\"lazy\" decoding=\"async\" width=\"1000\" height=\"667\" src=\"https:\/\/www.asajacyl.com\/palencia\/wp-content\/uploads\/sites\/3\/2026\/04\/Asaja-parlamento-europeo-pleno-2.jpg\" alt=\"\" class=\"wp-image-22894\" style=\"width:857px;height:auto\" \/><\/figure>\n\n\n\n<h3 class=\"wp-block-heading\">AHORA FALTA EL COMPROMISO<\/h3>\n\n\n\n<p>No obstante, desde ASAJA se subraya que este avance <strong>debe traducirse en un compromiso firme, suficiente y estable con la Pol\u00edtica Agraria Com\u00fan (PAC), junto a la pol\u00edtica de cohesi\u00f3n<\/strong>, elemento esencial para garantizar la seguridad alimentaria, la viabilidad de las explotaciones y el equilibrio territorial. <\/p>\n\n\n\n<p>Es <strong>fundamental que la PAC no se vea debilitada por la aparici\u00f3n de nuevas prioridades<\/strong> presupuestarias como la defensa o la competitividad. Europa no puede reforzar su autonom\u00eda estrat\u00e9gica sin garantizar previamente su autonom\u00eda alimentaria.<\/p>\n\n\n\n<h3 class=\"wp-block-heading\">RECHAZO A LA RENACIONALIZACI\u00d3N<\/h3>\n\n\n\n<p>Tambi\u00e9n <strong>valora la OPA el rechazo a cualquier intento de renacionalizaci\u00f3n del presupuesto<\/strong> europeo o de implantaci\u00f3n de modelos a la carta por Estado miembro, que podr\u00edan fragmentar el mercado interior y generar desigualdades entre agricultores.<\/p>\n\n\n\n<p>La organizaci\u00f3n considera necesario que el incremento presupuestario venga acompa\u00f1ado de medidas reales de simplificaci\u00f3n administrativa, que reduzcan la carga burocr\u00e1tica y faciliten el acceso a las ayudas. <\/p>\n\n\n\n<p>A la vez, ASAJA coincide con el Parlamento Europeo que cualquier proceso de simplificaci\u00f3n del presupuesto no debe ir en detrimento de la transparencia, la rendici\u00f3n de cuentas ni el control democr\u00e1tico, y los nuevos modelos de gesti\u00f3n basados en planes nacionales podr\u00edan generar inseguridad jur\u00eddica y aumentar la burocracia.<\/p>\n\n\n\n<h3 class=\"wp-block-heading\">HORA DE LOS ESTADOS MIEMBROS<\/h3>\n\n\n\n<p>Tras la posici\u00f3n adoptada por el Parlamento Europeo, ASAJA subraya que corresponde ahora a los Estados miembros, en el seno del Consejo de la Uni\u00f3n Europea, definir una posici\u00f3n ambiciosa y coherente con los objetivos fijados, especialmente en lo relativo a la financiaci\u00f3n de la PAC.<\/p>\n\n\n\n<p>En el caso de Espa\u00f1a, la organizaci\u00f3n considera necesario que se clarifique cuanto antes su planteamiento sobre aspectos clave del futuro presupuesto, como la configuraci\u00f3n de los instrumentos financieros o el nivel de recursos destinado a la pol\u00edtica agraria. <\/p>\n\n\n\n<p>ASAJA recuerda que, <strong>si bien el ministro de Agricultura, Luis Planas, se ha pronunciado en distintas ocasiones, la definici\u00f3n de la posici\u00f3n espa\u00f1ola en el marco financiero plurianual corresponde al presidente del Gobierno, Pedro S\u00e1nchez<\/strong>, por lo que resulta esencial contar con una orientaci\u00f3n clara y alineada con los intereses del sector.<\/p>\n","protected":false},"excerpt":{"rendered":"<p>Y es que, el pleno del Parlamento Europeo en Estrasburgo ha aprobado defender un presupuesto equivalente al 1,27 % de la renta nacional bruta de la UE para el futuro Marco Financiero Plurianual (MFP) 2028-2034. El presupuesto votado por los europarlamentarios representa un incremento aproximado del 10% respecto a la propuesta inicial de la Comisi\u00f3n. [&hellip;]<\/p>\n","protected":false},"author":9,"featured_media":22894,"comment_status":"open","ping_status":"open","sticky":false,"template":"","format":"standard","meta":{"footnotes":""},"categories":[9,28],"tags":[1714,1707,58,77,110],"yoast_head":"<!-- This site is optimized with the Yoast SEO plugin v24.5 - https:\/\/yoast.com\/wordpress\/plugins\/seo\/ -->\n<title>ASAJA valora positivamente el voto del Parlamento Europeo por un presupuesto de la UE m\u00e1s fuerte, pero exige garant\u00edas firmes para la PAC - ASAJA Palencia<\/title>\n<meta name=\"description\" content=\"ASAJA valora positivamente el voto del Parlamento Europeo por un presupuesto de la UE m\u00e1s fuerte, pero exige garant\u00edas firmes para la PAC.\" \/>\n<meta name=\"robots\" content=\"index, follow, max-snippet:-1, max-image-preview:large, max-video-preview:-1\" \/>\n<link rel=\"canonical\" href=\"https:\/\/www.asajacyl.com\/palencia\/asaja-palencia-informa\/asaja-valora-positivamente-el-voto-del-parlamento-europeo-por-un-presupuesto-de-la-ue-mas-fuerte-pero-exige-garantias-firmes-para-la-pac\" \/>\n<meta property=\"og:locale\" content=\"es_ES\" \/>\n<meta property=\"og:type\" content=\"article\" \/>\n<meta property=\"og:title\" content=\"ASAJA valora positivamente el voto del Parlamento Europeo por un presupuesto de la UE m\u00e1s fuerte, pero exige garant\u00edas firmes para la PAC - ASAJA Palencia\" \/>\n<meta property=\"og:description\" content=\"ASAJA valora positivamente el voto del Parlamento Europeo por un presupuesto de la UE m\u00e1s fuerte, pero exige garant\u00edas firmes para la PAC.\" \/>\n<meta property=\"og:url\" content=\"https:\/\/www.asajacyl.com\/palencia\/asaja-palencia-informa\/asaja-valora-positivamente-el-voto-del-parlamento-europeo-por-un-presupuesto-de-la-ue-mas-fuerte-pero-exige-garantias-firmes-para-la-pac\" \/>\n<meta property=\"og:site_name\" content=\"ASAJA Palencia\" \/>\n<meta property=\"article:published_time\" content=\"2026-04-28T17:30:34+00:00\" \/>\n<meta property=\"article:modified_time\" content=\"2026-04-28T17:30:37+00:00\" \/>\n<meta property=\"og:image\" content=\"https:\/\/www.asajacyl.com\/palencia\/wp-content\/uploads\/sites\/3\/2026\/04\/Asaja-parlamento-europeo-pleno-2.jpg\" \/>\n\t<meta property=\"og:image:width\" content=\"1000\" \/>\n\t<meta property=\"og:image:height\" content=\"667\" \/>\n\t<meta property=\"og:image:type\" content=\"image\/jpeg\" \/>\n<meta name=\"author\" content=\"Administrador\" \/>\n<meta name=\"twitter:card\" content=\"summary_large_image\" \/>\n<meta name=\"twitter:label1\" content=\"Escrito por\" \/>\n\t<meta name=\"twitter:data1\" content=\"Administrador\" \/>\n\t<meta name=\"twitter:label2\" content=\"Tiempo de lectura\" \/>\n\t<meta name=\"twitter:data2\" content=\"3 minutos\" \/>\n<script type=\"application\/ld+json\" class=\"yoast-schema-graph\">{\"@context\":\"https:\/\/schema.org\",\"@graph\":[{\"@type\":\"WebPage\",\"@id\":\"https:\/\/www.asajacyl.com\/palencia\/asaja-palencia-informa\/asaja-valora-positivamente-el-voto-del-parlamento-europeo-por-un-presupuesto-de-la-ue-mas-fuerte-pero-exige-garantias-firmes-para-la-pac\",\"url\":\"https:\/\/www.asajacyl.com\/palencia\/asaja-palencia-informa\/asaja-valora-positivamente-el-voto-del-parlamento-europeo-por-un-presupuesto-de-la-ue-mas-fuerte-pero-exige-garantias-firmes-para-la-pac\",\"name\":\"ASAJA valora positivamente el voto del Parlamento Europeo por un presupuesto de la UE m\u00e1s fuerte, pero exige garant\u00edas firmes para la PAC - ASAJA Palencia\",\"isPartOf\":{\"@id\":\"https:\/\/www.asajacyl.com\/palencia\/#website\"},\"primaryImageOfPage\":{\"@id\":\"https:\/\/www.asajacyl.com\/palencia\/asaja-palencia-informa\/asaja-valora-positivamente-el-voto-del-parlamento-europeo-por-un-presupuesto-de-la-ue-mas-fuerte-pero-exige-garantias-firmes-para-la-pac#primaryimage\"},\"image\":{\"@id\":\"https:\/\/www.asajacyl.com\/palencia\/asaja-palencia-informa\/asaja-valora-positivamente-el-voto-del-parlamento-europeo-por-un-presupuesto-de-la-ue-mas-fuerte-pero-exige-garantias-firmes-para-la-pac#primaryimage\"},\"thumbnailUrl\":\"https:\/\/www.asajacyl.com\/palencia\/wp-content\/uploads\/sites\/3\/2026\/04\/Asaja-parlamento-europeo-pleno-2.jpg\",\"datePublished\":\"2026-04-28T17:30:34+00:00\",\"dateModified\":\"2026-04-28T17:30:37+00:00\",\"author\":{\"@id\":\"https:\/\/www.asajacyl.com\/palencia\/#\/schema\/person\/3ab17aeb03527485c317557fae64aab1\"},\"description\":\"ASAJA valora positivamente el voto del Parlamento Europeo por un presupuesto de la UE m\u00e1s fuerte, pero exige garant\u00edas firmes para la PAC.\",\"breadcrumb\":{\"@id\":\"https:\/\/www.asajacyl.com\/palencia\/asaja-palencia-informa\/asaja-valora-positivamente-el-voto-del-parlamento-europeo-por-un-presupuesto-de-la-ue-mas-fuerte-pero-exige-garantias-firmes-para-la-pac#breadcrumb\"},\"inLanguage\":\"es\",\"potentialAction\":[{\"@type\":\"ReadAction\",\"target\":[\"https:\/\/www.asajacyl.com\/palencia\/asaja-palencia-informa\/asaja-valora-positivamente-el-voto-del-parlamento-europeo-por-un-presupuesto-de-la-ue-mas-fuerte-pero-exige-garantias-firmes-para-la-pac\"]}]},{\"@type\":\"ImageObject\",\"inLanguage\":\"es\",\"@id\":\"https:\/\/www.asajacyl.com\/palencia\/asaja-palencia-informa\/asaja-valora-positivamente-el-voto-del-parlamento-europeo-por-un-presupuesto-de-la-ue-mas-fuerte-pero-exige-garantias-firmes-para-la-pac#primaryimage\",\"url\":\"https:\/\/www.asajacyl.com\/palencia\/wp-content\/uploads\/sites\/3\/2026\/04\/Asaja-parlamento-europeo-pleno-2.jpg\",\"contentUrl\":\"https:\/\/www.asajacyl.com\/palencia\/wp-content\/uploads\/sites\/3\/2026\/04\/Asaja-parlamento-europeo-pleno-2.jpg\",\"width\":1000,\"height\":667},{\"@type\":\"BreadcrumbList\",\"@id\":\"https:\/\/www.asajacyl.com\/palencia\/asaja-palencia-informa\/asaja-valora-positivamente-el-voto-del-parlamento-europeo-por-un-presupuesto-de-la-ue-mas-fuerte-pero-exige-garantias-firmes-para-la-pac#breadcrumb\",\"itemListElement\":[{\"@type\":\"ListItem\",\"position\":1,\"name\":\"Portada\",\"item\":\"https:\/\/www.asajacyl.com\/palencia\/\"},{\"@type\":\"ListItem\",\"position\":2,\"name\":\"ASAJA valora positivamente el voto del Parlamento Europeo por un presupuesto de la UE m\u00e1s fuerte, pero exige garant\u00edas firmes para la PAC\"}]},{\"@type\":\"WebSite\",\"@id\":\"https:\/\/www.asajacyl.com\/palencia\/#website\",\"url\":\"https:\/\/www.asajacyl.com\/palencia\/\",\"name\":\"ASAJA Palencia\",\"description\":\"Otro sitio m\u00e1s de Provincias ASAJA Castilla y Le\u00f3n\",\"potentialAction\":[{\"@type\":\"SearchAction\",\"target\":{\"@type\":\"EntryPoint\",\"urlTemplate\":\"https:\/\/www.asajacyl.com\/palencia\/?s={search_term_string}\"},\"query-input\":{\"@type\":\"PropertyValueSpecification\",\"valueRequired\":true,\"valueName\":\"search_term_string\"}}],\"inLanguage\":\"es\"},{\"@type\":\"Person\",\"@id\":\"https:\/\/www.asajacyl.com\/palencia\/#\/schema\/person\/3ab17aeb03527485c317557fae64aab1\",\"name\":\"Administrador\",\"image\":{\"@type\":\"ImageObject\",\"inLanguage\":\"es\",\"@id\":\"https:\/\/www.asajacyl.com\/palencia\/#\/schema\/person\/image\/\",\"url\":\"https:\/\/secure.gravatar.com\/avatar\/517384810d242ca9e38c180f3c9fb973?s=96&d=mm&r=g\",\"contentUrl\":\"https:\/\/secure.gravatar.com\/avatar\/517384810d242ca9e38c180f3c9fb973?s=96&d=mm&r=g\",\"caption\":\"Administrador\"},\"url\":\"https:\/\/www.asajacyl.com\/palencia\/author\/carlosrm\"}]}<\/script>\n<!-- \/ Yoast SEO plugin. -->","yoast_head_json":{"title":"ASAJA valora positivamente el voto del Parlamento Europeo por un presupuesto de la UE m\u00e1s fuerte, pero exige garant\u00edas firmes para la PAC - ASAJA Palencia","description":"ASAJA valora positivamente el voto del Parlamento Europeo por un presupuesto de la UE m\u00e1s fuerte, pero exige garant\u00edas firmes para la PAC.","robots":{"index":"index","follow":"follow","max-snippet":"max-snippet:-1","max-image-preview":"max-image-preview:large","max-video-preview":"max-video-preview:-1"},"canonical":"https:\/\/www.asajacyl.com\/palencia\/asaja-palencia-informa\/asaja-valora-positivamente-el-voto-del-parlamento-europeo-por-un-presupuesto-de-la-ue-mas-fuerte-pero-exige-garantias-firmes-para-la-pac","og_locale":"es_ES","og_type":"article","og_title":"ASAJA valora positivamente el voto del Parlamento Europeo por un presupuesto de la UE m\u00e1s fuerte, pero exige garant\u00edas firmes para la PAC - ASAJA Palencia","og_description":"ASAJA valora positivamente el voto del Parlamento Europeo por un presupuesto de la UE m\u00e1s fuerte, pero exige garant\u00edas firmes para la PAC.","og_url":"https:\/\/www.asajacyl.com\/palencia\/asaja-palencia-informa\/asaja-valora-positivamente-el-voto-del-parlamento-europeo-por-un-presupuesto-de-la-ue-mas-fuerte-pero-exige-garantias-firmes-para-la-pac","og_site_name":"ASAJA Palencia","article_published_time":"2026-04-28T17:30:34+00:00","article_modified_time":"2026-04-28T17:30:37+00:00","og_image":[{"width":1000,"height":667,"url":"https:\/\/www.asajacyl.com\/palencia\/wp-content\/uploads\/sites\/3\/2026\/04\/Asaja-parlamento-europeo-pleno-2.jpg","type":"image\/jpeg"}],"author":"Administrador","twitter_card":"summary_large_image","twitter_misc":{"Escrito por":"Administrador","Tiempo de lectura":"3 minutos"},"schema":{"@context":"https:\/\/schema.org","@graph":[{"@type":"WebPage","@id":"https:\/\/www.asajacyl.com\/palencia\/asaja-palencia-informa\/asaja-valora-positivamente-el-voto-del-parlamento-europeo-por-un-presupuesto-de-la-ue-mas-fuerte-pero-exige-garantias-firmes-para-la-pac","url":"https:\/\/www.asajacyl.com\/palencia\/asaja-palencia-informa\/asaja-valora-positivamente-el-voto-del-parlamento-europeo-por-un-presupuesto-de-la-ue-mas-fuerte-pero-exige-garantias-firmes-para-la-pac","name":"ASAJA valora positivamente el voto del Parlamento Europeo por un presupuesto de la UE m\u00e1s fuerte, pero exige garant\u00edas firmes para la PAC - ASAJA Palencia","isPartOf":{"@id":"https:\/\/www.asajacyl.com\/palencia\/#website"},"primaryImageOfPage":{"@id":"https:\/\/www.asajacyl.com\/palencia\/asaja-palencia-informa\/asaja-valora-positivamente-el-voto-del-parlamento-europeo-por-un-presupuesto-de-la-ue-mas-fuerte-pero-exige-garantias-firmes-para-la-pac#primaryimage"},"image":{"@id":"https:\/\/www.asajacyl.com\/palencia\/asaja-palencia-informa\/asaja-valora-positivamente-el-voto-del-parlamento-europeo-por-un-presupuesto-de-la-ue-mas-fuerte-pero-exige-garantias-firmes-para-la-pac#primaryimage"},"thumbnailUrl":"https:\/\/www.asajacyl.com\/palencia\/wp-content\/uploads\/sites\/3\/2026\/04\/Asaja-parlamento-europeo-pleno-2.jpg","datePublished":"2026-04-28T17:30:34+00:00","dateModified":"2026-04-28T17:30:37+00:00","author":{"@id":"https:\/\/www.asajacyl.com\/palencia\/#\/schema\/person\/3ab17aeb03527485c317557fae64aab1"},"description":"ASAJA valora positivamente el voto del Parlamento Europeo por un presupuesto de la UE m\u00e1s fuerte, pero exige garant\u00edas firmes para la PAC.","breadcrumb":{"@id":"https:\/\/www.asajacyl.com\/palencia\/asaja-palencia-informa\/asaja-valora-positivamente-el-voto-del-parlamento-europeo-por-un-presupuesto-de-la-ue-mas-fuerte-pero-exige-garantias-firmes-para-la-pac#breadcrumb"},"inLanguage":"es","potentialAction":[{"@type":"ReadAction","target":["https:\/\/www.asajacyl.com\/palencia\/asaja-palencia-informa\/asaja-valora-positivamente-el-voto-del-parlamento-europeo-por-un-presupuesto-de-la-ue-mas-fuerte-pero-exige-garantias-firmes-para-la-pac"]}]},{"@type":"ImageObject","inLanguage":"es","@id":"https:\/\/www.asajacyl.com\/palencia\/asaja-palencia-informa\/asaja-valora-positivamente-el-voto-del-parlamento-europeo-por-un-presupuesto-de-la-ue-mas-fuerte-pero-exige-garantias-firmes-para-la-pac#primaryimage","url":"https:\/\/www.asajacyl.com\/palencia\/wp-content\/uploads\/sites\/3\/2026\/04\/Asaja-parlamento-europeo-pleno-2.jpg","contentUrl":"https:\/\/www.asajacyl.com\/palencia\/wp-content\/uploads\/sites\/3\/2026\/04\/Asaja-parlamento-europeo-pleno-2.jpg","width":1000,"height":667},{"@type":"BreadcrumbList","@id":"https:\/\/www.asajacyl.com\/palencia\/asaja-palencia-informa\/asaja-valora-positivamente-el-voto-del-parlamento-europeo-por-un-presupuesto-de-la-ue-mas-fuerte-pero-exige-garantias-firmes-para-la-pac#breadcrumb","itemListElement":[{"@type":"ListItem","position":1,"name":"Portada","item":"https:\/\/www.asajacyl.com\/palencia\/"},{"@type":"ListItem","position":2,"name":"ASAJA valora positivamente el voto del Parlamento Europeo por un presupuesto de la UE m\u00e1s fuerte, pero exige garant\u00edas firmes para la PAC"}]},{"@type":"WebSite","@id":"https:\/\/www.asajacyl.com\/palencia\/#website","url":"https:\/\/www.asajacyl.com\/palencia\/","name":"ASAJA Palencia","description":"Otro sitio m\u00e1s de Provincias ASAJA Castilla y Le\u00f3n","potentialAction":[{"@type":"SearchAction","target":{"@type":"EntryPoint","urlTemplate":"https:\/\/www.asajacyl.com\/palencia\/?s={search_term_string}"},"query-input":{"@type":"PropertyValueSpecification","valueRequired":true,"valueName":"search_term_string"}}],"inLanguage":"es"},{"@type":"Person","@id":"https:\/\/www.asajacyl.com\/palencia\/#\/schema\/person\/3ab17aeb03527485c317557fae64aab1","name":"Administrador","image":{"@type":"ImageObject","inLanguage":"es","@id":"https:\/\/www.asajacyl.com\/palencia\/#\/schema\/person\/image\/","url":"https:\/\/secure.gravatar.com\/avatar\/517384810d242ca9e38c180f3c9fb973?s=96&d=mm&r=g","contentUrl":"https:\/\/secure.gravatar.com\/avatar\/517384810d242ca9e38c180f3c9fb973?s=96&d=mm&r=g","caption":"Administrador"},"url":"https:\/\/www.asajacyl.com\/palencia\/author\/carlosrm"}]}},"_links":{"self":[{"href":"https:\/\/www.asajacyl.com\/palencia\/wp-json\/wp\/v2\/posts\/22893"}],"collection":[{"href":"https:\/\/www.asajacyl.com\/palencia\/wp-json\/wp\/v2\/posts"}],"about":[{"href":"https:\/\/www.asajacyl.com\/palencia\/wp-json\/wp\/v2\/types\/post"}],"author":[{"embeddable":true,"href":"https:\/\/www.asajacyl.com\/palencia\/wp-json\/wp\/v2\/users\/9"}],"replies":[{"embeddable":true,"href":"https:\/\/www.asajacyl.com\/palencia\/wp-json\/wp\/v2\/comments?post=22893"}],"version-history":[{"count":1,"href":"https:\/\/www.asajacyl.com\/palencia\/wp-json\/wp\/v2\/posts\/22893\/revisions"}],"predecessor-version":[{"id":22895,"href":"https:\/\/www.asajacyl.com\/palencia\/wp-json\/wp\/v2\/posts\/22893\/revisions\/22895"}],"wp:featuredmedia":[{"embeddable":true,"href":"https:\/\/www.asajacyl.com\/palencia\/wp-json\/wp\/v2\/media\/22894"}],"wp:attachment":[{"href":"https:\/\/www.asajacyl.com\/palencia\/wp-json\/wp\/v2\/media?parent=22893"}],"wp:term":[{"taxonomy":"category","embeddable":true,"href":"https:\/\/www.asajacyl.com\/palencia\/wp-json\/wp\/v2\/categories?post=22893"},{"taxonomy":"post_tag","embeddable":true,"href":"https:\/\/www.asajacyl.com\/palencia\/wp-json\/wp\/v2\/tags?post=22893"}],"curies":[{"name":"wp","href":"https:\/\/api.w.org\/{rel}","templated":true}]}}