{"id":22899,"date":"2026-04-29T15:24:17","date_gmt":"2026-04-29T13:24:17","guid":{"rendered":"https:\/\/www.asajacyl.com\/palencia\/?p=22899"},"modified":"2026-04-29T15:24:19","modified_gmt":"2026-04-29T13:24:19","slug":"baja-tambien-el-precio-de-la-ternera-de-menos-de-270-kilos-en-la-lonja-de-salamanca-2","status":"publish","type":"post","link":"https:\/\/www.asajacyl.com\/palencia\/asaja-palencia-informa\/baja-tambien-el-precio-de-la-ternera-de-menos-de-270-kilos-en-la-lonja-de-salamanca-2","title":{"rendered":"Bajan las cotizaciones de vacuno carne en la lonja de Salamanca"},"content":{"rendered":"\n<h2 class=\"wp-block-heading\">En la sesi\u00f3n semanal de la <strong>Lonja de Salamanca del 27 de abril de 2026<\/strong>, bajan todas las cotizaciones de vacuno de carne controladas en nuestra tabla, not\u00e1ndose una falta de dinamismo en las ventas y una demanda debilitada.<\/h2>\n\n\n\n<h2 class=\"wp-block-heading\">La Mesa del Lechazo de Castilla y Le\u00f3n, una semana m\u00e1s, mantiene los precios del 13 de marzo hasta nueva orden.<\/h2>\n\n\n\n<p>En el mercado de vacuno, bajan -0,03 \u20ac\/kg los a\u00f1ojos extra y bajan -0,02 \u20ac\/kg las terneras extra.<\/p>\n\n\n\n<p>Repetici\u00f3n en el vacuno de vida<\/p>\n\n\n\n<p>La asistencia al mercado ha sido de <strong>291 animales<\/strong>, lo que supone una mejora respecto a sesiones anteriores.<\/p>\n\n\n\n<p>A pesar de las bajadas en el vacuno de carne, el sector mantiene cierta esperanza en que la reciente apertura de los mercados de <strong>Libia y Marruecos<\/strong> pueda reactivar la demanda en las pr\u00f3ximas semanas.<\/p>\n\n\n\n<figure class=\"wp-block-image size-full\"><img loading=\"lazy\" decoding=\"async\" width=\"1024\" height=\"768\" src=\"https:\/\/www.asajacyl.com\/palencia\/wp-content\/uploads\/sites\/3\/2026\/04\/Tabla-precios-ganaderia-27-4-26.jpg\" alt=\"\" class=\"wp-image-22900\" srcset=\"https:\/\/www.asajacyl.com\/palencia\/wp-content\/uploads\/sites\/3\/2026\/04\/Tabla-precios-ganaderia-27-4-26.jpg 1024w, https:\/\/www.asajacyl.com\/palencia\/wp-content\/uploads\/sites\/3\/2026\/04\/Tabla-precios-ganaderia-27-4-26-300x225.jpg 300w, https:\/\/www.asajacyl.com\/palencia\/wp-content\/uploads\/sites\/3\/2026\/04\/Tabla-precios-ganaderia-27-4-26-768x576.jpg 768w, https:\/\/www.asajacyl.com\/palencia\/wp-content\/uploads\/sites\/3\/2026\/04\/Tabla-precios-ganaderia-27-4-26-560x420.jpg 560w, https:\/\/www.asajacyl.com\/palencia\/wp-content\/uploads\/sites\/3\/2026\/04\/Tabla-precios-ganaderia-27-4-26-80x60.jpg 80w, https:\/\/www.asajacyl.com\/palencia\/wp-content\/uploads\/sites\/3\/2026\/04\/Tabla-precios-ganaderia-27-4-26-696x522.jpg 696w\" sizes=\"(max-width: 1024px) 100vw, 1024px\" \/><\/figure>\n\n\n\n<p>Escasez de animales&nbsp;en el&nbsp;mercado de ganado.<\/p>\n\n\n\n<p><\/p>\n","protected":false},"excerpt":{"rendered":"<p>En la sesi\u00f3n semanal de la Lonja de Salamanca del 27 de abril de 2026, bajan todas las cotizaciones de vacuno de carne controladas en nuestra tabla, not\u00e1ndose una falta de dinamismo en las ventas y una demanda debilitada. La Mesa del Lechazo de Castilla y Le\u00f3n, una semana m\u00e1s, mantiene los precios del 13 [&hellip;]<\/p>\n","protected":false},"author":9,"featured_media":22901,"comment_status":"open","ping_status":"open","sticky":false,"template":"","format":"standard","meta":{"footnotes":""},"categories":[9,29,36,28],"tags":[1698,1702,1789],"yoast_head":"<!-- This site is optimized with the Yoast SEO plugin v24.5 - https:\/\/yoast.com\/wordpress\/plugins\/seo\/ -->\n<title>Bajan las cotizaciones de vacuno carne en la lonja de Salamanca - ASAJA Palencia<\/title>\n<meta name=\"description\" content=\"En la sesi\u00f3n semanal de la Lonja de Salamanca del 27 de abril de 2026, bajan todas las cotizaciones de vacuno de carne controladas en nuestra tabla,\" \/>\n<meta name=\"robots\" content=\"index, follow, max-snippet:-1, max-image-preview:large, max-video-preview:-1\" \/>\n<link rel=\"canonical\" href=\"https:\/\/www.asajacyl.com\/palencia\/asaja-palencia-informa\/baja-tambien-el-precio-de-la-ternera-de-menos-de-270-kilos-en-la-lonja-de-salamanca-2\" \/>\n<meta property=\"og:locale\" content=\"es_ES\" \/>\n<meta property=\"og:type\" content=\"article\" \/>\n<meta property=\"og:title\" content=\"Bajan las cotizaciones de vacuno carne en la lonja de Salamanca - ASAJA Palencia\" \/>\n<meta property=\"og:description\" content=\"En la sesi\u00f3n semanal de la Lonja de Salamanca del 27 de abril de 2026, bajan todas las cotizaciones de vacuno de carne controladas en nuestra tabla,\" \/>\n<meta property=\"og:url\" content=\"https:\/\/www.asajacyl.com\/palencia\/asaja-palencia-informa\/baja-tambien-el-precio-de-la-ternera-de-menos-de-270-kilos-en-la-lonja-de-salamanca-2\" \/>\n<meta property=\"og:site_name\" content=\"ASAJA Palencia\" \/>\n<meta property=\"article:published_time\" content=\"2026-04-29T13:24:17+00:00\" \/>\n<meta property=\"article:modified_time\" content=\"2026-04-29T13:24:19+00:00\" \/>\n<meta property=\"og:image\" content=\"https:\/\/www.asajacyl.com\/palencia\/wp-content\/uploads\/sites\/3\/2026\/04\/Asaja-ternera-joven.jpg\" \/>\n\t<meta property=\"og:image:width\" content=\"1258\" \/>\n\t<meta property=\"og:image:height\" content=\"888\" \/>\n\t<meta property=\"og:image:type\" content=\"image\/jpeg\" \/>\n<meta name=\"author\" content=\"Administrador\" \/>\n<meta name=\"twitter:card\" content=\"summary_large_image\" \/>\n<meta name=\"twitter:label1\" content=\"Escrito por\" \/>\n\t<meta name=\"twitter:data1\" content=\"Administrador\" \/>\n\t<meta name=\"twitter:label2\" content=\"Tiempo de lectura\" \/>\n\t<meta name=\"twitter:data2\" content=\"2 minutos\" \/>\n<script type=\"application\/ld+json\" class=\"yoast-schema-graph\">{\"@context\":\"https:\/\/schema.org\",\"@graph\":[{\"@type\":\"WebPage\",\"@id\":\"https:\/\/www.asajacyl.com\/palencia\/asaja-palencia-informa\/baja-tambien-el-precio-de-la-ternera-de-menos-de-270-kilos-en-la-lonja-de-salamanca-2\",\"url\":\"https:\/\/www.asajacyl.com\/palencia\/asaja-palencia-informa\/baja-tambien-el-precio-de-la-ternera-de-menos-de-270-kilos-en-la-lonja-de-salamanca-2\",\"name\":\"Bajan las cotizaciones de vacuno carne en la lonja de Salamanca - ASAJA Palencia\",\"isPartOf\":{\"@id\":\"https:\/\/www.asajacyl.com\/palencia\/#website\"},\"primaryImageOfPage\":{\"@id\":\"https:\/\/www.asajacyl.com\/palencia\/asaja-palencia-informa\/baja-tambien-el-precio-de-la-ternera-de-menos-de-270-kilos-en-la-lonja-de-salamanca-2#primaryimage\"},\"image\":{\"@id\":\"https:\/\/www.asajacyl.com\/palencia\/asaja-palencia-informa\/baja-tambien-el-precio-de-la-ternera-de-menos-de-270-kilos-en-la-lonja-de-salamanca-2#primaryimage\"},\"thumbnailUrl\":\"https:\/\/www.asajacyl.com\/palencia\/wp-content\/uploads\/sites\/3\/2026\/04\/Asaja-ternera-joven.jpg\",\"datePublished\":\"2026-04-29T13:24:17+00:00\",\"dateModified\":\"2026-04-29T13:24:19+00:00\",\"author\":{\"@id\":\"https:\/\/www.asajacyl.com\/palencia\/#\/schema\/person\/3ab17aeb03527485c317557fae64aab1\"},\"description\":\"En la sesi\u00f3n semanal de la Lonja de Salamanca del 27 de abril de 2026, bajan todas las cotizaciones de vacuno de carne controladas en nuestra tabla,\",\"breadcrumb\":{\"@id\":\"https:\/\/www.asajacyl.com\/palencia\/asaja-palencia-informa\/baja-tambien-el-precio-de-la-ternera-de-menos-de-270-kilos-en-la-lonja-de-salamanca-2#breadcrumb\"},\"inLanguage\":\"es\",\"potentialAction\":[{\"@type\":\"ReadAction\",\"target\":[\"https:\/\/www.asajacyl.com\/palencia\/asaja-palencia-informa\/baja-tambien-el-precio-de-la-ternera-de-menos-de-270-kilos-en-la-lonja-de-salamanca-2\"]}]},{\"@type\":\"ImageObject\",\"inLanguage\":\"es\",\"@id\":\"https:\/\/www.asajacyl.com\/palencia\/asaja-palencia-informa\/baja-tambien-el-precio-de-la-ternera-de-menos-de-270-kilos-en-la-lonja-de-salamanca-2#primaryimage\",\"url\":\"https:\/\/www.asajacyl.com\/palencia\/wp-content\/uploads\/sites\/3\/2026\/04\/Asaja-ternera-joven.jpg\",\"contentUrl\":\"https:\/\/www.asajacyl.com\/palencia\/wp-content\/uploads\/sites\/3\/2026\/04\/Asaja-ternera-joven.jpg\",\"width\":1258,\"height\":888},{\"@type\":\"BreadcrumbList\",\"@id\":\"https:\/\/www.asajacyl.com\/palencia\/asaja-palencia-informa\/baja-tambien-el-precio-de-la-ternera-de-menos-de-270-kilos-en-la-lonja-de-salamanca-2#breadcrumb\",\"itemListElement\":[{\"@type\":\"ListItem\",\"position\":1,\"name\":\"Portada\",\"item\":\"https:\/\/www.asajacyl.com\/palencia\/\"},{\"@type\":\"ListItem\",\"position\":2,\"name\":\"Bajan las cotizaciones de vacuno carne en la lonja de Salamanca\"}]},{\"@type\":\"WebSite\",\"@id\":\"https:\/\/www.asajacyl.com\/palencia\/#website\",\"url\":\"https:\/\/www.asajacyl.com\/palencia\/\",\"name\":\"ASAJA Palencia\",\"description\":\"Otro sitio m\u00e1s de Provincias ASAJA Castilla y Le\u00f3n\",\"potentialAction\":[{\"@type\":\"SearchAction\",\"target\":{\"@type\":\"EntryPoint\",\"urlTemplate\":\"https:\/\/www.asajacyl.com\/palencia\/?s={search_term_string}\"},\"query-input\":{\"@type\":\"PropertyValueSpecification\",\"valueRequired\":true,\"valueName\":\"search_term_string\"}}],\"inLanguage\":\"es\"},{\"@type\":\"Person\",\"@id\":\"https:\/\/www.asajacyl.com\/palencia\/#\/schema\/person\/3ab17aeb03527485c317557fae64aab1\",\"name\":\"Administrador\",\"image\":{\"@type\":\"ImageObject\",\"inLanguage\":\"es\",\"@id\":\"https:\/\/www.asajacyl.com\/palencia\/#\/schema\/person\/image\/\",\"url\":\"https:\/\/secure.gravatar.com\/avatar\/517384810d242ca9e38c180f3c9fb973?s=96&d=mm&r=g\",\"contentUrl\":\"https:\/\/secure.gravatar.com\/avatar\/517384810d242ca9e38c180f3c9fb973?s=96&d=mm&r=g\",\"caption\":\"Administrador\"},\"url\":\"https:\/\/www.asajacyl.com\/palencia\/author\/carlosrm\"}]}<\/script>\n<!-- \/ Yoast SEO plugin. -->","yoast_head_json":{"title":"Bajan las cotizaciones de vacuno carne en la lonja de Salamanca - ASAJA Palencia","description":"En la sesi\u00f3n semanal de la Lonja de Salamanca del 27 de abril de 2026, bajan todas las cotizaciones de vacuno de carne controladas en nuestra tabla,","robots":{"index":"index","follow":"follow","max-snippet":"max-snippet:-1","max-image-preview":"max-image-preview:large","max-video-preview":"max-video-preview:-1"},"canonical":"https:\/\/www.asajacyl.com\/palencia\/asaja-palencia-informa\/baja-tambien-el-precio-de-la-ternera-de-menos-de-270-kilos-en-la-lonja-de-salamanca-2","og_locale":"es_ES","og_type":"article","og_title":"Bajan las cotizaciones de vacuno carne en la lonja de Salamanca - ASAJA Palencia","og_description":"En la sesi\u00f3n semanal de la Lonja de Salamanca del 27 de abril de 2026, bajan todas las cotizaciones de vacuno de carne controladas en nuestra tabla,","og_url":"https:\/\/www.asajacyl.com\/palencia\/asaja-palencia-informa\/baja-tambien-el-precio-de-la-ternera-de-menos-de-270-kilos-en-la-lonja-de-salamanca-2","og_site_name":"ASAJA Palencia","article_published_time":"2026-04-29T13:24:17+00:00","article_modified_time":"2026-04-29T13:24:19+00:00","og_image":[{"width":1258,"height":888,"url":"https:\/\/www.asajacyl.com\/palencia\/wp-content\/uploads\/sites\/3\/2026\/04\/Asaja-ternera-joven.jpg","type":"image\/jpeg"}],"author":"Administrador","twitter_card":"summary_large_image","twitter_misc":{"Escrito por":"Administrador","Tiempo de lectura":"2 minutos"},"schema":{"@context":"https:\/\/schema.org","@graph":[{"@type":"WebPage","@id":"https:\/\/www.asajacyl.com\/palencia\/asaja-palencia-informa\/baja-tambien-el-precio-de-la-ternera-de-menos-de-270-kilos-en-la-lonja-de-salamanca-2","url":"https:\/\/www.asajacyl.com\/palencia\/asaja-palencia-informa\/baja-tambien-el-precio-de-la-ternera-de-menos-de-270-kilos-en-la-lonja-de-salamanca-2","name":"Bajan las cotizaciones de vacuno carne en la lonja de Salamanca - ASAJA Palencia","isPartOf":{"@id":"https:\/\/www.asajacyl.com\/palencia\/#website"},"primaryImageOfPage":{"@id":"https:\/\/www.asajacyl.com\/palencia\/asaja-palencia-informa\/baja-tambien-el-precio-de-la-ternera-de-menos-de-270-kilos-en-la-lonja-de-salamanca-2#primaryimage"},"image":{"@id":"https:\/\/www.asajacyl.com\/palencia\/asaja-palencia-informa\/baja-tambien-el-precio-de-la-ternera-de-menos-de-270-kilos-en-la-lonja-de-salamanca-2#primaryimage"},"thumbnailUrl":"https:\/\/www.asajacyl.com\/palencia\/wp-content\/uploads\/sites\/3\/2026\/04\/Asaja-ternera-joven.jpg","datePublished":"2026-04-29T13:24:17+00:00","dateModified":"2026-04-29T13:24:19+00:00","author":{"@id":"https:\/\/www.asajacyl.com\/palencia\/#\/schema\/person\/3ab17aeb03527485c317557fae64aab1"},"description":"En la sesi\u00f3n semanal de la Lonja de Salamanca del 27 de abril de 2026, bajan todas las cotizaciones de vacuno de carne controladas en nuestra tabla,","breadcrumb":{"@id":"https:\/\/www.asajacyl.com\/palencia\/asaja-palencia-informa\/baja-tambien-el-precio-de-la-ternera-de-menos-de-270-kilos-en-la-lonja-de-salamanca-2#breadcrumb"},"inLanguage":"es","potentialAction":[{"@type":"ReadAction","target":["https:\/\/www.asajacyl.com\/palencia\/asaja-palencia-informa\/baja-tambien-el-precio-de-la-ternera-de-menos-de-270-kilos-en-la-lonja-de-salamanca-2"]}]},{"@type":"ImageObject","inLanguage":"es","@id":"https:\/\/www.asajacyl.com\/palencia\/asaja-palencia-informa\/baja-tambien-el-precio-de-la-ternera-de-menos-de-270-kilos-en-la-lonja-de-salamanca-2#primaryimage","url":"https:\/\/www.asajacyl.com\/palencia\/wp-content\/uploads\/sites\/3\/2026\/04\/Asaja-ternera-joven.jpg","contentUrl":"https:\/\/www.asajacyl.com\/palencia\/wp-content\/uploads\/sites\/3\/2026\/04\/Asaja-ternera-joven.jpg","width":1258,"height":888},{"@type":"BreadcrumbList","@id":"https:\/\/www.asajacyl.com\/palencia\/asaja-palencia-informa\/baja-tambien-el-precio-de-la-ternera-de-menos-de-270-kilos-en-la-lonja-de-salamanca-2#breadcrumb","itemListElement":[{"@type":"ListItem","position":1,"name":"Portada","item":"https:\/\/www.asajacyl.com\/palencia\/"},{"@type":"ListItem","position":2,"name":"Bajan las cotizaciones de vacuno carne en la lonja de Salamanca"}]},{"@type":"WebSite","@id":"https:\/\/www.asajacyl.com\/palencia\/#website","url":"https:\/\/www.asajacyl.com\/palencia\/","name":"ASAJA Palencia","description":"Otro sitio m\u00e1s de Provincias ASAJA Castilla y Le\u00f3n","potentialAction":[{"@type":"SearchAction","target":{"@type":"EntryPoint","urlTemplate":"https:\/\/www.asajacyl.com\/palencia\/?s={search_term_string}"},"query-input":{"@type":"PropertyValueSpecification","valueRequired":true,"valueName":"search_term_string"}}],"inLanguage":"es"},{"@type":"Person","@id":"https:\/\/www.asajacyl.com\/palencia\/#\/schema\/person\/3ab17aeb03527485c317557fae64aab1","name":"Administrador","image":{"@type":"ImageObject","inLanguage":"es","@id":"https:\/\/www.asajacyl.com\/palencia\/#\/schema\/person\/image\/","url":"https:\/\/secure.gravatar.com\/avatar\/517384810d242ca9e38c180f3c9fb973?s=96&d=mm&r=g","contentUrl":"https:\/\/secure.gravatar.com\/avatar\/517384810d242ca9e38c180f3c9fb973?s=96&d=mm&r=g","caption":"Administrador"},"url":"https:\/\/www.asajacyl.com\/palencia\/author\/carlosrm"}]}},"_links":{"self":[{"href":"https:\/\/www.asajacyl.com\/palencia\/wp-json\/wp\/v2\/posts\/22899"}],"collection":[{"href":"https:\/\/www.asajacyl.com\/palencia\/wp-json\/wp\/v2\/posts"}],"about":[{"href":"https:\/\/www.asajacyl.com\/palencia\/wp-json\/wp\/v2\/types\/post"}],"author":[{"embeddable":true,"href":"https:\/\/www.asajacyl.com\/palencia\/wp-json\/wp\/v2\/users\/9"}],"replies":[{"embeddable":true,"href":"https:\/\/www.asajacyl.com\/palencia\/wp-json\/wp\/v2\/comments?post=22899"}],"version-history":[{"count":2,"href":"https:\/\/www.asajacyl.com\/palencia\/wp-json\/wp\/v2\/posts\/22899\/revisions"}],"predecessor-version":[{"id":22906,"href":"https:\/\/www.asajacyl.com\/palencia\/wp-json\/wp\/v2\/posts\/22899\/revisions\/22906"}],"wp:featuredmedia":[{"embeddable":true,"href":"https:\/\/www.asajacyl.com\/palencia\/wp-json\/wp\/v2\/media\/22901"}],"wp:attachment":[{"href":"https:\/\/www.asajacyl.com\/palencia\/wp-json\/wp\/v2\/media?parent=22899"}],"wp:term":[{"taxonomy":"category","embeddable":true,"href":"https:\/\/www.asajacyl.com\/palencia\/wp-json\/wp\/v2\/categories?post=22899"},{"taxonomy":"post_tag","embeddable":true,"href":"https:\/\/www.asajacyl.com\/palencia\/wp-json\/wp\/v2\/tags?post=22899"}],"curies":[{"name":"wp","href":"https:\/\/api.w.org\/{rel}","templated":true}]}}