{"id":22913,"date":"2026-04-30T12:15:15","date_gmt":"2026-04-30T10:15:15","guid":{"rendered":"https:\/\/www.asajacyl.com\/palencia\/?p=22913"},"modified":"2026-04-30T12:15:18","modified_gmt":"2026-04-30T10:15:18","slug":"la-industria-lactea-tensa-y-rompe-la-cuerda","status":"publish","type":"post","link":"https:\/\/www.asajacyl.com\/palencia\/asaja-palencia-informa\/la-industria-lactea-tensa-y-rompe-la-cuerda","title":{"rendered":"La industria l\u00e1ctea tensa y rompe la cuerda"},"content":{"rendered":"\n<h2 class=\"wp-block-heading\">Donaciano Dujo. Presidente de ASAJA de Castilla y Le\u00f3n.<\/h2>\n\n\n\n<p>A lo largo de 2025 y todav\u00eda con m\u00e1s intensidad en lo que llevamos de 2026, con la crisis desatada por la guerra en Oriente Medio, la m\u00e1xima preocupaci\u00f3n del campo y, por tanto, de ASAJA han sido los elevados costes de producci\u00f3n del sector, imposible de ser compensados por los bajos precios que percibimos. En resumen, falta de rentabilidad, aun cuando se obtiene una buena cosecha. <\/p>\n\n\n\n<p>La otra gran preocupaci\u00f3n, constante en este tiempo, han sido las enfermedades de la caba\u00f1a ganadera, que han golpeado especialmente al vacuno, porcino y av\u00edcola. Estos dos grandes problemas no han terminado, sigue el descalabro en las cotizaciones de insumos como el gas\u00f3leo o el fertilizante, y en lo referente a la sanidad animal, con la llegada de la primavera y la subida de las temperaturas los vectores de contagio principales, los insectos, representan mayor peligro.<\/p>\n\n\n<div class=\"wp-block-image\">\n<figure class=\"alignleft is-resized\"><a href=\"https:\/\/www.asajacyl.com\/wp-content\/uploads\/2023\/03\/donaciano-cuadrada-e1711450946996.jpg\"><img decoding=\"async\" src=\"https:\/\/www.asajacyl.com\/wp-content\/uploads\/2023\/03\/donaciano-cuadrada-e1711450946996-1024x921.jpg\" alt=\"\" class=\"wp-image-21730\" style=\"width:958px;height:auto\" \/><\/a><\/figure><\/div>\n\n\n<p><\/p>\n\n\n\n<p><\/p>\n\n\n\n<p><\/p>\n\n\n\n<p><\/p>\n\n\n\n<p><\/p>\n\n\n\n<p><\/p>\n\n\n\n<p><\/p>\n\n\n\n<p><\/p>\n\n\n\n<p><\/p>\n\n\n\n<p>Sin embargo, en la segunda quincena de marzo, se sumaba una amenaza m\u00e1s, imprevista porque no obedece a una l\u00f3gica de producciones ni mercados: la <strong>bajada de aproximadamente un 14% en el precio de la leche de vaca<\/strong>.\u00a0<\/p>\n\n\n\n<p>Hoy, <strong>ganaderos de leche de vaca en Castilla y Le\u00f3n hay unos 585<\/strong>, y en toda Espa\u00f1a apenas 8.700. <strong>Nuestra comunidad es la segunda en producci\u00f3n<\/strong>\u00a0-superada por Galicia-, y la cuarta en n\u00famero de explotaciones -tienen m\u00e1s Galicia, Asturias y Cantabria, pero en general menos dimensionadas-. La producci\u00f3n media por granja en Castilla y Le\u00f3n est\u00e1 en unas 1.600 toneladas al a\u00f1o.<\/p>\n\n\n\n<p>En apenas una d\u00e9cada, somos la mitad de ganaderos de leche, pero m\u00e1s profesionales, y por eso se mantiene la producci\u00f3n. Aun as\u00ed,\u00a0<strong>Espa\u00f1a sigue siendo deficitaria, las 7.500.000 toneladas que producimos no cubren todo el consumo, que es un 20% superior.<\/strong>\u00a0Hace poco la propia industria lanzaba mensajes para animar la producci\u00f3n nacional, ante el temor de verse desabastecida. Pero ahora ha visto la oportunidad de traer leche de pa\u00edses de nuestro entorno que son excedentarios, Francia principalmente, para presionar a la baja los precios en Espa\u00f1a.<\/p>\n\n\n\n<p>La ca\u00edda impuesta ahora descalabra la rentabilidad de las explotaciones de leche. Los ganaderos hab\u00edan podido mantener cierto equilibrio en estos dos \u00faltimos a\u00f1os, no porque el precio de la leche estuviera para tirar cohetes, sino porque la alimentaci\u00f3n, para desgracia de los agricultores, ha estado bastante barata. No es que nos sorprenda, porque esta forma de actuar abusiva es marca de la casa.\u00a0<strong>La industria lo ha vuelto a hacer, y basta que se pongan de acuerdo media docena de grandes compradores de leche para hundir a cientos de ganaderos.<\/strong><\/p>\n\n\n\n<p>Los pa\u00edses de nuestro entorno tienen mayor producci\u00f3n de leche que consumo. La industria espa\u00f1ola ha visto un fil\u00f3n para ganar m\u00e1s dinero a trav\u00e9s de la compra de leche barata europea, cisternas que llegan llenas de leche, mucha desnatada, de gran consumo en Espa\u00f1a. <strong>Para los franceses, cualquier infraprecio est\u00e1 bien, porque es un excedente, pero para nosotros es directamente la ruina<\/strong>.<\/p>\n\n\n\n<p>Las medidas de presi\u00f3n del sector y de las propias organizaciones agrarias por ahora han movido muy poco, esa es la verdad.\u00a0<strong>El ministerio no nos ha hecho ni caso, y la comunidad aut\u00f3noma est\u00e1 en funciones, as\u00ed que no sabemos si mover\u00e1 algo. Deber\u00eda ser una de las primeras tareas del nuevo consejero o consejera<\/strong>: vigilar a las industrias que ponen el logotipo de &#8216;Tierra de Sabor&#8217;, o se acogen a ayudas regionales y luego acaparan materia prima de fuera.<\/p>\n\n\n\n<p><strong>La industria ha actuado con ruindad y t\u00e1cticas abusivas<\/strong>. Saben que una manifestaci\u00f3n de ganaderos de leche, pocos y dispersos, y siempre muy ocupados, es dif\u00edcil de llevar a t\u00e9rmino. Les han puesto entre la espada y la pared: o firmas el contrato que impongo, o tiras la leche. Y tirar 5.000 litros al d\u00eda es una medida dolorosa e incluso complicada de llevar a t\u00e9rmino. <\/p>\n\n\n\n<p>De este modo,\u00a0<strong>la industria gana rentabilidad que pagan los ganaderos, que tendr\u00e1n que volver a reestructurar, con abandono o venta de vacas<\/strong>. Y luego, vendr\u00e1n de nuevo las f\u00e1bricas con sus lamentos de que hay menos producci\u00f3n. Antes y despu\u00e9s, los platos rotos los pagar\u00e1n los consumidores, pero eso a la industria y la distribuci\u00f3n les importa muy poco.<\/p>\n\n\n\n<p><strong>Desde ASAJA Castilla y Le\u00f3n, seguiremos denunciando estos abusos<\/strong>. Los contratos ahora firmados tienen una vigencia de tres meses. Las administraciones tienen que comprender la gravedad del momento, y forzar a que la industria recapacite, por las buenas o las menos buenas. Los ganaderos no son el\u00e1sticos, no pueden soportar m\u00e1s presiones de una industria acostumbrada a tensar la cuerda en su beneficio.\u00a0<strong>Estamos en el l\u00edmite del sostenimiento productivo y seguir reduciendo las explotaciones es ya un camino sin retorno<\/strong>.<\/p>\n","protected":false},"excerpt":{"rendered":"<p>Donaciano Dujo. Presidente de ASAJA de Castilla y Le\u00f3n. A lo largo de 2025 y todav\u00eda con m\u00e1s intensidad en lo que llevamos de 2026, con la crisis desatada por la guerra en Oriente Medio, la m\u00e1xima preocupaci\u00f3n del campo y, por tanto, de ASAJA han sido los elevados costes de producci\u00f3n del sector, imposible [&hellip;]<\/p>\n","protected":false},"author":9,"featured_media":22914,"comment_status":"open","ping_status":"open","sticky":false,"template":"","format":"standard","meta":{"footnotes":""},"categories":[9,30,28],"tags":[1729,1698,1852,1848,77],"yoast_head":"<!-- This site is optimized with the Yoast SEO plugin v24.5 - https:\/\/yoast.com\/wordpress\/plugins\/seo\/ -->\n<title>La industria l\u00e1ctea tensa y rompe la cuerda - ASAJA Palencia<\/title>\n<meta name=\"description\" content=\"Donaciano Dujo. Presidente de ASAJA de Castilla y Le\u00f3n. A lo largo de 2025 y todav\u00eda con m\u00e1s intensidad en lo que llevamos de 2026, con la crisis desatada La industria l\u00e1ctea tensa y rompe la cuerda.\" \/>\n<meta name=\"robots\" content=\"index, follow, max-snippet:-1, max-image-preview:large, max-video-preview:-1\" \/>\n<link rel=\"canonical\" href=\"https:\/\/www.asajacyl.com\/palencia\/asaja-palencia-informa\/la-industria-lactea-tensa-y-rompe-la-cuerda\" \/>\n<meta property=\"og:locale\" content=\"es_ES\" \/>\n<meta property=\"og:type\" content=\"article\" \/>\n<meta property=\"og:title\" content=\"La industria l\u00e1ctea tensa y rompe la cuerda - ASAJA Palencia\" \/>\n<meta property=\"og:description\" content=\"Donaciano Dujo. Presidente de ASAJA de Castilla y Le\u00f3n. A lo largo de 2025 y todav\u00eda con m\u00e1s intensidad en lo que llevamos de 2026, con la crisis desatada La industria l\u00e1ctea tensa y rompe la cuerda.\" \/>\n<meta property=\"og:url\" content=\"https:\/\/www.asajacyl.com\/palencia\/asaja-palencia-informa\/la-industria-lactea-tensa-y-rompe-la-cuerda\" \/>\n<meta property=\"og:site_name\" content=\"ASAJA Palencia\" \/>\n<meta property=\"article:published_time\" content=\"2026-04-30T10:15:15+00:00\" \/>\n<meta property=\"article:modified_time\" content=\"2026-04-30T10:15:18+00:00\" \/>\n<meta property=\"og:image\" content=\"https:\/\/www.asajacyl.com\/palencia\/wp-content\/uploads\/sites\/3\/2026\/04\/Donaciano-1.jpeg\" \/>\n\t<meta property=\"og:image:width\" content=\"2000\" \/>\n\t<meta property=\"og:image:height\" content=\"1500\" \/>\n\t<meta property=\"og:image:type\" content=\"image\/jpeg\" \/>\n<meta name=\"author\" content=\"Administrador\" \/>\n<meta name=\"twitter:card\" content=\"summary_large_image\" \/>\n<meta name=\"twitter:label1\" content=\"Escrito por\" \/>\n\t<meta name=\"twitter:data1\" content=\"Administrador\" \/>\n\t<meta name=\"twitter:label2\" content=\"Tiempo de lectura\" \/>\n\t<meta name=\"twitter:data2\" content=\"4 minutos\" \/>\n<script type=\"application\/ld+json\" class=\"yoast-schema-graph\">{\"@context\":\"https:\/\/schema.org\",\"@graph\":[{\"@type\":\"WebPage\",\"@id\":\"https:\/\/www.asajacyl.com\/palencia\/asaja-palencia-informa\/la-industria-lactea-tensa-y-rompe-la-cuerda\",\"url\":\"https:\/\/www.asajacyl.com\/palencia\/asaja-palencia-informa\/la-industria-lactea-tensa-y-rompe-la-cuerda\",\"name\":\"La industria l\u00e1ctea tensa y rompe la cuerda - ASAJA Palencia\",\"isPartOf\":{\"@id\":\"https:\/\/www.asajacyl.com\/palencia\/#website\"},\"primaryImageOfPage\":{\"@id\":\"https:\/\/www.asajacyl.com\/palencia\/asaja-palencia-informa\/la-industria-lactea-tensa-y-rompe-la-cuerda#primaryimage\"},\"image\":{\"@id\":\"https:\/\/www.asajacyl.com\/palencia\/asaja-palencia-informa\/la-industria-lactea-tensa-y-rompe-la-cuerda#primaryimage\"},\"thumbnailUrl\":\"https:\/\/www.asajacyl.com\/palencia\/wp-content\/uploads\/sites\/3\/2026\/04\/Donaciano-1.jpeg\",\"datePublished\":\"2026-04-30T10:15:15+00:00\",\"dateModified\":\"2026-04-30T10:15:18+00:00\",\"author\":{\"@id\":\"https:\/\/www.asajacyl.com\/palencia\/#\/schema\/person\/3ab17aeb03527485c317557fae64aab1\"},\"description\":\"Donaciano Dujo. Presidente de ASAJA de Castilla y Le\u00f3n. A lo largo de 2025 y todav\u00eda con m\u00e1s intensidad en lo que llevamos de 2026, con la crisis desatada La industria l\u00e1ctea tensa y rompe la cuerda.\",\"breadcrumb\":{\"@id\":\"https:\/\/www.asajacyl.com\/palencia\/asaja-palencia-informa\/la-industria-lactea-tensa-y-rompe-la-cuerda#breadcrumb\"},\"inLanguage\":\"es\",\"potentialAction\":[{\"@type\":\"ReadAction\",\"target\":[\"https:\/\/www.asajacyl.com\/palencia\/asaja-palencia-informa\/la-industria-lactea-tensa-y-rompe-la-cuerda\"]}]},{\"@type\":\"ImageObject\",\"inLanguage\":\"es\",\"@id\":\"https:\/\/www.asajacyl.com\/palencia\/asaja-palencia-informa\/la-industria-lactea-tensa-y-rompe-la-cuerda#primaryimage\",\"url\":\"https:\/\/www.asajacyl.com\/palencia\/wp-content\/uploads\/sites\/3\/2026\/04\/Donaciano-1.jpeg\",\"contentUrl\":\"https:\/\/www.asajacyl.com\/palencia\/wp-content\/uploads\/sites\/3\/2026\/04\/Donaciano-1.jpeg\",\"width\":2000,\"height\":1500},{\"@type\":\"BreadcrumbList\",\"@id\":\"https:\/\/www.asajacyl.com\/palencia\/asaja-palencia-informa\/la-industria-lactea-tensa-y-rompe-la-cuerda#breadcrumb\",\"itemListElement\":[{\"@type\":\"ListItem\",\"position\":1,\"name\":\"Portada\",\"item\":\"https:\/\/www.asajacyl.com\/palencia\/\"},{\"@type\":\"ListItem\",\"position\":2,\"name\":\"La industria l\u00e1ctea tensa y rompe la cuerda\"}]},{\"@type\":\"WebSite\",\"@id\":\"https:\/\/www.asajacyl.com\/palencia\/#website\",\"url\":\"https:\/\/www.asajacyl.com\/palencia\/\",\"name\":\"ASAJA Palencia\",\"description\":\"Otro sitio m\u00e1s de Provincias ASAJA Castilla y Le\u00f3n\",\"potentialAction\":[{\"@type\":\"SearchAction\",\"target\":{\"@type\":\"EntryPoint\",\"urlTemplate\":\"https:\/\/www.asajacyl.com\/palencia\/?s={search_term_string}\"},\"query-input\":{\"@type\":\"PropertyValueSpecification\",\"valueRequired\":true,\"valueName\":\"search_term_string\"}}],\"inLanguage\":\"es\"},{\"@type\":\"Person\",\"@id\":\"https:\/\/www.asajacyl.com\/palencia\/#\/schema\/person\/3ab17aeb03527485c317557fae64aab1\",\"name\":\"Administrador\",\"image\":{\"@type\":\"ImageObject\",\"inLanguage\":\"es\",\"@id\":\"https:\/\/www.asajacyl.com\/palencia\/#\/schema\/person\/image\/\",\"url\":\"https:\/\/secure.gravatar.com\/avatar\/517384810d242ca9e38c180f3c9fb973?s=96&d=mm&r=g\",\"contentUrl\":\"https:\/\/secure.gravatar.com\/avatar\/517384810d242ca9e38c180f3c9fb973?s=96&d=mm&r=g\",\"caption\":\"Administrador\"},\"url\":\"https:\/\/www.asajacyl.com\/palencia\/author\/carlosrm\"}]}<\/script>\n<!-- \/ Yoast SEO plugin. -->","yoast_head_json":{"title":"La industria l\u00e1ctea tensa y rompe la cuerda - ASAJA Palencia","description":"Donaciano Dujo. Presidente de ASAJA de Castilla y Le\u00f3n. A lo largo de 2025 y todav\u00eda con m\u00e1s intensidad en lo que llevamos de 2026, con la crisis desatada La industria l\u00e1ctea tensa y rompe la cuerda.","robots":{"index":"index","follow":"follow","max-snippet":"max-snippet:-1","max-image-preview":"max-image-preview:large","max-video-preview":"max-video-preview:-1"},"canonical":"https:\/\/www.asajacyl.com\/palencia\/asaja-palencia-informa\/la-industria-lactea-tensa-y-rompe-la-cuerda","og_locale":"es_ES","og_type":"article","og_title":"La industria l\u00e1ctea tensa y rompe la cuerda - ASAJA Palencia","og_description":"Donaciano Dujo. Presidente de ASAJA de Castilla y Le\u00f3n. A lo largo de 2025 y todav\u00eda con m\u00e1s intensidad en lo que llevamos de 2026, con la crisis desatada La industria l\u00e1ctea tensa y rompe la cuerda.","og_url":"https:\/\/www.asajacyl.com\/palencia\/asaja-palencia-informa\/la-industria-lactea-tensa-y-rompe-la-cuerda","og_site_name":"ASAJA Palencia","article_published_time":"2026-04-30T10:15:15+00:00","article_modified_time":"2026-04-30T10:15:18+00:00","og_image":[{"width":2000,"height":1500,"url":"https:\/\/www.asajacyl.com\/palencia\/wp-content\/uploads\/sites\/3\/2026\/04\/Donaciano-1.jpeg","type":"image\/jpeg"}],"author":"Administrador","twitter_card":"summary_large_image","twitter_misc":{"Escrito por":"Administrador","Tiempo de lectura":"4 minutos"},"schema":{"@context":"https:\/\/schema.org","@graph":[{"@type":"WebPage","@id":"https:\/\/www.asajacyl.com\/palencia\/asaja-palencia-informa\/la-industria-lactea-tensa-y-rompe-la-cuerda","url":"https:\/\/www.asajacyl.com\/palencia\/asaja-palencia-informa\/la-industria-lactea-tensa-y-rompe-la-cuerda","name":"La industria l\u00e1ctea tensa y rompe la cuerda - ASAJA Palencia","isPartOf":{"@id":"https:\/\/www.asajacyl.com\/palencia\/#website"},"primaryImageOfPage":{"@id":"https:\/\/www.asajacyl.com\/palencia\/asaja-palencia-informa\/la-industria-lactea-tensa-y-rompe-la-cuerda#primaryimage"},"image":{"@id":"https:\/\/www.asajacyl.com\/palencia\/asaja-palencia-informa\/la-industria-lactea-tensa-y-rompe-la-cuerda#primaryimage"},"thumbnailUrl":"https:\/\/www.asajacyl.com\/palencia\/wp-content\/uploads\/sites\/3\/2026\/04\/Donaciano-1.jpeg","datePublished":"2026-04-30T10:15:15+00:00","dateModified":"2026-04-30T10:15:18+00:00","author":{"@id":"https:\/\/www.asajacyl.com\/palencia\/#\/schema\/person\/3ab17aeb03527485c317557fae64aab1"},"description":"Donaciano Dujo. Presidente de ASAJA de Castilla y Le\u00f3n. A lo largo de 2025 y todav\u00eda con m\u00e1s intensidad en lo que llevamos de 2026, con la crisis desatada La industria l\u00e1ctea tensa y rompe la cuerda.","breadcrumb":{"@id":"https:\/\/www.asajacyl.com\/palencia\/asaja-palencia-informa\/la-industria-lactea-tensa-y-rompe-la-cuerda#breadcrumb"},"inLanguage":"es","potentialAction":[{"@type":"ReadAction","target":["https:\/\/www.asajacyl.com\/palencia\/asaja-palencia-informa\/la-industria-lactea-tensa-y-rompe-la-cuerda"]}]},{"@type":"ImageObject","inLanguage":"es","@id":"https:\/\/www.asajacyl.com\/palencia\/asaja-palencia-informa\/la-industria-lactea-tensa-y-rompe-la-cuerda#primaryimage","url":"https:\/\/www.asajacyl.com\/palencia\/wp-content\/uploads\/sites\/3\/2026\/04\/Donaciano-1.jpeg","contentUrl":"https:\/\/www.asajacyl.com\/palencia\/wp-content\/uploads\/sites\/3\/2026\/04\/Donaciano-1.jpeg","width":2000,"height":1500},{"@type":"BreadcrumbList","@id":"https:\/\/www.asajacyl.com\/palencia\/asaja-palencia-informa\/la-industria-lactea-tensa-y-rompe-la-cuerda#breadcrumb","itemListElement":[{"@type":"ListItem","position":1,"name":"Portada","item":"https:\/\/www.asajacyl.com\/palencia\/"},{"@type":"ListItem","position":2,"name":"La industria l\u00e1ctea tensa y rompe la cuerda"}]},{"@type":"WebSite","@id":"https:\/\/www.asajacyl.com\/palencia\/#website","url":"https:\/\/www.asajacyl.com\/palencia\/","name":"ASAJA Palencia","description":"Otro sitio m\u00e1s de Provincias ASAJA Castilla y Le\u00f3n","potentialAction":[{"@type":"SearchAction","target":{"@type":"EntryPoint","urlTemplate":"https:\/\/www.asajacyl.com\/palencia\/?s={search_term_string}"},"query-input":{"@type":"PropertyValueSpecification","valueRequired":true,"valueName":"search_term_string"}}],"inLanguage":"es"},{"@type":"Person","@id":"https:\/\/www.asajacyl.com\/palencia\/#\/schema\/person\/3ab17aeb03527485c317557fae64aab1","name":"Administrador","image":{"@type":"ImageObject","inLanguage":"es","@id":"https:\/\/www.asajacyl.com\/palencia\/#\/schema\/person\/image\/","url":"https:\/\/secure.gravatar.com\/avatar\/517384810d242ca9e38c180f3c9fb973?s=96&d=mm&r=g","contentUrl":"https:\/\/secure.gravatar.com\/avatar\/517384810d242ca9e38c180f3c9fb973?s=96&d=mm&r=g","caption":"Administrador"},"url":"https:\/\/www.asajacyl.com\/palencia\/author\/carlosrm"}]}},"_links":{"self":[{"href":"https:\/\/www.asajacyl.com\/palencia\/wp-json\/wp\/v2\/posts\/22913"}],"collection":[{"href":"https:\/\/www.asajacyl.com\/palencia\/wp-json\/wp\/v2\/posts"}],"about":[{"href":"https:\/\/www.asajacyl.com\/palencia\/wp-json\/wp\/v2\/types\/post"}],"author":[{"embeddable":true,"href":"https:\/\/www.asajacyl.com\/palencia\/wp-json\/wp\/v2\/users\/9"}],"replies":[{"embeddable":true,"href":"https:\/\/www.asajacyl.com\/palencia\/wp-json\/wp\/v2\/comments?post=22913"}],"version-history":[{"count":1,"href":"https:\/\/www.asajacyl.com\/palencia\/wp-json\/wp\/v2\/posts\/22913\/revisions"}],"predecessor-version":[{"id":22915,"href":"https:\/\/www.asajacyl.com\/palencia\/wp-json\/wp\/v2\/posts\/22913\/revisions\/22915"}],"wp:featuredmedia":[{"embeddable":true,"href":"https:\/\/www.asajacyl.com\/palencia\/wp-json\/wp\/v2\/media\/22914"}],"wp:attachment":[{"href":"https:\/\/www.asajacyl.com\/palencia\/wp-json\/wp\/v2\/media?parent=22913"}],"wp:term":[{"taxonomy":"category","embeddable":true,"href":"https:\/\/www.asajacyl.com\/palencia\/wp-json\/wp\/v2\/categories?post=22913"},{"taxonomy":"post_tag","embeddable":true,"href":"https:\/\/www.asajacyl.com\/palencia\/wp-json\/wp\/v2\/tags?post=22913"}],"curies":[{"name":"wp","href":"https:\/\/api.w.org\/{rel}","templated":true}]}}