{"id":22919,"date":"2026-05-02T10:38:00","date_gmt":"2026-05-02T08:38:00","guid":{"rendered":"https:\/\/www.asajacyl.com\/palencia\/?p=22919"},"modified":"2026-04-30T15:04:04","modified_gmt":"2026-04-30T13:04:04","slug":"el-parlamento-europeo-respalda-una-ganaderia-sostenible-en-la-ue","status":"publish","type":"post","link":"https:\/\/www.asajacyl.com\/palencia\/asaja-palencia-informa\/el-parlamento-europeo-respalda-una-ganaderia-sostenible-en-la-ue","title":{"rendered":"El Parlamento Europeo respalda una ganader\u00eda sostenible en la UE"},"content":{"rendered":"\n<p>El\u00a0<strong>Parlamento Europeo<\/strong>\u00a0ha aprobado con 426 votos a favor el <strong>informe &#8216;\u00bfC\u00f3mo garantizar un futuro sostenible para el sector ganadero de la UE a la luz de la necesidad de asegurar la seguridad alimentaria, la resiliencia de los agricultores y los retos que plantean las enfermedades animales?<\/strong>&#8216;, presentado por el eurodiputado italiano Carlo\u00a0Fidanza.\u00a0<\/p>\n\n\n\n<p>Esta votaci\u00f3n supone un paso adelante para que el sector ganadero de la UE sea m\u00e1s resiliente, competitivo, sostenible y diverso, y que sienta una base s\u00f3lida para la\u00a0<strong>Estrategia Ganadera<\/strong>\u00a0que la Comisi\u00f3n Europea tiene <strong>previsto presentar el 7 de julio de 2026<\/strong>.\u00a0<\/p>\n\n\n\n<p>En<strong>\u00a0ASAJA<\/strong>\u00a0creemos que el sector debe ser reconocido por su papel en el suministro de una alimentaci\u00f3n sana y equilibrada y por sus contribuciones medioambientales, incluida la gesti\u00f3n de los pastos. <\/p>\n\n\n\n<p>Adem\u00e1s, la OPA cree que la ganader\u00eda tiene que recibir apoyo\u00a0para la reducci\u00f3n de emisiones mediante inversiones espec\u00edficas en<strong>\u00a0gen\u00e9tica, nutrici\u00f3n, infraestructuras y el uso de efluentes<\/strong>\u00a0para la producci\u00f3n de biog\u00e1s y biofertilizantes.\u00a0<\/p>\n\n\n\n<figure class=\"wp-block-image\"><img decoding=\"async\" src=\"https:\/\/www.asaja.com\/wp-content\/uploads\/2026\/04\/interovic-5.jpg\" alt=\"\" \/><\/figure>\n\n\n\n<p>Prepararse\u00a0para el futuro tambi\u00e9n deber\u00eda ser una orientaci\u00f3n pol\u00edtica fundamental que se refleje en la pr\u00f3xima estrategia ganadera de la UE, a\u00f1aden desde la organizaci\u00f3n agraria.\u00a0<\/p>\n\n\n\n<p>Por&nbsp;tanto,&nbsp;vemos&nbsp;positivo que el informe inste a&nbsp;<strong>recuperar la producci\u00f3n<\/strong>&nbsp;como orientaci\u00f3n pol\u00edtica fundamental, teniendo en cuenta la diversidad de nuestros modelos y la ambici\u00f3n de mantener la producci\u00f3n en toda la UE, considerando tambi\u00e9n la contribuci\u00f3n de la ganader\u00eda al medio ambiente y a la econom\u00eda rural.&nbsp;<\/p>\n\n\n\n<p>Desde&nbsp;<strong>ASAJA<\/strong>&nbsp;tambi\u00e9n instamos a que la UE reactive&nbsp;la inversi\u00f3n en la ganader\u00eda mediante un plan integral que permita la modernizaci\u00f3n a gran escala del sector, aplique una aut\u00e9ntica estrategia de descarbonizaci\u00f3n, promueva la mejora gen\u00e9tica y fomente iniciativas de calidad que satisfagan las&nbsp;<strong>expectativas de los consumidores<\/strong>.&nbsp;<\/p>\n","protected":false},"excerpt":{"rendered":"<p>El\u00a0Parlamento Europeo\u00a0ha aprobado con 426 votos a favor el informe &#8216;\u00bfC\u00f3mo garantizar un futuro sostenible para el sector ganadero de la UE a la luz de la necesidad de asegurar la seguridad alimentaria, la resiliencia de los agricultores y los retos que plantean las enfermedades animales?&#8216;, presentado por el eurodiputado italiano Carlo\u00a0Fidanza.\u00a0 Esta votaci\u00f3n supone [&hellip;]<\/p>\n","protected":false},"author":9,"featured_media":22920,"comment_status":"open","ping_status":"open","sticky":false,"template":"","format":"standard","meta":{"footnotes":""},"categories":[9,28],"tags":[711,1698,1707,77],"yoast_head":"<!-- This site is optimized with the Yoast SEO plugin v24.5 - https:\/\/yoast.com\/wordpress\/plugins\/seo\/ -->\n<title>El Parlamento Europeo respalda una ganader\u00eda sostenible en la UE - ASAJA Palencia<\/title>\n<meta name=\"description\" content=\"El\u00a0Parlamento Europeo\u00a0ha aprobado con 426 votos a favor el informe &#039;\u00bfC\u00f3mo garantizar un futuro sostenible para el sector ganadero de la UE a la luz de la El Parlamento Europeo respalda una ganader\u00eda sostenible en la UE.\" \/>\n<meta name=\"robots\" content=\"index, follow, max-snippet:-1, max-image-preview:large, max-video-preview:-1\" \/>\n<link rel=\"canonical\" href=\"https:\/\/www.asajacyl.com\/palencia\/asaja-palencia-informa\/el-parlamento-europeo-respalda-una-ganaderia-sostenible-en-la-ue\" \/>\n<meta property=\"og:locale\" content=\"es_ES\" \/>\n<meta property=\"og:type\" content=\"article\" \/>\n<meta property=\"og:title\" content=\"El Parlamento Europeo respalda una ganader\u00eda sostenible en la UE - ASAJA Palencia\" \/>\n<meta property=\"og:description\" content=\"El\u00a0Parlamento Europeo\u00a0ha aprobado con 426 votos a favor el informe &#039;\u00bfC\u00f3mo garantizar un futuro sostenible para el sector ganadero de la UE a la luz de la El Parlamento Europeo respalda una ganader\u00eda sostenible en la UE.\" \/>\n<meta property=\"og:url\" content=\"https:\/\/www.asajacyl.com\/palencia\/asaja-palencia-informa\/el-parlamento-europeo-respalda-una-ganaderia-sostenible-en-la-ue\" \/>\n<meta property=\"og:site_name\" content=\"ASAJA Palencia\" \/>\n<meta property=\"article:published_time\" content=\"2026-05-02T08:38:00+00:00\" \/>\n<meta property=\"og:image\" content=\"https:\/\/www.asajacyl.com\/palencia\/wp-content\/uploads\/sites\/3\/2026\/04\/Frisonas-jovenes-1.jpeg\" \/>\n\t<meta property=\"og:image:width\" content=\"1781\" \/>\n\t<meta property=\"og:image:height\" content=\"1008\" \/>\n\t<meta property=\"og:image:type\" content=\"image\/jpeg\" \/>\n<meta name=\"author\" content=\"Administrador\" \/>\n<meta name=\"twitter:card\" content=\"summary_large_image\" \/>\n<meta name=\"twitter:label1\" content=\"Escrito por\" \/>\n\t<meta name=\"twitter:data1\" content=\"Administrador\" \/>\n\t<meta name=\"twitter:label2\" content=\"Tiempo de lectura\" \/>\n\t<meta name=\"twitter:data2\" content=\"2 minutos\" \/>\n<script type=\"application\/ld+json\" class=\"yoast-schema-graph\">{\"@context\":\"https:\/\/schema.org\",\"@graph\":[{\"@type\":\"WebPage\",\"@id\":\"https:\/\/www.asajacyl.com\/palencia\/asaja-palencia-informa\/el-parlamento-europeo-respalda-una-ganaderia-sostenible-en-la-ue\",\"url\":\"https:\/\/www.asajacyl.com\/palencia\/asaja-palencia-informa\/el-parlamento-europeo-respalda-una-ganaderia-sostenible-en-la-ue\",\"name\":\"El Parlamento Europeo respalda una ganader\u00eda sostenible en la UE - ASAJA Palencia\",\"isPartOf\":{\"@id\":\"https:\/\/www.asajacyl.com\/palencia\/#website\"},\"primaryImageOfPage\":{\"@id\":\"https:\/\/www.asajacyl.com\/palencia\/asaja-palencia-informa\/el-parlamento-europeo-respalda-una-ganaderia-sostenible-en-la-ue#primaryimage\"},\"image\":{\"@id\":\"https:\/\/www.asajacyl.com\/palencia\/asaja-palencia-informa\/el-parlamento-europeo-respalda-una-ganaderia-sostenible-en-la-ue#primaryimage\"},\"thumbnailUrl\":\"https:\/\/www.asajacyl.com\/palencia\/wp-content\/uploads\/sites\/3\/2026\/04\/Frisonas-jovenes-1.jpeg\",\"datePublished\":\"2026-05-02T08:38:00+00:00\",\"author\":{\"@id\":\"https:\/\/www.asajacyl.com\/palencia\/#\/schema\/person\/3ab17aeb03527485c317557fae64aab1\"},\"description\":\"El\u00a0Parlamento Europeo\u00a0ha aprobado con 426 votos a favor el informe '\u00bfC\u00f3mo garantizar un futuro sostenible para el sector ganadero de la UE a la luz de la El Parlamento Europeo respalda una ganader\u00eda sostenible en la UE.\",\"breadcrumb\":{\"@id\":\"https:\/\/www.asajacyl.com\/palencia\/asaja-palencia-informa\/el-parlamento-europeo-respalda-una-ganaderia-sostenible-en-la-ue#breadcrumb\"},\"inLanguage\":\"es\",\"potentialAction\":[{\"@type\":\"ReadAction\",\"target\":[\"https:\/\/www.asajacyl.com\/palencia\/asaja-palencia-informa\/el-parlamento-europeo-respalda-una-ganaderia-sostenible-en-la-ue\"]}]},{\"@type\":\"ImageObject\",\"inLanguage\":\"es\",\"@id\":\"https:\/\/www.asajacyl.com\/palencia\/asaja-palencia-informa\/el-parlamento-europeo-respalda-una-ganaderia-sostenible-en-la-ue#primaryimage\",\"url\":\"https:\/\/www.asajacyl.com\/palencia\/wp-content\/uploads\/sites\/3\/2026\/04\/Frisonas-jovenes-1.jpeg\",\"contentUrl\":\"https:\/\/www.asajacyl.com\/palencia\/wp-content\/uploads\/sites\/3\/2026\/04\/Frisonas-jovenes-1.jpeg\",\"width\":1781,\"height\":1008},{\"@type\":\"BreadcrumbList\",\"@id\":\"https:\/\/www.asajacyl.com\/palencia\/asaja-palencia-informa\/el-parlamento-europeo-respalda-una-ganaderia-sostenible-en-la-ue#breadcrumb\",\"itemListElement\":[{\"@type\":\"ListItem\",\"position\":1,\"name\":\"Portada\",\"item\":\"https:\/\/www.asajacyl.com\/palencia\/\"},{\"@type\":\"ListItem\",\"position\":2,\"name\":\"El Parlamento Europeo respalda una ganader\u00eda sostenible en la UE\"}]},{\"@type\":\"WebSite\",\"@id\":\"https:\/\/www.asajacyl.com\/palencia\/#website\",\"url\":\"https:\/\/www.asajacyl.com\/palencia\/\",\"name\":\"ASAJA Palencia\",\"description\":\"Otro sitio m\u00e1s de Provincias ASAJA Castilla y Le\u00f3n\",\"potentialAction\":[{\"@type\":\"SearchAction\",\"target\":{\"@type\":\"EntryPoint\",\"urlTemplate\":\"https:\/\/www.asajacyl.com\/palencia\/?s={search_term_string}\"},\"query-input\":{\"@type\":\"PropertyValueSpecification\",\"valueRequired\":true,\"valueName\":\"search_term_string\"}}],\"inLanguage\":\"es\"},{\"@type\":\"Person\",\"@id\":\"https:\/\/www.asajacyl.com\/palencia\/#\/schema\/person\/3ab17aeb03527485c317557fae64aab1\",\"name\":\"Administrador\",\"image\":{\"@type\":\"ImageObject\",\"inLanguage\":\"es\",\"@id\":\"https:\/\/www.asajacyl.com\/palencia\/#\/schema\/person\/image\/\",\"url\":\"https:\/\/secure.gravatar.com\/avatar\/517384810d242ca9e38c180f3c9fb973?s=96&d=mm&r=g\",\"contentUrl\":\"https:\/\/secure.gravatar.com\/avatar\/517384810d242ca9e38c180f3c9fb973?s=96&d=mm&r=g\",\"caption\":\"Administrador\"},\"url\":\"https:\/\/www.asajacyl.com\/palencia\/author\/carlosrm\"}]}<\/script>\n<!-- \/ Yoast SEO plugin. -->","yoast_head_json":{"title":"El Parlamento Europeo respalda una ganader\u00eda sostenible en la UE - ASAJA Palencia","description":"El\u00a0Parlamento Europeo\u00a0ha aprobado con 426 votos a favor el informe '\u00bfC\u00f3mo garantizar un futuro sostenible para el sector ganadero de la UE a la luz de la El Parlamento Europeo respalda una ganader\u00eda sostenible en la UE.","robots":{"index":"index","follow":"follow","max-snippet":"max-snippet:-1","max-image-preview":"max-image-preview:large","max-video-preview":"max-video-preview:-1"},"canonical":"https:\/\/www.asajacyl.com\/palencia\/asaja-palencia-informa\/el-parlamento-europeo-respalda-una-ganaderia-sostenible-en-la-ue","og_locale":"es_ES","og_type":"article","og_title":"El Parlamento Europeo respalda una ganader\u00eda sostenible en la UE - ASAJA Palencia","og_description":"El\u00a0Parlamento Europeo\u00a0ha aprobado con 426 votos a favor el informe '\u00bfC\u00f3mo garantizar un futuro sostenible para el sector ganadero de la UE a la luz de la El Parlamento Europeo respalda una ganader\u00eda sostenible en la UE.","og_url":"https:\/\/www.asajacyl.com\/palencia\/asaja-palencia-informa\/el-parlamento-europeo-respalda-una-ganaderia-sostenible-en-la-ue","og_site_name":"ASAJA Palencia","article_published_time":"2026-05-02T08:38:00+00:00","og_image":[{"width":1781,"height":1008,"url":"https:\/\/www.asajacyl.com\/palencia\/wp-content\/uploads\/sites\/3\/2026\/04\/Frisonas-jovenes-1.jpeg","type":"image\/jpeg"}],"author":"Administrador","twitter_card":"summary_large_image","twitter_misc":{"Escrito por":"Administrador","Tiempo de lectura":"2 minutos"},"schema":{"@context":"https:\/\/schema.org","@graph":[{"@type":"WebPage","@id":"https:\/\/www.asajacyl.com\/palencia\/asaja-palencia-informa\/el-parlamento-europeo-respalda-una-ganaderia-sostenible-en-la-ue","url":"https:\/\/www.asajacyl.com\/palencia\/asaja-palencia-informa\/el-parlamento-europeo-respalda-una-ganaderia-sostenible-en-la-ue","name":"El Parlamento Europeo respalda una ganader\u00eda sostenible en la UE - ASAJA Palencia","isPartOf":{"@id":"https:\/\/www.asajacyl.com\/palencia\/#website"},"primaryImageOfPage":{"@id":"https:\/\/www.asajacyl.com\/palencia\/asaja-palencia-informa\/el-parlamento-europeo-respalda-una-ganaderia-sostenible-en-la-ue#primaryimage"},"image":{"@id":"https:\/\/www.asajacyl.com\/palencia\/asaja-palencia-informa\/el-parlamento-europeo-respalda-una-ganaderia-sostenible-en-la-ue#primaryimage"},"thumbnailUrl":"https:\/\/www.asajacyl.com\/palencia\/wp-content\/uploads\/sites\/3\/2026\/04\/Frisonas-jovenes-1.jpeg","datePublished":"2026-05-02T08:38:00+00:00","author":{"@id":"https:\/\/www.asajacyl.com\/palencia\/#\/schema\/person\/3ab17aeb03527485c317557fae64aab1"},"description":"El\u00a0Parlamento Europeo\u00a0ha aprobado con 426 votos a favor el informe '\u00bfC\u00f3mo garantizar un futuro sostenible para el sector ganadero de la UE a la luz de la El Parlamento Europeo respalda una ganader\u00eda sostenible en la UE.","breadcrumb":{"@id":"https:\/\/www.asajacyl.com\/palencia\/asaja-palencia-informa\/el-parlamento-europeo-respalda-una-ganaderia-sostenible-en-la-ue#breadcrumb"},"inLanguage":"es","potentialAction":[{"@type":"ReadAction","target":["https:\/\/www.asajacyl.com\/palencia\/asaja-palencia-informa\/el-parlamento-europeo-respalda-una-ganaderia-sostenible-en-la-ue"]}]},{"@type":"ImageObject","inLanguage":"es","@id":"https:\/\/www.asajacyl.com\/palencia\/asaja-palencia-informa\/el-parlamento-europeo-respalda-una-ganaderia-sostenible-en-la-ue#primaryimage","url":"https:\/\/www.asajacyl.com\/palencia\/wp-content\/uploads\/sites\/3\/2026\/04\/Frisonas-jovenes-1.jpeg","contentUrl":"https:\/\/www.asajacyl.com\/palencia\/wp-content\/uploads\/sites\/3\/2026\/04\/Frisonas-jovenes-1.jpeg","width":1781,"height":1008},{"@type":"BreadcrumbList","@id":"https:\/\/www.asajacyl.com\/palencia\/asaja-palencia-informa\/el-parlamento-europeo-respalda-una-ganaderia-sostenible-en-la-ue#breadcrumb","itemListElement":[{"@type":"ListItem","position":1,"name":"Portada","item":"https:\/\/www.asajacyl.com\/palencia\/"},{"@type":"ListItem","position":2,"name":"El Parlamento Europeo respalda una ganader\u00eda sostenible en la UE"}]},{"@type":"WebSite","@id":"https:\/\/www.asajacyl.com\/palencia\/#website","url":"https:\/\/www.asajacyl.com\/palencia\/","name":"ASAJA Palencia","description":"Otro sitio m\u00e1s de Provincias ASAJA Castilla y Le\u00f3n","potentialAction":[{"@type":"SearchAction","target":{"@type":"EntryPoint","urlTemplate":"https:\/\/www.asajacyl.com\/palencia\/?s={search_term_string}"},"query-input":{"@type":"PropertyValueSpecification","valueRequired":true,"valueName":"search_term_string"}}],"inLanguage":"es"},{"@type":"Person","@id":"https:\/\/www.asajacyl.com\/palencia\/#\/schema\/person\/3ab17aeb03527485c317557fae64aab1","name":"Administrador","image":{"@type":"ImageObject","inLanguage":"es","@id":"https:\/\/www.asajacyl.com\/palencia\/#\/schema\/person\/image\/","url":"https:\/\/secure.gravatar.com\/avatar\/517384810d242ca9e38c180f3c9fb973?s=96&d=mm&r=g","contentUrl":"https:\/\/secure.gravatar.com\/avatar\/517384810d242ca9e38c180f3c9fb973?s=96&d=mm&r=g","caption":"Administrador"},"url":"https:\/\/www.asajacyl.com\/palencia\/author\/carlosrm"}]}},"_links":{"self":[{"href":"https:\/\/www.asajacyl.com\/palencia\/wp-json\/wp\/v2\/posts\/22919"}],"collection":[{"href":"https:\/\/www.asajacyl.com\/palencia\/wp-json\/wp\/v2\/posts"}],"about":[{"href":"https:\/\/www.asajacyl.com\/palencia\/wp-json\/wp\/v2\/types\/post"}],"author":[{"embeddable":true,"href":"https:\/\/www.asajacyl.com\/palencia\/wp-json\/wp\/v2\/users\/9"}],"replies":[{"embeddable":true,"href":"https:\/\/www.asajacyl.com\/palencia\/wp-json\/wp\/v2\/comments?post=22919"}],"version-history":[{"count":1,"href":"https:\/\/www.asajacyl.com\/palencia\/wp-json\/wp\/v2\/posts\/22919\/revisions"}],"predecessor-version":[{"id":22921,"href":"https:\/\/www.asajacyl.com\/palencia\/wp-json\/wp\/v2\/posts\/22919\/revisions\/22921"}],"wp:featuredmedia":[{"embeddable":true,"href":"https:\/\/www.asajacyl.com\/palencia\/wp-json\/wp\/v2\/media\/22920"}],"wp:attachment":[{"href":"https:\/\/www.asajacyl.com\/palencia\/wp-json\/wp\/v2\/media?parent=22919"}],"wp:term":[{"taxonomy":"category","embeddable":true,"href":"https:\/\/www.asajacyl.com\/palencia\/wp-json\/wp\/v2\/categories?post=22919"},{"taxonomy":"post_tag","embeddable":true,"href":"https:\/\/www.asajacyl.com\/palencia\/wp-json\/wp\/v2\/tags?post=22919"}],"curies":[{"name":"wp","href":"https:\/\/api.w.org\/{rel}","templated":true}]}}