{"id":22922,"date":"2026-05-03T10:44:00","date_gmt":"2026-05-03T08:44:00","guid":{"rendered":"https:\/\/www.asajacyl.com\/palencia\/?p=22922"},"modified":"2026-05-01T01:28:15","modified_gmt":"2026-04-30T23:28:15","slug":"un-equipo-de-vinalta-gana-la-agrochallenge-2026-y-representara-a-espana-en-la-final-europea","status":"publish","type":"post","link":"https:\/\/www.asajacyl.com\/palencia\/asaja-palencia-informa\/un-equipo-de-vinalta-gana-la-agrochallenge-2026-y-representara-a-espana-en-la-final-europea","title":{"rendered":"Un equipo de Vi\u00f1alta gana la Agrochallenge 2026 y representar\u00e1 a Espa\u00f1a en la final europea"},"content":{"rendered":"\n<h2 class=\"wp-block-heading\">Un equipo del Centro Integrado de Formaci\u00f3n Profesional (CIFP) de Vi\u00f1alta representar\u00e1 a Espa\u00f1a en la final europea del Agrochallenge 2026, cuya fase nacional se celebr\u00f3 en el CIFP de Palencia los d\u00edas 28 y 29 de abril, una competici\u00f3n dirigida a estudiantes de ciclos de Formaci\u00f3n Profesional de la familia agraria.<\/h2>\n\n\n\n<p>El equipo ganador estuvo formado por Jorge Mayordomo, Rodrigo de Arriba, Jimena Agudo y Rub\u00e9n Sancha, y sus jefas de equipo fueron Yolanda Mat\u00eda y Carolina Linares defender\u00e1n a Espa\u00f1a en la final europea, que se celebrar\u00e1 los d\u00edas 24 y 25 de junio en Norfolk (Reino Unido).<\/p>\n\n\n\n<p>El segundo clasificado fue el equipo CIFEA de Lorca y el tercer clasificado fue otro equipo de Vi\u00f1alta integrado por Jos\u00e9 Manuel  Y\u00e1guez, Rub\u00e9n Vilda, Giego Garc\u00eda y Gonzalo de Celis.<\/p>\n\n\n\n<figure class=\"wp-block-image size-large\"><img loading=\"lazy\" decoding=\"async\" width=\"1024\" height=\"632\" src=\"https:\/\/www.asajacyl.com\/palencia\/wp-content\/uploads\/sites\/3\/2026\/04\/Agrochallenge-2026-ganadores-de-Vinalta-1024x632.jpeg\" alt=\"\" class=\"wp-image-22923\" srcset=\"https:\/\/www.asajacyl.com\/palencia\/wp-content\/uploads\/sites\/3\/2026\/04\/Agrochallenge-2026-ganadores-de-Vinalta-1024x632.jpeg 1024w, https:\/\/www.asajacyl.com\/palencia\/wp-content\/uploads\/sites\/3\/2026\/04\/Agrochallenge-2026-ganadores-de-Vinalta-300x185.jpeg 300w, https:\/\/www.asajacyl.com\/palencia\/wp-content\/uploads\/sites\/3\/2026\/04\/Agrochallenge-2026-ganadores-de-Vinalta-768x474.jpeg 768w, https:\/\/www.asajacyl.com\/palencia\/wp-content\/uploads\/sites\/3\/2026\/04\/Agrochallenge-2026-ganadores-de-Vinalta-681x420.jpeg 681w, https:\/\/www.asajacyl.com\/palencia\/wp-content\/uploads\/sites\/3\/2026\/04\/Agrochallenge-2026-ganadores-de-Vinalta-696x430.jpeg 696w, https:\/\/www.asajacyl.com\/palencia\/wp-content\/uploads\/sites\/3\/2026\/04\/Agrochallenge-2026-ganadores-de-Vinalta-356x220.jpeg 356w, https:\/\/www.asajacyl.com\/palencia\/wp-content\/uploads\/sites\/3\/2026\/04\/Agrochallenge-2026-ganadores-de-Vinalta.jpeg 1050w\" sizes=\"(max-width: 1024px) 100vw, 1024px\" \/><\/figure>\n\n\n\n<p>El evento reuni\u00f3 a 13 equipos procedentes de centros educativos de seis comunidades aut\u00f3nomas, con la participaci\u00f3n de m\u00e1s de medio centenar de alumnos que demostrar\u00e1n sus habilidades en 20 pruebas diferentes.<\/p>\n\n\n\n<p>Los equipos participantes fueron: CPIFP Montearag\u00f3n (Arag\u00f3n); CIFP La Granja (Cantabria); CIFP \u00c1vila, CIFP La Santa Espina, CIFP Pr\u00edncipe Felipe de Burgos (2 equipos), CIFP Segovia (2 equipos), CIFP Vi\u00f1alta (2 equipos) (Castilla y Le\u00f3n); CIFP La Granxa (Galicia); Centro de Referencia Nacional Ganader\u00eda de Lorca (Murcia), y EFA La Malves\u00eda (Comunidad Valenciana).&nbsp;<\/p>\n\n\n\n<p>Entre los <strong>objetivos<\/strong> de este campeonato est\u00e1n los de fomentar la motivaci\u00f3n del alumnado en su proceso formativo, mejorar sus habilidades pr\u00e1cticas, dar visibilidad a las ense\u00f1anzas agrarias y reforzar valores como el trabajo en equipo, el compa\u00f1erismo y el juego limpio, as\u00ed como promover la participaci\u00f3n femenina en estas ense\u00f1anzas.<\/p>\n\n\n\n<h3 class=\"wp-block-heading\">COMPETICI\u00d3N EUROPEA<\/h3>\n\n\n\n<p>El campeonato lo impulsa la Asociaci\u00f3n para la Promoci\u00f3n de la Formaci\u00f3n Agraria, Alimentaria y Medioambiental EUROPEA-ESPA\u00d1A y estuvo organizado por la Junta de Castilla y Le\u00f3n, a trav\u00e9s del Servicio de Formaci\u00f3n Agraria de la Direcci\u00f3n General de Desarrollo Rural, con la colaboraci\u00f3n del CIFP Vi\u00f1alta.<\/p>\n\n\n\n<p>La competici\u00f3n se desarroll\u00f3 en las instalaciones del centro, donde los participantes deber\u00e1n demostrar sus conocimientos y habilidades pr\u00e1cticas vinculadas al \u00e1mbito agr\u00edcola, ganadero, forestal, medioambiental y alimentario.<\/p>\n\n\n\n<p>El equipo ganador de esta edici\u00f3n es el seleccionado para representar a Espa\u00f1a en el campeonato europeo Agrochallenge, que se celebrar\u00e1 en Norfolk (Reino Unido) en junio, organizado por EUROPEA UK en Easton College, en el marco del programa Erasmus+, que financia la participaci\u00f3n de los estudiantes y profesorado acompa\u00f1ante.<\/p>\n\n\n\n<h3 class=\"wp-block-heading\">PRUEBAS<\/h3>\n\n\n\n<p>Durante las dos jornadas, los alumnos afrontaron pruebas t\u00e9cnicas dise\u00f1adas para reproducir situaciones reales del sector. Entre ellas se incluyeron ejercicios relacionados con el manejo de maquinaria agr\u00edcola, como maniobras con tractor y remolque, apilado de balas o trabajos con pala; pruebas de ganader\u00eda centradas en la identificaci\u00f3n de razas, determinaci\u00f3n de la edad de los animales y su manejo; as\u00ed como actividades agr\u00edcolas, como el reconocimiento de semillas y malas hierbas.<\/p>\n\n\n\n<p>Asimismo, hubo pruebas de car\u00e1cter forestal como el cambio de cadena de motosierra, serrado manual de troncos o realizaci\u00f3n de injertos; ejercicios de gesti\u00f3n ambiental como la clasificaci\u00f3n de residuos; montaje de cercados y sistemas de riego; y pruebas de taller como soldadura con simulador, montaje de ruedas de tractor o enganche y desenganche de aperos. En el \u00e1mbito alimentario, los alumnos  identificaron aromas del vino y del aceite.<\/p>\n","protected":false},"excerpt":{"rendered":"<p>Un equipo del Centro Integrado de Formaci\u00f3n Profesional (CIFP) de Vi\u00f1alta representar\u00e1 a Espa\u00f1a en la final europea del Agrochallenge 2026, cuya fase nacional se celebr\u00f3 en el CIFP de Palencia los d\u00edas 28 y 29 de abril, una competici\u00f3n dirigida a estudiantes de ciclos de Formaci\u00f3n Profesional de la familia agraria. El equipo ganador [&hellip;]<\/p>\n","protected":false},"author":9,"featured_media":22923,"comment_status":"open","ping_status":"open","sticky":false,"template":"","format":"standard","meta":{"footnotes":""},"categories":[9,28],"tags":[1698,58,77,66],"yoast_head":"<!-- This site is optimized with the Yoast SEO plugin v24.5 - https:\/\/yoast.com\/wordpress\/plugins\/seo\/ -->\n<title>Un equipo de Vi\u00f1alta gana la Agrochallenge 2026 y representar\u00e1 a Espa\u00f1a en la final europea - ASAJA Palencia<\/title>\n<meta name=\"description\" content=\"Un equipo del Centro Integrado de Formaci\u00f3n Profesional (CIFP) de Vi\u00f1alta representar\u00e1 a Espa\u00f1a en la final europea del Agrochallenge 2026, cuya fase Un equipo de Vi\u00f1alta gana la Agrochallenge 2026 y representar\u00e1 a Espa\u00f1a en la final europea\" \/>\n<meta name=\"robots\" content=\"index, follow, max-snippet:-1, max-image-preview:large, max-video-preview:-1\" \/>\n<link rel=\"canonical\" href=\"https:\/\/www.asajacyl.com\/palencia\/asaja-palencia-informa\/un-equipo-de-vinalta-gana-la-agrochallenge-2026-y-representara-a-espana-en-la-final-europea\" \/>\n<meta property=\"og:locale\" content=\"es_ES\" \/>\n<meta property=\"og:type\" content=\"article\" \/>\n<meta property=\"og:title\" content=\"Un equipo de Vi\u00f1alta gana la Agrochallenge 2026 y representar\u00e1 a Espa\u00f1a en la final europea - ASAJA Palencia\" \/>\n<meta property=\"og:description\" content=\"Un equipo del Centro Integrado de Formaci\u00f3n Profesional (CIFP) de Vi\u00f1alta representar\u00e1 a Espa\u00f1a en la final europea del Agrochallenge 2026, cuya fase Un equipo de Vi\u00f1alta gana la Agrochallenge 2026 y representar\u00e1 a Espa\u00f1a en la final europea\" \/>\n<meta property=\"og:url\" content=\"https:\/\/www.asajacyl.com\/palencia\/asaja-palencia-informa\/un-equipo-de-vinalta-gana-la-agrochallenge-2026-y-representara-a-espana-en-la-final-europea\" \/>\n<meta property=\"og:site_name\" content=\"ASAJA Palencia\" \/>\n<meta property=\"article:published_time\" content=\"2026-05-03T08:44:00+00:00\" \/>\n<meta property=\"og:image\" content=\"https:\/\/www.asajacyl.com\/palencia\/wp-content\/uploads\/sites\/3\/2026\/04\/Agrochallenge-2026-ganadores-de-Vinalta.jpeg\" \/>\n\t<meta property=\"og:image:width\" content=\"1050\" \/>\n\t<meta property=\"og:image:height\" content=\"648\" \/>\n\t<meta property=\"og:image:type\" content=\"image\/jpeg\" \/>\n<meta name=\"author\" content=\"Administrador\" \/>\n<meta name=\"twitter:card\" content=\"summary_large_image\" \/>\n<meta name=\"twitter:label1\" content=\"Escrito por\" \/>\n\t<meta name=\"twitter:data1\" content=\"Administrador\" \/>\n\t<meta name=\"twitter:label2\" content=\"Tiempo de lectura\" \/>\n\t<meta name=\"twitter:data2\" content=\"3 minutos\" \/>\n<script type=\"application\/ld+json\" class=\"yoast-schema-graph\">{\"@context\":\"https:\/\/schema.org\",\"@graph\":[{\"@type\":\"WebPage\",\"@id\":\"https:\/\/www.asajacyl.com\/palencia\/asaja-palencia-informa\/un-equipo-de-vinalta-gana-la-agrochallenge-2026-y-representara-a-espana-en-la-final-europea\",\"url\":\"https:\/\/www.asajacyl.com\/palencia\/asaja-palencia-informa\/un-equipo-de-vinalta-gana-la-agrochallenge-2026-y-representara-a-espana-en-la-final-europea\",\"name\":\"Un equipo de Vi\u00f1alta gana la Agrochallenge 2026 y representar\u00e1 a Espa\u00f1a en la final europea - ASAJA Palencia\",\"isPartOf\":{\"@id\":\"https:\/\/www.asajacyl.com\/palencia\/#website\"},\"primaryImageOfPage\":{\"@id\":\"https:\/\/www.asajacyl.com\/palencia\/asaja-palencia-informa\/un-equipo-de-vinalta-gana-la-agrochallenge-2026-y-representara-a-espana-en-la-final-europea#primaryimage\"},\"image\":{\"@id\":\"https:\/\/www.asajacyl.com\/palencia\/asaja-palencia-informa\/un-equipo-de-vinalta-gana-la-agrochallenge-2026-y-representara-a-espana-en-la-final-europea#primaryimage\"},\"thumbnailUrl\":\"https:\/\/www.asajacyl.com\/palencia\/wp-content\/uploads\/sites\/3\/2026\/04\/Agrochallenge-2026-ganadores-de-Vinalta.jpeg\",\"datePublished\":\"2026-05-03T08:44:00+00:00\",\"author\":{\"@id\":\"https:\/\/www.asajacyl.com\/palencia\/#\/schema\/person\/3ab17aeb03527485c317557fae64aab1\"},\"description\":\"Un equipo del Centro Integrado de Formaci\u00f3n Profesional (CIFP) de Vi\u00f1alta representar\u00e1 a Espa\u00f1a en la final europea del Agrochallenge 2026, cuya fase Un equipo de Vi\u00f1alta gana la Agrochallenge 2026 y representar\u00e1 a Espa\u00f1a en la final europea\",\"breadcrumb\":{\"@id\":\"https:\/\/www.asajacyl.com\/palencia\/asaja-palencia-informa\/un-equipo-de-vinalta-gana-la-agrochallenge-2026-y-representara-a-espana-en-la-final-europea#breadcrumb\"},\"inLanguage\":\"es\",\"potentialAction\":[{\"@type\":\"ReadAction\",\"target\":[\"https:\/\/www.asajacyl.com\/palencia\/asaja-palencia-informa\/un-equipo-de-vinalta-gana-la-agrochallenge-2026-y-representara-a-espana-en-la-final-europea\"]}]},{\"@type\":\"ImageObject\",\"inLanguage\":\"es\",\"@id\":\"https:\/\/www.asajacyl.com\/palencia\/asaja-palencia-informa\/un-equipo-de-vinalta-gana-la-agrochallenge-2026-y-representara-a-espana-en-la-final-europea#primaryimage\",\"url\":\"https:\/\/www.asajacyl.com\/palencia\/wp-content\/uploads\/sites\/3\/2026\/04\/Agrochallenge-2026-ganadores-de-Vinalta.jpeg\",\"contentUrl\":\"https:\/\/www.asajacyl.com\/palencia\/wp-content\/uploads\/sites\/3\/2026\/04\/Agrochallenge-2026-ganadores-de-Vinalta.jpeg\",\"width\":1050,\"height\":648},{\"@type\":\"BreadcrumbList\",\"@id\":\"https:\/\/www.asajacyl.com\/palencia\/asaja-palencia-informa\/un-equipo-de-vinalta-gana-la-agrochallenge-2026-y-representara-a-espana-en-la-final-europea#breadcrumb\",\"itemListElement\":[{\"@type\":\"ListItem\",\"position\":1,\"name\":\"Portada\",\"item\":\"https:\/\/www.asajacyl.com\/palencia\/\"},{\"@type\":\"ListItem\",\"position\":2,\"name\":\"Un equipo de Vi\u00f1alta gana la Agrochallenge 2026 y representar\u00e1 a Espa\u00f1a en la final europea\"}]},{\"@type\":\"WebSite\",\"@id\":\"https:\/\/www.asajacyl.com\/palencia\/#website\",\"url\":\"https:\/\/www.asajacyl.com\/palencia\/\",\"name\":\"ASAJA Palencia\",\"description\":\"Otro sitio m\u00e1s de Provincias ASAJA Castilla y Le\u00f3n\",\"potentialAction\":[{\"@type\":\"SearchAction\",\"target\":{\"@type\":\"EntryPoint\",\"urlTemplate\":\"https:\/\/www.asajacyl.com\/palencia\/?s={search_term_string}\"},\"query-input\":{\"@type\":\"PropertyValueSpecification\",\"valueRequired\":true,\"valueName\":\"search_term_string\"}}],\"inLanguage\":\"es\"},{\"@type\":\"Person\",\"@id\":\"https:\/\/www.asajacyl.com\/palencia\/#\/schema\/person\/3ab17aeb03527485c317557fae64aab1\",\"name\":\"Administrador\",\"image\":{\"@type\":\"ImageObject\",\"inLanguage\":\"es\",\"@id\":\"https:\/\/www.asajacyl.com\/palencia\/#\/schema\/person\/image\/\",\"url\":\"https:\/\/secure.gravatar.com\/avatar\/517384810d242ca9e38c180f3c9fb973?s=96&d=mm&r=g\",\"contentUrl\":\"https:\/\/secure.gravatar.com\/avatar\/517384810d242ca9e38c180f3c9fb973?s=96&d=mm&r=g\",\"caption\":\"Administrador\"},\"url\":\"https:\/\/www.asajacyl.com\/palencia\/author\/carlosrm\"}]}<\/script>\n<!-- \/ Yoast SEO plugin. -->","yoast_head_json":{"title":"Un equipo de Vi\u00f1alta gana la Agrochallenge 2026 y representar\u00e1 a Espa\u00f1a en la final europea - ASAJA Palencia","description":"Un equipo del Centro Integrado de Formaci\u00f3n Profesional (CIFP) de Vi\u00f1alta representar\u00e1 a Espa\u00f1a en la final europea del Agrochallenge 2026, cuya fase Un equipo de Vi\u00f1alta gana la Agrochallenge 2026 y representar\u00e1 a Espa\u00f1a en la final europea","robots":{"index":"index","follow":"follow","max-snippet":"max-snippet:-1","max-image-preview":"max-image-preview:large","max-video-preview":"max-video-preview:-1"},"canonical":"https:\/\/www.asajacyl.com\/palencia\/asaja-palencia-informa\/un-equipo-de-vinalta-gana-la-agrochallenge-2026-y-representara-a-espana-en-la-final-europea","og_locale":"es_ES","og_type":"article","og_title":"Un equipo de Vi\u00f1alta gana la Agrochallenge 2026 y representar\u00e1 a Espa\u00f1a en la final europea - ASAJA Palencia","og_description":"Un equipo del Centro Integrado de Formaci\u00f3n Profesional (CIFP) de Vi\u00f1alta representar\u00e1 a Espa\u00f1a en la final europea del Agrochallenge 2026, cuya fase Un equipo de Vi\u00f1alta gana la Agrochallenge 2026 y representar\u00e1 a Espa\u00f1a en la final europea","og_url":"https:\/\/www.asajacyl.com\/palencia\/asaja-palencia-informa\/un-equipo-de-vinalta-gana-la-agrochallenge-2026-y-representara-a-espana-en-la-final-europea","og_site_name":"ASAJA Palencia","article_published_time":"2026-05-03T08:44:00+00:00","og_image":[{"width":1050,"height":648,"url":"https:\/\/www.asajacyl.com\/palencia\/wp-content\/uploads\/sites\/3\/2026\/04\/Agrochallenge-2026-ganadores-de-Vinalta.jpeg","type":"image\/jpeg"}],"author":"Administrador","twitter_card":"summary_large_image","twitter_misc":{"Escrito por":"Administrador","Tiempo de lectura":"3 minutos"},"schema":{"@context":"https:\/\/schema.org","@graph":[{"@type":"WebPage","@id":"https:\/\/www.asajacyl.com\/palencia\/asaja-palencia-informa\/un-equipo-de-vinalta-gana-la-agrochallenge-2026-y-representara-a-espana-en-la-final-europea","url":"https:\/\/www.asajacyl.com\/palencia\/asaja-palencia-informa\/un-equipo-de-vinalta-gana-la-agrochallenge-2026-y-representara-a-espana-en-la-final-europea","name":"Un equipo de Vi\u00f1alta gana la Agrochallenge 2026 y representar\u00e1 a Espa\u00f1a en la final europea - ASAJA Palencia","isPartOf":{"@id":"https:\/\/www.asajacyl.com\/palencia\/#website"},"primaryImageOfPage":{"@id":"https:\/\/www.asajacyl.com\/palencia\/asaja-palencia-informa\/un-equipo-de-vinalta-gana-la-agrochallenge-2026-y-representara-a-espana-en-la-final-europea#primaryimage"},"image":{"@id":"https:\/\/www.asajacyl.com\/palencia\/asaja-palencia-informa\/un-equipo-de-vinalta-gana-la-agrochallenge-2026-y-representara-a-espana-en-la-final-europea#primaryimage"},"thumbnailUrl":"https:\/\/www.asajacyl.com\/palencia\/wp-content\/uploads\/sites\/3\/2026\/04\/Agrochallenge-2026-ganadores-de-Vinalta.jpeg","datePublished":"2026-05-03T08:44:00+00:00","author":{"@id":"https:\/\/www.asajacyl.com\/palencia\/#\/schema\/person\/3ab17aeb03527485c317557fae64aab1"},"description":"Un equipo del Centro Integrado de Formaci\u00f3n Profesional (CIFP) de Vi\u00f1alta representar\u00e1 a Espa\u00f1a en la final europea del Agrochallenge 2026, cuya fase Un equipo de Vi\u00f1alta gana la Agrochallenge 2026 y representar\u00e1 a Espa\u00f1a en la final europea","breadcrumb":{"@id":"https:\/\/www.asajacyl.com\/palencia\/asaja-palencia-informa\/un-equipo-de-vinalta-gana-la-agrochallenge-2026-y-representara-a-espana-en-la-final-europea#breadcrumb"},"inLanguage":"es","potentialAction":[{"@type":"ReadAction","target":["https:\/\/www.asajacyl.com\/palencia\/asaja-palencia-informa\/un-equipo-de-vinalta-gana-la-agrochallenge-2026-y-representara-a-espana-en-la-final-europea"]}]},{"@type":"ImageObject","inLanguage":"es","@id":"https:\/\/www.asajacyl.com\/palencia\/asaja-palencia-informa\/un-equipo-de-vinalta-gana-la-agrochallenge-2026-y-representara-a-espana-en-la-final-europea#primaryimage","url":"https:\/\/www.asajacyl.com\/palencia\/wp-content\/uploads\/sites\/3\/2026\/04\/Agrochallenge-2026-ganadores-de-Vinalta.jpeg","contentUrl":"https:\/\/www.asajacyl.com\/palencia\/wp-content\/uploads\/sites\/3\/2026\/04\/Agrochallenge-2026-ganadores-de-Vinalta.jpeg","width":1050,"height":648},{"@type":"BreadcrumbList","@id":"https:\/\/www.asajacyl.com\/palencia\/asaja-palencia-informa\/un-equipo-de-vinalta-gana-la-agrochallenge-2026-y-representara-a-espana-en-la-final-europea#breadcrumb","itemListElement":[{"@type":"ListItem","position":1,"name":"Portada","item":"https:\/\/www.asajacyl.com\/palencia\/"},{"@type":"ListItem","position":2,"name":"Un equipo de Vi\u00f1alta gana la Agrochallenge 2026 y representar\u00e1 a Espa\u00f1a en la final europea"}]},{"@type":"WebSite","@id":"https:\/\/www.asajacyl.com\/palencia\/#website","url":"https:\/\/www.asajacyl.com\/palencia\/","name":"ASAJA Palencia","description":"Otro sitio m\u00e1s de Provincias ASAJA Castilla y Le\u00f3n","potentialAction":[{"@type":"SearchAction","target":{"@type":"EntryPoint","urlTemplate":"https:\/\/www.asajacyl.com\/palencia\/?s={search_term_string}"},"query-input":{"@type":"PropertyValueSpecification","valueRequired":true,"valueName":"search_term_string"}}],"inLanguage":"es"},{"@type":"Person","@id":"https:\/\/www.asajacyl.com\/palencia\/#\/schema\/person\/3ab17aeb03527485c317557fae64aab1","name":"Administrador","image":{"@type":"ImageObject","inLanguage":"es","@id":"https:\/\/www.asajacyl.com\/palencia\/#\/schema\/person\/image\/","url":"https:\/\/secure.gravatar.com\/avatar\/517384810d242ca9e38c180f3c9fb973?s=96&d=mm&r=g","contentUrl":"https:\/\/secure.gravatar.com\/avatar\/517384810d242ca9e38c180f3c9fb973?s=96&d=mm&r=g","caption":"Administrador"},"url":"https:\/\/www.asajacyl.com\/palencia\/author\/carlosrm"}]}},"_links":{"self":[{"href":"https:\/\/www.asajacyl.com\/palencia\/wp-json\/wp\/v2\/posts\/22922"}],"collection":[{"href":"https:\/\/www.asajacyl.com\/palencia\/wp-json\/wp\/v2\/posts"}],"about":[{"href":"https:\/\/www.asajacyl.com\/palencia\/wp-json\/wp\/v2\/types\/post"}],"author":[{"embeddable":true,"href":"https:\/\/www.asajacyl.com\/palencia\/wp-json\/wp\/v2\/users\/9"}],"replies":[{"embeddable":true,"href":"https:\/\/www.asajacyl.com\/palencia\/wp-json\/wp\/v2\/comments?post=22922"}],"version-history":[{"count":4,"href":"https:\/\/www.asajacyl.com\/palencia\/wp-json\/wp\/v2\/posts\/22922\/revisions"}],"predecessor-version":[{"id":22928,"href":"https:\/\/www.asajacyl.com\/palencia\/wp-json\/wp\/v2\/posts\/22922\/revisions\/22928"}],"wp:featuredmedia":[{"embeddable":true,"href":"https:\/\/www.asajacyl.com\/palencia\/wp-json\/wp\/v2\/media\/22923"}],"wp:attachment":[{"href":"https:\/\/www.asajacyl.com\/palencia\/wp-json\/wp\/v2\/media?parent=22922"}],"wp:term":[{"taxonomy":"category","embeddable":true,"href":"https:\/\/www.asajacyl.com\/palencia\/wp-json\/wp\/v2\/categories?post=22922"},{"taxonomy":"post_tag","embeddable":true,"href":"https:\/\/www.asajacyl.com\/palencia\/wp-json\/wp\/v2\/tags?post=22922"}],"curies":[{"name":"wp","href":"https:\/\/api.w.org\/{rel}","templated":true}]}}