{"id":23985,"date":"2026-08-30T11:00:00","date_gmt":"2026-08-30T09:00:00","guid":{"rendered":"https:\/\/www.asajacyl.com\/palencia\/?p=23985"},"modified":"2026-08-31T09:47:57","modified_gmt":"2026-08-31T07:47:57","slug":"investigadores-de-la-uva-y-el-csic-anticipan-el-riesgo-de-plaga-de-topillos-mediante-una-senal-climatica","status":"publish","type":"post","link":"https:\/\/www.asajacyl.com\/palencia\/asaja-palencia-informa\/investigadores-de-la-uva-y-el-csic-anticipan-el-riesgo-de-plaga-de-topillos-mediante-una-senal-climatica","title":{"rendered":"Investigadores de la UVa y el CSIC afirman que anticipar\u00e1n el riesgo de plaga de topillos mediante una se\u00f1al clim\u00e1tica"},"content":{"rendered":"\n<h3 class=\"wp-block-heading\">El Consejo Superior de Investigaciones Cient\u00edficas (CSIC) junto a la Universidad de Valladolid (UVa), con la colaboraci\u00f3n del Itagra, participan en un estudio que ha identificado una se\u00f1al clim\u00e1tica capaz de anticipar con aproximadamente <strong>un a\u00f1o de antelaci\u00f3n<\/strong> el crecimiento de las poblaciones de\u00a0<em>Microtus arvalis<\/em>\u00a0en las zonas agr\u00edcolas de Palencia, Valladolid y Zamora. Otro tema es qu\u00e9 se va a hacer una vez que se conozca, o que se prevea, que va a existir una superpoblaci\u00f3n de topillos. Si se va a dejar a los agricultores sin ninguna soluci\u00f3n y se va a esperar a que las poblaciones de topillos se reduzcan por s\u00ed mismas, como se ha hecho hasta ahora, y ya llevamos veinte a\u00f1os con este tema, de poco va a servir conocer que habr\u00e1 superpoblaci\u00f3n de topillos.<\/h3>\n\n\n\n<h3 class=\"wp-block-heading\">El estudio, publicado en la revista cient\u00edfica Pest Management Science, abre la puerta al desarrollo de herramientas de alerta temprana que permitan mejorar el seguimiento y la gesti\u00f3n preventiva de las explosiones poblacionales de esta especie.<\/h3>\n\n\n\n<figure class=\"wp-block-image\"><img decoding=\"async\" src=\"https:\/\/ucc.uva.es\/wp-content\/uploads\/2026\/08\/Topillo-campesino-UVa-edited-1-1024x830.jpg\" alt=\"\" class=\"wp-image-9097\" \/><figcaption class=\"wp-element-caption\">Topillo campesino. Fuente: UVa<\/figcaption><\/figure>\n\n\n\n<p>Cient\u00edficos del CSIC y de la UVa han identificado una se\u00f1al clim\u00e1tica que permite anticipar el &nbsp;crecimiento de las poblaciones de topillo campesino (<em>Microtus arvalis<\/em>). En concreto,<strong> la precipitaci\u00f3n acumulada entre marzo y julio del a\u00f1o anterior est\u00e1 relacionada con el crecimiento posterior de las colonias de estos animales<\/strong>, lo que permite disponer de una se\u00f1al de alerta con aproximadamente un a\u00f1o de antelaci\u00f3n. <\/p>\n\n\n\n<h3 class=\"wp-block-heading\">16 A\u00d1OS DE DATOS<\/h3>\n\n\n\n<p>El trabajo est\u00e1 liderado por el investigador del Instituto de Investigaci\u00f3n en Recursos Cineg\u00e9ticos (CSIC-UCLM-JCCM), Fran\u00e7ois Mougeot, y el catedr\u00e1tico de Zoolog\u00eda de la Universidad de Valladolid, Juan Jos\u00e9 Luque-Larena, y se ha desarrollado en el marco del <strong>proyecto RATALERT<\/strong>, financiado por la Agencia Estatal de Investigaci\u00f3n y ejecutado por la UVa. <\/p>\n\n\n\n<p>En concreto, el estudio analiza 16 a\u00f1os de datos (2009-2025) procedentes del seguimiento de poblaciones de topillo campesino en seis localidades de Tierra de Campos, en Castilla y Le\u00f3n. Con estos datos, los investigadores han comprobado que la precipitaci\u00f3n acumulada entre marzo y julio del a\u00f1o anterior est\u00e1 relacionada con el crecimiento posterior de las poblaciones. <\/p>\n\n\n\n<p>Esta se\u00f1al, combinada con la fase del ciclo poblacional, permite explicar el 43,2% de la variaci\u00f3n observada en el crecimiento de las poblaciones y, especialmente, <strong>proporciona informaci\u00f3n con suficiente antelaci\u00f3n para intensificar el seguimiento antes de la siguiente campa\u00f1a agr\u00edcola<\/strong>.<\/p>\n\n\n\n<p>Para <strong>Fran\u00e7ois Mougeot<\/strong>, investigador principal junto a Luque-Larena del proyecto, \u201cla combinaci\u00f3n de informaci\u00f3n clim\u00e1tica y din\u00e1mica poblacional puede proporcionar un sistema de alerta mucho m\u00e1s \u00fatil para la gesti\u00f3n que esperar a que las poblaciones hayan alcanzado ya niveles elevados\u201d.<\/p>\n\n\n\n<p>Por su parte, <strong>Juan Jos\u00e9 Luque-Larena<\/strong> se\u00f1ala que \u201clo importante es disponer de informaci\u00f3n con suficiente antelaci\u00f3n para poder tomar decisiones\u201d,  \u201cEl objetivo es avanzar desde una gesti\u00f3n fundamentalmente reactiva hacia una gesti\u00f3n preventiva, identificando con tiempo d\u00f3nde debemos intensificar el seguimiento\u201d. <\/p>\n\n\n\n<h3 class=\"wp-block-heading\">PREVISI\u00d3N, PREDICCI\u00d3N INFALIBLE<\/h3>\n\n\n\n<p>Los autores destacan que se trata de una <strong>se\u00f1al temprana de riesgo, no de una predicci\u00f3n infalible <\/strong>de una explosi\u00f3n poblacional. Los resultados deber\u00e1n validarse y perfeccionarse incorporando nuevos a\u00f1os de seguimiento y otros factores ambientales y agr\u00edcolas. <\/p>\n\n\n\n<p>Este trabajo refuerza la l\u00ednea de investigaci\u00f3n desarrollada desde la Universidad de Valladolid sobre la ecolog\u00eda y din\u00e1mica poblacional del topillo campesino en Castilla y Le\u00f3n y pone de manifiesto el valor de las series de seguimiento a largo plazo para desarrollar herramientas predictivas. <\/p>\n\n\n\n<p>El <strong>objetivo de RATALERT<\/strong> (PID2022-136850NB-I00) es avanzar hacia herramientas que permitan anticipar el riesgo, optimizar el seguimiento y facilitar la toma de decisiones preventivas, contribuyendo as\u00ed a una gesti\u00f3n m\u00e1s eficaz y sostenible de las poblaciones de topillo campesino.<\/p>\n\n\n\n<p><strong>Referencia<\/strong><\/p>\n\n\n\n<p>Mougeot, F., Lambin, X., Arroyo, B. and Luque-Larena, J.-J. (2026), Early warning signals of common vole population growth in continental Mediterranean farmlands recurrently affected by outbreaks. Pest Manag Sci.&nbsp;<a href=\"https:\/\/doi.org\/10.1002\/ps.71244\">https:\/\/doi.org\/10.1002\/ps.71244&nbsp;<\/a>&nbsp;<\/p>\n","protected":false},"excerpt":{"rendered":"<p>El Consejo Superior de Investigaciones Cient\u00edficas (CSIC) junto a la Universidad de Valladolid (UVa), con la colaboraci\u00f3n del Itagra, participan en un estudio que ha identificado una se\u00f1al clim\u00e1tica capaz de anticipar con aproximadamente un a\u00f1o de antelaci\u00f3n el crecimiento de las poblaciones de\u00a0Microtus arvalis\u00a0en las zonas agr\u00edcolas de Palencia, Valladolid y Zamora. Otro tema [&hellip;]<\/p>\n","protected":false},"author":9,"featured_media":23987,"comment_status":"open","ping_status":"open","sticky":false,"template":"","format":"standard","meta":{"footnotes":""},"categories":[9,28],"tags":[1698,2083,2082,1761,58],"yoast_head":"<!-- This site is optimized with the Yoast SEO plugin v24.5 - https:\/\/yoast.com\/wordpress\/plugins\/seo\/ -->\n<title>Investigadores de la UVa y el CSIC afirman que anticipar\u00e1n el riesgo de plaga de topillos mediante una se\u00f1al clim\u00e1tica - ASAJA Palencia<\/title>\n<meta name=\"description\" content=\"El Consejo Superior de Investigaciones Cient\u00edficas (CSIC) junto a la Universidad de Valladolid (UVa), con la colaboraci\u00f3n del Itagra, participan en un Investigadores de la UVa y el CSIC anticipan el riesgo de plaga de topillos mediante una se\u00f1al clim\u00e1tica.\" \/>\n<meta name=\"robots\" content=\"index, follow, max-snippet:-1, max-image-preview:large, max-video-preview:-1\" \/>\n<link rel=\"canonical\" href=\"https:\/\/www.asajacyl.com\/palencia\/asaja-palencia-informa\/investigadores-de-la-uva-y-el-csic-anticipan-el-riesgo-de-plaga-de-topillos-mediante-una-senal-climatica\" \/>\n<meta property=\"og:locale\" content=\"es_ES\" \/>\n<meta property=\"og:type\" content=\"article\" \/>\n<meta property=\"og:title\" content=\"Investigadores de la UVa y el CSIC afirman que anticipar\u00e1n el riesgo de plaga de topillos mediante una se\u00f1al clim\u00e1tica - ASAJA Palencia\" \/>\n<meta property=\"og:description\" content=\"El Consejo Superior de Investigaciones Cient\u00edficas (CSIC) junto a la Universidad de Valladolid (UVa), con la colaboraci\u00f3n del Itagra, participan en un Investigadores de la UVa y el CSIC anticipan el riesgo de plaga de topillos mediante una se\u00f1al clim\u00e1tica.\" \/>\n<meta property=\"og:url\" content=\"https:\/\/www.asajacyl.com\/palencia\/asaja-palencia-informa\/investigadores-de-la-uva-y-el-csic-anticipan-el-riesgo-de-plaga-de-topillos-mediante-una-senal-climatica\" \/>\n<meta property=\"og:site_name\" content=\"ASAJA Palencia\" \/>\n<meta property=\"article:published_time\" content=\"2026-08-30T09:00:00+00:00\" \/>\n<meta property=\"article:modified_time\" content=\"2026-08-31T07:47:57+00:00\" \/>\n<meta property=\"og:image\" content=\"https:\/\/www.asajacyl.com\/palencia\/wp-content\/uploads\/sites\/3\/2026\/08\/UVA-topillo-campesino.jpg\" \/>\n\t<meta property=\"og:image:width\" content=\"1024\" \/>\n\t<meta property=\"og:image:height\" content=\"830\" \/>\n\t<meta property=\"og:image:type\" content=\"image\/jpeg\" \/>\n<meta name=\"author\" content=\"Administrador\" \/>\n<meta name=\"twitter:card\" content=\"summary_large_image\" \/>\n<meta name=\"twitter:label1\" content=\"Escrito por\" \/>\n\t<meta name=\"twitter:data1\" content=\"Administrador\" \/>\n\t<meta name=\"twitter:label2\" content=\"Tiempo de lectura\" \/>\n\t<meta name=\"twitter:data2\" content=\"4 minutos\" \/>\n<script type=\"application\/ld+json\" class=\"yoast-schema-graph\">{\"@context\":\"https:\/\/schema.org\",\"@graph\":[{\"@type\":\"WebPage\",\"@id\":\"https:\/\/www.asajacyl.com\/palencia\/asaja-palencia-informa\/investigadores-de-la-uva-y-el-csic-anticipan-el-riesgo-de-plaga-de-topillos-mediante-una-senal-climatica\",\"url\":\"https:\/\/www.asajacyl.com\/palencia\/asaja-palencia-informa\/investigadores-de-la-uva-y-el-csic-anticipan-el-riesgo-de-plaga-de-topillos-mediante-una-senal-climatica\",\"name\":\"Investigadores de la UVa y el CSIC afirman que anticipar\u00e1n el riesgo de plaga de topillos mediante una se\u00f1al clim\u00e1tica - ASAJA Palencia\",\"isPartOf\":{\"@id\":\"https:\/\/www.asajacyl.com\/palencia\/#website\"},\"primaryImageOfPage\":{\"@id\":\"https:\/\/www.asajacyl.com\/palencia\/asaja-palencia-informa\/investigadores-de-la-uva-y-el-csic-anticipan-el-riesgo-de-plaga-de-topillos-mediante-una-senal-climatica#primaryimage\"},\"image\":{\"@id\":\"https:\/\/www.asajacyl.com\/palencia\/asaja-palencia-informa\/investigadores-de-la-uva-y-el-csic-anticipan-el-riesgo-de-plaga-de-topillos-mediante-una-senal-climatica#primaryimage\"},\"thumbnailUrl\":\"https:\/\/www.asajacyl.com\/palencia\/wp-content\/uploads\/sites\/3\/2026\/08\/UVA-topillo-campesino.jpg\",\"datePublished\":\"2026-08-30T09:00:00+00:00\",\"dateModified\":\"2026-08-31T07:47:57+00:00\",\"author\":{\"@id\":\"https:\/\/www.asajacyl.com\/palencia\/#\/schema\/person\/3ab17aeb03527485c317557fae64aab1\"},\"description\":\"El Consejo Superior de Investigaciones Cient\u00edficas (CSIC) junto a la Universidad de Valladolid (UVa), con la colaboraci\u00f3n del Itagra, participan en un Investigadores de la UVa y el CSIC anticipan el riesgo de plaga de topillos mediante una se\u00f1al clim\u00e1tica.\",\"breadcrumb\":{\"@id\":\"https:\/\/www.asajacyl.com\/palencia\/asaja-palencia-informa\/investigadores-de-la-uva-y-el-csic-anticipan-el-riesgo-de-plaga-de-topillos-mediante-una-senal-climatica#breadcrumb\"},\"inLanguage\":\"es\",\"potentialAction\":[{\"@type\":\"ReadAction\",\"target\":[\"https:\/\/www.asajacyl.com\/palencia\/asaja-palencia-informa\/investigadores-de-la-uva-y-el-csic-anticipan-el-riesgo-de-plaga-de-topillos-mediante-una-senal-climatica\"]}]},{\"@type\":\"ImageObject\",\"inLanguage\":\"es\",\"@id\":\"https:\/\/www.asajacyl.com\/palencia\/asaja-palencia-informa\/investigadores-de-la-uva-y-el-csic-anticipan-el-riesgo-de-plaga-de-topillos-mediante-una-senal-climatica#primaryimage\",\"url\":\"https:\/\/www.asajacyl.com\/palencia\/wp-content\/uploads\/sites\/3\/2026\/08\/UVA-topillo-campesino.jpg\",\"contentUrl\":\"https:\/\/www.asajacyl.com\/palencia\/wp-content\/uploads\/sites\/3\/2026\/08\/UVA-topillo-campesino.jpg\",\"width\":1024,\"height\":830},{\"@type\":\"BreadcrumbList\",\"@id\":\"https:\/\/www.asajacyl.com\/palencia\/asaja-palencia-informa\/investigadores-de-la-uva-y-el-csic-anticipan-el-riesgo-de-plaga-de-topillos-mediante-una-senal-climatica#breadcrumb\",\"itemListElement\":[{\"@type\":\"ListItem\",\"position\":1,\"name\":\"Portada\",\"item\":\"https:\/\/www.asajacyl.com\/palencia\/\"},{\"@type\":\"ListItem\",\"position\":2,\"name\":\"Investigadores de la UVa y el CSIC afirman que anticipar\u00e1n el riesgo de plaga de topillos mediante una se\u00f1al clim\u00e1tica\"}]},{\"@type\":\"WebSite\",\"@id\":\"https:\/\/www.asajacyl.com\/palencia\/#website\",\"url\":\"https:\/\/www.asajacyl.com\/palencia\/\",\"name\":\"ASAJA Palencia\",\"description\":\"Otro sitio m\u00e1s de Provincias ASAJA Castilla y Le\u00f3n\",\"potentialAction\":[{\"@type\":\"SearchAction\",\"target\":{\"@type\":\"EntryPoint\",\"urlTemplate\":\"https:\/\/www.asajacyl.com\/palencia\/?s={search_term_string}\"},\"query-input\":{\"@type\":\"PropertyValueSpecification\",\"valueRequired\":true,\"valueName\":\"search_term_string\"}}],\"inLanguage\":\"es\"},{\"@type\":\"Person\",\"@id\":\"https:\/\/www.asajacyl.com\/palencia\/#\/schema\/person\/3ab17aeb03527485c317557fae64aab1\",\"name\":\"Administrador\",\"image\":{\"@type\":\"ImageObject\",\"inLanguage\":\"es\",\"@id\":\"https:\/\/www.asajacyl.com\/palencia\/#\/schema\/person\/image\/\",\"url\":\"https:\/\/secure.gravatar.com\/avatar\/517384810d242ca9e38c180f3c9fb973?s=96&d=mm&r=g\",\"contentUrl\":\"https:\/\/secure.gravatar.com\/avatar\/517384810d242ca9e38c180f3c9fb973?s=96&d=mm&r=g\",\"caption\":\"Administrador\"},\"url\":\"https:\/\/www.asajacyl.com\/palencia\/author\/carlosrm\"}]}<\/script>\n<!-- \/ Yoast SEO plugin. -->","yoast_head_json":{"title":"Investigadores de la UVa y el CSIC afirman que anticipar\u00e1n el riesgo de plaga de topillos mediante una se\u00f1al clim\u00e1tica - ASAJA Palencia","description":"El Consejo Superior de Investigaciones Cient\u00edficas (CSIC) junto a la Universidad de Valladolid (UVa), con la colaboraci\u00f3n del Itagra, participan en un Investigadores de la UVa y el CSIC anticipan el riesgo de plaga de topillos mediante una se\u00f1al clim\u00e1tica.","robots":{"index":"index","follow":"follow","max-snippet":"max-snippet:-1","max-image-preview":"max-image-preview:large","max-video-preview":"max-video-preview:-1"},"canonical":"https:\/\/www.asajacyl.com\/palencia\/asaja-palencia-informa\/investigadores-de-la-uva-y-el-csic-anticipan-el-riesgo-de-plaga-de-topillos-mediante-una-senal-climatica","og_locale":"es_ES","og_type":"article","og_title":"Investigadores de la UVa y el CSIC afirman que anticipar\u00e1n el riesgo de plaga de topillos mediante una se\u00f1al clim\u00e1tica - ASAJA Palencia","og_description":"El Consejo Superior de Investigaciones Cient\u00edficas (CSIC) junto a la Universidad de Valladolid (UVa), con la colaboraci\u00f3n del Itagra, participan en un Investigadores de la UVa y el CSIC anticipan el riesgo de plaga de topillos mediante una se\u00f1al clim\u00e1tica.","og_url":"https:\/\/www.asajacyl.com\/palencia\/asaja-palencia-informa\/investigadores-de-la-uva-y-el-csic-anticipan-el-riesgo-de-plaga-de-topillos-mediante-una-senal-climatica","og_site_name":"ASAJA Palencia","article_published_time":"2026-08-30T09:00:00+00:00","article_modified_time":"2026-08-31T07:47:57+00:00","og_image":[{"width":1024,"height":830,"url":"https:\/\/www.asajacyl.com\/palencia\/wp-content\/uploads\/sites\/3\/2026\/08\/UVA-topillo-campesino.jpg","type":"image\/jpeg"}],"author":"Administrador","twitter_card":"summary_large_image","twitter_misc":{"Escrito por":"Administrador","Tiempo de lectura":"4 minutos"},"schema":{"@context":"https:\/\/schema.org","@graph":[{"@type":"WebPage","@id":"https:\/\/www.asajacyl.com\/palencia\/asaja-palencia-informa\/investigadores-de-la-uva-y-el-csic-anticipan-el-riesgo-de-plaga-de-topillos-mediante-una-senal-climatica","url":"https:\/\/www.asajacyl.com\/palencia\/asaja-palencia-informa\/investigadores-de-la-uva-y-el-csic-anticipan-el-riesgo-de-plaga-de-topillos-mediante-una-senal-climatica","name":"Investigadores de la UVa y el CSIC afirman que anticipar\u00e1n el riesgo de plaga de topillos mediante una se\u00f1al clim\u00e1tica - ASAJA Palencia","isPartOf":{"@id":"https:\/\/www.asajacyl.com\/palencia\/#website"},"primaryImageOfPage":{"@id":"https:\/\/www.asajacyl.com\/palencia\/asaja-palencia-informa\/investigadores-de-la-uva-y-el-csic-anticipan-el-riesgo-de-plaga-de-topillos-mediante-una-senal-climatica#primaryimage"},"image":{"@id":"https:\/\/www.asajacyl.com\/palencia\/asaja-palencia-informa\/investigadores-de-la-uva-y-el-csic-anticipan-el-riesgo-de-plaga-de-topillos-mediante-una-senal-climatica#primaryimage"},"thumbnailUrl":"https:\/\/www.asajacyl.com\/palencia\/wp-content\/uploads\/sites\/3\/2026\/08\/UVA-topillo-campesino.jpg","datePublished":"2026-08-30T09:00:00+00:00","dateModified":"2026-08-31T07:47:57+00:00","author":{"@id":"https:\/\/www.asajacyl.com\/palencia\/#\/schema\/person\/3ab17aeb03527485c317557fae64aab1"},"description":"El Consejo Superior de Investigaciones Cient\u00edficas (CSIC) junto a la Universidad de Valladolid (UVa), con la colaboraci\u00f3n del Itagra, participan en un Investigadores de la UVa y el CSIC anticipan el riesgo de plaga de topillos mediante una se\u00f1al clim\u00e1tica.","breadcrumb":{"@id":"https:\/\/www.asajacyl.com\/palencia\/asaja-palencia-informa\/investigadores-de-la-uva-y-el-csic-anticipan-el-riesgo-de-plaga-de-topillos-mediante-una-senal-climatica#breadcrumb"},"inLanguage":"es","potentialAction":[{"@type":"ReadAction","target":["https:\/\/www.asajacyl.com\/palencia\/asaja-palencia-informa\/investigadores-de-la-uva-y-el-csic-anticipan-el-riesgo-de-plaga-de-topillos-mediante-una-senal-climatica"]}]},{"@type":"ImageObject","inLanguage":"es","@id":"https:\/\/www.asajacyl.com\/palencia\/asaja-palencia-informa\/investigadores-de-la-uva-y-el-csic-anticipan-el-riesgo-de-plaga-de-topillos-mediante-una-senal-climatica#primaryimage","url":"https:\/\/www.asajacyl.com\/palencia\/wp-content\/uploads\/sites\/3\/2026\/08\/UVA-topillo-campesino.jpg","contentUrl":"https:\/\/www.asajacyl.com\/palencia\/wp-content\/uploads\/sites\/3\/2026\/08\/UVA-topillo-campesino.jpg","width":1024,"height":830},{"@type":"BreadcrumbList","@id":"https:\/\/www.asajacyl.com\/palencia\/asaja-palencia-informa\/investigadores-de-la-uva-y-el-csic-anticipan-el-riesgo-de-plaga-de-topillos-mediante-una-senal-climatica#breadcrumb","itemListElement":[{"@type":"ListItem","position":1,"name":"Portada","item":"https:\/\/www.asajacyl.com\/palencia\/"},{"@type":"ListItem","position":2,"name":"Investigadores de la UVa y el CSIC afirman que anticipar\u00e1n el riesgo de plaga de topillos mediante una se\u00f1al clim\u00e1tica"}]},{"@type":"WebSite","@id":"https:\/\/www.asajacyl.com\/palencia\/#website","url":"https:\/\/www.asajacyl.com\/palencia\/","name":"ASAJA Palencia","description":"Otro sitio m\u00e1s de Provincias ASAJA Castilla y Le\u00f3n","potentialAction":[{"@type":"SearchAction","target":{"@type":"EntryPoint","urlTemplate":"https:\/\/www.asajacyl.com\/palencia\/?s={search_term_string}"},"query-input":{"@type":"PropertyValueSpecification","valueRequired":true,"valueName":"search_term_string"}}],"inLanguage":"es"},{"@type":"Person","@id":"https:\/\/www.asajacyl.com\/palencia\/#\/schema\/person\/3ab17aeb03527485c317557fae64aab1","name":"Administrador","image":{"@type":"ImageObject","inLanguage":"es","@id":"https:\/\/www.asajacyl.com\/palencia\/#\/schema\/person\/image\/","url":"https:\/\/secure.gravatar.com\/avatar\/517384810d242ca9e38c180f3c9fb973?s=96&d=mm&r=g","contentUrl":"https:\/\/secure.gravatar.com\/avatar\/517384810d242ca9e38c180f3c9fb973?s=96&d=mm&r=g","caption":"Administrador"},"url":"https:\/\/www.asajacyl.com\/palencia\/author\/carlosrm"}]}},"_links":{"self":[{"href":"https:\/\/www.asajacyl.com\/palencia\/wp-json\/wp\/v2\/posts\/23985"}],"collection":[{"href":"https:\/\/www.asajacyl.com\/palencia\/wp-json\/wp\/v2\/posts"}],"about":[{"href":"https:\/\/www.asajacyl.com\/palencia\/wp-json\/wp\/v2\/types\/post"}],"author":[{"embeddable":true,"href":"https:\/\/www.asajacyl.com\/palencia\/wp-json\/wp\/v2\/users\/9"}],"replies":[{"embeddable":true,"href":"https:\/\/www.asajacyl.com\/palencia\/wp-json\/wp\/v2\/comments?post=23985"}],"version-history":[{"count":7,"href":"https:\/\/www.asajacyl.com\/palencia\/wp-json\/wp\/v2\/posts\/23985\/revisions"}],"predecessor-version":[{"id":23996,"href":"https:\/\/www.asajacyl.com\/palencia\/wp-json\/wp\/v2\/posts\/23985\/revisions\/23996"}],"wp:featuredmedia":[{"embeddable":true,"href":"https:\/\/www.asajacyl.com\/palencia\/wp-json\/wp\/v2\/media\/23987"}],"wp:attachment":[{"href":"https:\/\/www.asajacyl.com\/palencia\/wp-json\/wp\/v2\/media?parent=23985"}],"wp:term":[{"taxonomy":"category","embeddable":true,"href":"https:\/\/www.asajacyl.com\/palencia\/wp-json\/wp\/v2\/categories?post=23985"},{"taxonomy":"post_tag","embeddable":true,"href":"https:\/\/www.asajacyl.com\/palencia\/wp-json\/wp\/v2\/tags?post=23985"}],"curies":[{"name":"wp","href":"https:\/\/api.w.org\/{rel}","templated":true}]}}