{"id":23997,"date":"2026-09-01T14:18:36","date_gmt":"2026-09-01T12:18:36","guid":{"rendered":"https:\/\/www.asajacyl.com\/palencia\/?p=23997"},"modified":"2026-08-31T14:22:27","modified_gmt":"2026-08-31T12:22:27","slug":"en-salamanca-suben-las-terneras-para-carne-y-para-vida","status":"publish","type":"post","link":"https:\/\/www.asajacyl.com\/palencia\/asaja-palencia-informa\/en-salamanca-suben-las-terneras-para-carne-y-para-vida","title":{"rendered":"En Salamanca suben las terneras para carne y para vida"},"content":{"rendered":"\n<h2 class=\"wp-block-heading\">En la sesi\u00f3n semanal de la Lonja de Salamanca, celebrada el 31 de agosto, suben las terneras extra, tanto para vida como para carne. En este \u00faltimo caso, suben las terneras de menos de 270 kilos y las que superan ese peso.<\/h2>\n\n\n\n<p>Esta semana, haciendo caso de la solicitud de los ganaderos, la lonja ha incrementado en 3 c\u00e9ntimos\/kilo las cotizaciones de las terneras para carne. Las terneras de menos de 270 kilos suben hasta los 7,33 euros\/kilo, y las terneras de m\u00e1s de 270 kilos suben hasta los 6,80 euros\/kilo.<\/p>\n\n\n\n<p>Mientras, las terneras extra para vida suben 2 c\u00e9ntimos\/kilo (hasta 5,30 euros\/ kilo).<\/p>\n\n\n\n<p>Finalmente, siguen vigentes los precios de la <strong>Mesa del Lechazo <\/strong>del d\u00eda 28 de julio porque no ha habido ninguna sesi\u00f3n posterior. El lechazo de IGP marc\u00f3 ese d\u00eda 7,35 euros\/kg, el Tierra de Sabor tuvo dicho d\u00eda una cotizaci\u00f3n de 6,80 euros\/kg y el lechazo est\u00e1ndar permaneci\u00f3 en 6,70 euros\/kg.<\/p>\n\n\n<div class=\"wp-block-image\">\n<figure class=\"aligncenter size-full\"><img loading=\"lazy\" decoding=\"async\" width=\"1024\" height=\"768\" src=\"https:\/\/www.asajacyl.com\/palencia\/wp-content\/uploads\/sites\/3\/2026\/08\/Tabla-precios-ganaderia-31-8-26.jpg\" alt=\"\" class=\"wp-image-23998\" srcset=\"https:\/\/www.asajacyl.com\/palencia\/wp-content\/uploads\/sites\/3\/2026\/08\/Tabla-precios-ganaderia-31-8-26.jpg 1024w, https:\/\/www.asajacyl.com\/palencia\/wp-content\/uploads\/sites\/3\/2026\/08\/Tabla-precios-ganaderia-31-8-26-300x225.jpg 300w, https:\/\/www.asajacyl.com\/palencia\/wp-content\/uploads\/sites\/3\/2026\/08\/Tabla-precios-ganaderia-31-8-26-768x576.jpg 768w, https:\/\/www.asajacyl.com\/palencia\/wp-content\/uploads\/sites\/3\/2026\/08\/Tabla-precios-ganaderia-31-8-26-560x420.jpg 560w, https:\/\/www.asajacyl.com\/palencia\/wp-content\/uploads\/sites\/3\/2026\/08\/Tabla-precios-ganaderia-31-8-26-80x60.jpg 80w, https:\/\/www.asajacyl.com\/palencia\/wp-content\/uploads\/sites\/3\/2026\/08\/Tabla-precios-ganaderia-31-8-26-696x522.jpg 696w\" sizes=\"(max-width: 1024px) 100vw, 1024px\" \/><\/figure><\/div>\n\n\n<p><\/p>\n\n\n\n<p><\/p>\n","protected":false},"excerpt":{"rendered":"<p>En la sesi\u00f3n semanal de la Lonja de Salamanca, celebrada el 31 de agosto, suben las terneras extra, tanto para vida como para carne. En este \u00faltimo caso, suben las terneras de menos de 270 kilos y las que superan ese peso. Esta semana, haciendo caso de la solicitud de los ganaderos, la lonja ha [&hellip;]<\/p>\n","protected":false},"author":9,"featured_media":24000,"comment_status":"open","ping_status":"open","sticky":false,"template":"","format":"standard","meta":{"footnotes":""},"categories":[9,29,36,28],"tags":[1961,1698,2027,1702,1789,1945],"yoast_head":"<!-- This site is optimized with the Yoast SEO plugin v24.5 - https:\/\/yoast.com\/wordpress\/plugins\/seo\/ -->\n<title>En Salamanca suben las terneras para carne y para vida - ASAJA Palencia<\/title>\n<meta name=\"description\" content=\"En la sesi\u00f3n semanal de la Lonja de Salamanca, celebrada el 31 de agosto, suben las terneras extra, tanto para vida como para carne. En este \u00faltimo caso, En Salamanca suben las terneras para carne y para vida\" \/>\n<meta name=\"robots\" content=\"index, follow, max-snippet:-1, max-image-preview:large, max-video-preview:-1\" \/>\n<link rel=\"canonical\" href=\"https:\/\/www.asajacyl.com\/palencia\/asaja-palencia-informa\/en-salamanca-suben-las-terneras-para-carne-y-para-vida\" \/>\n<meta property=\"og:locale\" content=\"es_ES\" \/>\n<meta property=\"og:type\" content=\"article\" \/>\n<meta property=\"og:title\" content=\"En Salamanca suben las terneras para carne y para vida - ASAJA Palencia\" \/>\n<meta property=\"og:description\" content=\"En la sesi\u00f3n semanal de la Lonja de Salamanca, celebrada el 31 de agosto, suben las terneras extra, tanto para vida como para carne. En este \u00faltimo caso, En Salamanca suben las terneras para carne y para vida\" \/>\n<meta property=\"og:url\" content=\"https:\/\/www.asajacyl.com\/palencia\/asaja-palencia-informa\/en-salamanca-suben-las-terneras-para-carne-y-para-vida\" \/>\n<meta property=\"og:site_name\" content=\"ASAJA Palencia\" \/>\n<meta property=\"article:published_time\" content=\"2026-09-01T12:18:36+00:00\" \/>\n<meta property=\"og:image\" content=\"https:\/\/www.asajacyl.com\/palencia\/wp-content\/uploads\/sites\/3\/2026\/08\/VACA-TERNERO-LECHE-1024x768-1.jpg\" \/>\n\t<meta property=\"og:image:width\" content=\"1024\" \/>\n\t<meta property=\"og:image:height\" content=\"768\" \/>\n\t<meta property=\"og:image:type\" content=\"image\/jpeg\" \/>\n<meta name=\"author\" content=\"Administrador\" \/>\n<meta name=\"twitter:card\" content=\"summary_large_image\" \/>\n<meta name=\"twitter:label1\" content=\"Escrito por\" \/>\n\t<meta name=\"twitter:data1\" content=\"Administrador\" \/>\n\t<meta name=\"twitter:label2\" content=\"Tiempo de lectura\" \/>\n\t<meta name=\"twitter:data2\" content=\"2 minutos\" \/>\n<script type=\"application\/ld+json\" class=\"yoast-schema-graph\">{\"@context\":\"https:\/\/schema.org\",\"@graph\":[{\"@type\":\"WebPage\",\"@id\":\"https:\/\/www.asajacyl.com\/palencia\/asaja-palencia-informa\/en-salamanca-suben-las-terneras-para-carne-y-para-vida\",\"url\":\"https:\/\/www.asajacyl.com\/palencia\/asaja-palencia-informa\/en-salamanca-suben-las-terneras-para-carne-y-para-vida\",\"name\":\"En Salamanca suben las terneras para carne y para vida - ASAJA Palencia\",\"isPartOf\":{\"@id\":\"https:\/\/www.asajacyl.com\/palencia\/#website\"},\"primaryImageOfPage\":{\"@id\":\"https:\/\/www.asajacyl.com\/palencia\/asaja-palencia-informa\/en-salamanca-suben-las-terneras-para-carne-y-para-vida#primaryimage\"},\"image\":{\"@id\":\"https:\/\/www.asajacyl.com\/palencia\/asaja-palencia-informa\/en-salamanca-suben-las-terneras-para-carne-y-para-vida#primaryimage\"},\"thumbnailUrl\":\"https:\/\/www.asajacyl.com\/palencia\/wp-content\/uploads\/sites\/3\/2026\/08\/VACA-TERNERO-LECHE-1024x768-1.jpg\",\"datePublished\":\"2026-09-01T12:18:36+00:00\",\"author\":{\"@id\":\"https:\/\/www.asajacyl.com\/palencia\/#\/schema\/person\/3ab17aeb03527485c317557fae64aab1\"},\"description\":\"En la sesi\u00f3n semanal de la Lonja de Salamanca, celebrada el 31 de agosto, suben las terneras extra, tanto para vida como para carne. En este \u00faltimo caso, En Salamanca suben las terneras para carne y para vida\",\"breadcrumb\":{\"@id\":\"https:\/\/www.asajacyl.com\/palencia\/asaja-palencia-informa\/en-salamanca-suben-las-terneras-para-carne-y-para-vida#breadcrumb\"},\"inLanguage\":\"es\",\"potentialAction\":[{\"@type\":\"ReadAction\",\"target\":[\"https:\/\/www.asajacyl.com\/palencia\/asaja-palencia-informa\/en-salamanca-suben-las-terneras-para-carne-y-para-vida\"]}]},{\"@type\":\"ImageObject\",\"inLanguage\":\"es\",\"@id\":\"https:\/\/www.asajacyl.com\/palencia\/asaja-palencia-informa\/en-salamanca-suben-las-terneras-para-carne-y-para-vida#primaryimage\",\"url\":\"https:\/\/www.asajacyl.com\/palencia\/wp-content\/uploads\/sites\/3\/2026\/08\/VACA-TERNERO-LECHE-1024x768-1.jpg\",\"contentUrl\":\"https:\/\/www.asajacyl.com\/palencia\/wp-content\/uploads\/sites\/3\/2026\/08\/VACA-TERNERO-LECHE-1024x768-1.jpg\",\"width\":1024,\"height\":768},{\"@type\":\"BreadcrumbList\",\"@id\":\"https:\/\/www.asajacyl.com\/palencia\/asaja-palencia-informa\/en-salamanca-suben-las-terneras-para-carne-y-para-vida#breadcrumb\",\"itemListElement\":[{\"@type\":\"ListItem\",\"position\":1,\"name\":\"Portada\",\"item\":\"https:\/\/www.asajacyl.com\/palencia\/\"},{\"@type\":\"ListItem\",\"position\":2,\"name\":\"En Salamanca suben las terneras para carne y para vida\"}]},{\"@type\":\"WebSite\",\"@id\":\"https:\/\/www.asajacyl.com\/palencia\/#website\",\"url\":\"https:\/\/www.asajacyl.com\/palencia\/\",\"name\":\"ASAJA Palencia\",\"description\":\"Otro sitio m\u00e1s de Provincias ASAJA Castilla y Le\u00f3n\",\"potentialAction\":[{\"@type\":\"SearchAction\",\"target\":{\"@type\":\"EntryPoint\",\"urlTemplate\":\"https:\/\/www.asajacyl.com\/palencia\/?s={search_term_string}\"},\"query-input\":{\"@type\":\"PropertyValueSpecification\",\"valueRequired\":true,\"valueName\":\"search_term_string\"}}],\"inLanguage\":\"es\"},{\"@type\":\"Person\",\"@id\":\"https:\/\/www.asajacyl.com\/palencia\/#\/schema\/person\/3ab17aeb03527485c317557fae64aab1\",\"name\":\"Administrador\",\"image\":{\"@type\":\"ImageObject\",\"inLanguage\":\"es\",\"@id\":\"https:\/\/www.asajacyl.com\/palencia\/#\/schema\/person\/image\/\",\"url\":\"https:\/\/secure.gravatar.com\/avatar\/517384810d242ca9e38c180f3c9fb973?s=96&d=mm&r=g\",\"contentUrl\":\"https:\/\/secure.gravatar.com\/avatar\/517384810d242ca9e38c180f3c9fb973?s=96&d=mm&r=g\",\"caption\":\"Administrador\"},\"url\":\"https:\/\/www.asajacyl.com\/palencia\/author\/carlosrm\"}]}<\/script>\n<!-- \/ Yoast SEO plugin. -->","yoast_head_json":{"title":"En Salamanca suben las terneras para carne y para vida - ASAJA Palencia","description":"En la sesi\u00f3n semanal de la Lonja de Salamanca, celebrada el 31 de agosto, suben las terneras extra, tanto para vida como para carne. En este \u00faltimo caso, En Salamanca suben las terneras para carne y para vida","robots":{"index":"index","follow":"follow","max-snippet":"max-snippet:-1","max-image-preview":"max-image-preview:large","max-video-preview":"max-video-preview:-1"},"canonical":"https:\/\/www.asajacyl.com\/palencia\/asaja-palencia-informa\/en-salamanca-suben-las-terneras-para-carne-y-para-vida","og_locale":"es_ES","og_type":"article","og_title":"En Salamanca suben las terneras para carne y para vida - ASAJA Palencia","og_description":"En la sesi\u00f3n semanal de la Lonja de Salamanca, celebrada el 31 de agosto, suben las terneras extra, tanto para vida como para carne. En este \u00faltimo caso, En Salamanca suben las terneras para carne y para vida","og_url":"https:\/\/www.asajacyl.com\/palencia\/asaja-palencia-informa\/en-salamanca-suben-las-terneras-para-carne-y-para-vida","og_site_name":"ASAJA Palencia","article_published_time":"2026-09-01T12:18:36+00:00","og_image":[{"width":1024,"height":768,"url":"https:\/\/www.asajacyl.com\/palencia\/wp-content\/uploads\/sites\/3\/2026\/08\/VACA-TERNERO-LECHE-1024x768-1.jpg","type":"image\/jpeg"}],"author":"Administrador","twitter_card":"summary_large_image","twitter_misc":{"Escrito por":"Administrador","Tiempo de lectura":"2 minutos"},"schema":{"@context":"https:\/\/schema.org","@graph":[{"@type":"WebPage","@id":"https:\/\/www.asajacyl.com\/palencia\/asaja-palencia-informa\/en-salamanca-suben-las-terneras-para-carne-y-para-vida","url":"https:\/\/www.asajacyl.com\/palencia\/asaja-palencia-informa\/en-salamanca-suben-las-terneras-para-carne-y-para-vida","name":"En Salamanca suben las terneras para carne y para vida - ASAJA Palencia","isPartOf":{"@id":"https:\/\/www.asajacyl.com\/palencia\/#website"},"primaryImageOfPage":{"@id":"https:\/\/www.asajacyl.com\/palencia\/asaja-palencia-informa\/en-salamanca-suben-las-terneras-para-carne-y-para-vida#primaryimage"},"image":{"@id":"https:\/\/www.asajacyl.com\/palencia\/asaja-palencia-informa\/en-salamanca-suben-las-terneras-para-carne-y-para-vida#primaryimage"},"thumbnailUrl":"https:\/\/www.asajacyl.com\/palencia\/wp-content\/uploads\/sites\/3\/2026\/08\/VACA-TERNERO-LECHE-1024x768-1.jpg","datePublished":"2026-09-01T12:18:36+00:00","author":{"@id":"https:\/\/www.asajacyl.com\/palencia\/#\/schema\/person\/3ab17aeb03527485c317557fae64aab1"},"description":"En la sesi\u00f3n semanal de la Lonja de Salamanca, celebrada el 31 de agosto, suben las terneras extra, tanto para vida como para carne. En este \u00faltimo caso, En Salamanca suben las terneras para carne y para vida","breadcrumb":{"@id":"https:\/\/www.asajacyl.com\/palencia\/asaja-palencia-informa\/en-salamanca-suben-las-terneras-para-carne-y-para-vida#breadcrumb"},"inLanguage":"es","potentialAction":[{"@type":"ReadAction","target":["https:\/\/www.asajacyl.com\/palencia\/asaja-palencia-informa\/en-salamanca-suben-las-terneras-para-carne-y-para-vida"]}]},{"@type":"ImageObject","inLanguage":"es","@id":"https:\/\/www.asajacyl.com\/palencia\/asaja-palencia-informa\/en-salamanca-suben-las-terneras-para-carne-y-para-vida#primaryimage","url":"https:\/\/www.asajacyl.com\/palencia\/wp-content\/uploads\/sites\/3\/2026\/08\/VACA-TERNERO-LECHE-1024x768-1.jpg","contentUrl":"https:\/\/www.asajacyl.com\/palencia\/wp-content\/uploads\/sites\/3\/2026\/08\/VACA-TERNERO-LECHE-1024x768-1.jpg","width":1024,"height":768},{"@type":"BreadcrumbList","@id":"https:\/\/www.asajacyl.com\/palencia\/asaja-palencia-informa\/en-salamanca-suben-las-terneras-para-carne-y-para-vida#breadcrumb","itemListElement":[{"@type":"ListItem","position":1,"name":"Portada","item":"https:\/\/www.asajacyl.com\/palencia\/"},{"@type":"ListItem","position":2,"name":"En Salamanca suben las terneras para carne y para vida"}]},{"@type":"WebSite","@id":"https:\/\/www.asajacyl.com\/palencia\/#website","url":"https:\/\/www.asajacyl.com\/palencia\/","name":"ASAJA Palencia","description":"Otro sitio m\u00e1s de Provincias ASAJA Castilla y Le\u00f3n","potentialAction":[{"@type":"SearchAction","target":{"@type":"EntryPoint","urlTemplate":"https:\/\/www.asajacyl.com\/palencia\/?s={search_term_string}"},"query-input":{"@type":"PropertyValueSpecification","valueRequired":true,"valueName":"search_term_string"}}],"inLanguage":"es"},{"@type":"Person","@id":"https:\/\/www.asajacyl.com\/palencia\/#\/schema\/person\/3ab17aeb03527485c317557fae64aab1","name":"Administrador","image":{"@type":"ImageObject","inLanguage":"es","@id":"https:\/\/www.asajacyl.com\/palencia\/#\/schema\/person\/image\/","url":"https:\/\/secure.gravatar.com\/avatar\/517384810d242ca9e38c180f3c9fb973?s=96&d=mm&r=g","contentUrl":"https:\/\/secure.gravatar.com\/avatar\/517384810d242ca9e38c180f3c9fb973?s=96&d=mm&r=g","caption":"Administrador"},"url":"https:\/\/www.asajacyl.com\/palencia\/author\/carlosrm"}]}},"_links":{"self":[{"href":"https:\/\/www.asajacyl.com\/palencia\/wp-json\/wp\/v2\/posts\/23997"}],"collection":[{"href":"https:\/\/www.asajacyl.com\/palencia\/wp-json\/wp\/v2\/posts"}],"about":[{"href":"https:\/\/www.asajacyl.com\/palencia\/wp-json\/wp\/v2\/types\/post"}],"author":[{"embeddable":true,"href":"https:\/\/www.asajacyl.com\/palencia\/wp-json\/wp\/v2\/users\/9"}],"replies":[{"embeddable":true,"href":"https:\/\/www.asajacyl.com\/palencia\/wp-json\/wp\/v2\/comments?post=23997"}],"version-history":[{"count":2,"href":"https:\/\/www.asajacyl.com\/palencia\/wp-json\/wp\/v2\/posts\/23997\/revisions"}],"predecessor-version":[{"id":24001,"href":"https:\/\/www.asajacyl.com\/palencia\/wp-json\/wp\/v2\/posts\/23997\/revisions\/24001"}],"wp:featuredmedia":[{"embeddable":true,"href":"https:\/\/www.asajacyl.com\/palencia\/wp-json\/wp\/v2\/media\/24000"}],"wp:attachment":[{"href":"https:\/\/www.asajacyl.com\/palencia\/wp-json\/wp\/v2\/media?parent=23997"}],"wp:term":[{"taxonomy":"category","embeddable":true,"href":"https:\/\/www.asajacyl.com\/palencia\/wp-json\/wp\/v2\/categories?post=23997"},{"taxonomy":"post_tag","embeddable":true,"href":"https:\/\/www.asajacyl.com\/palencia\/wp-json\/wp\/v2\/tags?post=23997"}],"curies":[{"name":"wp","href":"https:\/\/api.w.org\/{rel}","templated":true}]}}