{"id":24002,"date":"2026-08-31T10:22:03","date_gmt":"2026-08-31T08:22:03","guid":{"rendered":"https:\/\/www.asajacyl.com\/palencia\/?p=24002"},"modified":"2026-08-31T14:23:06","modified_gmt":"2026-08-31T12:23:06","slug":"los-datos-oficiales-confirman-la-debacle-economica-que-sufre-el-campo-de-castilla-y-leon","status":"publish","type":"post","link":"https:\/\/www.asajacyl.com\/palencia\/asaja-palencia-informa\/los-datos-oficiales-confirman-la-debacle-economica-que-sufre-el-campo-de-castilla-y-leon","title":{"rendered":"Los datos oficiales confirman la debacle econ\u00f3mica que sufre el campo de Castilla y Le\u00f3n"},"content":{"rendered":"\n<h2 class=\"wp-block-heading\">Hoy la Consejer\u00eda de Econom\u00eda y Hacienda ha dado a conocer los datos de la evoluci\u00f3n del Producto Interior Bruto de Castilla y Le\u00f3n en el segundo trimestre de 2026. Al analizar los datos de variaci\u00f3n anual del Valor A\u00f1adido Bruto (VAB) por sectores productivos, se observan que mostraron dinamismo la mayor\u00eda de lo sectores, especialmente Servicios (+4,4%) pero tambi\u00e9n Industria (2,8%) y Construcci\u00f3n (2,2%). Por el contrario, el sector primario, la agricultura y ganader\u00eda, decrecen de forma importante (-8,2%).<\/h2>\n\n\n<div class=\"wp-block-image\">\n<figure class=\"alignright is-resized\"><a href=\"https:\/\/www.asajacyl.com\/wp-content\/uploads\/2026\/08\/Captura-de-pantalla-2026-08-31-122512.png\"><img decoding=\"async\" src=\"https:\/\/www.asajacyl.com\/wp-content\/uploads\/2026\/08\/Captura-de-pantalla-2026-08-31-122512.png\" alt=\"\" class=\"wp-image-28724\" style=\"width:1062px;height:auto\" \/><\/a><\/figure><\/div>\n\n\n<p>Los \u00faltimos datos disponibles de producci\u00f3n de cultivos de la campa\u00f1a 2025\/2026 reflejan lo ya sabido por el sector, el decrecimiento de la producci\u00f3n&nbsp;<strong>agr\u00edcola<\/strong>&nbsp;frente al crecimiento registrado en la campa\u00f1a anterior. Pero es que adem\u00e1s tambi\u00e9n el sector&nbsp;<strong>ganadero<\/strong>&nbsp;se produjo en el segundo trimestre del a\u00f1o un descenso de producci\u00f3n, en contraste con el aumento del periodo precedente.<\/p>\n\n\n\n<p><strong>Para ASAJA, estos datos confirman la situaci\u00f3n l\u00edmite que vive el sector y carga de razones las protestas y reivindicaciones que venimos realizando desde hace meses.<\/strong><\/p>\n\n\n\n<p>Se da la circunstancia agravante de que este retroceso de los resultados del sector primario en el segundo trimestre de 2026 se suma al experimentado en el primer trimestre del a\u00f1o (-7%), que evoluciona justo al rev\u00e9s que el resto de los principales sectores de la econom\u00eda.<\/p>\n\n\n\n<p>Analizando los \u00faltimos a\u00f1os, se observa que para encontrar datos tan negativos para el campo hay que retroceder al a\u00f1o 2022, donde la gran sequ\u00eda contrajo el &nbsp;VAB agrario en -8,8% puntos.<\/p>\n\n\n<div class=\"wp-block-image\">\n<figure class=\"alignright is-resized\"><a href=\"https:\/\/www.asajacyl.com\/wp-content\/uploads\/2026\/08\/Captura-de-pantalla-2026-08-31-122714.png\"><img decoding=\"async\" src=\"https:\/\/www.asajacyl.com\/wp-content\/uploads\/2026\/08\/Captura-de-pantalla-2026-08-31-122714.png\" alt=\"\" class=\"wp-image-28725\" style=\"width:1066px;height:auto\" \/><\/a><\/figure><\/div>\n\n\n<p>Tambi\u00e9n se observa&nbsp;<strong>otro dato preocupante, que el peso directo del sector agrario sobre el PIB desciende de forma importante: pasa a representar el 5% del VAB bruto de Castilla y Le\u00f3n, un punto menos del \u00edndice del 6 o incluso 6,5%<\/strong>&nbsp;que ven\u00eda manteni\u00e9ndose en los \u00faltimos a\u00f1os.<\/p>\n\n\n\n<p><strong>Resumen por sectores \/ 2\u00ba Trimestre 2026&nbsp;<\/strong><\/p>\n\n\n\n<figure class=\"wp-block-table is-style-stripes\"><table><thead><tr><td><strong>Sector<\/strong><\/td><td><strong>Variaci\u00f3n anual 2T 2026<\/strong><\/td><td><strong>Tendencia<\/strong><\/td><\/tr><\/thead><tbody><tr><td>Agricultura, ganader\u00eda, silvicultura, pesca<\/td><td>-8,2%<\/td><td>Disminuci\u00f3n<\/td><\/tr><tr><td>Industria<\/td><td>+2,8%<\/td><td>Crecimiento<\/td><\/tr><tr><td>Industria manufacturera<\/td><td>+4,0%<\/td><td>Crecimiento<\/td><\/tr><tr><td>Construcci\u00f3n<\/td><td>+2,2%<\/td><td>Crecimiento<\/td><\/tr><tr><td>Servicios (total)<\/td><td>+4,4%<\/td><td>Crecimiento<\/td><\/tr><tr><td>\u2013 Comercio, transporte y hosteler\u00eda<\/td><td>+3,8%<\/td><td>Crecimiento<\/td><\/tr><tr><td>\u2013 Informaci\u00f3n y comunicaciones<\/td><td>-1,0%<\/td><td>Disminuci\u00f3n<\/td><\/tr><tr><td>\u2013 Actividades inmobiliarias<\/td><td>+11,5%<\/td><td>Crecimiento fuerte<\/td><\/tr><tr><td>\u2013 Actividades profesionales, cient\u00edficas\u2026<\/td><td>-2,1%<\/td><td>Disminuci\u00f3n<\/td><\/tr><tr><td>\u2013 Administraci\u00f3n p\u00fablica, educaci\u00f3n, sanidad<\/td><td>+3,7%<\/td><td>Crecimiento<\/td><\/tr><\/tbody><\/table><\/figure>\n","protected":false},"excerpt":{"rendered":"<p>Hoy la Consejer\u00eda de Econom\u00eda y Hacienda ha dado a conocer los datos de la evoluci\u00f3n del Producto Interior Bruto de Castilla y Le\u00f3n en el segundo trimestre de 2026. Al analizar los datos de variaci\u00f3n anual del Valor A\u00f1adido Bruto (VAB) por sectores productivos, se observan que mostraron dinamismo la mayor\u00eda de lo sectores, [&hellip;]<\/p>\n","protected":false},"author":9,"featured_media":24003,"comment_status":"open","ping_status":"open","sticky":false,"template":"","format":"standard","meta":{"footnotes":""},"categories":[9,29,28],"tags":[1698,58,77,66],"yoast_head":"<!-- This site is optimized with the Yoast SEO plugin v24.5 - https:\/\/yoast.com\/wordpress\/plugins\/seo\/ -->\n<title>Los datos oficiales confirman la debacle econ\u00f3mica que sufre el campo de Castilla y Le\u00f3n - ASAJA Palencia<\/title>\n<meta name=\"description\" content=\"Hoy la Consejer\u00eda de Econom\u00eda y Hacienda ha dado a conocer los datos de la evoluci\u00f3n del Producto Interior Bruto de Castilla y Le\u00f3n en el segundo Los datos oficiales confirman la debacle econ\u00f3mica que sufre el campo de Castilla y Le\u00f3n\" \/>\n<meta name=\"robots\" content=\"index, follow, max-snippet:-1, max-image-preview:large, max-video-preview:-1\" \/>\n<link rel=\"canonical\" href=\"https:\/\/www.asajacyl.com\/palencia\/asaja-palencia-informa\/los-datos-oficiales-confirman-la-debacle-economica-que-sufre-el-campo-de-castilla-y-leon\" \/>\n<meta property=\"og:locale\" content=\"es_ES\" \/>\n<meta property=\"og:type\" content=\"article\" \/>\n<meta property=\"og:title\" content=\"Los datos oficiales confirman la debacle econ\u00f3mica que sufre el campo de Castilla y Le\u00f3n - ASAJA Palencia\" \/>\n<meta property=\"og:description\" content=\"Hoy la Consejer\u00eda de Econom\u00eda y Hacienda ha dado a conocer los datos de la evoluci\u00f3n del Producto Interior Bruto de Castilla y Le\u00f3n en el segundo Los datos oficiales confirman la debacle econ\u00f3mica que sufre el campo de Castilla y Le\u00f3n\" \/>\n<meta property=\"og:url\" content=\"https:\/\/www.asajacyl.com\/palencia\/asaja-palencia-informa\/los-datos-oficiales-confirman-la-debacle-economica-que-sufre-el-campo-de-castilla-y-leon\" \/>\n<meta property=\"og:site_name\" content=\"ASAJA Palencia\" \/>\n<meta property=\"article:published_time\" content=\"2026-08-31T08:22:03+00:00\" \/>\n<meta property=\"article:modified_time\" content=\"2026-08-31T12:23:06+00:00\" \/>\n<meta property=\"og:image\" content=\"https:\/\/www.asajacyl.com\/palencia\/wp-content\/uploads\/sites\/3\/2026\/08\/Arada-web.jpg\" \/>\n\t<meta property=\"og:image:width\" content=\"1890\" \/>\n\t<meta property=\"og:image:height\" content=\"1654\" \/>\n\t<meta property=\"og:image:type\" content=\"image\/jpeg\" \/>\n<meta name=\"author\" content=\"Administrador\" \/>\n<meta name=\"twitter:card\" content=\"summary_large_image\" \/>\n<meta name=\"twitter:label1\" content=\"Escrito por\" \/>\n\t<meta name=\"twitter:data1\" content=\"Administrador\" \/>\n\t<meta name=\"twitter:label2\" content=\"Tiempo de lectura\" \/>\n\t<meta name=\"twitter:data2\" content=\"3 minutos\" \/>\n<script type=\"application\/ld+json\" class=\"yoast-schema-graph\">{\"@context\":\"https:\/\/schema.org\",\"@graph\":[{\"@type\":\"WebPage\",\"@id\":\"https:\/\/www.asajacyl.com\/palencia\/asaja-palencia-informa\/los-datos-oficiales-confirman-la-debacle-economica-que-sufre-el-campo-de-castilla-y-leon\",\"url\":\"https:\/\/www.asajacyl.com\/palencia\/asaja-palencia-informa\/los-datos-oficiales-confirman-la-debacle-economica-que-sufre-el-campo-de-castilla-y-leon\",\"name\":\"Los datos oficiales confirman la debacle econ\u00f3mica que sufre el campo de Castilla y Le\u00f3n - ASAJA Palencia\",\"isPartOf\":{\"@id\":\"https:\/\/www.asajacyl.com\/palencia\/#website\"},\"primaryImageOfPage\":{\"@id\":\"https:\/\/www.asajacyl.com\/palencia\/asaja-palencia-informa\/los-datos-oficiales-confirman-la-debacle-economica-que-sufre-el-campo-de-castilla-y-leon#primaryimage\"},\"image\":{\"@id\":\"https:\/\/www.asajacyl.com\/palencia\/asaja-palencia-informa\/los-datos-oficiales-confirman-la-debacle-economica-que-sufre-el-campo-de-castilla-y-leon#primaryimage\"},\"thumbnailUrl\":\"https:\/\/www.asajacyl.com\/palencia\/wp-content\/uploads\/sites\/3\/2026\/08\/Arada-web.jpg\",\"datePublished\":\"2026-08-31T08:22:03+00:00\",\"dateModified\":\"2026-08-31T12:23:06+00:00\",\"author\":{\"@id\":\"https:\/\/www.asajacyl.com\/palencia\/#\/schema\/person\/3ab17aeb03527485c317557fae64aab1\"},\"description\":\"Hoy la Consejer\u00eda de Econom\u00eda y Hacienda ha dado a conocer los datos de la evoluci\u00f3n del Producto Interior Bruto de Castilla y Le\u00f3n en el segundo Los datos oficiales confirman la debacle econ\u00f3mica que sufre el campo de Castilla y Le\u00f3n\",\"breadcrumb\":{\"@id\":\"https:\/\/www.asajacyl.com\/palencia\/asaja-palencia-informa\/los-datos-oficiales-confirman-la-debacle-economica-que-sufre-el-campo-de-castilla-y-leon#breadcrumb\"},\"inLanguage\":\"es\",\"potentialAction\":[{\"@type\":\"ReadAction\",\"target\":[\"https:\/\/www.asajacyl.com\/palencia\/asaja-palencia-informa\/los-datos-oficiales-confirman-la-debacle-economica-que-sufre-el-campo-de-castilla-y-leon\"]}]},{\"@type\":\"ImageObject\",\"inLanguage\":\"es\",\"@id\":\"https:\/\/www.asajacyl.com\/palencia\/asaja-palencia-informa\/los-datos-oficiales-confirman-la-debacle-economica-que-sufre-el-campo-de-castilla-y-leon#primaryimage\",\"url\":\"https:\/\/www.asajacyl.com\/palencia\/wp-content\/uploads\/sites\/3\/2026\/08\/Arada-web.jpg\",\"contentUrl\":\"https:\/\/www.asajacyl.com\/palencia\/wp-content\/uploads\/sites\/3\/2026\/08\/Arada-web.jpg\",\"width\":1890,\"height\":1654},{\"@type\":\"BreadcrumbList\",\"@id\":\"https:\/\/www.asajacyl.com\/palencia\/asaja-palencia-informa\/los-datos-oficiales-confirman-la-debacle-economica-que-sufre-el-campo-de-castilla-y-leon#breadcrumb\",\"itemListElement\":[{\"@type\":\"ListItem\",\"position\":1,\"name\":\"Portada\",\"item\":\"https:\/\/www.asajacyl.com\/palencia\/\"},{\"@type\":\"ListItem\",\"position\":2,\"name\":\"Los datos oficiales confirman la debacle econ\u00f3mica que sufre el campo de Castilla y Le\u00f3n\"}]},{\"@type\":\"WebSite\",\"@id\":\"https:\/\/www.asajacyl.com\/palencia\/#website\",\"url\":\"https:\/\/www.asajacyl.com\/palencia\/\",\"name\":\"ASAJA Palencia\",\"description\":\"Otro sitio m\u00e1s de Provincias ASAJA Castilla y Le\u00f3n\",\"potentialAction\":[{\"@type\":\"SearchAction\",\"target\":{\"@type\":\"EntryPoint\",\"urlTemplate\":\"https:\/\/www.asajacyl.com\/palencia\/?s={search_term_string}\"},\"query-input\":{\"@type\":\"PropertyValueSpecification\",\"valueRequired\":true,\"valueName\":\"search_term_string\"}}],\"inLanguage\":\"es\"},{\"@type\":\"Person\",\"@id\":\"https:\/\/www.asajacyl.com\/palencia\/#\/schema\/person\/3ab17aeb03527485c317557fae64aab1\",\"name\":\"Administrador\",\"image\":{\"@type\":\"ImageObject\",\"inLanguage\":\"es\",\"@id\":\"https:\/\/www.asajacyl.com\/palencia\/#\/schema\/person\/image\/\",\"url\":\"https:\/\/secure.gravatar.com\/avatar\/517384810d242ca9e38c180f3c9fb973?s=96&d=mm&r=g\",\"contentUrl\":\"https:\/\/secure.gravatar.com\/avatar\/517384810d242ca9e38c180f3c9fb973?s=96&d=mm&r=g\",\"caption\":\"Administrador\"},\"url\":\"https:\/\/www.asajacyl.com\/palencia\/author\/carlosrm\"}]}<\/script>\n<!-- \/ Yoast SEO plugin. -->","yoast_head_json":{"title":"Los datos oficiales confirman la debacle econ\u00f3mica que sufre el campo de Castilla y Le\u00f3n - ASAJA Palencia","description":"Hoy la Consejer\u00eda de Econom\u00eda y Hacienda ha dado a conocer los datos de la evoluci\u00f3n del Producto Interior Bruto de Castilla y Le\u00f3n en el segundo Los datos oficiales confirman la debacle econ\u00f3mica que sufre el campo de Castilla y Le\u00f3n","robots":{"index":"index","follow":"follow","max-snippet":"max-snippet:-1","max-image-preview":"max-image-preview:large","max-video-preview":"max-video-preview:-1"},"canonical":"https:\/\/www.asajacyl.com\/palencia\/asaja-palencia-informa\/los-datos-oficiales-confirman-la-debacle-economica-que-sufre-el-campo-de-castilla-y-leon","og_locale":"es_ES","og_type":"article","og_title":"Los datos oficiales confirman la debacle econ\u00f3mica que sufre el campo de Castilla y Le\u00f3n - ASAJA Palencia","og_description":"Hoy la Consejer\u00eda de Econom\u00eda y Hacienda ha dado a conocer los datos de la evoluci\u00f3n del Producto Interior Bruto de Castilla y Le\u00f3n en el segundo Los datos oficiales confirman la debacle econ\u00f3mica que sufre el campo de Castilla y Le\u00f3n","og_url":"https:\/\/www.asajacyl.com\/palencia\/asaja-palencia-informa\/los-datos-oficiales-confirman-la-debacle-economica-que-sufre-el-campo-de-castilla-y-leon","og_site_name":"ASAJA Palencia","article_published_time":"2026-08-31T08:22:03+00:00","article_modified_time":"2026-08-31T12:23:06+00:00","og_image":[{"width":1890,"height":1654,"url":"https:\/\/www.asajacyl.com\/palencia\/wp-content\/uploads\/sites\/3\/2026\/08\/Arada-web.jpg","type":"image\/jpeg"}],"author":"Administrador","twitter_card":"summary_large_image","twitter_misc":{"Escrito por":"Administrador","Tiempo de lectura":"3 minutos"},"schema":{"@context":"https:\/\/schema.org","@graph":[{"@type":"WebPage","@id":"https:\/\/www.asajacyl.com\/palencia\/asaja-palencia-informa\/los-datos-oficiales-confirman-la-debacle-economica-que-sufre-el-campo-de-castilla-y-leon","url":"https:\/\/www.asajacyl.com\/palencia\/asaja-palencia-informa\/los-datos-oficiales-confirman-la-debacle-economica-que-sufre-el-campo-de-castilla-y-leon","name":"Los datos oficiales confirman la debacle econ\u00f3mica que sufre el campo de Castilla y Le\u00f3n - ASAJA Palencia","isPartOf":{"@id":"https:\/\/www.asajacyl.com\/palencia\/#website"},"primaryImageOfPage":{"@id":"https:\/\/www.asajacyl.com\/palencia\/asaja-palencia-informa\/los-datos-oficiales-confirman-la-debacle-economica-que-sufre-el-campo-de-castilla-y-leon#primaryimage"},"image":{"@id":"https:\/\/www.asajacyl.com\/palencia\/asaja-palencia-informa\/los-datos-oficiales-confirman-la-debacle-economica-que-sufre-el-campo-de-castilla-y-leon#primaryimage"},"thumbnailUrl":"https:\/\/www.asajacyl.com\/palencia\/wp-content\/uploads\/sites\/3\/2026\/08\/Arada-web.jpg","datePublished":"2026-08-31T08:22:03+00:00","dateModified":"2026-08-31T12:23:06+00:00","author":{"@id":"https:\/\/www.asajacyl.com\/palencia\/#\/schema\/person\/3ab17aeb03527485c317557fae64aab1"},"description":"Hoy la Consejer\u00eda de Econom\u00eda y Hacienda ha dado a conocer los datos de la evoluci\u00f3n del Producto Interior Bruto de Castilla y Le\u00f3n en el segundo Los datos oficiales confirman la debacle econ\u00f3mica que sufre el campo de Castilla y Le\u00f3n","breadcrumb":{"@id":"https:\/\/www.asajacyl.com\/palencia\/asaja-palencia-informa\/los-datos-oficiales-confirman-la-debacle-economica-que-sufre-el-campo-de-castilla-y-leon#breadcrumb"},"inLanguage":"es","potentialAction":[{"@type":"ReadAction","target":["https:\/\/www.asajacyl.com\/palencia\/asaja-palencia-informa\/los-datos-oficiales-confirman-la-debacle-economica-que-sufre-el-campo-de-castilla-y-leon"]}]},{"@type":"ImageObject","inLanguage":"es","@id":"https:\/\/www.asajacyl.com\/palencia\/asaja-palencia-informa\/los-datos-oficiales-confirman-la-debacle-economica-que-sufre-el-campo-de-castilla-y-leon#primaryimage","url":"https:\/\/www.asajacyl.com\/palencia\/wp-content\/uploads\/sites\/3\/2026\/08\/Arada-web.jpg","contentUrl":"https:\/\/www.asajacyl.com\/palencia\/wp-content\/uploads\/sites\/3\/2026\/08\/Arada-web.jpg","width":1890,"height":1654},{"@type":"BreadcrumbList","@id":"https:\/\/www.asajacyl.com\/palencia\/asaja-palencia-informa\/los-datos-oficiales-confirman-la-debacle-economica-que-sufre-el-campo-de-castilla-y-leon#breadcrumb","itemListElement":[{"@type":"ListItem","position":1,"name":"Portada","item":"https:\/\/www.asajacyl.com\/palencia\/"},{"@type":"ListItem","position":2,"name":"Los datos oficiales confirman la debacle econ\u00f3mica que sufre el campo de Castilla y Le\u00f3n"}]},{"@type":"WebSite","@id":"https:\/\/www.asajacyl.com\/palencia\/#website","url":"https:\/\/www.asajacyl.com\/palencia\/","name":"ASAJA Palencia","description":"Otro sitio m\u00e1s de Provincias ASAJA Castilla y Le\u00f3n","potentialAction":[{"@type":"SearchAction","target":{"@type":"EntryPoint","urlTemplate":"https:\/\/www.asajacyl.com\/palencia\/?s={search_term_string}"},"query-input":{"@type":"PropertyValueSpecification","valueRequired":true,"valueName":"search_term_string"}}],"inLanguage":"es"},{"@type":"Person","@id":"https:\/\/www.asajacyl.com\/palencia\/#\/schema\/person\/3ab17aeb03527485c317557fae64aab1","name":"Administrador","image":{"@type":"ImageObject","inLanguage":"es","@id":"https:\/\/www.asajacyl.com\/palencia\/#\/schema\/person\/image\/","url":"https:\/\/secure.gravatar.com\/avatar\/517384810d242ca9e38c180f3c9fb973?s=96&d=mm&r=g","contentUrl":"https:\/\/secure.gravatar.com\/avatar\/517384810d242ca9e38c180f3c9fb973?s=96&d=mm&r=g","caption":"Administrador"},"url":"https:\/\/www.asajacyl.com\/palencia\/author\/carlosrm"}]}},"_links":{"self":[{"href":"https:\/\/www.asajacyl.com\/palencia\/wp-json\/wp\/v2\/posts\/24002"}],"collection":[{"href":"https:\/\/www.asajacyl.com\/palencia\/wp-json\/wp\/v2\/posts"}],"about":[{"href":"https:\/\/www.asajacyl.com\/palencia\/wp-json\/wp\/v2\/types\/post"}],"author":[{"embeddable":true,"href":"https:\/\/www.asajacyl.com\/palencia\/wp-json\/wp\/v2\/users\/9"}],"replies":[{"embeddable":true,"href":"https:\/\/www.asajacyl.com\/palencia\/wp-json\/wp\/v2\/comments?post=24002"}],"version-history":[{"count":1,"href":"https:\/\/www.asajacyl.com\/palencia\/wp-json\/wp\/v2\/posts\/24002\/revisions"}],"predecessor-version":[{"id":24004,"href":"https:\/\/www.asajacyl.com\/palencia\/wp-json\/wp\/v2\/posts\/24002\/revisions\/24004"}],"wp:featuredmedia":[{"embeddable":true,"href":"https:\/\/www.asajacyl.com\/palencia\/wp-json\/wp\/v2\/media\/24003"}],"wp:attachment":[{"href":"https:\/\/www.asajacyl.com\/palencia\/wp-json\/wp\/v2\/media?parent=24002"}],"wp:term":[{"taxonomy":"category","embeddable":true,"href":"https:\/\/www.asajacyl.com\/palencia\/wp-json\/wp\/v2\/categories?post=24002"},{"taxonomy":"post_tag","embeddable":true,"href":"https:\/\/www.asajacyl.com\/palencia\/wp-json\/wp\/v2\/tags?post=24002"}],"curies":[{"name":"wp","href":"https:\/\/api.w.org\/{rel}","templated":true}]}}