{"id":24005,"date":"2026-09-02T10:06:00","date_gmt":"2026-09-02T08:06:00","guid":{"rendered":"https:\/\/www.asajacyl.com\/palencia\/?p=24005"},"modified":"2026-09-01T14:12:30","modified_gmt":"2026-09-01T12:12:30","slug":"ampliado-el-periodo-obligatorio-de-tratamiento-contra-la-varroosis-en-las-colmenas-de-castilla-y-leon","status":"publish","type":"post","link":"https:\/\/www.asajacyl.com\/palencia\/asaja-palencia-informa\/ampliado-el-periodo-obligatorio-de-tratamiento-contra-la-varroosis-en-las-colmenas-de-castilla-y-leon","title":{"rendered":"Ampliado el periodo obligatorio de tratamiento contra la varroosis en las colmenas de Castilla y L\u00e9on"},"content":{"rendered":"\n<h2 class=\"wp-block-heading\">La Junta de Castilla y Le\u00f3n ha ampliado hasta el 31 de diciembre el periodo de aplicaci\u00f3n del tratamiento obligatorio contra la varroosis, la principal enfermedad parasitaria que afecta a las abejas de la miel, con el objetivo de mejorar la sanidad de las colmenas y reforzar la supervivencia de las colonias durante el invierno.<\/h2>\n\n\n\n<p>Seg\u00fan la resoluci\u00f3n de la Direcci\u00f3n General de Producci\u00f3n Agr\u00edcola y Ganadera, publicada en el Bolet\u00edn Oficial de Castilla y Le\u00f3n, los apicultores&nbsp;<strong>podr\u00e1n realizar el tratamiento obligatorio entre el 1 de agosto y el 31 de diciembre<\/strong>. De este modo, Castilla y Le\u00f3n extiende hasta diciembre el plazo previsto con car\u00e1cter general por la normativa estatal, que fija la finalizaci\u00f3n de los tratamientos en noviembre, y adelanta adem\u00e1s un mes su inicio.<\/p>\n\n\n\n<figure class=\"wp-block-image size-full is-resized\"><img loading=\"lazy\" decoding=\"async\" width=\"702\" height=\"534\" src=\"https:\/\/www.asajacyl.com\/palencia\/wp-content\/uploads\/sites\/3\/2026\/09\/Colmena-abejas-2.jpg\" alt=\"\" class=\"wp-image-24006\" style=\"width:682px;height:auto\" srcset=\"https:\/\/www.asajacyl.com\/palencia\/wp-content\/uploads\/sites\/3\/2026\/09\/Colmena-abejas-2.jpg 702w, https:\/\/www.asajacyl.com\/palencia\/wp-content\/uploads\/sites\/3\/2026\/09\/Colmena-abejas-2-300x228.jpg 300w, https:\/\/www.asajacyl.com\/palencia\/wp-content\/uploads\/sites\/3\/2026\/09\/Colmena-abejas-2-552x420.jpg 552w, https:\/\/www.asajacyl.com\/palencia\/wp-content\/uploads\/sites\/3\/2026\/09\/Colmena-abejas-2-80x60.jpg 80w, https:\/\/www.asajacyl.com\/palencia\/wp-content\/uploads\/sites\/3\/2026\/09\/Colmena-abejas-2-696x529.jpg 696w\" sizes=\"(max-width: 702px) 100vw, 702px\" \/><\/figure>\n\n\n\n<p>La Junta justifica esta medida por los cambios observados en los \u00faltimos a\u00f1os en las condiciones clim\u00e1ticas y productivas de la regi\u00f3n, as\u00ed como por el peso de la apicultura trashumante en Castilla y Le\u00f3n. Estos factores est\u00e1n modificando los ciclos biol\u00f3gicos de las colonias de abejas y hacen necesario ajustar los calendarios de control sanitario a la realidad epidemiol\u00f3gica actual.<\/p>\n\n\n\n<p>La resoluci\u00f3n destaca adem\u00e1s que el control temprano de las infestaciones por&nbsp;<em>Varroa destructor<\/em>&nbsp;durante los meses estivales contribuye de manera significativa a reducir la mortalidad invernal y a mejorar la fortaleza de las colmenas, disminuyendo el impacto productivo y econ\u00f3mico de la enfermedad.<\/p>\n\n\n\n<p>Los tratamientos deber\u00e1n realizarse con medicamentos veterinarios autorizados y bajo la supervisi\u00f3n o prescripci\u00f3n del veterinario de explotaci\u00f3n o de un profesional habilitado. Asimismo, la Junta recomienda la m\u00e1xima coordinaci\u00f3n posible entre explotaciones de una misma zona para aumentar la eficacia de las medidas sanitarias. Los apicultores deber\u00e1n registrar las actuaciones efectuadas en el libro de explotaci\u00f3n y conservar la documentaci\u00f3n justificativa correspondiente.<\/p>\n\n\n\n<p>La normativa tambi\u00e9n recuerda que esta ampliaci\u00f3n no limita la posibilidad de aplicar tratamientos adicionales cuando la situaci\u00f3n sanitaria de las colmenas as\u00ed lo requiera.&nbsp;<\/p>\n\n\n\n<p>Para m\u00e1s informaci\u00f3n, consulta&nbsp;<a href=\"https:\/\/www.asajacyl.com\/servicios-socio\/_wp_link_placeholder\">BOCyL<\/a><\/p>\n","protected":false},"excerpt":{"rendered":"<p>La Junta de Castilla y Le\u00f3n ha ampliado hasta el 31 de diciembre el periodo de aplicaci\u00f3n del tratamiento obligatorio contra la varroosis, la principal enfermedad parasitaria que afecta a las abejas de la miel, con el objetivo de mejorar la sanidad de las colmenas y reforzar la supervivencia de las colonias durante el invierno. [&hellip;]<\/p>\n","protected":false},"author":9,"featured_media":24006,"comment_status":"open","ping_status":"open","sticky":false,"template":"","format":"standard","meta":{"footnotes":""},"categories":[9,28],"tags":[1784,1783,1698,77,66],"yoast_head":"<!-- This site is optimized with the Yoast SEO plugin v24.5 - https:\/\/yoast.com\/wordpress\/plugins\/seo\/ -->\n<title>Ampliado el periodo obligatorio de tratamiento contra la varroosis en las colmenas de Castilla y L\u00e9on - ASAJA Palencia<\/title>\n<meta name=\"description\" content=\"La Junta de Castilla y Le\u00f3n ha ampliado hasta el 31 de diciembre el periodo de aplicaci\u00f3n del tratamiento obligatorio contra la varroosis, la principal Ampliado el periodo obligatorio de tratamiento contra la varroosis en las colmenas de Castilla y L\u00e9on.\" \/>\n<meta name=\"robots\" content=\"index, follow, max-snippet:-1, max-image-preview:large, max-video-preview:-1\" \/>\n<link rel=\"canonical\" href=\"https:\/\/www.asajacyl.com\/palencia\/asaja-palencia-informa\/ampliado-el-periodo-obligatorio-de-tratamiento-contra-la-varroosis-en-las-colmenas-de-castilla-y-leon\" \/>\n<meta property=\"og:locale\" content=\"es_ES\" \/>\n<meta property=\"og:type\" content=\"article\" \/>\n<meta property=\"og:title\" content=\"Ampliado el periodo obligatorio de tratamiento contra la varroosis en las colmenas de Castilla y L\u00e9on - ASAJA Palencia\" \/>\n<meta property=\"og:description\" content=\"La Junta de Castilla y Le\u00f3n ha ampliado hasta el 31 de diciembre el periodo de aplicaci\u00f3n del tratamiento obligatorio contra la varroosis, la principal Ampliado el periodo obligatorio de tratamiento contra la varroosis en las colmenas de Castilla y L\u00e9on.\" \/>\n<meta property=\"og:url\" content=\"https:\/\/www.asajacyl.com\/palencia\/asaja-palencia-informa\/ampliado-el-periodo-obligatorio-de-tratamiento-contra-la-varroosis-en-las-colmenas-de-castilla-y-leon\" \/>\n<meta property=\"og:site_name\" content=\"ASAJA Palencia\" \/>\n<meta property=\"article:published_time\" content=\"2026-09-02T08:06:00+00:00\" \/>\n<meta property=\"og:image\" content=\"https:\/\/www.asajacyl.com\/palencia\/wp-content\/uploads\/sites\/3\/2026\/09\/Colmena-abejas-2.jpg\" \/>\n\t<meta property=\"og:image:width\" content=\"702\" \/>\n\t<meta property=\"og:image:height\" content=\"534\" \/>\n\t<meta property=\"og:image:type\" content=\"image\/jpeg\" \/>\n<meta name=\"author\" content=\"Administrador\" \/>\n<meta name=\"twitter:card\" content=\"summary_large_image\" \/>\n<meta name=\"twitter:label1\" content=\"Escrito por\" \/>\n\t<meta name=\"twitter:data1\" content=\"Administrador\" \/>\n\t<meta name=\"twitter:label2\" content=\"Tiempo de lectura\" \/>\n\t<meta name=\"twitter:data2\" content=\"2 minutos\" \/>\n<script type=\"application\/ld+json\" class=\"yoast-schema-graph\">{\"@context\":\"https:\/\/schema.org\",\"@graph\":[{\"@type\":\"WebPage\",\"@id\":\"https:\/\/www.asajacyl.com\/palencia\/asaja-palencia-informa\/ampliado-el-periodo-obligatorio-de-tratamiento-contra-la-varroosis-en-las-colmenas-de-castilla-y-leon\",\"url\":\"https:\/\/www.asajacyl.com\/palencia\/asaja-palencia-informa\/ampliado-el-periodo-obligatorio-de-tratamiento-contra-la-varroosis-en-las-colmenas-de-castilla-y-leon\",\"name\":\"Ampliado el periodo obligatorio de tratamiento contra la varroosis en las colmenas de Castilla y L\u00e9on - ASAJA Palencia\",\"isPartOf\":{\"@id\":\"https:\/\/www.asajacyl.com\/palencia\/#website\"},\"primaryImageOfPage\":{\"@id\":\"https:\/\/www.asajacyl.com\/palencia\/asaja-palencia-informa\/ampliado-el-periodo-obligatorio-de-tratamiento-contra-la-varroosis-en-las-colmenas-de-castilla-y-leon#primaryimage\"},\"image\":{\"@id\":\"https:\/\/www.asajacyl.com\/palencia\/asaja-palencia-informa\/ampliado-el-periodo-obligatorio-de-tratamiento-contra-la-varroosis-en-las-colmenas-de-castilla-y-leon#primaryimage\"},\"thumbnailUrl\":\"https:\/\/www.asajacyl.com\/palencia\/wp-content\/uploads\/sites\/3\/2026\/09\/Colmena-abejas-2.jpg\",\"datePublished\":\"2026-09-02T08:06:00+00:00\",\"author\":{\"@id\":\"https:\/\/www.asajacyl.com\/palencia\/#\/schema\/person\/3ab17aeb03527485c317557fae64aab1\"},\"description\":\"La Junta de Castilla y Le\u00f3n ha ampliado hasta el 31 de diciembre el periodo de aplicaci\u00f3n del tratamiento obligatorio contra la varroosis, la principal Ampliado el periodo obligatorio de tratamiento contra la varroosis en las colmenas de Castilla y L\u00e9on.\",\"breadcrumb\":{\"@id\":\"https:\/\/www.asajacyl.com\/palencia\/asaja-palencia-informa\/ampliado-el-periodo-obligatorio-de-tratamiento-contra-la-varroosis-en-las-colmenas-de-castilla-y-leon#breadcrumb\"},\"inLanguage\":\"es\",\"potentialAction\":[{\"@type\":\"ReadAction\",\"target\":[\"https:\/\/www.asajacyl.com\/palencia\/asaja-palencia-informa\/ampliado-el-periodo-obligatorio-de-tratamiento-contra-la-varroosis-en-las-colmenas-de-castilla-y-leon\"]}]},{\"@type\":\"ImageObject\",\"inLanguage\":\"es\",\"@id\":\"https:\/\/www.asajacyl.com\/palencia\/asaja-palencia-informa\/ampliado-el-periodo-obligatorio-de-tratamiento-contra-la-varroosis-en-las-colmenas-de-castilla-y-leon#primaryimage\",\"url\":\"https:\/\/www.asajacyl.com\/palencia\/wp-content\/uploads\/sites\/3\/2026\/09\/Colmena-abejas-2.jpg\",\"contentUrl\":\"https:\/\/www.asajacyl.com\/palencia\/wp-content\/uploads\/sites\/3\/2026\/09\/Colmena-abejas-2.jpg\",\"width\":702,\"height\":534},{\"@type\":\"BreadcrumbList\",\"@id\":\"https:\/\/www.asajacyl.com\/palencia\/asaja-palencia-informa\/ampliado-el-periodo-obligatorio-de-tratamiento-contra-la-varroosis-en-las-colmenas-de-castilla-y-leon#breadcrumb\",\"itemListElement\":[{\"@type\":\"ListItem\",\"position\":1,\"name\":\"Portada\",\"item\":\"https:\/\/www.asajacyl.com\/palencia\/\"},{\"@type\":\"ListItem\",\"position\":2,\"name\":\"Ampliado el periodo obligatorio de tratamiento contra la varroosis en las colmenas de Castilla y L\u00e9on\"}]},{\"@type\":\"WebSite\",\"@id\":\"https:\/\/www.asajacyl.com\/palencia\/#website\",\"url\":\"https:\/\/www.asajacyl.com\/palencia\/\",\"name\":\"ASAJA Palencia\",\"description\":\"Otro sitio m\u00e1s de Provincias ASAJA Castilla y Le\u00f3n\",\"potentialAction\":[{\"@type\":\"SearchAction\",\"target\":{\"@type\":\"EntryPoint\",\"urlTemplate\":\"https:\/\/www.asajacyl.com\/palencia\/?s={search_term_string}\"},\"query-input\":{\"@type\":\"PropertyValueSpecification\",\"valueRequired\":true,\"valueName\":\"search_term_string\"}}],\"inLanguage\":\"es\"},{\"@type\":\"Person\",\"@id\":\"https:\/\/www.asajacyl.com\/palencia\/#\/schema\/person\/3ab17aeb03527485c317557fae64aab1\",\"name\":\"Administrador\",\"image\":{\"@type\":\"ImageObject\",\"inLanguage\":\"es\",\"@id\":\"https:\/\/www.asajacyl.com\/palencia\/#\/schema\/person\/image\/\",\"url\":\"https:\/\/secure.gravatar.com\/avatar\/517384810d242ca9e38c180f3c9fb973?s=96&d=mm&r=g\",\"contentUrl\":\"https:\/\/secure.gravatar.com\/avatar\/517384810d242ca9e38c180f3c9fb973?s=96&d=mm&r=g\",\"caption\":\"Administrador\"},\"url\":\"https:\/\/www.asajacyl.com\/palencia\/author\/carlosrm\"}]}<\/script>\n<!-- \/ Yoast SEO plugin. -->","yoast_head_json":{"title":"Ampliado el periodo obligatorio de tratamiento contra la varroosis en las colmenas de Castilla y L\u00e9on - ASAJA Palencia","description":"La Junta de Castilla y Le\u00f3n ha ampliado hasta el 31 de diciembre el periodo de aplicaci\u00f3n del tratamiento obligatorio contra la varroosis, la principal Ampliado el periodo obligatorio de tratamiento contra la varroosis en las colmenas de Castilla y L\u00e9on.","robots":{"index":"index","follow":"follow","max-snippet":"max-snippet:-1","max-image-preview":"max-image-preview:large","max-video-preview":"max-video-preview:-1"},"canonical":"https:\/\/www.asajacyl.com\/palencia\/asaja-palencia-informa\/ampliado-el-periodo-obligatorio-de-tratamiento-contra-la-varroosis-en-las-colmenas-de-castilla-y-leon","og_locale":"es_ES","og_type":"article","og_title":"Ampliado el periodo obligatorio de tratamiento contra la varroosis en las colmenas de Castilla y L\u00e9on - ASAJA Palencia","og_description":"La Junta de Castilla y Le\u00f3n ha ampliado hasta el 31 de diciembre el periodo de aplicaci\u00f3n del tratamiento obligatorio contra la varroosis, la principal Ampliado el periodo obligatorio de tratamiento contra la varroosis en las colmenas de Castilla y L\u00e9on.","og_url":"https:\/\/www.asajacyl.com\/palencia\/asaja-palencia-informa\/ampliado-el-periodo-obligatorio-de-tratamiento-contra-la-varroosis-en-las-colmenas-de-castilla-y-leon","og_site_name":"ASAJA Palencia","article_published_time":"2026-09-02T08:06:00+00:00","og_image":[{"width":702,"height":534,"url":"https:\/\/www.asajacyl.com\/palencia\/wp-content\/uploads\/sites\/3\/2026\/09\/Colmena-abejas-2.jpg","type":"image\/jpeg"}],"author":"Administrador","twitter_card":"summary_large_image","twitter_misc":{"Escrito por":"Administrador","Tiempo de lectura":"2 minutos"},"schema":{"@context":"https:\/\/schema.org","@graph":[{"@type":"WebPage","@id":"https:\/\/www.asajacyl.com\/palencia\/asaja-palencia-informa\/ampliado-el-periodo-obligatorio-de-tratamiento-contra-la-varroosis-en-las-colmenas-de-castilla-y-leon","url":"https:\/\/www.asajacyl.com\/palencia\/asaja-palencia-informa\/ampliado-el-periodo-obligatorio-de-tratamiento-contra-la-varroosis-en-las-colmenas-de-castilla-y-leon","name":"Ampliado el periodo obligatorio de tratamiento contra la varroosis en las colmenas de Castilla y L\u00e9on - ASAJA Palencia","isPartOf":{"@id":"https:\/\/www.asajacyl.com\/palencia\/#website"},"primaryImageOfPage":{"@id":"https:\/\/www.asajacyl.com\/palencia\/asaja-palencia-informa\/ampliado-el-periodo-obligatorio-de-tratamiento-contra-la-varroosis-en-las-colmenas-de-castilla-y-leon#primaryimage"},"image":{"@id":"https:\/\/www.asajacyl.com\/palencia\/asaja-palencia-informa\/ampliado-el-periodo-obligatorio-de-tratamiento-contra-la-varroosis-en-las-colmenas-de-castilla-y-leon#primaryimage"},"thumbnailUrl":"https:\/\/www.asajacyl.com\/palencia\/wp-content\/uploads\/sites\/3\/2026\/09\/Colmena-abejas-2.jpg","datePublished":"2026-09-02T08:06:00+00:00","author":{"@id":"https:\/\/www.asajacyl.com\/palencia\/#\/schema\/person\/3ab17aeb03527485c317557fae64aab1"},"description":"La Junta de Castilla y Le\u00f3n ha ampliado hasta el 31 de diciembre el periodo de aplicaci\u00f3n del tratamiento obligatorio contra la varroosis, la principal Ampliado el periodo obligatorio de tratamiento contra la varroosis en las colmenas de Castilla y L\u00e9on.","breadcrumb":{"@id":"https:\/\/www.asajacyl.com\/palencia\/asaja-palencia-informa\/ampliado-el-periodo-obligatorio-de-tratamiento-contra-la-varroosis-en-las-colmenas-de-castilla-y-leon#breadcrumb"},"inLanguage":"es","potentialAction":[{"@type":"ReadAction","target":["https:\/\/www.asajacyl.com\/palencia\/asaja-palencia-informa\/ampliado-el-periodo-obligatorio-de-tratamiento-contra-la-varroosis-en-las-colmenas-de-castilla-y-leon"]}]},{"@type":"ImageObject","inLanguage":"es","@id":"https:\/\/www.asajacyl.com\/palencia\/asaja-palencia-informa\/ampliado-el-periodo-obligatorio-de-tratamiento-contra-la-varroosis-en-las-colmenas-de-castilla-y-leon#primaryimage","url":"https:\/\/www.asajacyl.com\/palencia\/wp-content\/uploads\/sites\/3\/2026\/09\/Colmena-abejas-2.jpg","contentUrl":"https:\/\/www.asajacyl.com\/palencia\/wp-content\/uploads\/sites\/3\/2026\/09\/Colmena-abejas-2.jpg","width":702,"height":534},{"@type":"BreadcrumbList","@id":"https:\/\/www.asajacyl.com\/palencia\/asaja-palencia-informa\/ampliado-el-periodo-obligatorio-de-tratamiento-contra-la-varroosis-en-las-colmenas-de-castilla-y-leon#breadcrumb","itemListElement":[{"@type":"ListItem","position":1,"name":"Portada","item":"https:\/\/www.asajacyl.com\/palencia\/"},{"@type":"ListItem","position":2,"name":"Ampliado el periodo obligatorio de tratamiento contra la varroosis en las colmenas de Castilla y L\u00e9on"}]},{"@type":"WebSite","@id":"https:\/\/www.asajacyl.com\/palencia\/#website","url":"https:\/\/www.asajacyl.com\/palencia\/","name":"ASAJA Palencia","description":"Otro sitio m\u00e1s de Provincias ASAJA Castilla y Le\u00f3n","potentialAction":[{"@type":"SearchAction","target":{"@type":"EntryPoint","urlTemplate":"https:\/\/www.asajacyl.com\/palencia\/?s={search_term_string}"},"query-input":{"@type":"PropertyValueSpecification","valueRequired":true,"valueName":"search_term_string"}}],"inLanguage":"es"},{"@type":"Person","@id":"https:\/\/www.asajacyl.com\/palencia\/#\/schema\/person\/3ab17aeb03527485c317557fae64aab1","name":"Administrador","image":{"@type":"ImageObject","inLanguage":"es","@id":"https:\/\/www.asajacyl.com\/palencia\/#\/schema\/person\/image\/","url":"https:\/\/secure.gravatar.com\/avatar\/517384810d242ca9e38c180f3c9fb973?s=96&d=mm&r=g","contentUrl":"https:\/\/secure.gravatar.com\/avatar\/517384810d242ca9e38c180f3c9fb973?s=96&d=mm&r=g","caption":"Administrador"},"url":"https:\/\/www.asajacyl.com\/palencia\/author\/carlosrm"}]}},"_links":{"self":[{"href":"https:\/\/www.asajacyl.com\/palencia\/wp-json\/wp\/v2\/posts\/24005"}],"collection":[{"href":"https:\/\/www.asajacyl.com\/palencia\/wp-json\/wp\/v2\/posts"}],"about":[{"href":"https:\/\/www.asajacyl.com\/palencia\/wp-json\/wp\/v2\/types\/post"}],"author":[{"embeddable":true,"href":"https:\/\/www.asajacyl.com\/palencia\/wp-json\/wp\/v2\/users\/9"}],"replies":[{"embeddable":true,"href":"https:\/\/www.asajacyl.com\/palencia\/wp-json\/wp\/v2\/comments?post=24005"}],"version-history":[{"count":1,"href":"https:\/\/www.asajacyl.com\/palencia\/wp-json\/wp\/v2\/posts\/24005\/revisions"}],"predecessor-version":[{"id":24007,"href":"https:\/\/www.asajacyl.com\/palencia\/wp-json\/wp\/v2\/posts\/24005\/revisions\/24007"}],"wp:featuredmedia":[{"embeddable":true,"href":"https:\/\/www.asajacyl.com\/palencia\/wp-json\/wp\/v2\/media\/24006"}],"wp:attachment":[{"href":"https:\/\/www.asajacyl.com\/palencia\/wp-json\/wp\/v2\/media?parent=24005"}],"wp:term":[{"taxonomy":"category","embeddable":true,"href":"https:\/\/www.asajacyl.com\/palencia\/wp-json\/wp\/v2\/categories?post=24005"},{"taxonomy":"post_tag","embeddable":true,"href":"https:\/\/www.asajacyl.com\/palencia\/wp-json\/wp\/v2\/tags?post=24005"}],"curies":[{"name":"wp","href":"https:\/\/api.w.org\/{rel}","templated":true}]}}