{"id":24010,"date":"2026-09-03T14:05:10","date_gmt":"2026-09-03T12:05:10","guid":{"rendered":"https:\/\/www.asajacyl.com\/palencia\/?p=24010"},"modified":"2026-09-03T14:05:13","modified_gmt":"2026-09-03T12:05:13","slug":"suben-los-cereales-y-los-forrajes-en-la-lonja-de-leon","status":"publish","type":"post","link":"https:\/\/www.asajacyl.com\/palencia\/asaja-palencia-informa\/suben-los-cereales-y-los-forrajes-en-la-lonja-de-leon","title":{"rendered":"Suben los cereales y los forrajes en la Lonja de Le\u00f3n"},"content":{"rendered":"\n<h2 class=\"wp-block-heading\">La sesi\u00f3n semanal de la <a href=\"http:\/\/www.lonjadeleon.es\">lonja de Le\u00f3n<\/a> celebrada el 2 de septiembre cerr\u00f3 con subidas generalizadas de todos los cereales y los forrajes referenciados en nuestra tabla. <\/h2>\n\n\n\n<h2 class=\"wp-block-heading\"><strong>En cereales <\/strong>sobre todo <strong>destacan<\/strong> la subida de 9 c\u00e9ntimos en<strong> trigo<\/strong> (hasta los 226 \u20ac\/Tm) y de 5 c\u00e9ntimos de la <strong>cebada<\/strong> (hasta los 215 \u20ac\/Tm).<\/h2>\n\n\n\n<p>Los analistas leoneses dicen que no parece que haya tenido efecto la mediaci\u00f3n de Turqu\u00eda en el conflicto ruso-ucraniano para abrir un corredor seguro para la exportaci\u00f3n de granos y eso ha tirado hacia arriba de los precios. Rusia ha seguido bombardeando puertos ucranianos y, como represalia, Ucrania ha hecho lo propio con el puerto de Ust-Luga en el B\u00e1ltico, que se manejaba como alternativa al Mar Negro.<\/p>\n\n\n\n<p>Por su parte el Consejo Agr\u00edcola Ucraniano advirti\u00f3 a los productores y exportadores <strong>que no contaran con la reanudaci\u00f3n de las operaciones a corto plazo desde los puertos de aguas profundas, por lo menos hasta diciembre o enero<\/strong>, y los conmina a buscar rutas alternativas.<\/p>\n\n\n\n<p>En cuanto al <strong>ma\u00edz <\/strong>la fortaleza viene marcada por un deterioro del cultivo en Estados Unidos, por las malas perspectivas de cosecha en la UE y por las dificultades exportadoras de Ucrania que es el cuarto proveedor mundial.<\/p>\n\n\n\n<p>En Le\u00f3n se da ya por seguro un adelanto en la cosecha de ma\u00edz dado el estado actual del cultivo y este mes se septiembre ya esperan cosechadoras en las fincas, algo ins\u00f3lito seg\u00fan los expertos leoneses.<\/p>\n\n\n\n<h3 class=\"wp-block-heading\">FORRAJES<\/h3>\n\n\n\n<p>En el sector forrajes las lluvias ca\u00eddas en la \u00faltima semana en el noroeste peninsular no han aplacado el \u00e1nimo comprador y en la sesi\u00f3n de la lonja de Le\u00f3n se ha producido una subida de 5 c\u00e9ntimos en todas las categor\u00edas, salvo en el forraje que ha subido 6 c\u00e9ntimos.<\/p>\n\n\n\n<p>Mientras la colza, sigue sin cotizaci\u00f3n.<\/p>\n\n\n<div class=\"wp-block-image\">\n<figure class=\"aligncenter size-full\"><img loading=\"lazy\" decoding=\"async\" width=\"1024\" height=\"768\" src=\"https:\/\/www.asajacyl.com\/palencia\/wp-content\/uploads\/sites\/3\/2026\/09\/Tabla-precios-agricultura-2-9-26-con-colza.jpg\" alt=\"\" class=\"wp-image-24011\" srcset=\"https:\/\/www.asajacyl.com\/palencia\/wp-content\/uploads\/sites\/3\/2026\/09\/Tabla-precios-agricultura-2-9-26-con-colza.jpg 1024w, https:\/\/www.asajacyl.com\/palencia\/wp-content\/uploads\/sites\/3\/2026\/09\/Tabla-precios-agricultura-2-9-26-con-colza-300x225.jpg 300w, https:\/\/www.asajacyl.com\/palencia\/wp-content\/uploads\/sites\/3\/2026\/09\/Tabla-precios-agricultura-2-9-26-con-colza-768x576.jpg 768w, https:\/\/www.asajacyl.com\/palencia\/wp-content\/uploads\/sites\/3\/2026\/09\/Tabla-precios-agricultura-2-9-26-con-colza-560x420.jpg 560w, https:\/\/www.asajacyl.com\/palencia\/wp-content\/uploads\/sites\/3\/2026\/09\/Tabla-precios-agricultura-2-9-26-con-colza-80x60.jpg 80w, https:\/\/www.asajacyl.com\/palencia\/wp-content\/uploads\/sites\/3\/2026\/09\/Tabla-precios-agricultura-2-9-26-con-colza-696x522.jpg 696w\" sizes=\"(max-width: 1024px) 100vw, 1024px\" \/><\/figure><\/div>","protected":false},"excerpt":{"rendered":"<p>La sesi\u00f3n semanal de la lonja de Le\u00f3n celebrada el 2 de septiembre cerr\u00f3 con subidas generalizadas de todos los cereales y los forrajes referenciados en nuestra tabla. En cereales sobre todo destacan la subida de 9 c\u00e9ntimos en trigo (hasta los 226 \u20ac\/Tm) y de 5 c\u00e9ntimos de la cebada (hasta los 215 \u20ac\/Tm). [&hellip;]<\/p>\n","protected":false},"author":9,"featured_media":23963,"comment_status":"open","ping_status":"open","sticky":false,"template":"","format":"standard","meta":{"footnotes":""},"categories":[9,29,28],"tags":[58,46,2072,1052,2071,1030,57,1248],"yoast_head":"<!-- This site is optimized with the Yoast SEO plugin v24.5 - https:\/\/yoast.com\/wordpress\/plugins\/seo\/ -->\n<title>Suben los cereales y los forrajes en la Lonja de Le\u00f3n - ASAJA Palencia<\/title>\n<meta name=\"description\" content=\"La sesi\u00f3n semanal de la lonja de Le\u00f3n celebrada el 2 de septiembre cerr\u00f3 con subidas generalizadas de todos los cereales y los forrajes referenciados en Suben los cereales y los forrajes en la Lonja de Le\u00f3n.\" \/>\n<meta name=\"robots\" content=\"index, follow, max-snippet:-1, max-image-preview:large, max-video-preview:-1\" \/>\n<link rel=\"canonical\" href=\"https:\/\/www.asajacyl.com\/palencia\/asaja-palencia-informa\/suben-los-cereales-y-los-forrajes-en-la-lonja-de-leon\" \/>\n<meta property=\"og:locale\" content=\"es_ES\" \/>\n<meta property=\"og:type\" content=\"article\" \/>\n<meta property=\"og:title\" content=\"Suben los cereales y los forrajes en la Lonja de Le\u00f3n - ASAJA Palencia\" \/>\n<meta property=\"og:description\" content=\"La sesi\u00f3n semanal de la lonja de Le\u00f3n celebrada el 2 de septiembre cerr\u00f3 con subidas generalizadas de todos los cereales y los forrajes referenciados en Suben los cereales y los forrajes en la Lonja de Le\u00f3n.\" \/>\n<meta property=\"og:url\" content=\"https:\/\/www.asajacyl.com\/palencia\/asaja-palencia-informa\/suben-los-cereales-y-los-forrajes-en-la-lonja-de-leon\" \/>\n<meta property=\"og:site_name\" content=\"ASAJA Palencia\" \/>\n<meta property=\"article:published_time\" content=\"2026-09-03T12:05:10+00:00\" \/>\n<meta property=\"article:modified_time\" content=\"2026-09-03T12:05:13+00:00\" \/>\n<meta property=\"og:image\" content=\"https:\/\/www.asajacyl.com\/palencia\/wp-content\/uploads\/sites\/3\/2026\/08\/Grano-cereal-mano-web.jpg\" \/>\n\t<meta property=\"og:image:width\" content=\"1890\" \/>\n\t<meta property=\"og:image:height\" content=\"1654\" \/>\n\t<meta property=\"og:image:type\" content=\"image\/jpeg\" \/>\n<meta name=\"author\" content=\"Administrador\" \/>\n<meta name=\"twitter:card\" content=\"summary_large_image\" \/>\n<meta name=\"twitter:label1\" content=\"Escrito por\" \/>\n\t<meta name=\"twitter:data1\" content=\"Administrador\" \/>\n\t<meta name=\"twitter:label2\" content=\"Tiempo de lectura\" \/>\n\t<meta name=\"twitter:data2\" content=\"2 minutos\" \/>\n<script type=\"application\/ld+json\" class=\"yoast-schema-graph\">{\"@context\":\"https:\/\/schema.org\",\"@graph\":[{\"@type\":\"WebPage\",\"@id\":\"https:\/\/www.asajacyl.com\/palencia\/asaja-palencia-informa\/suben-los-cereales-y-los-forrajes-en-la-lonja-de-leon\",\"url\":\"https:\/\/www.asajacyl.com\/palencia\/asaja-palencia-informa\/suben-los-cereales-y-los-forrajes-en-la-lonja-de-leon\",\"name\":\"Suben los cereales y los forrajes en la Lonja de Le\u00f3n - ASAJA Palencia\",\"isPartOf\":{\"@id\":\"https:\/\/www.asajacyl.com\/palencia\/#website\"},\"primaryImageOfPage\":{\"@id\":\"https:\/\/www.asajacyl.com\/palencia\/asaja-palencia-informa\/suben-los-cereales-y-los-forrajes-en-la-lonja-de-leon#primaryimage\"},\"image\":{\"@id\":\"https:\/\/www.asajacyl.com\/palencia\/asaja-palencia-informa\/suben-los-cereales-y-los-forrajes-en-la-lonja-de-leon#primaryimage\"},\"thumbnailUrl\":\"https:\/\/www.asajacyl.com\/palencia\/wp-content\/uploads\/sites\/3\/2026\/08\/Grano-cereal-mano-web.jpg\",\"datePublished\":\"2026-09-03T12:05:10+00:00\",\"dateModified\":\"2026-09-03T12:05:13+00:00\",\"author\":{\"@id\":\"https:\/\/www.asajacyl.com\/palencia\/#\/schema\/person\/3ab17aeb03527485c317557fae64aab1\"},\"description\":\"La sesi\u00f3n semanal de la lonja de Le\u00f3n celebrada el 2 de septiembre cerr\u00f3 con subidas generalizadas de todos los cereales y los forrajes referenciados en Suben los cereales y los forrajes en la Lonja de Le\u00f3n.\",\"breadcrumb\":{\"@id\":\"https:\/\/www.asajacyl.com\/palencia\/asaja-palencia-informa\/suben-los-cereales-y-los-forrajes-en-la-lonja-de-leon#breadcrumb\"},\"inLanguage\":\"es\",\"potentialAction\":[{\"@type\":\"ReadAction\",\"target\":[\"https:\/\/www.asajacyl.com\/palencia\/asaja-palencia-informa\/suben-los-cereales-y-los-forrajes-en-la-lonja-de-leon\"]}]},{\"@type\":\"ImageObject\",\"inLanguage\":\"es\",\"@id\":\"https:\/\/www.asajacyl.com\/palencia\/asaja-palencia-informa\/suben-los-cereales-y-los-forrajes-en-la-lonja-de-leon#primaryimage\",\"url\":\"https:\/\/www.asajacyl.com\/palencia\/wp-content\/uploads\/sites\/3\/2026\/08\/Grano-cereal-mano-web.jpg\",\"contentUrl\":\"https:\/\/www.asajacyl.com\/palencia\/wp-content\/uploads\/sites\/3\/2026\/08\/Grano-cereal-mano-web.jpg\",\"width\":1890,\"height\":1654},{\"@type\":\"BreadcrumbList\",\"@id\":\"https:\/\/www.asajacyl.com\/palencia\/asaja-palencia-informa\/suben-los-cereales-y-los-forrajes-en-la-lonja-de-leon#breadcrumb\",\"itemListElement\":[{\"@type\":\"ListItem\",\"position\":1,\"name\":\"Portada\",\"item\":\"https:\/\/www.asajacyl.com\/palencia\/\"},{\"@type\":\"ListItem\",\"position\":2,\"name\":\"Suben los cereales y los forrajes en la Lonja de Le\u00f3n\"}]},{\"@type\":\"WebSite\",\"@id\":\"https:\/\/www.asajacyl.com\/palencia\/#website\",\"url\":\"https:\/\/www.asajacyl.com\/palencia\/\",\"name\":\"ASAJA Palencia\",\"description\":\"Otro sitio m\u00e1s de Provincias ASAJA Castilla y Le\u00f3n\",\"potentialAction\":[{\"@type\":\"SearchAction\",\"target\":{\"@type\":\"EntryPoint\",\"urlTemplate\":\"https:\/\/www.asajacyl.com\/palencia\/?s={search_term_string}\"},\"query-input\":{\"@type\":\"PropertyValueSpecification\",\"valueRequired\":true,\"valueName\":\"search_term_string\"}}],\"inLanguage\":\"es\"},{\"@type\":\"Person\",\"@id\":\"https:\/\/www.asajacyl.com\/palencia\/#\/schema\/person\/3ab17aeb03527485c317557fae64aab1\",\"name\":\"Administrador\",\"image\":{\"@type\":\"ImageObject\",\"inLanguage\":\"es\",\"@id\":\"https:\/\/www.asajacyl.com\/palencia\/#\/schema\/person\/image\/\",\"url\":\"https:\/\/secure.gravatar.com\/avatar\/517384810d242ca9e38c180f3c9fb973?s=96&d=mm&r=g\",\"contentUrl\":\"https:\/\/secure.gravatar.com\/avatar\/517384810d242ca9e38c180f3c9fb973?s=96&d=mm&r=g\",\"caption\":\"Administrador\"},\"url\":\"https:\/\/www.asajacyl.com\/palencia\/author\/carlosrm\"}]}<\/script>\n<!-- \/ Yoast SEO plugin. -->","yoast_head_json":{"title":"Suben los cereales y los forrajes en la Lonja de Le\u00f3n - ASAJA Palencia","description":"La sesi\u00f3n semanal de la lonja de Le\u00f3n celebrada el 2 de septiembre cerr\u00f3 con subidas generalizadas de todos los cereales y los forrajes referenciados en Suben los cereales y los forrajes en la Lonja de Le\u00f3n.","robots":{"index":"index","follow":"follow","max-snippet":"max-snippet:-1","max-image-preview":"max-image-preview:large","max-video-preview":"max-video-preview:-1"},"canonical":"https:\/\/www.asajacyl.com\/palencia\/asaja-palencia-informa\/suben-los-cereales-y-los-forrajes-en-la-lonja-de-leon","og_locale":"es_ES","og_type":"article","og_title":"Suben los cereales y los forrajes en la Lonja de Le\u00f3n - ASAJA Palencia","og_description":"La sesi\u00f3n semanal de la lonja de Le\u00f3n celebrada el 2 de septiembre cerr\u00f3 con subidas generalizadas de todos los cereales y los forrajes referenciados en Suben los cereales y los forrajes en la Lonja de Le\u00f3n.","og_url":"https:\/\/www.asajacyl.com\/palencia\/asaja-palencia-informa\/suben-los-cereales-y-los-forrajes-en-la-lonja-de-leon","og_site_name":"ASAJA Palencia","article_published_time":"2026-09-03T12:05:10+00:00","article_modified_time":"2026-09-03T12:05:13+00:00","og_image":[{"width":1890,"height":1654,"url":"https:\/\/www.asajacyl.com\/palencia\/wp-content\/uploads\/sites\/3\/2026\/08\/Grano-cereal-mano-web.jpg","type":"image\/jpeg"}],"author":"Administrador","twitter_card":"summary_large_image","twitter_misc":{"Escrito por":"Administrador","Tiempo de lectura":"2 minutos"},"schema":{"@context":"https:\/\/schema.org","@graph":[{"@type":"WebPage","@id":"https:\/\/www.asajacyl.com\/palencia\/asaja-palencia-informa\/suben-los-cereales-y-los-forrajes-en-la-lonja-de-leon","url":"https:\/\/www.asajacyl.com\/palencia\/asaja-palencia-informa\/suben-los-cereales-y-los-forrajes-en-la-lonja-de-leon","name":"Suben los cereales y los forrajes en la Lonja de Le\u00f3n - ASAJA Palencia","isPartOf":{"@id":"https:\/\/www.asajacyl.com\/palencia\/#website"},"primaryImageOfPage":{"@id":"https:\/\/www.asajacyl.com\/palencia\/asaja-palencia-informa\/suben-los-cereales-y-los-forrajes-en-la-lonja-de-leon#primaryimage"},"image":{"@id":"https:\/\/www.asajacyl.com\/palencia\/asaja-palencia-informa\/suben-los-cereales-y-los-forrajes-en-la-lonja-de-leon#primaryimage"},"thumbnailUrl":"https:\/\/www.asajacyl.com\/palencia\/wp-content\/uploads\/sites\/3\/2026\/08\/Grano-cereal-mano-web.jpg","datePublished":"2026-09-03T12:05:10+00:00","dateModified":"2026-09-03T12:05:13+00:00","author":{"@id":"https:\/\/www.asajacyl.com\/palencia\/#\/schema\/person\/3ab17aeb03527485c317557fae64aab1"},"description":"La sesi\u00f3n semanal de la lonja de Le\u00f3n celebrada el 2 de septiembre cerr\u00f3 con subidas generalizadas de todos los cereales y los forrajes referenciados en Suben los cereales y los forrajes en la Lonja de Le\u00f3n.","breadcrumb":{"@id":"https:\/\/www.asajacyl.com\/palencia\/asaja-palencia-informa\/suben-los-cereales-y-los-forrajes-en-la-lonja-de-leon#breadcrumb"},"inLanguage":"es","potentialAction":[{"@type":"ReadAction","target":["https:\/\/www.asajacyl.com\/palencia\/asaja-palencia-informa\/suben-los-cereales-y-los-forrajes-en-la-lonja-de-leon"]}]},{"@type":"ImageObject","inLanguage":"es","@id":"https:\/\/www.asajacyl.com\/palencia\/asaja-palencia-informa\/suben-los-cereales-y-los-forrajes-en-la-lonja-de-leon#primaryimage","url":"https:\/\/www.asajacyl.com\/palencia\/wp-content\/uploads\/sites\/3\/2026\/08\/Grano-cereal-mano-web.jpg","contentUrl":"https:\/\/www.asajacyl.com\/palencia\/wp-content\/uploads\/sites\/3\/2026\/08\/Grano-cereal-mano-web.jpg","width":1890,"height":1654},{"@type":"BreadcrumbList","@id":"https:\/\/www.asajacyl.com\/palencia\/asaja-palencia-informa\/suben-los-cereales-y-los-forrajes-en-la-lonja-de-leon#breadcrumb","itemListElement":[{"@type":"ListItem","position":1,"name":"Portada","item":"https:\/\/www.asajacyl.com\/palencia\/"},{"@type":"ListItem","position":2,"name":"Suben los cereales y los forrajes en la Lonja de Le\u00f3n"}]},{"@type":"WebSite","@id":"https:\/\/www.asajacyl.com\/palencia\/#website","url":"https:\/\/www.asajacyl.com\/palencia\/","name":"ASAJA Palencia","description":"Otro sitio m\u00e1s de Provincias ASAJA Castilla y Le\u00f3n","potentialAction":[{"@type":"SearchAction","target":{"@type":"EntryPoint","urlTemplate":"https:\/\/www.asajacyl.com\/palencia\/?s={search_term_string}"},"query-input":{"@type":"PropertyValueSpecification","valueRequired":true,"valueName":"search_term_string"}}],"inLanguage":"es"},{"@type":"Person","@id":"https:\/\/www.asajacyl.com\/palencia\/#\/schema\/person\/3ab17aeb03527485c317557fae64aab1","name":"Administrador","image":{"@type":"ImageObject","inLanguage":"es","@id":"https:\/\/www.asajacyl.com\/palencia\/#\/schema\/person\/image\/","url":"https:\/\/secure.gravatar.com\/avatar\/517384810d242ca9e38c180f3c9fb973?s=96&d=mm&r=g","contentUrl":"https:\/\/secure.gravatar.com\/avatar\/517384810d242ca9e38c180f3c9fb973?s=96&d=mm&r=g","caption":"Administrador"},"url":"https:\/\/www.asajacyl.com\/palencia\/author\/carlosrm"}]}},"_links":{"self":[{"href":"https:\/\/www.asajacyl.com\/palencia\/wp-json\/wp\/v2\/posts\/24010"}],"collection":[{"href":"https:\/\/www.asajacyl.com\/palencia\/wp-json\/wp\/v2\/posts"}],"about":[{"href":"https:\/\/www.asajacyl.com\/palencia\/wp-json\/wp\/v2\/types\/post"}],"author":[{"embeddable":true,"href":"https:\/\/www.asajacyl.com\/palencia\/wp-json\/wp\/v2\/users\/9"}],"replies":[{"embeddable":true,"href":"https:\/\/www.asajacyl.com\/palencia\/wp-json\/wp\/v2\/comments?post=24010"}],"version-history":[{"count":1,"href":"https:\/\/www.asajacyl.com\/palencia\/wp-json\/wp\/v2\/posts\/24010\/revisions"}],"predecessor-version":[{"id":24012,"href":"https:\/\/www.asajacyl.com\/palencia\/wp-json\/wp\/v2\/posts\/24010\/revisions\/24012"}],"wp:featuredmedia":[{"embeddable":true,"href":"https:\/\/www.asajacyl.com\/palencia\/wp-json\/wp\/v2\/media\/23963"}],"wp:attachment":[{"href":"https:\/\/www.asajacyl.com\/palencia\/wp-json\/wp\/v2\/media?parent=24010"}],"wp:term":[{"taxonomy":"category","embeddable":true,"href":"https:\/\/www.asajacyl.com\/palencia\/wp-json\/wp\/v2\/categories?post=24010"},{"taxonomy":"post_tag","embeddable":true,"href":"https:\/\/www.asajacyl.com\/palencia\/wp-json\/wp\/v2\/tags?post=24010"}],"curies":[{"name":"wp","href":"https:\/\/api.w.org\/{rel}","templated":true}]}}