{"id":24013,"date":"2026-09-05T10:35:00","date_gmt":"2026-09-05T08:35:00","guid":{"rendered":"https:\/\/www.asajacyl.com\/palencia\/?p=24013"},"modified":"2026-09-04T11:24:15","modified_gmt":"2026-09-04T09:24:15","slug":"asaja-celebra-la-suspension-de-las-importaciones-de-carne-de-brasil-y-exige-firmeza-a-la-ue","status":"publish","type":"post","link":"https:\/\/www.asajacyl.com\/palencia\/asaja-palencia-informa\/asaja-celebra-la-suspension-de-las-importaciones-de-carne-de-brasil-y-exige-firmeza-a-la-ue","title":{"rendered":"ASAJA celebra la suspensi\u00f3n de las importaciones de carne de Brasil y exige firmeza a la UE"},"content":{"rendered":"\n<h2 class=\"wp-block-heading\">Ayer, d\u00eda 3 de septiembre, entr\u00f3 en vigor la suspensi\u00f3n de las importaciones de carne de vacuno de Brasil, adoptada por la Comisi\u00f3n Europea por incumplir este pa\u00eds las normas europeas sobre antimicrobianos. <\/h2>\n\n\n\n<h2 class=\"wp-block-heading\">ASAJA lo considera un paso hacia la reciprocidad real y reclama que se aplique con firmeza y sin pr\u00f3rrogas.<\/h2>\n\n\n<div class=\"wp-block-image\">\n<figure class=\"alignright is-resized\"><a href=\"https:\/\/www.asajacyl.com\/wp-content\/uploads\/2021\/06\/mercosur-2.jpg\"><img decoding=\"async\" src=\"https:\/\/www.asajacyl.com\/wp-content\/uploads\/2021\/06\/mercosur-2.jpg\" alt=\"\" class=\"wp-image-18873\" style=\"width:1064px;height:auto\" \/><\/a><\/figure><\/div>\n\n\n<p><\/p>\n\n\n\n<p><a href=\"http:\/\/www.asaja.com\">ASAJA<\/a> valora positivamente la entrada en vigor de esta suspensi\u00f3n, decidida por la Comisi\u00f3n Europea al no acreditar Brasil el cumplimiento de las normas europeas \u2014ya vigentes\u2014 sobre el uso de antimicrobianos.<\/p>\n\n\n\n<p>La organizaci\u00f3n lo considera un avance en una reivindicaci\u00f3n hist\u00f3rica del sector: los productos importados deben cumplir las mismas exigencias de seguridad alimentaria, trazabilidad y bienestar animal que soportan los ganaderos europeos.<\/p>\n\n\n\n<p>ASAJA reclama la aplicaci\u00f3n estricta y sin pr\u00f3rrogas de la suspensi\u00f3n, recogida en el Reglamento de Ejecuci\u00f3n (UE) 2026\/1189, y advierte de que solo tendr\u00e1 valor si se hace cumplir: el protocolo de certificaci\u00f3n brasile\u00f1o sigue en fase inicial y ninguna granja ha sido certificada. <\/p>\n\n\n\n<h3 class=\"wp-block-heading\">REFORZAR CONTROLES<\/h3>\n\n\n\n<p>La organizaci\u00f3n pide reforzar los controles en frontera y ampliar el veto m\u00e1s all\u00e1 de los antimicrobianos, a todas las irregularidades detectadas en las auditor\u00edas comunitarias.<\/p>\n\n\n\n<p>Adem\u00e1s, ASAJA subraya que Brasil forma parte de Mercosur, por lo que es insostenible el argumento del Gobierno de que esta suspensi\u00f3n nada tiene que ver con el acuerdo UE-Mercosur. La organizaci\u00f3n recuerda su nota del 31 de julio, cuando denunci\u00f3 que la secretaria de Estado de Comercio, Amparo L\u00f3pez Senovilla, ofreciera el 16 de julio en Sao Paulo, en plena gira por Mercosur, el apoyo de Espa\u00f1a para que Brasil aportase las garant\u00edas exigidas por la UE. Resulta contradictorio allanar el camino a Brasil cuando la primera obligaci\u00f3n del Gobierno es defender a sus agricultores y ganaderos.<\/p>\n\n\n\n<p>La credibilidad del sistema europeo de seguridad alimentaria depende de aplicar las mismas reglas a todos. <strong>El acuerdo con Mercosur todav\u00eda debe ser ratificado por el Parlamento Europeo<\/strong>, y ASAJA conf\u00eda en que hitos como este hagan reflexionar a los eurodiputados espa\u00f1oles. El 3 de septiembre no es un punto final, sino un paso hacia una reciprocidad real y verificable.<\/p>\n","protected":false},"excerpt":{"rendered":"<p>Ayer, d\u00eda 3 de septiembre, entr\u00f3 en vigor la suspensi\u00f3n de las importaciones de carne de vacuno de Brasil, adoptada por la Comisi\u00f3n Europea por incumplir este pa\u00eds las normas europeas sobre antimicrobianos. ASAJA lo considera un paso hacia la reciprocidad real y reclama que se aplique con firmeza y sin pr\u00f3rrogas. ASAJA valora positivamente [&hellip;]<\/p>\n","protected":false},"author":9,"featured_media":24014,"comment_status":"open","ping_status":"open","sticky":false,"template":"","format":"standard","meta":{"footnotes":""},"categories":[9,29,28],"tags":[1698,1774,1708,1707,58,351,77,110],"yoast_head":"<!-- This site is optimized with the Yoast SEO plugin v24.5 - https:\/\/yoast.com\/wordpress\/plugins\/seo\/ -->\n<title>ASAJA celebra la suspensi\u00f3n de las importaciones de carne de Brasil y exige firmeza a la UE - ASAJA Palencia<\/title>\n<meta name=\"description\" content=\"Ayer, d\u00eda 3 de septiembre, entr\u00f3 en vigor la suspensi\u00f3n de las importaciones de carne de vacuno de Brasil, adoptada por la Comisi\u00f3n Europea por incumplir ASAJA celebra la suspensi\u00f3n de las importaciones de carne de Brasil y exige firmeza a la UE.\" \/>\n<meta name=\"robots\" content=\"index, follow, max-snippet:-1, max-image-preview:large, max-video-preview:-1\" \/>\n<link rel=\"canonical\" href=\"https:\/\/www.asajacyl.com\/palencia\/asaja-palencia-informa\/asaja-celebra-la-suspension-de-las-importaciones-de-carne-de-brasil-y-exige-firmeza-a-la-ue\" \/>\n<meta property=\"og:locale\" content=\"es_ES\" \/>\n<meta property=\"og:type\" content=\"article\" \/>\n<meta property=\"og:title\" content=\"ASAJA celebra la suspensi\u00f3n de las importaciones de carne de Brasil y exige firmeza a la UE - ASAJA Palencia\" \/>\n<meta property=\"og:description\" content=\"Ayer, d\u00eda 3 de septiembre, entr\u00f3 en vigor la suspensi\u00f3n de las importaciones de carne de vacuno de Brasil, adoptada por la Comisi\u00f3n Europea por incumplir ASAJA celebra la suspensi\u00f3n de las importaciones de carne de Brasil y exige firmeza a la UE.\" \/>\n<meta property=\"og:url\" content=\"https:\/\/www.asajacyl.com\/palencia\/asaja-palencia-informa\/asaja-celebra-la-suspension-de-las-importaciones-de-carne-de-brasil-y-exige-firmeza-a-la-ue\" \/>\n<meta property=\"og:site_name\" content=\"ASAJA Palencia\" \/>\n<meta property=\"article:published_time\" content=\"2026-09-05T08:35:00+00:00\" \/>\n<meta property=\"og:image\" content=\"https:\/\/www.asajacyl.com\/palencia\/wp-content\/uploads\/sites\/3\/2026\/09\/Empresa-carne-Brasil-1.jpg\" \/>\n\t<meta property=\"og:image:width\" content=\"840\" \/>\n\t<meta property=\"og:image:height\" content=\"630\" \/>\n\t<meta property=\"og:image:type\" content=\"image\/jpeg\" \/>\n<meta name=\"author\" content=\"Administrador\" \/>\n<meta name=\"twitter:card\" content=\"summary_large_image\" \/>\n<meta name=\"twitter:label1\" content=\"Escrito por\" \/>\n\t<meta name=\"twitter:data1\" content=\"Administrador\" \/>\n\t<meta name=\"twitter:label2\" content=\"Tiempo de lectura\" \/>\n\t<meta name=\"twitter:data2\" content=\"2 minutos\" \/>\n<script type=\"application\/ld+json\" class=\"yoast-schema-graph\">{\"@context\":\"https:\/\/schema.org\",\"@graph\":[{\"@type\":\"WebPage\",\"@id\":\"https:\/\/www.asajacyl.com\/palencia\/asaja-palencia-informa\/asaja-celebra-la-suspension-de-las-importaciones-de-carne-de-brasil-y-exige-firmeza-a-la-ue\",\"url\":\"https:\/\/www.asajacyl.com\/palencia\/asaja-palencia-informa\/asaja-celebra-la-suspension-de-las-importaciones-de-carne-de-brasil-y-exige-firmeza-a-la-ue\",\"name\":\"ASAJA celebra la suspensi\u00f3n de las importaciones de carne de Brasil y exige firmeza a la UE - ASAJA Palencia\",\"isPartOf\":{\"@id\":\"https:\/\/www.asajacyl.com\/palencia\/#website\"},\"primaryImageOfPage\":{\"@id\":\"https:\/\/www.asajacyl.com\/palencia\/asaja-palencia-informa\/asaja-celebra-la-suspension-de-las-importaciones-de-carne-de-brasil-y-exige-firmeza-a-la-ue#primaryimage\"},\"image\":{\"@id\":\"https:\/\/www.asajacyl.com\/palencia\/asaja-palencia-informa\/asaja-celebra-la-suspension-de-las-importaciones-de-carne-de-brasil-y-exige-firmeza-a-la-ue#primaryimage\"},\"thumbnailUrl\":\"https:\/\/www.asajacyl.com\/palencia\/wp-content\/uploads\/sites\/3\/2026\/09\/Empresa-carne-Brasil-1.jpg\",\"datePublished\":\"2026-09-05T08:35:00+00:00\",\"author\":{\"@id\":\"https:\/\/www.asajacyl.com\/palencia\/#\/schema\/person\/3ab17aeb03527485c317557fae64aab1\"},\"description\":\"Ayer, d\u00eda 3 de septiembre, entr\u00f3 en vigor la suspensi\u00f3n de las importaciones de carne de vacuno de Brasil, adoptada por la Comisi\u00f3n Europea por incumplir ASAJA celebra la suspensi\u00f3n de las importaciones de carne de Brasil y exige firmeza a la UE.\",\"breadcrumb\":{\"@id\":\"https:\/\/www.asajacyl.com\/palencia\/asaja-palencia-informa\/asaja-celebra-la-suspension-de-las-importaciones-de-carne-de-brasil-y-exige-firmeza-a-la-ue#breadcrumb\"},\"inLanguage\":\"es\",\"potentialAction\":[{\"@type\":\"ReadAction\",\"target\":[\"https:\/\/www.asajacyl.com\/palencia\/asaja-palencia-informa\/asaja-celebra-la-suspension-de-las-importaciones-de-carne-de-brasil-y-exige-firmeza-a-la-ue\"]}]},{\"@type\":\"ImageObject\",\"inLanguage\":\"es\",\"@id\":\"https:\/\/www.asajacyl.com\/palencia\/asaja-palencia-informa\/asaja-celebra-la-suspension-de-las-importaciones-de-carne-de-brasil-y-exige-firmeza-a-la-ue#primaryimage\",\"url\":\"https:\/\/www.asajacyl.com\/palencia\/wp-content\/uploads\/sites\/3\/2026\/09\/Empresa-carne-Brasil-1.jpg\",\"contentUrl\":\"https:\/\/www.asajacyl.com\/palencia\/wp-content\/uploads\/sites\/3\/2026\/09\/Empresa-carne-Brasil-1.jpg\",\"width\":840,\"height\":630},{\"@type\":\"BreadcrumbList\",\"@id\":\"https:\/\/www.asajacyl.com\/palencia\/asaja-palencia-informa\/asaja-celebra-la-suspension-de-las-importaciones-de-carne-de-brasil-y-exige-firmeza-a-la-ue#breadcrumb\",\"itemListElement\":[{\"@type\":\"ListItem\",\"position\":1,\"name\":\"Portada\",\"item\":\"https:\/\/www.asajacyl.com\/palencia\/\"},{\"@type\":\"ListItem\",\"position\":2,\"name\":\"ASAJA celebra la suspensi\u00f3n de las importaciones de carne de Brasil y exige firmeza a la UE\"}]},{\"@type\":\"WebSite\",\"@id\":\"https:\/\/www.asajacyl.com\/palencia\/#website\",\"url\":\"https:\/\/www.asajacyl.com\/palencia\/\",\"name\":\"ASAJA Palencia\",\"description\":\"Otro sitio m\u00e1s de Provincias ASAJA Castilla y Le\u00f3n\",\"potentialAction\":[{\"@type\":\"SearchAction\",\"target\":{\"@type\":\"EntryPoint\",\"urlTemplate\":\"https:\/\/www.asajacyl.com\/palencia\/?s={search_term_string}\"},\"query-input\":{\"@type\":\"PropertyValueSpecification\",\"valueRequired\":true,\"valueName\":\"search_term_string\"}}],\"inLanguage\":\"es\"},{\"@type\":\"Person\",\"@id\":\"https:\/\/www.asajacyl.com\/palencia\/#\/schema\/person\/3ab17aeb03527485c317557fae64aab1\",\"name\":\"Administrador\",\"image\":{\"@type\":\"ImageObject\",\"inLanguage\":\"es\",\"@id\":\"https:\/\/www.asajacyl.com\/palencia\/#\/schema\/person\/image\/\",\"url\":\"https:\/\/secure.gravatar.com\/avatar\/517384810d242ca9e38c180f3c9fb973?s=96&d=mm&r=g\",\"contentUrl\":\"https:\/\/secure.gravatar.com\/avatar\/517384810d242ca9e38c180f3c9fb973?s=96&d=mm&r=g\",\"caption\":\"Administrador\"},\"url\":\"https:\/\/www.asajacyl.com\/palencia\/author\/carlosrm\"}]}<\/script>\n<!-- \/ Yoast SEO plugin. -->","yoast_head_json":{"title":"ASAJA celebra la suspensi\u00f3n de las importaciones de carne de Brasil y exige firmeza a la UE - ASAJA Palencia","description":"Ayer, d\u00eda 3 de septiembre, entr\u00f3 en vigor la suspensi\u00f3n de las importaciones de carne de vacuno de Brasil, adoptada por la Comisi\u00f3n Europea por incumplir ASAJA celebra la suspensi\u00f3n de las importaciones de carne de Brasil y exige firmeza a la UE.","robots":{"index":"index","follow":"follow","max-snippet":"max-snippet:-1","max-image-preview":"max-image-preview:large","max-video-preview":"max-video-preview:-1"},"canonical":"https:\/\/www.asajacyl.com\/palencia\/asaja-palencia-informa\/asaja-celebra-la-suspension-de-las-importaciones-de-carne-de-brasil-y-exige-firmeza-a-la-ue","og_locale":"es_ES","og_type":"article","og_title":"ASAJA celebra la suspensi\u00f3n de las importaciones de carne de Brasil y exige firmeza a la UE - ASAJA Palencia","og_description":"Ayer, d\u00eda 3 de septiembre, entr\u00f3 en vigor la suspensi\u00f3n de las importaciones de carne de vacuno de Brasil, adoptada por la Comisi\u00f3n Europea por incumplir ASAJA celebra la suspensi\u00f3n de las importaciones de carne de Brasil y exige firmeza a la UE.","og_url":"https:\/\/www.asajacyl.com\/palencia\/asaja-palencia-informa\/asaja-celebra-la-suspension-de-las-importaciones-de-carne-de-brasil-y-exige-firmeza-a-la-ue","og_site_name":"ASAJA Palencia","article_published_time":"2026-09-05T08:35:00+00:00","og_image":[{"width":840,"height":630,"url":"https:\/\/www.asajacyl.com\/palencia\/wp-content\/uploads\/sites\/3\/2026\/09\/Empresa-carne-Brasil-1.jpg","type":"image\/jpeg"}],"author":"Administrador","twitter_card":"summary_large_image","twitter_misc":{"Escrito por":"Administrador","Tiempo de lectura":"2 minutos"},"schema":{"@context":"https:\/\/schema.org","@graph":[{"@type":"WebPage","@id":"https:\/\/www.asajacyl.com\/palencia\/asaja-palencia-informa\/asaja-celebra-la-suspension-de-las-importaciones-de-carne-de-brasil-y-exige-firmeza-a-la-ue","url":"https:\/\/www.asajacyl.com\/palencia\/asaja-palencia-informa\/asaja-celebra-la-suspension-de-las-importaciones-de-carne-de-brasil-y-exige-firmeza-a-la-ue","name":"ASAJA celebra la suspensi\u00f3n de las importaciones de carne de Brasil y exige firmeza a la UE - ASAJA Palencia","isPartOf":{"@id":"https:\/\/www.asajacyl.com\/palencia\/#website"},"primaryImageOfPage":{"@id":"https:\/\/www.asajacyl.com\/palencia\/asaja-palencia-informa\/asaja-celebra-la-suspension-de-las-importaciones-de-carne-de-brasil-y-exige-firmeza-a-la-ue#primaryimage"},"image":{"@id":"https:\/\/www.asajacyl.com\/palencia\/asaja-palencia-informa\/asaja-celebra-la-suspension-de-las-importaciones-de-carne-de-brasil-y-exige-firmeza-a-la-ue#primaryimage"},"thumbnailUrl":"https:\/\/www.asajacyl.com\/palencia\/wp-content\/uploads\/sites\/3\/2026\/09\/Empresa-carne-Brasil-1.jpg","datePublished":"2026-09-05T08:35:00+00:00","author":{"@id":"https:\/\/www.asajacyl.com\/palencia\/#\/schema\/person\/3ab17aeb03527485c317557fae64aab1"},"description":"Ayer, d\u00eda 3 de septiembre, entr\u00f3 en vigor la suspensi\u00f3n de las importaciones de carne de vacuno de Brasil, adoptada por la Comisi\u00f3n Europea por incumplir ASAJA celebra la suspensi\u00f3n de las importaciones de carne de Brasil y exige firmeza a la UE.","breadcrumb":{"@id":"https:\/\/www.asajacyl.com\/palencia\/asaja-palencia-informa\/asaja-celebra-la-suspension-de-las-importaciones-de-carne-de-brasil-y-exige-firmeza-a-la-ue#breadcrumb"},"inLanguage":"es","potentialAction":[{"@type":"ReadAction","target":["https:\/\/www.asajacyl.com\/palencia\/asaja-palencia-informa\/asaja-celebra-la-suspension-de-las-importaciones-de-carne-de-brasil-y-exige-firmeza-a-la-ue"]}]},{"@type":"ImageObject","inLanguage":"es","@id":"https:\/\/www.asajacyl.com\/palencia\/asaja-palencia-informa\/asaja-celebra-la-suspension-de-las-importaciones-de-carne-de-brasil-y-exige-firmeza-a-la-ue#primaryimage","url":"https:\/\/www.asajacyl.com\/palencia\/wp-content\/uploads\/sites\/3\/2026\/09\/Empresa-carne-Brasil-1.jpg","contentUrl":"https:\/\/www.asajacyl.com\/palencia\/wp-content\/uploads\/sites\/3\/2026\/09\/Empresa-carne-Brasil-1.jpg","width":840,"height":630},{"@type":"BreadcrumbList","@id":"https:\/\/www.asajacyl.com\/palencia\/asaja-palencia-informa\/asaja-celebra-la-suspension-de-las-importaciones-de-carne-de-brasil-y-exige-firmeza-a-la-ue#breadcrumb","itemListElement":[{"@type":"ListItem","position":1,"name":"Portada","item":"https:\/\/www.asajacyl.com\/palencia\/"},{"@type":"ListItem","position":2,"name":"ASAJA celebra la suspensi\u00f3n de las importaciones de carne de Brasil y exige firmeza a la UE"}]},{"@type":"WebSite","@id":"https:\/\/www.asajacyl.com\/palencia\/#website","url":"https:\/\/www.asajacyl.com\/palencia\/","name":"ASAJA Palencia","description":"Otro sitio m\u00e1s de Provincias ASAJA Castilla y Le\u00f3n","potentialAction":[{"@type":"SearchAction","target":{"@type":"EntryPoint","urlTemplate":"https:\/\/www.asajacyl.com\/palencia\/?s={search_term_string}"},"query-input":{"@type":"PropertyValueSpecification","valueRequired":true,"valueName":"search_term_string"}}],"inLanguage":"es"},{"@type":"Person","@id":"https:\/\/www.asajacyl.com\/palencia\/#\/schema\/person\/3ab17aeb03527485c317557fae64aab1","name":"Administrador","image":{"@type":"ImageObject","inLanguage":"es","@id":"https:\/\/www.asajacyl.com\/palencia\/#\/schema\/person\/image\/","url":"https:\/\/secure.gravatar.com\/avatar\/517384810d242ca9e38c180f3c9fb973?s=96&d=mm&r=g","contentUrl":"https:\/\/secure.gravatar.com\/avatar\/517384810d242ca9e38c180f3c9fb973?s=96&d=mm&r=g","caption":"Administrador"},"url":"https:\/\/www.asajacyl.com\/palencia\/author\/carlosrm"}]}},"_links":{"self":[{"href":"https:\/\/www.asajacyl.com\/palencia\/wp-json\/wp\/v2\/posts\/24013"}],"collection":[{"href":"https:\/\/www.asajacyl.com\/palencia\/wp-json\/wp\/v2\/posts"}],"about":[{"href":"https:\/\/www.asajacyl.com\/palencia\/wp-json\/wp\/v2\/types\/post"}],"author":[{"embeddable":true,"href":"https:\/\/www.asajacyl.com\/palencia\/wp-json\/wp\/v2\/users\/9"}],"replies":[{"embeddable":true,"href":"https:\/\/www.asajacyl.com\/palencia\/wp-json\/wp\/v2\/comments?post=24013"}],"version-history":[{"count":2,"href":"https:\/\/www.asajacyl.com\/palencia\/wp-json\/wp\/v2\/posts\/24013\/revisions"}],"predecessor-version":[{"id":24017,"href":"https:\/\/www.asajacyl.com\/palencia\/wp-json\/wp\/v2\/posts\/24013\/revisions\/24017"}],"wp:featuredmedia":[{"embeddable":true,"href":"https:\/\/www.asajacyl.com\/palencia\/wp-json\/wp\/v2\/media\/24014"}],"wp:attachment":[{"href":"https:\/\/www.asajacyl.com\/palencia\/wp-json\/wp\/v2\/media?parent=24013"}],"wp:term":[{"taxonomy":"category","embeddable":true,"href":"https:\/\/www.asajacyl.com\/palencia\/wp-json\/wp\/v2\/categories?post=24013"},{"taxonomy":"post_tag","embeddable":true,"href":"https:\/\/www.asajacyl.com\/palencia\/wp-json\/wp\/v2\/tags?post=24013"}],"curies":[{"name":"wp","href":"https:\/\/api.w.org\/{rel}","templated":true}]}}