{"id":24018,"date":"2026-09-06T09:33:00","date_gmt":"2026-09-06T07:33:00","guid":{"rendered":"https:\/\/www.asajacyl.com\/palencia\/?p=24018"},"modified":"2026-09-04T11:24:56","modified_gmt":"2026-09-04T09:24:56","slug":"castilla-y-leon-ofrece-un-tercio-de-las-estancias-formativas-del-programa-cultiva-2026","status":"publish","type":"post","link":"https:\/\/www.asajacyl.com\/palencia\/asaja-palencia-informa\/castilla-y-leon-ofrece-un-tercio-de-las-estancias-formativas-del-programa-cultiva-2026","title":{"rendered":"Castilla y Le\u00f3n ofrece un tercio de las estancias formativas del Programa Cultiva 2026"},"content":{"rendered":"\n<h2 class=\"wp-block-heading\"><strong>Hasta el pr\u00f3ximo 15 de septiembre<\/strong> est\u00e1 abierto el plazo para todos los j\u00f3venes interesados en disfrutar de estancias formativas en las explotaciones agr\u00edcolas y ganaderas incluidas en el programa Cultiva 2026, organizado por el <a href=\"http:\/\/www.mapa.gob.es\">Ministerio de Agricultura, Pesca y Alimentaci\u00f3n<\/a>. <\/h2>\n\n\n\n<h2 class=\"wp-block-heading\">Castilla y Le\u00f3n es de las comunidades con mayor oferta: una de cada tres de las cerca de 300 explotaciones espa\u00f1olas que participan en la iniciativa son de nuestra comunidad aut\u00f3noma, y <strong>Palencia est\u00e1 a la cabeza <\/strong>entre las provincias que m\u00e1s formaciones ofrecen.<\/h2>\n\n\n<div class=\"wp-block-image\">\n<figure class=\"alignright is-resized\"><a href=\"https:\/\/www.asajacyl.com\/wp-content\/uploads\/2026\/09\/Captura-de-pantalla-2026-09-02-114522.jpg\"><img decoding=\"async\" src=\"https:\/\/www.asajacyl.com\/wp-content\/uploads\/2026\/09\/Captura-de-pantalla-2026-09-02-114522-1024x721.jpg\" alt=\"\" class=\"wp-image-28762\" style=\"width:1077px;height:auto\" \/><\/a><\/figure><\/div>\n\n\n<h3 class=\"wp-block-heading\">PALENCIA A LA CABEZA<\/h3>\n\n\n\n<p>En concreto,\u00a0<strong>Castilla y Le\u00f3n aporta 84 explotaciones de todo tipo.\u00a0<\/strong>Las provincias con m\u00e1s presencia son Palencia,\u00a0Valladolid, Le\u00f3n, Salamanca y Burgos, seguidas por Zamora, Soria, \u00c1vila y Segovia.\u00a0<strong>Varias de ellas son de socios de las distintas ASAJA provinciales, dado que nuestra Organizaci\u00f3n participa activamente en el programa Cultiva.<\/strong><\/p>\n\n\n\n<p>El cat\u00e1logo con las explotaciones ofertadas en las que se pueden realizar las estancias formativas, con informaci\u00f3n detallada sobre las caracter\u00edsticas de cada una de ellas, El <a href=\"https:\/\/www.mapa.gob.es\/es\/desarrollo-rural\/temas\/relevo-generacional\/visitas-formativas\/buscador_cultiva\">cat\u00e1logo est\u00e1 publicado en la p\u00e1gina web del MAPA<\/a>, dentro del Programa CULTIVA, y contiene un buscador que permite seleccionar las estancias por territorio, fechas y producci\u00f3n agraria.<\/p>\n\n\n\n<p>Los gastos de alojamiento, manutenci\u00f3n y transporte de los j\u00f3venes durante el tiempo que dure su participaci\u00f3n est\u00e1n cubiertos por el programa Cultiva, que este a\u00f1o cuenta con una dotaci\u00f3n presupuestaria inicial de 1,2 millones de euros, ampliables. Los j\u00f3venes participantes contar\u00e1n adem\u00e1s con una compensaci\u00f3n por gastos de sustituci\u00f3n para la atenci\u00f3n y gesti\u00f3n de su explotaci\u00f3n por parte de una tercera persona.<\/p>\n\n\n\n<h3 class=\"wp-block-heading\">REQUISITOS<\/h3>\n\n\n\n<p>Las estancias formativas del programa Cultiva est\u00e1n disponibles para todos los j\u00f3venes profesionales agrarios titulares de explotaci\u00f3n de hasta 40 a\u00f1os, y para aquellas de 41 o m\u00e1s que se hayan instalado en los \u00faltimos cinco a\u00f1os. <\/p>\n\n\n\n<p>En la asignaci\u00f3n de plazas tienen prioridad las <strong>mujeres<\/strong>, junto con los j\u00f3venes incorporados m\u00e1s recientemente y quienes no hayan participado en ediciones anteriores.<\/p>\n\n\n\n<p>Los j\u00f3venes pueden elegir explotaciones con producciones iguales o diferentes a las suyas, independientemente del sector, y situadas en cualquier punto del territorio nacional. En caso de haber participado en el programa en a\u00f1os anteriores, no pueden asistir a estancias a las que ya hayan asistido previamente.<\/p>\n\n\n\n<p>Las solicitudes pueden presentarse a trav\u00e9s de la sede electr\u00f3nica del ministerio:\u00a0<a href=\"https:\/\/www.mapa.gob.es\/es\/desarrollo-rural\/temas\/relevo-generacional\/visitas-formativas\">https:\/\/www.mapa.gob.es\/es\/desarrollo-rural\/temas\/relevo-generacional\/visitas-formativas<\/a>. <\/p>\n\n\n\n<p>El <strong>plazo se prolongar\u00e1 hasta el pr\u00f3ximo d\u00eda 15 de septiembre<\/strong>, incluido. Las estancias comenzar\u00e1n a desarrollarse a partir de enero de 2027.<\/p>\n","protected":false},"excerpt":{"rendered":"<p>Hasta el pr\u00f3ximo 15 de septiembre est\u00e1 abierto el plazo para todos los j\u00f3venes interesados en disfrutar de estancias formativas en las explotaciones agr\u00edcolas y ganaderas incluidas en el programa Cultiva 2026, organizado por el Ministerio de Agricultura, Pesca y Alimentaci\u00f3n. Castilla y Le\u00f3n es de las comunidades con mayor oferta: una de cada tres [&hellip;]<\/p>\n","protected":false},"author":9,"featured_media":24020,"comment_status":"open","ping_status":"open","sticky":false,"template":"","format":"standard","meta":{"footnotes":""},"categories":[9,29,28],"tags":[1698,2084,1755,58,77,110],"yoast_head":"<!-- This site is optimized with the Yoast SEO plugin v24.5 - https:\/\/yoast.com\/wordpress\/plugins\/seo\/ -->\n<title>Castilla y Le\u00f3n ofrece un tercio de las estancias formativas del Programa Cultiva 2026 - ASAJA Palencia<\/title>\n<meta name=\"description\" content=\"Hasta el pr\u00f3ximo 15 de septiembre est\u00e1 abierto el plazo para todos los j\u00f3venes interesados en disfrutar de estancias formativas en las explotaciones Castilla y Le\u00f3n ofrece un tercio de las estancias formativas del Programa Cultiva 2026.\" \/>\n<meta name=\"robots\" content=\"index, follow, max-snippet:-1, max-image-preview:large, max-video-preview:-1\" \/>\n<link rel=\"canonical\" href=\"https:\/\/www.asajacyl.com\/palencia\/asaja-palencia-informa\/castilla-y-leon-ofrece-un-tercio-de-las-estancias-formativas-del-programa-cultiva-2026\" \/>\n<meta property=\"og:locale\" content=\"es_ES\" \/>\n<meta property=\"og:type\" content=\"article\" \/>\n<meta property=\"og:title\" content=\"Castilla y Le\u00f3n ofrece un tercio de las estancias formativas del Programa Cultiva 2026 - ASAJA Palencia\" \/>\n<meta property=\"og:description\" content=\"Hasta el pr\u00f3ximo 15 de septiembre est\u00e1 abierto el plazo para todos los j\u00f3venes interesados en disfrutar de estancias formativas en las explotaciones Castilla y Le\u00f3n ofrece un tercio de las estancias formativas del Programa Cultiva 2026.\" \/>\n<meta property=\"og:url\" content=\"https:\/\/www.asajacyl.com\/palencia\/asaja-palencia-informa\/castilla-y-leon-ofrece-un-tercio-de-las-estancias-formativas-del-programa-cultiva-2026\" \/>\n<meta property=\"og:site_name\" content=\"ASAJA Palencia\" \/>\n<meta property=\"article:published_time\" content=\"2026-09-06T07:33:00+00:00\" \/>\n<meta property=\"og:image\" content=\"https:\/\/www.asajacyl.com\/palencia\/wp-content\/uploads\/sites\/3\/2026\/09\/Programa-Cultiva-mapa-2026-bis.jpg\" \/>\n\t<meta property=\"og:image:width\" content=\"1241\" \/>\n\t<meta property=\"og:image:height\" content=\"905\" \/>\n\t<meta property=\"og:image:type\" content=\"image\/jpeg\" \/>\n<meta name=\"author\" content=\"Administrador\" \/>\n<meta name=\"twitter:card\" content=\"summary_large_image\" \/>\n<meta name=\"twitter:label1\" content=\"Escrito por\" \/>\n\t<meta name=\"twitter:data1\" content=\"Administrador\" \/>\n\t<meta name=\"twitter:label2\" content=\"Tiempo de lectura\" \/>\n\t<meta name=\"twitter:data2\" content=\"3 minutos\" \/>\n<script type=\"application\/ld+json\" class=\"yoast-schema-graph\">{\"@context\":\"https:\/\/schema.org\",\"@graph\":[{\"@type\":\"WebPage\",\"@id\":\"https:\/\/www.asajacyl.com\/palencia\/asaja-palencia-informa\/castilla-y-leon-ofrece-un-tercio-de-las-estancias-formativas-del-programa-cultiva-2026\",\"url\":\"https:\/\/www.asajacyl.com\/palencia\/asaja-palencia-informa\/castilla-y-leon-ofrece-un-tercio-de-las-estancias-formativas-del-programa-cultiva-2026\",\"name\":\"Castilla y Le\u00f3n ofrece un tercio de las estancias formativas del Programa Cultiva 2026 - ASAJA Palencia\",\"isPartOf\":{\"@id\":\"https:\/\/www.asajacyl.com\/palencia\/#website\"},\"primaryImageOfPage\":{\"@id\":\"https:\/\/www.asajacyl.com\/palencia\/asaja-palencia-informa\/castilla-y-leon-ofrece-un-tercio-de-las-estancias-formativas-del-programa-cultiva-2026#primaryimage\"},\"image\":{\"@id\":\"https:\/\/www.asajacyl.com\/palencia\/asaja-palencia-informa\/castilla-y-leon-ofrece-un-tercio-de-las-estancias-formativas-del-programa-cultiva-2026#primaryimage\"},\"thumbnailUrl\":\"https:\/\/www.asajacyl.com\/palencia\/wp-content\/uploads\/sites\/3\/2026\/09\/Programa-Cultiva-mapa-2026-bis.jpg\",\"datePublished\":\"2026-09-06T07:33:00+00:00\",\"author\":{\"@id\":\"https:\/\/www.asajacyl.com\/palencia\/#\/schema\/person\/3ab17aeb03527485c317557fae64aab1\"},\"description\":\"Hasta el pr\u00f3ximo 15 de septiembre est\u00e1 abierto el plazo para todos los j\u00f3venes interesados en disfrutar de estancias formativas en las explotaciones Castilla y Le\u00f3n ofrece un tercio de las estancias formativas del Programa Cultiva 2026.\",\"breadcrumb\":{\"@id\":\"https:\/\/www.asajacyl.com\/palencia\/asaja-palencia-informa\/castilla-y-leon-ofrece-un-tercio-de-las-estancias-formativas-del-programa-cultiva-2026#breadcrumb\"},\"inLanguage\":\"es\",\"potentialAction\":[{\"@type\":\"ReadAction\",\"target\":[\"https:\/\/www.asajacyl.com\/palencia\/asaja-palencia-informa\/castilla-y-leon-ofrece-un-tercio-de-las-estancias-formativas-del-programa-cultiva-2026\"]}]},{\"@type\":\"ImageObject\",\"inLanguage\":\"es\",\"@id\":\"https:\/\/www.asajacyl.com\/palencia\/asaja-palencia-informa\/castilla-y-leon-ofrece-un-tercio-de-las-estancias-formativas-del-programa-cultiva-2026#primaryimage\",\"url\":\"https:\/\/www.asajacyl.com\/palencia\/wp-content\/uploads\/sites\/3\/2026\/09\/Programa-Cultiva-mapa-2026-bis.jpg\",\"contentUrl\":\"https:\/\/www.asajacyl.com\/palencia\/wp-content\/uploads\/sites\/3\/2026\/09\/Programa-Cultiva-mapa-2026-bis.jpg\",\"width\":1241,\"height\":905},{\"@type\":\"BreadcrumbList\",\"@id\":\"https:\/\/www.asajacyl.com\/palencia\/asaja-palencia-informa\/castilla-y-leon-ofrece-un-tercio-de-las-estancias-formativas-del-programa-cultiva-2026#breadcrumb\",\"itemListElement\":[{\"@type\":\"ListItem\",\"position\":1,\"name\":\"Portada\",\"item\":\"https:\/\/www.asajacyl.com\/palencia\/\"},{\"@type\":\"ListItem\",\"position\":2,\"name\":\"Castilla y Le\u00f3n ofrece un tercio de las estancias formativas del Programa Cultiva 2026\"}]},{\"@type\":\"WebSite\",\"@id\":\"https:\/\/www.asajacyl.com\/palencia\/#website\",\"url\":\"https:\/\/www.asajacyl.com\/palencia\/\",\"name\":\"ASAJA Palencia\",\"description\":\"Otro sitio m\u00e1s de Provincias ASAJA Castilla y Le\u00f3n\",\"potentialAction\":[{\"@type\":\"SearchAction\",\"target\":{\"@type\":\"EntryPoint\",\"urlTemplate\":\"https:\/\/www.asajacyl.com\/palencia\/?s={search_term_string}\"},\"query-input\":{\"@type\":\"PropertyValueSpecification\",\"valueRequired\":true,\"valueName\":\"search_term_string\"}}],\"inLanguage\":\"es\"},{\"@type\":\"Person\",\"@id\":\"https:\/\/www.asajacyl.com\/palencia\/#\/schema\/person\/3ab17aeb03527485c317557fae64aab1\",\"name\":\"Administrador\",\"image\":{\"@type\":\"ImageObject\",\"inLanguage\":\"es\",\"@id\":\"https:\/\/www.asajacyl.com\/palencia\/#\/schema\/person\/image\/\",\"url\":\"https:\/\/secure.gravatar.com\/avatar\/517384810d242ca9e38c180f3c9fb973?s=96&d=mm&r=g\",\"contentUrl\":\"https:\/\/secure.gravatar.com\/avatar\/517384810d242ca9e38c180f3c9fb973?s=96&d=mm&r=g\",\"caption\":\"Administrador\"},\"url\":\"https:\/\/www.asajacyl.com\/palencia\/author\/carlosrm\"}]}<\/script>\n<!-- \/ Yoast SEO plugin. -->","yoast_head_json":{"title":"Castilla y Le\u00f3n ofrece un tercio de las estancias formativas del Programa Cultiva 2026 - ASAJA Palencia","description":"Hasta el pr\u00f3ximo 15 de septiembre est\u00e1 abierto el plazo para todos los j\u00f3venes interesados en disfrutar de estancias formativas en las explotaciones Castilla y Le\u00f3n ofrece un tercio de las estancias formativas del Programa Cultiva 2026.","robots":{"index":"index","follow":"follow","max-snippet":"max-snippet:-1","max-image-preview":"max-image-preview:large","max-video-preview":"max-video-preview:-1"},"canonical":"https:\/\/www.asajacyl.com\/palencia\/asaja-palencia-informa\/castilla-y-leon-ofrece-un-tercio-de-las-estancias-formativas-del-programa-cultiva-2026","og_locale":"es_ES","og_type":"article","og_title":"Castilla y Le\u00f3n ofrece un tercio de las estancias formativas del Programa Cultiva 2026 - ASAJA Palencia","og_description":"Hasta el pr\u00f3ximo 15 de septiembre est\u00e1 abierto el plazo para todos los j\u00f3venes interesados en disfrutar de estancias formativas en las explotaciones Castilla y Le\u00f3n ofrece un tercio de las estancias formativas del Programa Cultiva 2026.","og_url":"https:\/\/www.asajacyl.com\/palencia\/asaja-palencia-informa\/castilla-y-leon-ofrece-un-tercio-de-las-estancias-formativas-del-programa-cultiva-2026","og_site_name":"ASAJA Palencia","article_published_time":"2026-09-06T07:33:00+00:00","og_image":[{"width":1241,"height":905,"url":"https:\/\/www.asajacyl.com\/palencia\/wp-content\/uploads\/sites\/3\/2026\/09\/Programa-Cultiva-mapa-2026-bis.jpg","type":"image\/jpeg"}],"author":"Administrador","twitter_card":"summary_large_image","twitter_misc":{"Escrito por":"Administrador","Tiempo de lectura":"3 minutos"},"schema":{"@context":"https:\/\/schema.org","@graph":[{"@type":"WebPage","@id":"https:\/\/www.asajacyl.com\/palencia\/asaja-palencia-informa\/castilla-y-leon-ofrece-un-tercio-de-las-estancias-formativas-del-programa-cultiva-2026","url":"https:\/\/www.asajacyl.com\/palencia\/asaja-palencia-informa\/castilla-y-leon-ofrece-un-tercio-de-las-estancias-formativas-del-programa-cultiva-2026","name":"Castilla y Le\u00f3n ofrece un tercio de las estancias formativas del Programa Cultiva 2026 - ASAJA Palencia","isPartOf":{"@id":"https:\/\/www.asajacyl.com\/palencia\/#website"},"primaryImageOfPage":{"@id":"https:\/\/www.asajacyl.com\/palencia\/asaja-palencia-informa\/castilla-y-leon-ofrece-un-tercio-de-las-estancias-formativas-del-programa-cultiva-2026#primaryimage"},"image":{"@id":"https:\/\/www.asajacyl.com\/palencia\/asaja-palencia-informa\/castilla-y-leon-ofrece-un-tercio-de-las-estancias-formativas-del-programa-cultiva-2026#primaryimage"},"thumbnailUrl":"https:\/\/www.asajacyl.com\/palencia\/wp-content\/uploads\/sites\/3\/2026\/09\/Programa-Cultiva-mapa-2026-bis.jpg","datePublished":"2026-09-06T07:33:00+00:00","author":{"@id":"https:\/\/www.asajacyl.com\/palencia\/#\/schema\/person\/3ab17aeb03527485c317557fae64aab1"},"description":"Hasta el pr\u00f3ximo 15 de septiembre est\u00e1 abierto el plazo para todos los j\u00f3venes interesados en disfrutar de estancias formativas en las explotaciones Castilla y Le\u00f3n ofrece un tercio de las estancias formativas del Programa Cultiva 2026.","breadcrumb":{"@id":"https:\/\/www.asajacyl.com\/palencia\/asaja-palencia-informa\/castilla-y-leon-ofrece-un-tercio-de-las-estancias-formativas-del-programa-cultiva-2026#breadcrumb"},"inLanguage":"es","potentialAction":[{"@type":"ReadAction","target":["https:\/\/www.asajacyl.com\/palencia\/asaja-palencia-informa\/castilla-y-leon-ofrece-un-tercio-de-las-estancias-formativas-del-programa-cultiva-2026"]}]},{"@type":"ImageObject","inLanguage":"es","@id":"https:\/\/www.asajacyl.com\/palencia\/asaja-palencia-informa\/castilla-y-leon-ofrece-un-tercio-de-las-estancias-formativas-del-programa-cultiva-2026#primaryimage","url":"https:\/\/www.asajacyl.com\/palencia\/wp-content\/uploads\/sites\/3\/2026\/09\/Programa-Cultiva-mapa-2026-bis.jpg","contentUrl":"https:\/\/www.asajacyl.com\/palencia\/wp-content\/uploads\/sites\/3\/2026\/09\/Programa-Cultiva-mapa-2026-bis.jpg","width":1241,"height":905},{"@type":"BreadcrumbList","@id":"https:\/\/www.asajacyl.com\/palencia\/asaja-palencia-informa\/castilla-y-leon-ofrece-un-tercio-de-las-estancias-formativas-del-programa-cultiva-2026#breadcrumb","itemListElement":[{"@type":"ListItem","position":1,"name":"Portada","item":"https:\/\/www.asajacyl.com\/palencia\/"},{"@type":"ListItem","position":2,"name":"Castilla y Le\u00f3n ofrece un tercio de las estancias formativas del Programa Cultiva 2026"}]},{"@type":"WebSite","@id":"https:\/\/www.asajacyl.com\/palencia\/#website","url":"https:\/\/www.asajacyl.com\/palencia\/","name":"ASAJA Palencia","description":"Otro sitio m\u00e1s de Provincias ASAJA Castilla y Le\u00f3n","potentialAction":[{"@type":"SearchAction","target":{"@type":"EntryPoint","urlTemplate":"https:\/\/www.asajacyl.com\/palencia\/?s={search_term_string}"},"query-input":{"@type":"PropertyValueSpecification","valueRequired":true,"valueName":"search_term_string"}}],"inLanguage":"es"},{"@type":"Person","@id":"https:\/\/www.asajacyl.com\/palencia\/#\/schema\/person\/3ab17aeb03527485c317557fae64aab1","name":"Administrador","image":{"@type":"ImageObject","inLanguage":"es","@id":"https:\/\/www.asajacyl.com\/palencia\/#\/schema\/person\/image\/","url":"https:\/\/secure.gravatar.com\/avatar\/517384810d242ca9e38c180f3c9fb973?s=96&d=mm&r=g","contentUrl":"https:\/\/secure.gravatar.com\/avatar\/517384810d242ca9e38c180f3c9fb973?s=96&d=mm&r=g","caption":"Administrador"},"url":"https:\/\/www.asajacyl.com\/palencia\/author\/carlosrm"}]}},"_links":{"self":[{"href":"https:\/\/www.asajacyl.com\/palencia\/wp-json\/wp\/v2\/posts\/24018"}],"collection":[{"href":"https:\/\/www.asajacyl.com\/palencia\/wp-json\/wp\/v2\/posts"}],"about":[{"href":"https:\/\/www.asajacyl.com\/palencia\/wp-json\/wp\/v2\/types\/post"}],"author":[{"embeddable":true,"href":"https:\/\/www.asajacyl.com\/palencia\/wp-json\/wp\/v2\/users\/9"}],"replies":[{"embeddable":true,"href":"https:\/\/www.asajacyl.com\/palencia\/wp-json\/wp\/v2\/comments?post=24018"}],"version-history":[{"count":1,"href":"https:\/\/www.asajacyl.com\/palencia\/wp-json\/wp\/v2\/posts\/24018\/revisions"}],"predecessor-version":[{"id":24021,"href":"https:\/\/www.asajacyl.com\/palencia\/wp-json\/wp\/v2\/posts\/24018\/revisions\/24021"}],"wp:featuredmedia":[{"embeddable":true,"href":"https:\/\/www.asajacyl.com\/palencia\/wp-json\/wp\/v2\/media\/24020"}],"wp:attachment":[{"href":"https:\/\/www.asajacyl.com\/palencia\/wp-json\/wp\/v2\/media?parent=24018"}],"wp:term":[{"taxonomy":"category","embeddable":true,"href":"https:\/\/www.asajacyl.com\/palencia\/wp-json\/wp\/v2\/categories?post=24018"},{"taxonomy":"post_tag","embeddable":true,"href":"https:\/\/www.asajacyl.com\/palencia\/wp-json\/wp\/v2\/tags?post=24018"}],"curies":[{"name":"wp","href":"https:\/\/api.w.org\/{rel}","templated":true}]}}