{"id":4904,"date":"2017-12-04T18:36:56","date_gmt":"2017-12-04T17:36:56","guid":{"rendered":"http:\/\/www.asajacyl.com\/palencia\/?p=4904"},"modified":"2018-01-23T16:22:07","modified_gmt":"2018-01-23T15:22:07","slug":"asaja-exige-la-junta-rectifique-oficio-censo-las-elecciones-agrarias-faltar-electores","status":"publish","type":"post","link":"https:\/\/www.asajacyl.com\/palencia\/asaja-palencia-informa\/asaja-exige-la-junta-rectifique-oficio-censo-las-elecciones-agrarias-faltar-electores","title":{"rendered":"Asaja exige a la Junta que rectifique de oficio el censo de las elecciones agrarias por faltar electores"},"content":{"rendered":"<p>ASAJA<\/p>\n<p><img loading=\"lazy\" decoding=\"async\" class=\"aligncenter size-large wp-image-4910\" src=\"http:\/\/www.asajacyl.com\/palencia\/wp-content\/uploads\/sites\/3\/2017\/12\/candidatos-regionales-elecciones-campo-2012-1024x768.jpg\" alt=\"\" width=\"696\" height=\"522\" srcset=\"https:\/\/www.asajacyl.com\/palencia\/wp-content\/uploads\/sites\/3\/2017\/12\/candidatos-regionales-elecciones-campo-2012-1024x768.jpg 1024w, https:\/\/www.asajacyl.com\/palencia\/wp-content\/uploads\/sites\/3\/2017\/12\/candidatos-regionales-elecciones-campo-2012-300x225.jpg 300w, https:\/\/www.asajacyl.com\/palencia\/wp-content\/uploads\/sites\/3\/2017\/12\/candidatos-regionales-elecciones-campo-2012-768x576.jpg 768w, https:\/\/www.asajacyl.com\/palencia\/wp-content\/uploads\/sites\/3\/2017\/12\/candidatos-regionales-elecciones-campo-2012-80x60.jpg 80w, https:\/\/www.asajacyl.com\/palencia\/wp-content\/uploads\/sites\/3\/2017\/12\/candidatos-regionales-elecciones-campo-2012-696x522.jpg 696w, https:\/\/www.asajacyl.com\/palencia\/wp-content\/uploads\/sites\/3\/2017\/12\/candidatos-regionales-elecciones-campo-2012-1068x801.jpg 1068w, https:\/\/www.asajacyl.com\/palencia\/wp-content\/uploads\/sites\/3\/2017\/12\/candidatos-regionales-elecciones-campo-2012-560x420.jpg 560w, https:\/\/www.asajacyl.com\/palencia\/wp-content\/uploads\/sites\/3\/2017\/12\/candidatos-regionales-elecciones-campo-2012-1920x1440.jpg 1920w, https:\/\/www.asajacyl.com\/palencia\/wp-content\/uploads\/sites\/3\/2017\/12\/candidatos-regionales-elecciones-campo-2012.jpg 2048w\" sizes=\"(max-width: 696px) 100vw, 696px\" \/>ha criticado el \u201cpoco rigor\u201d del censo provisional de electores elaborado por la Consejer\u00eda de Agricultura y Ganader\u00eda para la consulta de representatividad del sector, convocada para el 11 de febrero, censo en el que faltan centenares de agricultores y ganaderos que deber\u00edan tener derecho a voto. ASAJA ha constatado esta situaci\u00f3n despu\u00e9s de contrastar los datos, al llamarle mucho la atenci\u00f3n que el censo de personas f\u00edsicas hubiera ca\u00eddo el 15% en cinco a\u00f1os, pasando de 40.490 en 2012 a 34.441 en la actualidad. Los mayores errores detectados son las ausencias de uno de los c\u00f3nyuges cuando no solicita ayudas a su nombre, de los miembros de sociedades civiles y mercantiles, miembros de cooperativas, y miembros de comunidades de bienes.<\/p>\n<p>&nbsp;<\/p>\n<p>En la web de la Seguridad Social se recoge el dato de 30.757 agricultores y ganaderos castellanos y leoneses cotizantes como aut\u00f3nomos a la agricultura dentro del Sistema Especial de Trabajadores Agrarios (SETA). A estos habr\u00eda que a\u00f1adirles quienes no est\u00e1n en el SETA en funci\u00f3n de sus ingresos pero que igualmente son aut\u00f3nomos del campo, 9.828, lo que sumar\u00eda en su conjunto 40.585 cotizantes medios en noviembre, como ha publicado la Seguridad Social.<\/p>\n<p>&nbsp;<\/p>\n<p>ASAJA se pregunta c\u00f3mo es posible este desfase de datos y exige que se recuperen de oficio sin necesidad de que los afectados aleguen, ya que no es posible solucionar el problema por la v\u00eda de las alegaciones cuando esta cuesti\u00f3n suele suscitar un inter\u00e9s muy relativo. \u201cSi la Consejer\u00eda no lo hace as\u00ed, se estar\u00e1 privando del derecho a voto a cientos de agricultores y ganaderos, y se estar\u00e1 castigando el modelo societario, incluidas cooperativas y SAT, as\u00ed como f\u00f3rmulas que promueven la equidad como la cotitularidad, titularidad compartida y comunidades de bienes. Con ello, la administraci\u00f3n perjudica modelos sociales que por el contrario deber\u00eda de primar y favorecer\u201d, subraya la OPA.<\/p>\n<p>&nbsp;<\/p>\n<p>La Ley Agraria establece que podr\u00e1n votar todas las personas f\u00edsicas que coticen a la Seguridad Social en el r\u00e9gimen de aut\u00f3nomos con ep\u00edgrafe agrario. No obstante, en el Decreto que regula el proceso (Decreto 30\/2016), la consejer\u00eda de Agricultura se sac\u00f3 de la manga un nuevo condicionante, que es el de figurar inscrito en el Registro de Explotaciones Agrarias de Castilla y Le\u00f3n (REACYL). Toda una contradicci\u00f3n, pues el registro no est\u00e1 previsto para miembros de sociedades ni para acoger a los dos c\u00f3nyuges cuando la explotaci\u00f3n figura \u00edntegra a nombre de uno de ellos (por lo general el marido).<\/p>\n<p>&nbsp;<\/p>\n<p>ASAJA pide a la consejer\u00eda de Agricultura que \u201cse pronuncie sobre una nueva exposici\u00f3n de censos que subsane la chapuza de los existentes\u201d. En el caso contrario, ASAJA har\u00e1 un esfuerzo por recuperar al mayor n\u00famero posible de los ahora excluidos, para lo que pide a todos los agricultores y ganaderos que consulten su situaci\u00f3n en dicho censo bien a trav\u00e9s de la web de la Junta o bien en los listados expuestos en los ayuntamientos y servicios territoriales.<\/p>\n","protected":false},"excerpt":{"rendered":"<p>ASAJA ha criticado el \u201cpoco rigor\u201d del censo provisional de electores elaborado por la Consejer\u00eda de Agricultura y Ganader\u00eda para la consulta de representatividad del sector, convocada para el 11 de febrero, censo en el que faltan centenares de agricultores y ganaderos que deber\u00edan tener derecho a voto. ASAJA ha constatado esta situaci\u00f3n despu\u00e9s de [&hellip;]<\/p>\n","protected":false},"author":9,"featured_media":4910,"comment_status":"open","ping_status":"open","sticky":false,"template":"","format":"standard","meta":{"footnotes":""},"categories":[9,28],"tags":[],"yoast_head":"<!-- This site is optimized with the Yoast SEO plugin v24.5 - https:\/\/yoast.com\/wordpress\/plugins\/seo\/ -->\n<title>Asaja exige a la Junta que rectifique de oficio el censo de las elecciones agrarias por faltar electores - ASAJA Palencia<\/title>\n<meta name=\"description\" content=\"ASAJA ha criticado el \u201cpoco rigor\u201d del censo provisional de electores elaborado por la Consejer\u00eda de Agricultura y Ganader\u00eda para la consulta de\" \/>\n<meta name=\"robots\" content=\"index, follow, max-snippet:-1, max-image-preview:large, max-video-preview:-1\" \/>\n<link rel=\"canonical\" href=\"https:\/\/www.asajacyl.com\/palencia\/asaja-palencia-informa\/asaja-exige-la-junta-rectifique-oficio-censo-las-elecciones-agrarias-faltar-electores\" \/>\n<meta property=\"og:locale\" content=\"es_ES\" \/>\n<meta property=\"og:type\" content=\"article\" \/>\n<meta property=\"og:title\" content=\"Asaja exige a la Junta que rectifique de oficio el censo de las elecciones agrarias por faltar electores - ASAJA Palencia\" \/>\n<meta property=\"og:description\" content=\"ASAJA ha criticado el \u201cpoco rigor\u201d del censo provisional de electores elaborado por la Consejer\u00eda de Agricultura y Ganader\u00eda para la consulta de\" \/>\n<meta property=\"og:url\" content=\"https:\/\/www.asajacyl.com\/palencia\/asaja-palencia-informa\/asaja-exige-la-junta-rectifique-oficio-censo-las-elecciones-agrarias-faltar-electores\" \/>\n<meta property=\"og:site_name\" content=\"ASAJA Palencia\" \/>\n<meta property=\"article:published_time\" content=\"2017-12-04T17:36:56+00:00\" \/>\n<meta property=\"article:modified_time\" content=\"2018-01-23T15:22:07+00:00\" \/>\n<meta property=\"og:image\" content=\"https:\/\/www.asajacyl.com\/palencia\/wp-content\/uploads\/sites\/3\/2017\/12\/candidatos-regionales-elecciones-campo-2012.jpg\" \/>\n\t<meta property=\"og:image:width\" content=\"2048\" \/>\n\t<meta property=\"og:image:height\" content=\"1536\" \/>\n\t<meta property=\"og:image:type\" content=\"image\/jpeg\" \/>\n<meta name=\"author\" content=\"Administrador\" \/>\n<meta name=\"twitter:card\" content=\"summary_large_image\" \/>\n<meta name=\"twitter:label1\" content=\"Escrito por\" \/>\n\t<meta name=\"twitter:data1\" content=\"Administrador\" \/>\n\t<meta name=\"twitter:label2\" content=\"Tiempo de lectura\" \/>\n\t<meta name=\"twitter:data2\" content=\"3 minutos\" \/>\n<script type=\"application\/ld+json\" class=\"yoast-schema-graph\">{\"@context\":\"https:\/\/schema.org\",\"@graph\":[{\"@type\":\"WebPage\",\"@id\":\"https:\/\/www.asajacyl.com\/palencia\/asaja-palencia-informa\/asaja-exige-la-junta-rectifique-oficio-censo-las-elecciones-agrarias-faltar-electores\",\"url\":\"https:\/\/www.asajacyl.com\/palencia\/asaja-palencia-informa\/asaja-exige-la-junta-rectifique-oficio-censo-las-elecciones-agrarias-faltar-electores\",\"name\":\"Asaja exige a la Junta que rectifique de oficio el censo de las elecciones agrarias por faltar electores - ASAJA Palencia\",\"isPartOf\":{\"@id\":\"https:\/\/www.asajacyl.com\/palencia\/#website\"},\"primaryImageOfPage\":{\"@id\":\"https:\/\/www.asajacyl.com\/palencia\/asaja-palencia-informa\/asaja-exige-la-junta-rectifique-oficio-censo-las-elecciones-agrarias-faltar-electores#primaryimage\"},\"image\":{\"@id\":\"https:\/\/www.asajacyl.com\/palencia\/asaja-palencia-informa\/asaja-exige-la-junta-rectifique-oficio-censo-las-elecciones-agrarias-faltar-electores#primaryimage\"},\"thumbnailUrl\":\"https:\/\/www.asajacyl.com\/palencia\/wp-content\/uploads\/sites\/3\/2017\/12\/candidatos-regionales-elecciones-campo-2012.jpg\",\"datePublished\":\"2017-12-04T17:36:56+00:00\",\"dateModified\":\"2018-01-23T15:22:07+00:00\",\"author\":{\"@id\":\"https:\/\/www.asajacyl.com\/palencia\/#\/schema\/person\/3ab17aeb03527485c317557fae64aab1\"},\"description\":\"ASAJA ha criticado el \u201cpoco rigor\u201d del censo provisional de electores elaborado por la Consejer\u00eda de Agricultura y Ganader\u00eda para la consulta de\",\"breadcrumb\":{\"@id\":\"https:\/\/www.asajacyl.com\/palencia\/asaja-palencia-informa\/asaja-exige-la-junta-rectifique-oficio-censo-las-elecciones-agrarias-faltar-electores#breadcrumb\"},\"inLanguage\":\"es\",\"potentialAction\":[{\"@type\":\"ReadAction\",\"target\":[\"https:\/\/www.asajacyl.com\/palencia\/asaja-palencia-informa\/asaja-exige-la-junta-rectifique-oficio-censo-las-elecciones-agrarias-faltar-electores\"]}]},{\"@type\":\"ImageObject\",\"inLanguage\":\"es\",\"@id\":\"https:\/\/www.asajacyl.com\/palencia\/asaja-palencia-informa\/asaja-exige-la-junta-rectifique-oficio-censo-las-elecciones-agrarias-faltar-electores#primaryimage\",\"url\":\"https:\/\/www.asajacyl.com\/palencia\/wp-content\/uploads\/sites\/3\/2017\/12\/candidatos-regionales-elecciones-campo-2012.jpg\",\"contentUrl\":\"https:\/\/www.asajacyl.com\/palencia\/wp-content\/uploads\/sites\/3\/2017\/12\/candidatos-regionales-elecciones-campo-2012.jpg\",\"width\":2048,\"height\":1536},{\"@type\":\"BreadcrumbList\",\"@id\":\"https:\/\/www.asajacyl.com\/palencia\/asaja-palencia-informa\/asaja-exige-la-junta-rectifique-oficio-censo-las-elecciones-agrarias-faltar-electores#breadcrumb\",\"itemListElement\":[{\"@type\":\"ListItem\",\"position\":1,\"name\":\"Portada\",\"item\":\"https:\/\/www.asajacyl.com\/palencia\/\"},{\"@type\":\"ListItem\",\"position\":2,\"name\":\"Asaja exige a la Junta que rectifique de oficio el censo de las elecciones agrarias por faltar electores\"}]},{\"@type\":\"WebSite\",\"@id\":\"https:\/\/www.asajacyl.com\/palencia\/#website\",\"url\":\"https:\/\/www.asajacyl.com\/palencia\/\",\"name\":\"ASAJA Palencia\",\"description\":\"Otro sitio m\u00e1s de Provincias ASAJA Castilla y Le\u00f3n\",\"potentialAction\":[{\"@type\":\"SearchAction\",\"target\":{\"@type\":\"EntryPoint\",\"urlTemplate\":\"https:\/\/www.asajacyl.com\/palencia\/?s={search_term_string}\"},\"query-input\":{\"@type\":\"PropertyValueSpecification\",\"valueRequired\":true,\"valueName\":\"search_term_string\"}}],\"inLanguage\":\"es\"},{\"@type\":\"Person\",\"@id\":\"https:\/\/www.asajacyl.com\/palencia\/#\/schema\/person\/3ab17aeb03527485c317557fae64aab1\",\"name\":\"Administrador\",\"image\":{\"@type\":\"ImageObject\",\"inLanguage\":\"es\",\"@id\":\"https:\/\/www.asajacyl.com\/palencia\/#\/schema\/person\/image\/\",\"url\":\"https:\/\/secure.gravatar.com\/avatar\/517384810d242ca9e38c180f3c9fb973?s=96&d=mm&r=g\",\"contentUrl\":\"https:\/\/secure.gravatar.com\/avatar\/517384810d242ca9e38c180f3c9fb973?s=96&d=mm&r=g\",\"caption\":\"Administrador\"},\"url\":\"https:\/\/www.asajacyl.com\/palencia\/author\/carlosrm\"}]}<\/script>\n<!-- \/ Yoast SEO plugin. -->","yoast_head_json":{"title":"Asaja exige a la Junta que rectifique de oficio el censo de las elecciones agrarias por faltar electores - ASAJA Palencia","description":"ASAJA ha criticado el \u201cpoco rigor\u201d del censo provisional de electores elaborado por la Consejer\u00eda de Agricultura y Ganader\u00eda para la consulta de","robots":{"index":"index","follow":"follow","max-snippet":"max-snippet:-1","max-image-preview":"max-image-preview:large","max-video-preview":"max-video-preview:-1"},"canonical":"https:\/\/www.asajacyl.com\/palencia\/asaja-palencia-informa\/asaja-exige-la-junta-rectifique-oficio-censo-las-elecciones-agrarias-faltar-electores","og_locale":"es_ES","og_type":"article","og_title":"Asaja exige a la Junta que rectifique de oficio el censo de las elecciones agrarias por faltar electores - ASAJA Palencia","og_description":"ASAJA ha criticado el \u201cpoco rigor\u201d del censo provisional de electores elaborado por la Consejer\u00eda de Agricultura y Ganader\u00eda para la consulta de","og_url":"https:\/\/www.asajacyl.com\/palencia\/asaja-palencia-informa\/asaja-exige-la-junta-rectifique-oficio-censo-las-elecciones-agrarias-faltar-electores","og_site_name":"ASAJA Palencia","article_published_time":"2017-12-04T17:36:56+00:00","article_modified_time":"2018-01-23T15:22:07+00:00","og_image":[{"width":2048,"height":1536,"url":"https:\/\/www.asajacyl.com\/palencia\/wp-content\/uploads\/sites\/3\/2017\/12\/candidatos-regionales-elecciones-campo-2012.jpg","type":"image\/jpeg"}],"author":"Administrador","twitter_card":"summary_large_image","twitter_misc":{"Escrito por":"Administrador","Tiempo de lectura":"3 minutos"},"schema":{"@context":"https:\/\/schema.org","@graph":[{"@type":"WebPage","@id":"https:\/\/www.asajacyl.com\/palencia\/asaja-palencia-informa\/asaja-exige-la-junta-rectifique-oficio-censo-las-elecciones-agrarias-faltar-electores","url":"https:\/\/www.asajacyl.com\/palencia\/asaja-palencia-informa\/asaja-exige-la-junta-rectifique-oficio-censo-las-elecciones-agrarias-faltar-electores","name":"Asaja exige a la Junta que rectifique de oficio el censo de las elecciones agrarias por faltar electores - ASAJA Palencia","isPartOf":{"@id":"https:\/\/www.asajacyl.com\/palencia\/#website"},"primaryImageOfPage":{"@id":"https:\/\/www.asajacyl.com\/palencia\/asaja-palencia-informa\/asaja-exige-la-junta-rectifique-oficio-censo-las-elecciones-agrarias-faltar-electores#primaryimage"},"image":{"@id":"https:\/\/www.asajacyl.com\/palencia\/asaja-palencia-informa\/asaja-exige-la-junta-rectifique-oficio-censo-las-elecciones-agrarias-faltar-electores#primaryimage"},"thumbnailUrl":"https:\/\/www.asajacyl.com\/palencia\/wp-content\/uploads\/sites\/3\/2017\/12\/candidatos-regionales-elecciones-campo-2012.jpg","datePublished":"2017-12-04T17:36:56+00:00","dateModified":"2018-01-23T15:22:07+00:00","author":{"@id":"https:\/\/www.asajacyl.com\/palencia\/#\/schema\/person\/3ab17aeb03527485c317557fae64aab1"},"description":"ASAJA ha criticado el \u201cpoco rigor\u201d del censo provisional de electores elaborado por la Consejer\u00eda de Agricultura y Ganader\u00eda para la consulta de","breadcrumb":{"@id":"https:\/\/www.asajacyl.com\/palencia\/asaja-palencia-informa\/asaja-exige-la-junta-rectifique-oficio-censo-las-elecciones-agrarias-faltar-electores#breadcrumb"},"inLanguage":"es","potentialAction":[{"@type":"ReadAction","target":["https:\/\/www.asajacyl.com\/palencia\/asaja-palencia-informa\/asaja-exige-la-junta-rectifique-oficio-censo-las-elecciones-agrarias-faltar-electores"]}]},{"@type":"ImageObject","inLanguage":"es","@id":"https:\/\/www.asajacyl.com\/palencia\/asaja-palencia-informa\/asaja-exige-la-junta-rectifique-oficio-censo-las-elecciones-agrarias-faltar-electores#primaryimage","url":"https:\/\/www.asajacyl.com\/palencia\/wp-content\/uploads\/sites\/3\/2017\/12\/candidatos-regionales-elecciones-campo-2012.jpg","contentUrl":"https:\/\/www.asajacyl.com\/palencia\/wp-content\/uploads\/sites\/3\/2017\/12\/candidatos-regionales-elecciones-campo-2012.jpg","width":2048,"height":1536},{"@type":"BreadcrumbList","@id":"https:\/\/www.asajacyl.com\/palencia\/asaja-palencia-informa\/asaja-exige-la-junta-rectifique-oficio-censo-las-elecciones-agrarias-faltar-electores#breadcrumb","itemListElement":[{"@type":"ListItem","position":1,"name":"Portada","item":"https:\/\/www.asajacyl.com\/palencia\/"},{"@type":"ListItem","position":2,"name":"Asaja exige a la Junta que rectifique de oficio el censo de las elecciones agrarias por faltar electores"}]},{"@type":"WebSite","@id":"https:\/\/www.asajacyl.com\/palencia\/#website","url":"https:\/\/www.asajacyl.com\/palencia\/","name":"ASAJA Palencia","description":"Otro sitio m\u00e1s de Provincias ASAJA Castilla y Le\u00f3n","potentialAction":[{"@type":"SearchAction","target":{"@type":"EntryPoint","urlTemplate":"https:\/\/www.asajacyl.com\/palencia\/?s={search_term_string}"},"query-input":{"@type":"PropertyValueSpecification","valueRequired":true,"valueName":"search_term_string"}}],"inLanguage":"es"},{"@type":"Person","@id":"https:\/\/www.asajacyl.com\/palencia\/#\/schema\/person\/3ab17aeb03527485c317557fae64aab1","name":"Administrador","image":{"@type":"ImageObject","inLanguage":"es","@id":"https:\/\/www.asajacyl.com\/palencia\/#\/schema\/person\/image\/","url":"https:\/\/secure.gravatar.com\/avatar\/517384810d242ca9e38c180f3c9fb973?s=96&d=mm&r=g","contentUrl":"https:\/\/secure.gravatar.com\/avatar\/517384810d242ca9e38c180f3c9fb973?s=96&d=mm&r=g","caption":"Administrador"},"url":"https:\/\/www.asajacyl.com\/palencia\/author\/carlosrm"}]}},"_links":{"self":[{"href":"https:\/\/www.asajacyl.com\/palencia\/wp-json\/wp\/v2\/posts\/4904"}],"collection":[{"href":"https:\/\/www.asajacyl.com\/palencia\/wp-json\/wp\/v2\/posts"}],"about":[{"href":"https:\/\/www.asajacyl.com\/palencia\/wp-json\/wp\/v2\/types\/post"}],"author":[{"embeddable":true,"href":"https:\/\/www.asajacyl.com\/palencia\/wp-json\/wp\/v2\/users\/9"}],"replies":[{"embeddable":true,"href":"https:\/\/www.asajacyl.com\/palencia\/wp-json\/wp\/v2\/comments?post=4904"}],"version-history":[{"count":3,"href":"https:\/\/www.asajacyl.com\/palencia\/wp-json\/wp\/v2\/posts\/4904\/revisions"}],"predecessor-version":[{"id":4912,"href":"https:\/\/www.asajacyl.com\/palencia\/wp-json\/wp\/v2\/posts\/4904\/revisions\/4912"}],"wp:featuredmedia":[{"embeddable":true,"href":"https:\/\/www.asajacyl.com\/palencia\/wp-json\/wp\/v2\/media\/4910"}],"wp:attachment":[{"href":"https:\/\/www.asajacyl.com\/palencia\/wp-json\/wp\/v2\/media?parent=4904"}],"wp:term":[{"taxonomy":"category","embeddable":true,"href":"https:\/\/www.asajacyl.com\/palencia\/wp-json\/wp\/v2\/categories?post=4904"},{"taxonomy":"post_tag","embeddable":true,"href":"https:\/\/www.asajacyl.com\/palencia\/wp-json\/wp\/v2\/tags?post=4904"}],"curies":[{"name":"wp","href":"https:\/\/api.w.org\/{rel}","templated":true}]}}