{"id":5227,"date":"2018-06-06T14:01:55","date_gmt":"2018-06-06T12:01:55","guid":{"rendered":"http:\/\/www.asajacyl.com\/palencia\/?p=5227"},"modified":"2018-06-19T14:49:29","modified_gmt":"2018-06-19T12:49:29","slug":"jornadas-seguro-ganadero-saldana-12-junio-aguilar-19-junio","status":"publish","type":"post","link":"https:\/\/www.asajacyl.com\/palencia\/servicios-socio\/jornadas-seguro-ganadero-saldana-12-junio-aguilar-19-junio","title":{"rendered":"Jornadas sobre el seguro ganadero en Salda\u00f1a (12 de junio) y Aguilar (19 de junio)"},"content":{"rendered":"<p><img loading=\"lazy\" decoding=\"async\" class=\"alignnone wp-image-5230 size-full\" src=\"http:\/\/www.asajacyl.com\/palencia\/wp-content\/uploads\/sites\/3\/2018\/06\/cartel-jornada-ganaderia.jpg\" alt=\"\" width=\"548\" height=\"385\" srcset=\"https:\/\/www.asajacyl.com\/palencia\/wp-content\/uploads\/sites\/3\/2018\/06\/cartel-jornada-ganaderia.jpg 548w, https:\/\/www.asajacyl.com\/palencia\/wp-content\/uploads\/sites\/3\/2018\/06\/cartel-jornada-ganaderia-300x211.jpg 300w\" sizes=\"(max-width: 548px) 100vw, 548px\" \/><\/p>\n<p>Asaja Palencia organiza sendas jornadas sobre el seguro ganadero que tendr\u00e1n lugar en Salda\u00f1a, el 12 de junio, y en Aguilar, el 19 de junio.<\/p>\n<p>Asaja invita a participar en las jornadas a todos los ganaderos, dado el gran inter\u00e9s de los temas que van a tratarse. Las jornadas contar\u00e1n con la presencia de la jefe del Servicio de Sanidad Animal de la Junta, Olga M\u00ednguez, que informar\u00e1 sobre la campa\u00f1a de saneamiento ganadero. Adem\u00e1s el mayor experto en la l\u00ednea de seguro de ganado vacuno que hay en Agroseguro explicar\u00e1 los detalles de la l\u00ednea 401, o dicho de otra forma, el seguro de reproducci\u00f3n y producci\u00f3n de vacuno.<\/p>\n<p>Tanto en Salda\u00f1a como en Aguilar los actos comenzar\u00e1n a las 12 del mediod\u00eda.<\/p>\n<p>Asaja Palencia recuerda que es <strong>imprescindible apuntarse con antelaci\u00f3n<\/strong> para poder participar en las jornadas.<\/p>\n","protected":false},"excerpt":{"rendered":"<p>Asaja Palencia organiza sendas jornadas sobre el seguro ganadero que tendr\u00e1n lugar en Salda\u00f1a, el 12 de junio, y en Aguilar, el 19 de junio. Asaja invita a participar en las jornadas a todos los ganaderos, dado el gran inter\u00e9s de los temas que van a tratarse. Las jornadas contar\u00e1n con la presencia de la [&hellip;]<\/p>\n","protected":false},"author":9,"featured_media":5230,"comment_status":"open","ping_status":"open","sticky":false,"template":"","format":"standard","meta":{"footnotes":""},"categories":[39,13],"tags":[],"yoast_head":"<!-- This site is optimized with the Yoast SEO plugin v24.5 - https:\/\/yoast.com\/wordpress\/plugins\/seo\/ -->\n<title>Jornadas sobre el seguro ganadero en Salda\u00f1a (12 de junio) y Aguilar (19 de junio) - ASAJA Palencia<\/title>\n<meta name=\"description\" content=\"Asaja Palencia organiza sendas jornadas sobre el seguro ganadero que tendr\u00e1n lugar en Salda\u00f1a, el 12 de junio, y en Aguilar, el 19 de junio. Asaja invita\" \/>\n<meta name=\"robots\" content=\"index, follow, max-snippet:-1, max-image-preview:large, max-video-preview:-1\" \/>\n<link rel=\"canonical\" href=\"https:\/\/www.asajacyl.com\/palencia\/servicios-socio\/jornadas-seguro-ganadero-saldana-12-junio-aguilar-19-junio\" \/>\n<meta property=\"og:locale\" content=\"es_ES\" \/>\n<meta property=\"og:type\" content=\"article\" \/>\n<meta property=\"og:title\" content=\"Jornadas sobre el seguro ganadero en Salda\u00f1a (12 de junio) y Aguilar (19 de junio) - ASAJA Palencia\" \/>\n<meta property=\"og:description\" content=\"Asaja Palencia organiza sendas jornadas sobre el seguro ganadero que tendr\u00e1n lugar en Salda\u00f1a, el 12 de junio, y en Aguilar, el 19 de junio. Asaja invita\" \/>\n<meta property=\"og:url\" content=\"https:\/\/www.asajacyl.com\/palencia\/servicios-socio\/jornadas-seguro-ganadero-saldana-12-junio-aguilar-19-junio\" \/>\n<meta property=\"og:site_name\" content=\"ASAJA Palencia\" \/>\n<meta property=\"article:published_time\" content=\"2018-06-06T12:01:55+00:00\" \/>\n<meta property=\"article:modified_time\" content=\"2018-06-19T12:49:29+00:00\" \/>\n<meta property=\"og:image\" content=\"https:\/\/www.asajacyl.com\/palencia\/wp-content\/uploads\/sites\/3\/2018\/06\/cartel-jornada-ganaderia.jpg\" \/>\n\t<meta property=\"og:image:width\" content=\"548\" \/>\n\t<meta property=\"og:image:height\" content=\"385\" \/>\n\t<meta property=\"og:image:type\" content=\"image\/jpeg\" \/>\n<meta name=\"author\" content=\"Administrador\" \/>\n<meta name=\"twitter:card\" content=\"summary_large_image\" \/>\n<meta name=\"twitter:label1\" content=\"Escrito por\" \/>\n\t<meta name=\"twitter:data1\" content=\"Administrador\" \/>\n\t<meta name=\"twitter:label2\" content=\"Tiempo de lectura\" \/>\n\t<meta name=\"twitter:data2\" content=\"1 minuto\" \/>\n<script type=\"application\/ld+json\" class=\"yoast-schema-graph\">{\"@context\":\"https:\/\/schema.org\",\"@graph\":[{\"@type\":\"WebPage\",\"@id\":\"https:\/\/www.asajacyl.com\/palencia\/servicios-socio\/jornadas-seguro-ganadero-saldana-12-junio-aguilar-19-junio\",\"url\":\"https:\/\/www.asajacyl.com\/palencia\/servicios-socio\/jornadas-seguro-ganadero-saldana-12-junio-aguilar-19-junio\",\"name\":\"Jornadas sobre el seguro ganadero en Salda\u00f1a (12 de junio) y Aguilar (19 de junio) - ASAJA Palencia\",\"isPartOf\":{\"@id\":\"https:\/\/www.asajacyl.com\/palencia\/#website\"},\"primaryImageOfPage\":{\"@id\":\"https:\/\/www.asajacyl.com\/palencia\/servicios-socio\/jornadas-seguro-ganadero-saldana-12-junio-aguilar-19-junio#primaryimage\"},\"image\":{\"@id\":\"https:\/\/www.asajacyl.com\/palencia\/servicios-socio\/jornadas-seguro-ganadero-saldana-12-junio-aguilar-19-junio#primaryimage\"},\"thumbnailUrl\":\"https:\/\/www.asajacyl.com\/palencia\/wp-content\/uploads\/sites\/3\/2018\/06\/cartel-jornada-ganaderia.jpg\",\"datePublished\":\"2018-06-06T12:01:55+00:00\",\"dateModified\":\"2018-06-19T12:49:29+00:00\",\"author\":{\"@id\":\"https:\/\/www.asajacyl.com\/palencia\/#\/schema\/person\/3ab17aeb03527485c317557fae64aab1\"},\"description\":\"Asaja Palencia organiza sendas jornadas sobre el seguro ganadero que tendr\u00e1n lugar en Salda\u00f1a, el 12 de junio, y en Aguilar, el 19 de junio. Asaja invita\",\"breadcrumb\":{\"@id\":\"https:\/\/www.asajacyl.com\/palencia\/servicios-socio\/jornadas-seguro-ganadero-saldana-12-junio-aguilar-19-junio#breadcrumb\"},\"inLanguage\":\"es\",\"potentialAction\":[{\"@type\":\"ReadAction\",\"target\":[\"https:\/\/www.asajacyl.com\/palencia\/servicios-socio\/jornadas-seguro-ganadero-saldana-12-junio-aguilar-19-junio\"]}]},{\"@type\":\"ImageObject\",\"inLanguage\":\"es\",\"@id\":\"https:\/\/www.asajacyl.com\/palencia\/servicios-socio\/jornadas-seguro-ganadero-saldana-12-junio-aguilar-19-junio#primaryimage\",\"url\":\"https:\/\/www.asajacyl.com\/palencia\/wp-content\/uploads\/sites\/3\/2018\/06\/cartel-jornada-ganaderia.jpg\",\"contentUrl\":\"https:\/\/www.asajacyl.com\/palencia\/wp-content\/uploads\/sites\/3\/2018\/06\/cartel-jornada-ganaderia.jpg\",\"width\":548,\"height\":385},{\"@type\":\"BreadcrumbList\",\"@id\":\"https:\/\/www.asajacyl.com\/palencia\/servicios-socio\/jornadas-seguro-ganadero-saldana-12-junio-aguilar-19-junio#breadcrumb\",\"itemListElement\":[{\"@type\":\"ListItem\",\"position\":1,\"name\":\"Portada\",\"item\":\"https:\/\/www.asajacyl.com\/palencia\/\"},{\"@type\":\"ListItem\",\"position\":2,\"name\":\"Jornadas sobre el seguro ganadero en Salda\u00f1a (12 de junio) y Aguilar (19 de junio)\"}]},{\"@type\":\"WebSite\",\"@id\":\"https:\/\/www.asajacyl.com\/palencia\/#website\",\"url\":\"https:\/\/www.asajacyl.com\/palencia\/\",\"name\":\"ASAJA Palencia\",\"description\":\"Otro sitio m\u00e1s de Provincias ASAJA Castilla y Le\u00f3n\",\"potentialAction\":[{\"@type\":\"SearchAction\",\"target\":{\"@type\":\"EntryPoint\",\"urlTemplate\":\"https:\/\/www.asajacyl.com\/palencia\/?s={search_term_string}\"},\"query-input\":{\"@type\":\"PropertyValueSpecification\",\"valueRequired\":true,\"valueName\":\"search_term_string\"}}],\"inLanguage\":\"es\"},{\"@type\":\"Person\",\"@id\":\"https:\/\/www.asajacyl.com\/palencia\/#\/schema\/person\/3ab17aeb03527485c317557fae64aab1\",\"name\":\"Administrador\",\"image\":{\"@type\":\"ImageObject\",\"inLanguage\":\"es\",\"@id\":\"https:\/\/www.asajacyl.com\/palencia\/#\/schema\/person\/image\/\",\"url\":\"https:\/\/secure.gravatar.com\/avatar\/517384810d242ca9e38c180f3c9fb973?s=96&d=mm&r=g\",\"contentUrl\":\"https:\/\/secure.gravatar.com\/avatar\/517384810d242ca9e38c180f3c9fb973?s=96&d=mm&r=g\",\"caption\":\"Administrador\"},\"url\":\"https:\/\/www.asajacyl.com\/palencia\/author\/carlosrm\"}]}<\/script>\n<!-- \/ Yoast SEO plugin. -->","yoast_head_json":{"title":"Jornadas sobre el seguro ganadero en Salda\u00f1a (12 de junio) y Aguilar (19 de junio) - ASAJA Palencia","description":"Asaja Palencia organiza sendas jornadas sobre el seguro ganadero que tendr\u00e1n lugar en Salda\u00f1a, el 12 de junio, y en Aguilar, el 19 de junio. Asaja invita","robots":{"index":"index","follow":"follow","max-snippet":"max-snippet:-1","max-image-preview":"max-image-preview:large","max-video-preview":"max-video-preview:-1"},"canonical":"https:\/\/www.asajacyl.com\/palencia\/servicios-socio\/jornadas-seguro-ganadero-saldana-12-junio-aguilar-19-junio","og_locale":"es_ES","og_type":"article","og_title":"Jornadas sobre el seguro ganadero en Salda\u00f1a (12 de junio) y Aguilar (19 de junio) - ASAJA Palencia","og_description":"Asaja Palencia organiza sendas jornadas sobre el seguro ganadero que tendr\u00e1n lugar en Salda\u00f1a, el 12 de junio, y en Aguilar, el 19 de junio. Asaja invita","og_url":"https:\/\/www.asajacyl.com\/palencia\/servicios-socio\/jornadas-seguro-ganadero-saldana-12-junio-aguilar-19-junio","og_site_name":"ASAJA Palencia","article_published_time":"2018-06-06T12:01:55+00:00","article_modified_time":"2018-06-19T12:49:29+00:00","og_image":[{"width":548,"height":385,"url":"https:\/\/www.asajacyl.com\/palencia\/wp-content\/uploads\/sites\/3\/2018\/06\/cartel-jornada-ganaderia.jpg","type":"image\/jpeg"}],"author":"Administrador","twitter_card":"summary_large_image","twitter_misc":{"Escrito por":"Administrador","Tiempo de lectura":"1 minuto"},"schema":{"@context":"https:\/\/schema.org","@graph":[{"@type":"WebPage","@id":"https:\/\/www.asajacyl.com\/palencia\/servicios-socio\/jornadas-seguro-ganadero-saldana-12-junio-aguilar-19-junio","url":"https:\/\/www.asajacyl.com\/palencia\/servicios-socio\/jornadas-seguro-ganadero-saldana-12-junio-aguilar-19-junio","name":"Jornadas sobre el seguro ganadero en Salda\u00f1a (12 de junio) y Aguilar (19 de junio) - ASAJA Palencia","isPartOf":{"@id":"https:\/\/www.asajacyl.com\/palencia\/#website"},"primaryImageOfPage":{"@id":"https:\/\/www.asajacyl.com\/palencia\/servicios-socio\/jornadas-seguro-ganadero-saldana-12-junio-aguilar-19-junio#primaryimage"},"image":{"@id":"https:\/\/www.asajacyl.com\/palencia\/servicios-socio\/jornadas-seguro-ganadero-saldana-12-junio-aguilar-19-junio#primaryimage"},"thumbnailUrl":"https:\/\/www.asajacyl.com\/palencia\/wp-content\/uploads\/sites\/3\/2018\/06\/cartel-jornada-ganaderia.jpg","datePublished":"2018-06-06T12:01:55+00:00","dateModified":"2018-06-19T12:49:29+00:00","author":{"@id":"https:\/\/www.asajacyl.com\/palencia\/#\/schema\/person\/3ab17aeb03527485c317557fae64aab1"},"description":"Asaja Palencia organiza sendas jornadas sobre el seguro ganadero que tendr\u00e1n lugar en Salda\u00f1a, el 12 de junio, y en Aguilar, el 19 de junio. Asaja invita","breadcrumb":{"@id":"https:\/\/www.asajacyl.com\/palencia\/servicios-socio\/jornadas-seguro-ganadero-saldana-12-junio-aguilar-19-junio#breadcrumb"},"inLanguage":"es","potentialAction":[{"@type":"ReadAction","target":["https:\/\/www.asajacyl.com\/palencia\/servicios-socio\/jornadas-seguro-ganadero-saldana-12-junio-aguilar-19-junio"]}]},{"@type":"ImageObject","inLanguage":"es","@id":"https:\/\/www.asajacyl.com\/palencia\/servicios-socio\/jornadas-seguro-ganadero-saldana-12-junio-aguilar-19-junio#primaryimage","url":"https:\/\/www.asajacyl.com\/palencia\/wp-content\/uploads\/sites\/3\/2018\/06\/cartel-jornada-ganaderia.jpg","contentUrl":"https:\/\/www.asajacyl.com\/palencia\/wp-content\/uploads\/sites\/3\/2018\/06\/cartel-jornada-ganaderia.jpg","width":548,"height":385},{"@type":"BreadcrumbList","@id":"https:\/\/www.asajacyl.com\/palencia\/servicios-socio\/jornadas-seguro-ganadero-saldana-12-junio-aguilar-19-junio#breadcrumb","itemListElement":[{"@type":"ListItem","position":1,"name":"Portada","item":"https:\/\/www.asajacyl.com\/palencia\/"},{"@type":"ListItem","position":2,"name":"Jornadas sobre el seguro ganadero en Salda\u00f1a (12 de junio) y Aguilar (19 de junio)"}]},{"@type":"WebSite","@id":"https:\/\/www.asajacyl.com\/palencia\/#website","url":"https:\/\/www.asajacyl.com\/palencia\/","name":"ASAJA Palencia","description":"Otro sitio m\u00e1s de Provincias ASAJA Castilla y Le\u00f3n","potentialAction":[{"@type":"SearchAction","target":{"@type":"EntryPoint","urlTemplate":"https:\/\/www.asajacyl.com\/palencia\/?s={search_term_string}"},"query-input":{"@type":"PropertyValueSpecification","valueRequired":true,"valueName":"search_term_string"}}],"inLanguage":"es"},{"@type":"Person","@id":"https:\/\/www.asajacyl.com\/palencia\/#\/schema\/person\/3ab17aeb03527485c317557fae64aab1","name":"Administrador","image":{"@type":"ImageObject","inLanguage":"es","@id":"https:\/\/www.asajacyl.com\/palencia\/#\/schema\/person\/image\/","url":"https:\/\/secure.gravatar.com\/avatar\/517384810d242ca9e38c180f3c9fb973?s=96&d=mm&r=g","contentUrl":"https:\/\/secure.gravatar.com\/avatar\/517384810d242ca9e38c180f3c9fb973?s=96&d=mm&r=g","caption":"Administrador"},"url":"https:\/\/www.asajacyl.com\/palencia\/author\/carlosrm"}]}},"_links":{"self":[{"href":"https:\/\/www.asajacyl.com\/palencia\/wp-json\/wp\/v2\/posts\/5227"}],"collection":[{"href":"https:\/\/www.asajacyl.com\/palencia\/wp-json\/wp\/v2\/posts"}],"about":[{"href":"https:\/\/www.asajacyl.com\/palencia\/wp-json\/wp\/v2\/types\/post"}],"author":[{"embeddable":true,"href":"https:\/\/www.asajacyl.com\/palencia\/wp-json\/wp\/v2\/users\/9"}],"replies":[{"embeddable":true,"href":"https:\/\/www.asajacyl.com\/palencia\/wp-json\/wp\/v2\/comments?post=5227"}],"version-history":[{"count":3,"href":"https:\/\/www.asajacyl.com\/palencia\/wp-json\/wp\/v2\/posts\/5227\/revisions"}],"predecessor-version":[{"id":5231,"href":"https:\/\/www.asajacyl.com\/palencia\/wp-json\/wp\/v2\/posts\/5227\/revisions\/5231"}],"wp:featuredmedia":[{"embeddable":true,"href":"https:\/\/www.asajacyl.com\/palencia\/wp-json\/wp\/v2\/media\/5230"}],"wp:attachment":[{"href":"https:\/\/www.asajacyl.com\/palencia\/wp-json\/wp\/v2\/media?parent=5227"}],"wp:term":[{"taxonomy":"category","embeddable":true,"href":"https:\/\/www.asajacyl.com\/palencia\/wp-json\/wp\/v2\/categories?post=5227"},{"taxonomy":"post_tag","embeddable":true,"href":"https:\/\/www.asajacyl.com\/palencia\/wp-json\/wp\/v2\/tags?post=5227"}],"curies":[{"name":"wp","href":"https:\/\/api.w.org\/{rel}","templated":true}]}}