{"id":5574,"date":"2018-10-26T13:49:27","date_gmt":"2018-10-26T11:49:27","guid":{"rendered":"https:\/\/www.asajacyl.com\/palencia\/?p=5574"},"modified":"2018-10-26T13:50:07","modified_gmt":"2018-10-26T11:50:07","slug":"asaja-reclama-al-gobierno-medidas-urgentes-palien-la-subida-precios-los-carburantes","status":"publish","type":"post","link":"https:\/\/www.asajacyl.com\/palencia\/asaja-palencia-informa\/noticias\/asaja-reclama-al-gobierno-medidas-urgentes-palien-la-subida-precios-los-carburantes","title":{"rendered":"ASAJA reclama al gobierno medidas urgentes que pal\u00eden la subida de precios de los carburantes"},"content":{"rendered":"<h2><img loading=\"lazy\" decoding=\"async\" class=\"alignnone wp-image-5575 size-large\" src=\"https:\/\/www.asajacyl.com\/palencia\/wp-content\/uploads\/sites\/3\/2018\/10\/sementera-1024x576.jpg\" alt=\"\" width=\"696\" height=\"392\" srcset=\"https:\/\/www.asajacyl.com\/palencia\/wp-content\/uploads\/sites\/3\/2018\/10\/sementera-1024x576.jpg 1024w, https:\/\/www.asajacyl.com\/palencia\/wp-content\/uploads\/sites\/3\/2018\/10\/sementera-300x169.jpg 300w, https:\/\/www.asajacyl.com\/palencia\/wp-content\/uploads\/sites\/3\/2018\/10\/sementera-768x432.jpg 768w, https:\/\/www.asajacyl.com\/palencia\/wp-content\/uploads\/sites\/3\/2018\/10\/sementera-696x391.jpg 696w, https:\/\/www.asajacyl.com\/palencia\/wp-content\/uploads\/sites\/3\/2018\/10\/sementera-1068x601.jpg 1068w, https:\/\/www.asajacyl.com\/palencia\/wp-content\/uploads\/sites\/3\/2018\/10\/sementera-747x420.jpg 747w, https:\/\/www.asajacyl.com\/palencia\/wp-content\/uploads\/sites\/3\/2018\/10\/sementera-1920x1080.jpg 1920w\" sizes=\"(max-width: 696px) 100vw, 696px\" \/><\/h2>\n<h2>Los agricultores no pueden repercutir el incremento de los costes de producci\u00f3n en el precio de venta de sus productos.<\/h2>\n<p><img loading=\"lazy\" decoding=\"async\" class=\"size-medium wp-image-12380 alignright td-animation-stack-type0-2\" src=\"https:\/\/www.asajacyl.com\/wp-content\/uploads\/2018\/10\/carburantes-1-300x200.jpg\" alt=\"\" width=\"300\" height=\"200\" \/>En plena campa\u00f1a de siembra, la escalada de precios del petr\u00f3leo est\u00e1 provocando que los costes de producci\u00f3n del sector agrario se est\u00e9n disparando\u00a0 como consecuencia fundamentalmente de las subidas de precios del gas\u00f3leo agr\u00edcola y los\u00a0 fertilizantes. Esto est\u00e1 haciendo mella en las econom\u00edas de las explotaciones agrarias que en buena parte arrastran los desequilibrios de una mala campa\u00f1a de precios.\u00a0<strong>ASAJA reclama al Gobierno medidas urgentes destinadas a paliar la falta de rentabilidad<\/strong>\u00a0de muchas explotaciones que afrontan una nueva campa\u00f1a con graves problemas de liquidez.<\/p>\n<p><strong>\u00a0<\/strong>El aumento desmesurado del precio del gas\u00f3leo afecta en general a todos los bolsillos, pero tiene una incidencia especial en aquellos sectores en los que es dif\u00edcil trasladar estos incrementos al precio del producto. Este es el caso del sector agrario, donde por las condiciones espec\u00edficas de formaci\u00f3n de los precios, los agricultores y ganaderos no pueden repercutir las subidas de los costes de producci\u00f3n en el precio de venta de sus productos.<\/p>\n<p>As\u00ed, en plena campa\u00f1a de siembra, tenemos que<strong>\u00a0el precio del gas\u00f3leo B se sit\u00faa hoy en\u00a0 0,975 \u20ac\/l , cada vez m\u00e1s cerca de su m\u00e1ximo hist\u00f3rico \u00a0de 1,12 \u20ac\/l alcanzado en 2012<\/strong>. La subida del gas\u00f3leo ha sido muy grande a lo largo del a\u00f1o y esto influye de forma directa en las cuentas de la explotaci\u00f3n. Seg\u00fan los c\u00e1lculos de ASAJA, respecto a oto\u00f1o de 2017, a\u00f1o en el que los costes de producci\u00f3n ya eran altos, el precio del carburante se ha elevado en lo que va de a\u00f1o en torno a un 42 por ciento y las cotizaciones de los \u00faltimos d\u00edas nos indican que siguen al alza. Para una explotaci\u00f3n de unas 200 hect\u00e1reas de secano estar\u00edamos hablando unos 8.300 euros de costes de gas\u00f3leo y otros 21.600 de abono, lo que supone m\u00e1s de 3.500 euros de diferencia con respecto al pasado a\u00f1o.<\/p>\n<p>Si bien es cierto que el gas\u00f3leo que utilizan los agricultores y ganaderos (gas\u00f3leo B) est\u00e1 bonificado gracias a la devoluci\u00f3n parcial del Impuesto especial de Hidrocarburos aprobada en 2010 (se devolv\u00edan 78 euros por cada 1000 litros consumidos) tenemos que recordar que este reembolso parcial se ha reducido en 15 euros con\u00a0 la modificaci\u00f3n de la\u00a0<a href=\"https:\/\/www.agropopular.com\/gasoleo-asaja-alicante-290617\/\">Ley de Impuestos Especiales<\/a>\u00a0que entr\u00f3 en vigor en julio de 2017, quedando la devoluci\u00f3n del impuesto en 63 euros por cada 1.000 litros consumidos.<\/p>\n<p>Con el fin de compensar la situaci\u00f3n actual de las subidas del gas\u00f3leo agr\u00edcola\u00a0<strong>ASAJA vuelve a solicitar de nuevo una reducci\u00f3n de la factura del gas\u00f3leo del 35 % y del 15% en los pl\u00e1sticos y fertilizantes en el IRPF<\/strong>, medidas que se implantaron en los a\u00f1os de mayores subidas del precio de los carburantes y que fueron muy efectivas para nuestros agricultores.<\/p>\n","protected":false},"excerpt":{"rendered":"<p>Los agricultores no pueden repercutir el incremento de los costes de producci\u00f3n en el precio de venta de sus productos. En plena campa\u00f1a de siembra, la escalada de precios del petr\u00f3leo est\u00e1 provocando que los costes de producci\u00f3n del sector agrario se est\u00e9n disparando\u00a0 como consecuencia fundamentalmente de las subidas de precios del gas\u00f3leo agr\u00edcola [&hellip;]<\/p>\n","protected":false},"author":9,"featured_media":5575,"comment_status":"open","ping_status":"open","sticky":false,"template":"","format":"standard","meta":{"footnotes":""},"categories":[28],"tags":[],"yoast_head":"<!-- This site is optimized with the Yoast SEO plugin v24.5 - https:\/\/yoast.com\/wordpress\/plugins\/seo\/ -->\n<title>ASAJA reclama al gobierno medidas urgentes que pal\u00eden la subida de precios de los carburantes - ASAJA Palencia<\/title>\n<meta name=\"description\" content=\"Los agricultores no pueden repercutir el incremento de los costes de producci\u00f3n en el precio de venta de sus productos. En plena campa\u00f1a de siembra, la\" \/>\n<meta name=\"robots\" content=\"index, follow, max-snippet:-1, max-image-preview:large, max-video-preview:-1\" \/>\n<link rel=\"canonical\" href=\"https:\/\/www.asajacyl.com\/palencia\/asaja-palencia-informa\/noticias\/asaja-reclama-al-gobierno-medidas-urgentes-palien-la-subida-precios-los-carburantes\" \/>\n<meta property=\"og:locale\" content=\"es_ES\" \/>\n<meta property=\"og:type\" content=\"article\" \/>\n<meta property=\"og:title\" content=\"ASAJA reclama al gobierno medidas urgentes que pal\u00eden la subida de precios de los carburantes - ASAJA Palencia\" \/>\n<meta property=\"og:description\" content=\"Los agricultores no pueden repercutir el incremento de los costes de producci\u00f3n en el precio de venta de sus productos. En plena campa\u00f1a de siembra, la\" \/>\n<meta property=\"og:url\" content=\"https:\/\/www.asajacyl.com\/palencia\/asaja-palencia-informa\/noticias\/asaja-reclama-al-gobierno-medidas-urgentes-palien-la-subida-precios-los-carburantes\" \/>\n<meta property=\"og:site_name\" content=\"ASAJA Palencia\" \/>\n<meta property=\"article:published_time\" content=\"2018-10-26T11:49:27+00:00\" \/>\n<meta property=\"article:modified_time\" content=\"2018-10-26T11:50:07+00:00\" \/>\n<meta property=\"og:image\" content=\"https:\/\/www.asajacyl.com\/palencia\/wp-content\/uploads\/sites\/3\/2018\/10\/sementera.jpg\" \/>\n\t<meta property=\"og:image:width\" content=\"2500\" \/>\n\t<meta property=\"og:image:height\" content=\"1406\" \/>\n\t<meta property=\"og:image:type\" content=\"image\/jpeg\" \/>\n<meta name=\"author\" content=\"Administrador\" \/>\n<meta name=\"twitter:card\" content=\"summary_large_image\" \/>\n<meta name=\"twitter:label1\" content=\"Escrito por\" \/>\n\t<meta name=\"twitter:data1\" content=\"Administrador\" \/>\n\t<meta name=\"twitter:label2\" content=\"Tiempo de lectura\" \/>\n\t<meta name=\"twitter:data2\" content=\"3 minutos\" \/>\n<script type=\"application\/ld+json\" class=\"yoast-schema-graph\">{\"@context\":\"https:\/\/schema.org\",\"@graph\":[{\"@type\":\"WebPage\",\"@id\":\"https:\/\/www.asajacyl.com\/palencia\/asaja-palencia-informa\/noticias\/asaja-reclama-al-gobierno-medidas-urgentes-palien-la-subida-precios-los-carburantes\",\"url\":\"https:\/\/www.asajacyl.com\/palencia\/asaja-palencia-informa\/noticias\/asaja-reclama-al-gobierno-medidas-urgentes-palien-la-subida-precios-los-carburantes\",\"name\":\"ASAJA reclama al gobierno medidas urgentes que pal\u00eden la subida de precios de los carburantes - ASAJA Palencia\",\"isPartOf\":{\"@id\":\"https:\/\/www.asajacyl.com\/palencia\/#website\"},\"primaryImageOfPage\":{\"@id\":\"https:\/\/www.asajacyl.com\/palencia\/asaja-palencia-informa\/noticias\/asaja-reclama-al-gobierno-medidas-urgentes-palien-la-subida-precios-los-carburantes#primaryimage\"},\"image\":{\"@id\":\"https:\/\/www.asajacyl.com\/palencia\/asaja-palencia-informa\/noticias\/asaja-reclama-al-gobierno-medidas-urgentes-palien-la-subida-precios-los-carburantes#primaryimage\"},\"thumbnailUrl\":\"https:\/\/www.asajacyl.com\/palencia\/wp-content\/uploads\/sites\/3\/2018\/10\/sementera.jpg\",\"datePublished\":\"2018-10-26T11:49:27+00:00\",\"dateModified\":\"2018-10-26T11:50:07+00:00\",\"author\":{\"@id\":\"https:\/\/www.asajacyl.com\/palencia\/#\/schema\/person\/3ab17aeb03527485c317557fae64aab1\"},\"description\":\"Los agricultores no pueden repercutir el incremento de los costes de producci\u00f3n en el precio de venta de sus productos. En plena campa\u00f1a de siembra, la\",\"breadcrumb\":{\"@id\":\"https:\/\/www.asajacyl.com\/palencia\/asaja-palencia-informa\/noticias\/asaja-reclama-al-gobierno-medidas-urgentes-palien-la-subida-precios-los-carburantes#breadcrumb\"},\"inLanguage\":\"es\",\"potentialAction\":[{\"@type\":\"ReadAction\",\"target\":[\"https:\/\/www.asajacyl.com\/palencia\/asaja-palencia-informa\/noticias\/asaja-reclama-al-gobierno-medidas-urgentes-palien-la-subida-precios-los-carburantes\"]}]},{\"@type\":\"ImageObject\",\"inLanguage\":\"es\",\"@id\":\"https:\/\/www.asajacyl.com\/palencia\/asaja-palencia-informa\/noticias\/asaja-reclama-al-gobierno-medidas-urgentes-palien-la-subida-precios-los-carburantes#primaryimage\",\"url\":\"https:\/\/www.asajacyl.com\/palencia\/wp-content\/uploads\/sites\/3\/2018\/10\/sementera.jpg\",\"contentUrl\":\"https:\/\/www.asajacyl.com\/palencia\/wp-content\/uploads\/sites\/3\/2018\/10\/sementera.jpg\",\"width\":2500,\"height\":1406},{\"@type\":\"BreadcrumbList\",\"@id\":\"https:\/\/www.asajacyl.com\/palencia\/asaja-palencia-informa\/noticias\/asaja-reclama-al-gobierno-medidas-urgentes-palien-la-subida-precios-los-carburantes#breadcrumb\",\"itemListElement\":[{\"@type\":\"ListItem\",\"position\":1,\"name\":\"Portada\",\"item\":\"https:\/\/www.asajacyl.com\/palencia\/\"},{\"@type\":\"ListItem\",\"position\":2,\"name\":\"ASAJA reclama al gobierno medidas urgentes que pal\u00eden la subida de precios de los carburantes\"}]},{\"@type\":\"WebSite\",\"@id\":\"https:\/\/www.asajacyl.com\/palencia\/#website\",\"url\":\"https:\/\/www.asajacyl.com\/palencia\/\",\"name\":\"ASAJA Palencia\",\"description\":\"Otro sitio m\u00e1s de Provincias ASAJA Castilla y Le\u00f3n\",\"potentialAction\":[{\"@type\":\"SearchAction\",\"target\":{\"@type\":\"EntryPoint\",\"urlTemplate\":\"https:\/\/www.asajacyl.com\/palencia\/?s={search_term_string}\"},\"query-input\":{\"@type\":\"PropertyValueSpecification\",\"valueRequired\":true,\"valueName\":\"search_term_string\"}}],\"inLanguage\":\"es\"},{\"@type\":\"Person\",\"@id\":\"https:\/\/www.asajacyl.com\/palencia\/#\/schema\/person\/3ab17aeb03527485c317557fae64aab1\",\"name\":\"Administrador\",\"image\":{\"@type\":\"ImageObject\",\"inLanguage\":\"es\",\"@id\":\"https:\/\/www.asajacyl.com\/palencia\/#\/schema\/person\/image\/\",\"url\":\"https:\/\/secure.gravatar.com\/avatar\/517384810d242ca9e38c180f3c9fb973?s=96&d=mm&r=g\",\"contentUrl\":\"https:\/\/secure.gravatar.com\/avatar\/517384810d242ca9e38c180f3c9fb973?s=96&d=mm&r=g\",\"caption\":\"Administrador\"},\"url\":\"https:\/\/www.asajacyl.com\/palencia\/author\/carlosrm\"}]}<\/script>\n<!-- \/ Yoast SEO plugin. -->","yoast_head_json":{"title":"ASAJA reclama al gobierno medidas urgentes que pal\u00eden la subida de precios de los carburantes - ASAJA Palencia","description":"Los agricultores no pueden repercutir el incremento de los costes de producci\u00f3n en el precio de venta de sus productos. En plena campa\u00f1a de siembra, la","robots":{"index":"index","follow":"follow","max-snippet":"max-snippet:-1","max-image-preview":"max-image-preview:large","max-video-preview":"max-video-preview:-1"},"canonical":"https:\/\/www.asajacyl.com\/palencia\/asaja-palencia-informa\/noticias\/asaja-reclama-al-gobierno-medidas-urgentes-palien-la-subida-precios-los-carburantes","og_locale":"es_ES","og_type":"article","og_title":"ASAJA reclama al gobierno medidas urgentes que pal\u00eden la subida de precios de los carburantes - ASAJA Palencia","og_description":"Los agricultores no pueden repercutir el incremento de los costes de producci\u00f3n en el precio de venta de sus productos. En plena campa\u00f1a de siembra, la","og_url":"https:\/\/www.asajacyl.com\/palencia\/asaja-palencia-informa\/noticias\/asaja-reclama-al-gobierno-medidas-urgentes-palien-la-subida-precios-los-carburantes","og_site_name":"ASAJA Palencia","article_published_time":"2018-10-26T11:49:27+00:00","article_modified_time":"2018-10-26T11:50:07+00:00","og_image":[{"width":2500,"height":1406,"url":"https:\/\/www.asajacyl.com\/palencia\/wp-content\/uploads\/sites\/3\/2018\/10\/sementera.jpg","type":"image\/jpeg"}],"author":"Administrador","twitter_card":"summary_large_image","twitter_misc":{"Escrito por":"Administrador","Tiempo de lectura":"3 minutos"},"schema":{"@context":"https:\/\/schema.org","@graph":[{"@type":"WebPage","@id":"https:\/\/www.asajacyl.com\/palencia\/asaja-palencia-informa\/noticias\/asaja-reclama-al-gobierno-medidas-urgentes-palien-la-subida-precios-los-carburantes","url":"https:\/\/www.asajacyl.com\/palencia\/asaja-palencia-informa\/noticias\/asaja-reclama-al-gobierno-medidas-urgentes-palien-la-subida-precios-los-carburantes","name":"ASAJA reclama al gobierno medidas urgentes que pal\u00eden la subida de precios de los carburantes - ASAJA Palencia","isPartOf":{"@id":"https:\/\/www.asajacyl.com\/palencia\/#website"},"primaryImageOfPage":{"@id":"https:\/\/www.asajacyl.com\/palencia\/asaja-palencia-informa\/noticias\/asaja-reclama-al-gobierno-medidas-urgentes-palien-la-subida-precios-los-carburantes#primaryimage"},"image":{"@id":"https:\/\/www.asajacyl.com\/palencia\/asaja-palencia-informa\/noticias\/asaja-reclama-al-gobierno-medidas-urgentes-palien-la-subida-precios-los-carburantes#primaryimage"},"thumbnailUrl":"https:\/\/www.asajacyl.com\/palencia\/wp-content\/uploads\/sites\/3\/2018\/10\/sementera.jpg","datePublished":"2018-10-26T11:49:27+00:00","dateModified":"2018-10-26T11:50:07+00:00","author":{"@id":"https:\/\/www.asajacyl.com\/palencia\/#\/schema\/person\/3ab17aeb03527485c317557fae64aab1"},"description":"Los agricultores no pueden repercutir el incremento de los costes de producci\u00f3n en el precio de venta de sus productos. En plena campa\u00f1a de siembra, la","breadcrumb":{"@id":"https:\/\/www.asajacyl.com\/palencia\/asaja-palencia-informa\/noticias\/asaja-reclama-al-gobierno-medidas-urgentes-palien-la-subida-precios-los-carburantes#breadcrumb"},"inLanguage":"es","potentialAction":[{"@type":"ReadAction","target":["https:\/\/www.asajacyl.com\/palencia\/asaja-palencia-informa\/noticias\/asaja-reclama-al-gobierno-medidas-urgentes-palien-la-subida-precios-los-carburantes"]}]},{"@type":"ImageObject","inLanguage":"es","@id":"https:\/\/www.asajacyl.com\/palencia\/asaja-palencia-informa\/noticias\/asaja-reclama-al-gobierno-medidas-urgentes-palien-la-subida-precios-los-carburantes#primaryimage","url":"https:\/\/www.asajacyl.com\/palencia\/wp-content\/uploads\/sites\/3\/2018\/10\/sementera.jpg","contentUrl":"https:\/\/www.asajacyl.com\/palencia\/wp-content\/uploads\/sites\/3\/2018\/10\/sementera.jpg","width":2500,"height":1406},{"@type":"BreadcrumbList","@id":"https:\/\/www.asajacyl.com\/palencia\/asaja-palencia-informa\/noticias\/asaja-reclama-al-gobierno-medidas-urgentes-palien-la-subida-precios-los-carburantes#breadcrumb","itemListElement":[{"@type":"ListItem","position":1,"name":"Portada","item":"https:\/\/www.asajacyl.com\/palencia\/"},{"@type":"ListItem","position":2,"name":"ASAJA reclama al gobierno medidas urgentes que pal\u00eden la subida de precios de los carburantes"}]},{"@type":"WebSite","@id":"https:\/\/www.asajacyl.com\/palencia\/#website","url":"https:\/\/www.asajacyl.com\/palencia\/","name":"ASAJA Palencia","description":"Otro sitio m\u00e1s de Provincias ASAJA Castilla y Le\u00f3n","potentialAction":[{"@type":"SearchAction","target":{"@type":"EntryPoint","urlTemplate":"https:\/\/www.asajacyl.com\/palencia\/?s={search_term_string}"},"query-input":{"@type":"PropertyValueSpecification","valueRequired":true,"valueName":"search_term_string"}}],"inLanguage":"es"},{"@type":"Person","@id":"https:\/\/www.asajacyl.com\/palencia\/#\/schema\/person\/3ab17aeb03527485c317557fae64aab1","name":"Administrador","image":{"@type":"ImageObject","inLanguage":"es","@id":"https:\/\/www.asajacyl.com\/palencia\/#\/schema\/person\/image\/","url":"https:\/\/secure.gravatar.com\/avatar\/517384810d242ca9e38c180f3c9fb973?s=96&d=mm&r=g","contentUrl":"https:\/\/secure.gravatar.com\/avatar\/517384810d242ca9e38c180f3c9fb973?s=96&d=mm&r=g","caption":"Administrador"},"url":"https:\/\/www.asajacyl.com\/palencia\/author\/carlosrm"}]}},"_links":{"self":[{"href":"https:\/\/www.asajacyl.com\/palencia\/wp-json\/wp\/v2\/posts\/5574"}],"collection":[{"href":"https:\/\/www.asajacyl.com\/palencia\/wp-json\/wp\/v2\/posts"}],"about":[{"href":"https:\/\/www.asajacyl.com\/palencia\/wp-json\/wp\/v2\/types\/post"}],"author":[{"embeddable":true,"href":"https:\/\/www.asajacyl.com\/palencia\/wp-json\/wp\/v2\/users\/9"}],"replies":[{"embeddable":true,"href":"https:\/\/www.asajacyl.com\/palencia\/wp-json\/wp\/v2\/comments?post=5574"}],"version-history":[{"count":1,"href":"https:\/\/www.asajacyl.com\/palencia\/wp-json\/wp\/v2\/posts\/5574\/revisions"}],"predecessor-version":[{"id":5576,"href":"https:\/\/www.asajacyl.com\/palencia\/wp-json\/wp\/v2\/posts\/5574\/revisions\/5576"}],"wp:featuredmedia":[{"embeddable":true,"href":"https:\/\/www.asajacyl.com\/palencia\/wp-json\/wp\/v2\/media\/5575"}],"wp:attachment":[{"href":"https:\/\/www.asajacyl.com\/palencia\/wp-json\/wp\/v2\/media?parent=5574"}],"wp:term":[{"taxonomy":"category","embeddable":true,"href":"https:\/\/www.asajacyl.com\/palencia\/wp-json\/wp\/v2\/categories?post=5574"},{"taxonomy":"post_tag","embeddable":true,"href":"https:\/\/www.asajacyl.com\/palencia\/wp-json\/wp\/v2\/tags?post=5574"}],"curies":[{"name":"wp","href":"https:\/\/api.w.org\/{rel}","templated":true}]}}