{"id":5581,"date":"2018-10-30T20:24:01","date_gmt":"2018-10-30T19:24:01","guid":{"rendered":"https:\/\/www.asajacyl.com\/palencia\/?p=5581"},"modified":"2019-01-29T14:34:31","modified_gmt":"2019-01-29T13:34:31","slug":"los-ganaderos-ovino-exigen-precios-justos-la-leche","status":"publish","type":"post","link":"https:\/\/www.asajacyl.com\/palencia\/asaja-palencia-informa\/noticias\/los-ganaderos-ovino-exigen-precios-justos-la-leche","title":{"rendered":"Los ganaderos de ovino exigen precios justos para la leche"},"content":{"rendered":"<p><img loading=\"lazy\" decoding=\"async\" class=\"alignnone wp-image-5582 size-large\" src=\"https:\/\/www.asajacyl.com\/palencia\/wp-content\/uploads\/sites\/3\/2018\/10\/P1090823-1024x576.jpg\" alt=\"\" width=\"696\" height=\"392\" srcset=\"https:\/\/www.asajacyl.com\/palencia\/wp-content\/uploads\/sites\/3\/2018\/10\/P1090823-1024x576.jpg 1024w, https:\/\/www.asajacyl.com\/palencia\/wp-content\/uploads\/sites\/3\/2018\/10\/P1090823-300x169.jpg 300w, https:\/\/www.asajacyl.com\/palencia\/wp-content\/uploads\/sites\/3\/2018\/10\/P1090823-768x432.jpg 768w, https:\/\/www.asajacyl.com\/palencia\/wp-content\/uploads\/sites\/3\/2018\/10\/P1090823-696x391.jpg 696w, https:\/\/www.asajacyl.com\/palencia\/wp-content\/uploads\/sites\/3\/2018\/10\/P1090823-1068x601.jpg 1068w, https:\/\/www.asajacyl.com\/palencia\/wp-content\/uploads\/sites\/3\/2018\/10\/P1090823-747x420.jpg 747w, https:\/\/www.asajacyl.com\/palencia\/wp-content\/uploads\/sites\/3\/2018\/10\/P1090823-1920x1080.jpg 1920w\" sizes=\"(max-width: 696px) 100vw, 696px\" \/><\/p>\n<p>Ganaderos de ovino convocados por ASAJA y UCCL se concentraron hoy ante las puertas de la Consejer\u00eda de Agricultura y Ganader\u00eda en Valladolid para protestar por la dram\u00e1tica situaci\u00f3n que arrastra el sector desde hace a\u00f1os.<\/p>\n<p>Tras una pancarta en la que pod\u00eda leerse \u00absin precios justos la ganader\u00eda se acaba\u00bb, los ganaderos exigieron que\u00a0los precios actuales, por debajo de costes, se incrementen \u201cal menos en 15 c\u00e9ntimos, logrando un umbral que al menos permita a las explotaciones producir sin tener que poner cada mes dinero\u201d. Hoy, los ganaderos de Castilla y Le\u00f3n perciben unos 72 c\u00e9ntimos por litro, una cantidad rid\u00edcula, por debajo de la media nacional y 13 c\u00e9ntimos por debajo de lo que reciben los de Castilla-La Mancha.<\/p>\n<p>El sector demand\u00f3 que la Consejer\u00eda de Agricultura y Ganader\u00eda ejerza de \u00e1rbitro para evitar los abusos actuales, con una distribuci\u00f3n interesada en vender queso a bajo precio como producto reclamo y unas industrias que se doblegan a ello, y que al ser poco competitivas ajustan su cuenta de resultados apretando al eslab\u00f3n m\u00e1s d\u00e9bil, el ganadero. Hoy por hoy, hay unas 2.300 granjas de ovino de leche en Castilla y Le\u00f3n, mayoritariamente familiares, que d\u00eda a d\u00eda acumulan p\u00e9rdidas y luchan cada vez con menos fuerzas para evitar abandonar.<\/p>\n<p>El hecho de que Castilla y Le\u00f3n sea la comunidad espa\u00f1ola con mayor censo de ovino de leche, con 1.028.302 hembras destinadas a orde\u00f1o, representando el 42,4 por ciento del censo de ovino de leche espa\u00f1ol, y que aqu\u00ed tambi\u00e9n radiquen las principales industrias de transformaci\u00f3n, \u201chace que la pol\u00edtica que al respecto ejerza el Gobierno de la Junta sea determinante. Estamos hablando de un sector muy de la tierra, de unos ganaderos fundamentales para el sostenimiento de la vida en los pueblos y de unas industrias que reciben importantes ayudas de la administraci\u00f3n regional, ayudas que deben estar condicionadas a que tengan un verdadero compromiso con el sector ganadero de Castilla y Le\u00f3n\u201d.<\/p>\n","protected":false},"excerpt":{"rendered":"<p>Ganaderos de ovino convocados por ASAJA y UCCL se concentraron hoy ante las puertas de la Consejer\u00eda de Agricultura y Ganader\u00eda en Valladolid para protestar por la dram\u00e1tica situaci\u00f3n que arrastra el sector desde hace a\u00f1os. Tras una pancarta en la que pod\u00eda leerse \u00absin precios justos la ganader\u00eda se acaba\u00bb, los ganaderos exigieron que\u00a0los [&hellip;]<\/p>\n","protected":false},"author":9,"featured_media":5582,"comment_status":"open","ping_status":"open","sticky":false,"template":"","format":"standard","meta":{"footnotes":""},"categories":[9,28],"tags":[],"yoast_head":"<!-- This site is optimized with the Yoast SEO plugin v24.5 - https:\/\/yoast.com\/wordpress\/plugins\/seo\/ -->\n<title>Los ganaderos de ovino exigen precios justos para la leche - ASAJA Palencia<\/title>\n<meta name=\"description\" content=\"Ganaderos de ovino convocados por ASAJA y UCCL se concentraron hoy ante las puertas de la Consejer\u00eda de Agricultura y Ganader\u00eda en Valladolid para\" \/>\n<meta name=\"robots\" content=\"index, follow, max-snippet:-1, max-image-preview:large, max-video-preview:-1\" \/>\n<link rel=\"canonical\" href=\"https:\/\/www.asajacyl.com\/palencia\/asaja-palencia-informa\/noticias\/los-ganaderos-ovino-exigen-precios-justos-la-leche\" \/>\n<meta property=\"og:locale\" content=\"es_ES\" \/>\n<meta property=\"og:type\" content=\"article\" \/>\n<meta property=\"og:title\" content=\"Los ganaderos de ovino exigen precios justos para la leche - ASAJA Palencia\" \/>\n<meta property=\"og:description\" content=\"Ganaderos de ovino convocados por ASAJA y UCCL se concentraron hoy ante las puertas de la Consejer\u00eda de Agricultura y Ganader\u00eda en Valladolid para\" \/>\n<meta property=\"og:url\" content=\"https:\/\/www.asajacyl.com\/palencia\/asaja-palencia-informa\/noticias\/los-ganaderos-ovino-exigen-precios-justos-la-leche\" \/>\n<meta property=\"og:site_name\" content=\"ASAJA Palencia\" \/>\n<meta property=\"article:published_time\" content=\"2018-10-30T19:24:01+00:00\" \/>\n<meta property=\"article:modified_time\" content=\"2019-01-29T13:34:31+00:00\" \/>\n<meta property=\"og:image\" content=\"https:\/\/www.asajacyl.com\/palencia\/wp-content\/uploads\/sites\/3\/2018\/10\/P1090823.jpg\" \/>\n\t<meta property=\"og:image:width\" content=\"2500\" \/>\n\t<meta property=\"og:image:height\" content=\"1406\" \/>\n\t<meta property=\"og:image:type\" content=\"image\/jpeg\" \/>\n<meta name=\"author\" content=\"Administrador\" \/>\n<meta name=\"twitter:card\" content=\"summary_large_image\" \/>\n<meta name=\"twitter:label1\" content=\"Escrito por\" \/>\n\t<meta name=\"twitter:data1\" content=\"Administrador\" \/>\n\t<meta name=\"twitter:label2\" content=\"Tiempo de lectura\" \/>\n\t<meta name=\"twitter:data2\" content=\"2 minutos\" \/>\n<script type=\"application\/ld+json\" class=\"yoast-schema-graph\">{\"@context\":\"https:\/\/schema.org\",\"@graph\":[{\"@type\":\"WebPage\",\"@id\":\"https:\/\/www.asajacyl.com\/palencia\/asaja-palencia-informa\/noticias\/los-ganaderos-ovino-exigen-precios-justos-la-leche\",\"url\":\"https:\/\/www.asajacyl.com\/palencia\/asaja-palencia-informa\/noticias\/los-ganaderos-ovino-exigen-precios-justos-la-leche\",\"name\":\"Los ganaderos de ovino exigen precios justos para la leche - ASAJA Palencia\",\"isPartOf\":{\"@id\":\"https:\/\/www.asajacyl.com\/palencia\/#website\"},\"primaryImageOfPage\":{\"@id\":\"https:\/\/www.asajacyl.com\/palencia\/asaja-palencia-informa\/noticias\/los-ganaderos-ovino-exigen-precios-justos-la-leche#primaryimage\"},\"image\":{\"@id\":\"https:\/\/www.asajacyl.com\/palencia\/asaja-palencia-informa\/noticias\/los-ganaderos-ovino-exigen-precios-justos-la-leche#primaryimage\"},\"thumbnailUrl\":\"https:\/\/www.asajacyl.com\/palencia\/wp-content\/uploads\/sites\/3\/2018\/10\/P1090823.jpg\",\"datePublished\":\"2018-10-30T19:24:01+00:00\",\"dateModified\":\"2019-01-29T13:34:31+00:00\",\"author\":{\"@id\":\"https:\/\/www.asajacyl.com\/palencia\/#\/schema\/person\/3ab17aeb03527485c317557fae64aab1\"},\"description\":\"Ganaderos de ovino convocados por ASAJA y UCCL se concentraron hoy ante las puertas de la Consejer\u00eda de Agricultura y Ganader\u00eda en Valladolid para\",\"breadcrumb\":{\"@id\":\"https:\/\/www.asajacyl.com\/palencia\/asaja-palencia-informa\/noticias\/los-ganaderos-ovino-exigen-precios-justos-la-leche#breadcrumb\"},\"inLanguage\":\"es\",\"potentialAction\":[{\"@type\":\"ReadAction\",\"target\":[\"https:\/\/www.asajacyl.com\/palencia\/asaja-palencia-informa\/noticias\/los-ganaderos-ovino-exigen-precios-justos-la-leche\"]}]},{\"@type\":\"ImageObject\",\"inLanguage\":\"es\",\"@id\":\"https:\/\/www.asajacyl.com\/palencia\/asaja-palencia-informa\/noticias\/los-ganaderos-ovino-exigen-precios-justos-la-leche#primaryimage\",\"url\":\"https:\/\/www.asajacyl.com\/palencia\/wp-content\/uploads\/sites\/3\/2018\/10\/P1090823.jpg\",\"contentUrl\":\"https:\/\/www.asajacyl.com\/palencia\/wp-content\/uploads\/sites\/3\/2018\/10\/P1090823.jpg\",\"width\":2500,\"height\":1406},{\"@type\":\"BreadcrumbList\",\"@id\":\"https:\/\/www.asajacyl.com\/palencia\/asaja-palencia-informa\/noticias\/los-ganaderos-ovino-exigen-precios-justos-la-leche#breadcrumb\",\"itemListElement\":[{\"@type\":\"ListItem\",\"position\":1,\"name\":\"Portada\",\"item\":\"https:\/\/www.asajacyl.com\/palencia\/\"},{\"@type\":\"ListItem\",\"position\":2,\"name\":\"Los ganaderos de ovino exigen precios justos para la leche\"}]},{\"@type\":\"WebSite\",\"@id\":\"https:\/\/www.asajacyl.com\/palencia\/#website\",\"url\":\"https:\/\/www.asajacyl.com\/palencia\/\",\"name\":\"ASAJA Palencia\",\"description\":\"Otro sitio m\u00e1s de Provincias ASAJA Castilla y Le\u00f3n\",\"potentialAction\":[{\"@type\":\"SearchAction\",\"target\":{\"@type\":\"EntryPoint\",\"urlTemplate\":\"https:\/\/www.asajacyl.com\/palencia\/?s={search_term_string}\"},\"query-input\":{\"@type\":\"PropertyValueSpecification\",\"valueRequired\":true,\"valueName\":\"search_term_string\"}}],\"inLanguage\":\"es\"},{\"@type\":\"Person\",\"@id\":\"https:\/\/www.asajacyl.com\/palencia\/#\/schema\/person\/3ab17aeb03527485c317557fae64aab1\",\"name\":\"Administrador\",\"image\":{\"@type\":\"ImageObject\",\"inLanguage\":\"es\",\"@id\":\"https:\/\/www.asajacyl.com\/palencia\/#\/schema\/person\/image\/\",\"url\":\"https:\/\/secure.gravatar.com\/avatar\/517384810d242ca9e38c180f3c9fb973?s=96&d=mm&r=g\",\"contentUrl\":\"https:\/\/secure.gravatar.com\/avatar\/517384810d242ca9e38c180f3c9fb973?s=96&d=mm&r=g\",\"caption\":\"Administrador\"},\"url\":\"https:\/\/www.asajacyl.com\/palencia\/author\/carlosrm\"}]}<\/script>\n<!-- \/ Yoast SEO plugin. -->","yoast_head_json":{"title":"Los ganaderos de ovino exigen precios justos para la leche - ASAJA Palencia","description":"Ganaderos de ovino convocados por ASAJA y UCCL se concentraron hoy ante las puertas de la Consejer\u00eda de Agricultura y Ganader\u00eda en Valladolid para","robots":{"index":"index","follow":"follow","max-snippet":"max-snippet:-1","max-image-preview":"max-image-preview:large","max-video-preview":"max-video-preview:-1"},"canonical":"https:\/\/www.asajacyl.com\/palencia\/asaja-palencia-informa\/noticias\/los-ganaderos-ovino-exigen-precios-justos-la-leche","og_locale":"es_ES","og_type":"article","og_title":"Los ganaderos de ovino exigen precios justos para la leche - ASAJA Palencia","og_description":"Ganaderos de ovino convocados por ASAJA y UCCL se concentraron hoy ante las puertas de la Consejer\u00eda de Agricultura y Ganader\u00eda en Valladolid para","og_url":"https:\/\/www.asajacyl.com\/palencia\/asaja-palencia-informa\/noticias\/los-ganaderos-ovino-exigen-precios-justos-la-leche","og_site_name":"ASAJA Palencia","article_published_time":"2018-10-30T19:24:01+00:00","article_modified_time":"2019-01-29T13:34:31+00:00","og_image":[{"width":2500,"height":1406,"url":"https:\/\/www.asajacyl.com\/palencia\/wp-content\/uploads\/sites\/3\/2018\/10\/P1090823.jpg","type":"image\/jpeg"}],"author":"Administrador","twitter_card":"summary_large_image","twitter_misc":{"Escrito por":"Administrador","Tiempo de lectura":"2 minutos"},"schema":{"@context":"https:\/\/schema.org","@graph":[{"@type":"WebPage","@id":"https:\/\/www.asajacyl.com\/palencia\/asaja-palencia-informa\/noticias\/los-ganaderos-ovino-exigen-precios-justos-la-leche","url":"https:\/\/www.asajacyl.com\/palencia\/asaja-palencia-informa\/noticias\/los-ganaderos-ovino-exigen-precios-justos-la-leche","name":"Los ganaderos de ovino exigen precios justos para la leche - ASAJA Palencia","isPartOf":{"@id":"https:\/\/www.asajacyl.com\/palencia\/#website"},"primaryImageOfPage":{"@id":"https:\/\/www.asajacyl.com\/palencia\/asaja-palencia-informa\/noticias\/los-ganaderos-ovino-exigen-precios-justos-la-leche#primaryimage"},"image":{"@id":"https:\/\/www.asajacyl.com\/palencia\/asaja-palencia-informa\/noticias\/los-ganaderos-ovino-exigen-precios-justos-la-leche#primaryimage"},"thumbnailUrl":"https:\/\/www.asajacyl.com\/palencia\/wp-content\/uploads\/sites\/3\/2018\/10\/P1090823.jpg","datePublished":"2018-10-30T19:24:01+00:00","dateModified":"2019-01-29T13:34:31+00:00","author":{"@id":"https:\/\/www.asajacyl.com\/palencia\/#\/schema\/person\/3ab17aeb03527485c317557fae64aab1"},"description":"Ganaderos de ovino convocados por ASAJA y UCCL se concentraron hoy ante las puertas de la Consejer\u00eda de Agricultura y Ganader\u00eda en Valladolid para","breadcrumb":{"@id":"https:\/\/www.asajacyl.com\/palencia\/asaja-palencia-informa\/noticias\/los-ganaderos-ovino-exigen-precios-justos-la-leche#breadcrumb"},"inLanguage":"es","potentialAction":[{"@type":"ReadAction","target":["https:\/\/www.asajacyl.com\/palencia\/asaja-palencia-informa\/noticias\/los-ganaderos-ovino-exigen-precios-justos-la-leche"]}]},{"@type":"ImageObject","inLanguage":"es","@id":"https:\/\/www.asajacyl.com\/palencia\/asaja-palencia-informa\/noticias\/los-ganaderos-ovino-exigen-precios-justos-la-leche#primaryimage","url":"https:\/\/www.asajacyl.com\/palencia\/wp-content\/uploads\/sites\/3\/2018\/10\/P1090823.jpg","contentUrl":"https:\/\/www.asajacyl.com\/palencia\/wp-content\/uploads\/sites\/3\/2018\/10\/P1090823.jpg","width":2500,"height":1406},{"@type":"BreadcrumbList","@id":"https:\/\/www.asajacyl.com\/palencia\/asaja-palencia-informa\/noticias\/los-ganaderos-ovino-exigen-precios-justos-la-leche#breadcrumb","itemListElement":[{"@type":"ListItem","position":1,"name":"Portada","item":"https:\/\/www.asajacyl.com\/palencia\/"},{"@type":"ListItem","position":2,"name":"Los ganaderos de ovino exigen precios justos para la leche"}]},{"@type":"WebSite","@id":"https:\/\/www.asajacyl.com\/palencia\/#website","url":"https:\/\/www.asajacyl.com\/palencia\/","name":"ASAJA Palencia","description":"Otro sitio m\u00e1s de Provincias ASAJA Castilla y Le\u00f3n","potentialAction":[{"@type":"SearchAction","target":{"@type":"EntryPoint","urlTemplate":"https:\/\/www.asajacyl.com\/palencia\/?s={search_term_string}"},"query-input":{"@type":"PropertyValueSpecification","valueRequired":true,"valueName":"search_term_string"}}],"inLanguage":"es"},{"@type":"Person","@id":"https:\/\/www.asajacyl.com\/palencia\/#\/schema\/person\/3ab17aeb03527485c317557fae64aab1","name":"Administrador","image":{"@type":"ImageObject","inLanguage":"es","@id":"https:\/\/www.asajacyl.com\/palencia\/#\/schema\/person\/image\/","url":"https:\/\/secure.gravatar.com\/avatar\/517384810d242ca9e38c180f3c9fb973?s=96&d=mm&r=g","contentUrl":"https:\/\/secure.gravatar.com\/avatar\/517384810d242ca9e38c180f3c9fb973?s=96&d=mm&r=g","caption":"Administrador"},"url":"https:\/\/www.asajacyl.com\/palencia\/author\/carlosrm"}]}},"_links":{"self":[{"href":"https:\/\/www.asajacyl.com\/palencia\/wp-json\/wp\/v2\/posts\/5581"}],"collection":[{"href":"https:\/\/www.asajacyl.com\/palencia\/wp-json\/wp\/v2\/posts"}],"about":[{"href":"https:\/\/www.asajacyl.com\/palencia\/wp-json\/wp\/v2\/types\/post"}],"author":[{"embeddable":true,"href":"https:\/\/www.asajacyl.com\/palencia\/wp-json\/wp\/v2\/users\/9"}],"replies":[{"embeddable":true,"href":"https:\/\/www.asajacyl.com\/palencia\/wp-json\/wp\/v2\/comments?post=5581"}],"version-history":[{"count":1,"href":"https:\/\/www.asajacyl.com\/palencia\/wp-json\/wp\/v2\/posts\/5581\/revisions"}],"predecessor-version":[{"id":5583,"href":"https:\/\/www.asajacyl.com\/palencia\/wp-json\/wp\/v2\/posts\/5581\/revisions\/5583"}],"wp:featuredmedia":[{"embeddable":true,"href":"https:\/\/www.asajacyl.com\/palencia\/wp-json\/wp\/v2\/media\/5582"}],"wp:attachment":[{"href":"https:\/\/www.asajacyl.com\/palencia\/wp-json\/wp\/v2\/media?parent=5581"}],"wp:term":[{"taxonomy":"category","embeddable":true,"href":"https:\/\/www.asajacyl.com\/palencia\/wp-json\/wp\/v2\/categories?post=5581"},{"taxonomy":"post_tag","embeddable":true,"href":"https:\/\/www.asajacyl.com\/palencia\/wp-json\/wp\/v2\/tags?post=5581"}],"curies":[{"name":"wp","href":"https:\/\/api.w.org\/{rel}","templated":true}]}}