{"id":5598,"date":"2018-11-12T18:39:05","date_gmt":"2018-11-12T17:39:05","guid":{"rendered":"https:\/\/www.asajacyl.com\/palencia\/?p=5598"},"modified":"2018-11-12T19:01:32","modified_gmt":"2018-11-12T18:01:32","slug":"ya-se-conocen-los-ganadores-los-concursos-asaja-ninos-jovenes-patrocinados-la-fundacion-villalar-castilla-leon","status":"publish","type":"post","link":"https:\/\/www.asajacyl.com\/palencia\/asaja-palencia-informa\/noticias\/ya-se-conocen-los-ganadores-los-concursos-asaja-ninos-jovenes-patrocinados-la-fundacion-villalar-castilla-leon","title":{"rendered":"Ya se conocen los ganadores de los concursos de ASAJA para ni\u00f1os y j\u00f3venes patrocinados por la Fundaci\u00f3n Villalar Castilla y Le\u00f3n"},"content":{"rendered":"<p>Ya se han fallado el XX Concurso Infantil de Pintura del Medio Rural \u201cAs\u00ed es mi pueblo\u201d y el X Concurso de Fotograf\u00eda Juvenil \u201cMi pueblo, mi gente\u201d, organizados por ASAJA de Castilla y Le\u00f3n con el patrocinio de la Fundaci\u00f3n Villalar Castilla y Le\u00f3n. El jurado, reunido en la sede de las Cortes auton\u00f3micas, ha estado formado por su presidenta, Silvia Clemente Municio; el dibujante y humorista gr\u00e1fico de ABC Jos\u00e9 Mar\u00eda Nieto; el fot\u00f3grafo de \u2018El Norte de Castilla\u2019 y premio \u2018Francisco de Coss\u00edo\u2019 de fotograf\u00eda 2017 y Premio de Fotograf\u00eda de Prensa \u2018Luis Laforga\u2019, Gabriel Villamil, y Donaciano Dujo, presidente de ASAJA de Castilla y Le\u00f3n, todos ellos acompa\u00f1ados por el director de la Fundaci\u00f3n Villalar Castilla y Le\u00f3n, Juan Zapatero.<\/p>\n<p>Con el concurso de pintura \u201cAs\u00ed es mi pueblo\u201d se pretende que los ni\u00f1os del medio rural de Castilla y Le\u00f3n muestren sobre el papel el d\u00eda a d\u00eda de los pueblos de nuestra regi\u00f3n, dibujando motivos agrarios y ganaderos, paisajes, personas o cualquier otro aspecto cotidiano de la vida rural. El objetivo del concurso \u201cMi pueblo, mi gente\u201d es que los m\u00e1s j\u00f3venes plasmen en fotograf\u00edas diferentes aspectos de la vida en los pueblos en los que residen o veranean, convirtiendo as\u00ed a los adolescentes \u201creporteros\u201d del d\u00eda a d\u00eda rural. Con este certamen, a ASAJA le gustar\u00eda poder implicar en la construcci\u00f3n de ese deseable futuro rural a los m\u00e1s j\u00f3venes, contribuyendo a que valoren sus pueblos de origen.<\/p>\n<p><u>Los premiados en el concurso de <strong>pintura infantil<\/strong> \u201cAs\u00ed es mi pueblo\u201d han sido:<\/u><\/p>\n<p>&nbsp;<\/p>\n<p>Primera categor\u00eda (hasta 6 a\u00f1os de edad)<br \/>\n1\u00ba <strong>Gael Gran Romero<\/strong>, de 4 a\u00f1os, de Torreandaluz (Soria)<\/p>\n<p>2\u00ba <strong>Jerome Esteban Casalderrey<\/strong>, de 3 a\u00f1os, de Valcabado (Zamora)<\/p>\n<p>Segunda categor\u00eda (de 7 a 9 a\u00f1os de edad)<br \/>\n1\u00ba <strong>Leire Pastrana P\u00e9rez<\/strong>, de 7 a\u00f1os, de Le\u00f3n<\/p>\n<p>2\u00ba <strong>Lois D\u00edaz Alonso<\/strong>, de 8 a\u00f1os, de Candelario (Salamanca)<\/p>\n<p>Acc\u00e9sit: <strong>Ra\u00fal Lagunas Navarro<\/strong>, de 7 a\u00f1os, de Villaciervos (Soria)<\/p>\n<p>Tercera categor\u00eda (de 10 a 13 a\u00f1os)<br \/>\n1\u00ba <strong>In\u00e9s Garc\u00eda Palomar<\/strong>, de 11 a\u00f1os, de Marug\u00e1n (Segovia)<\/p>\n<p>2\u00ba <strong>Luc\u00eda Mart\u00ednez Gonz\u00e1lez, <\/strong>de 12 a\u00f1os, de Burgos<\/p>\n<p><u>Los autores de las <strong>fotograf\u00edas premiadas<\/strong> en el concurso \u201cMi pueblo, mi gente\u201d han sido:<\/u><\/p>\n<p>Premio<br \/>\n<strong>Cecilia D\u00edez, <\/strong>de 16 a\u00f1os, de Arroyo de la Encomienda (Valladolid)<\/p>\n<p>&nbsp;<\/p>\n<p>Acc\u00e9sit<\/p>\n<figure id=\"attachment_5599\" aria-describedby=\"caption-attachment-5599\" style=\"width: 300px\" class=\"wp-caption alignnone\"><img loading=\"lazy\" decoding=\"async\" class=\"wp-image-5599 size-medium\" src=\"https:\/\/www.asajacyl.com\/palencia\/wp-content\/uploads\/sites\/3\/2018\/11\/Foto-In\u00e9s-Ruiz-300x200.jpg\" alt=\"\" width=\"300\" height=\"200\" srcset=\"https:\/\/www.asajacyl.com\/palencia\/wp-content\/uploads\/sites\/3\/2018\/11\/Foto-In\u00e9s-Ruiz-300x200.jpg 300w, https:\/\/www.asajacyl.com\/palencia\/wp-content\/uploads\/sites\/3\/2018\/11\/Foto-In\u00e9s-Ruiz-768x512.jpg 768w, https:\/\/www.asajacyl.com\/palencia\/wp-content\/uploads\/sites\/3\/2018\/11\/Foto-In\u00e9s-Ruiz-1024x683.jpg 1024w, https:\/\/www.asajacyl.com\/palencia\/wp-content\/uploads\/sites\/3\/2018\/11\/Foto-In\u00e9s-Ruiz-696x464.jpg 696w, https:\/\/www.asajacyl.com\/palencia\/wp-content\/uploads\/sites\/3\/2018\/11\/Foto-In\u00e9s-Ruiz-1068x712.jpg 1068w, https:\/\/www.asajacyl.com\/palencia\/wp-content\/uploads\/sites\/3\/2018\/11\/Foto-In\u00e9s-Ruiz-630x420.jpg 630w, https:\/\/www.asajacyl.com\/palencia\/wp-content\/uploads\/sites\/3\/2018\/11\/Foto-In\u00e9s-Ruiz-1920x1280.jpg 1920w\" sizes=\"(max-width: 300px) 100vw, 300px\" \/><figcaption id=\"caption-attachment-5599\" class=\"wp-caption-text\">Foto de In\u00e9s Ruiz, de Mazariegos<\/figcaption><\/figure>\n<p><strong>In\u00e9s Ruiz P\u00e9rez,<\/strong> de 13 a\u00f1os, de Mazariegos (Palencia)<\/p>\n<p><strong>Josu\u00e9 Berr\u00f3n S\u00e1ez<\/strong>, de 17 a\u00f1os, de Langa (\u00c1vila)<\/p>\n<p>&nbsp;<\/p>\n<p>En los pr\u00f3ximos d\u00edas, los ni\u00f1os galardonados en el concurso de dibujo recibir\u00e1n diferentes regalos, consistentes en material de pintura, lotes de libros y juegos educativos. Respecto al concurso de fotograf\u00eda, los premios son econ\u00f3micos (180 y 120 euros, respectivamente, 1er premio y dos acc\u00e9sits). Adem\u00e1s, todos los participantes recibir\u00e1n un peque\u00f1o obsequio en agradecimiento por su participaci\u00f3n.<\/p>\n","protected":false},"excerpt":{"rendered":"<p>Ya se han fallado el XX Concurso Infantil de Pintura del Medio Rural \u201cAs\u00ed es mi pueblo\u201d y el X Concurso de Fotograf\u00eda Juvenil \u201cMi pueblo, mi gente\u201d, organizados por ASAJA de Castilla y Le\u00f3n con el patrocinio de la Fundaci\u00f3n Villalar Castilla y Le\u00f3n. El jurado, reunido en la sede de las Cortes auton\u00f3micas, [&hellip;]<\/p>\n","protected":false},"author":9,"featured_media":5599,"comment_status":"open","ping_status":"open","sticky":false,"template":"","format":"standard","meta":{"footnotes":""},"categories":[28],"tags":[],"yoast_head":"<!-- This site is optimized with the Yoast SEO plugin v24.5 - https:\/\/yoast.com\/wordpress\/plugins\/seo\/ -->\n<title>Ya se conocen los ganadores de los concursos de ASAJA para ni\u00f1os y j\u00f3venes patrocinados por la Fundaci\u00f3n Villalar Castilla y Le\u00f3n - ASAJA Palencia<\/title>\n<meta name=\"description\" content=\"Ya se han fallado el XX Concurso Infantil de Pintura del Medio Rural \u201cAs\u00ed es mi pueblo\u201d y el X Concurso de Fotograf\u00eda Juvenil \u201cMi pueblo, mi gente\u201d,\" \/>\n<meta name=\"robots\" content=\"index, follow, max-snippet:-1, max-image-preview:large, max-video-preview:-1\" \/>\n<link rel=\"canonical\" href=\"https:\/\/www.asajacyl.com\/palencia\/asaja-palencia-informa\/noticias\/ya-se-conocen-los-ganadores-los-concursos-asaja-ninos-jovenes-patrocinados-la-fundacion-villalar-castilla-leon\" \/>\n<meta property=\"og:locale\" content=\"es_ES\" \/>\n<meta property=\"og:type\" content=\"article\" \/>\n<meta property=\"og:title\" content=\"Ya se conocen los ganadores de los concursos de ASAJA para ni\u00f1os y j\u00f3venes patrocinados por la Fundaci\u00f3n Villalar Castilla y Le\u00f3n - ASAJA Palencia\" \/>\n<meta property=\"og:description\" content=\"Ya se han fallado el XX Concurso Infantil de Pintura del Medio Rural \u201cAs\u00ed es mi pueblo\u201d y el X Concurso de Fotograf\u00eda Juvenil \u201cMi pueblo, mi gente\u201d,\" \/>\n<meta property=\"og:url\" content=\"https:\/\/www.asajacyl.com\/palencia\/asaja-palencia-informa\/noticias\/ya-se-conocen-los-ganadores-los-concursos-asaja-ninos-jovenes-patrocinados-la-fundacion-villalar-castilla-leon\" \/>\n<meta property=\"og:site_name\" content=\"ASAJA Palencia\" \/>\n<meta property=\"article:published_time\" content=\"2018-11-12T17:39:05+00:00\" \/>\n<meta property=\"article:modified_time\" content=\"2018-11-12T18:01:32+00:00\" \/>\n<meta property=\"og:image\" content=\"https:\/\/www.asajacyl.com\/palencia\/wp-content\/uploads\/sites\/3\/2018\/11\/Foto-In\u00e9s-Ruiz.jpg\" \/>\n\t<meta property=\"og:image:width\" content=\"2500\" \/>\n\t<meta property=\"og:image:height\" content=\"1667\" \/>\n\t<meta property=\"og:image:type\" content=\"image\/jpeg\" \/>\n<meta name=\"author\" content=\"Administrador\" \/>\n<meta name=\"twitter:card\" content=\"summary_large_image\" \/>\n<meta name=\"twitter:label1\" content=\"Escrito por\" \/>\n\t<meta name=\"twitter:data1\" content=\"Administrador\" \/>\n\t<meta name=\"twitter:label2\" content=\"Tiempo de lectura\" \/>\n\t<meta name=\"twitter:data2\" content=\"3 minutos\" \/>\n<script type=\"application\/ld+json\" class=\"yoast-schema-graph\">{\"@context\":\"https:\/\/schema.org\",\"@graph\":[{\"@type\":\"WebPage\",\"@id\":\"https:\/\/www.asajacyl.com\/palencia\/asaja-palencia-informa\/noticias\/ya-se-conocen-los-ganadores-los-concursos-asaja-ninos-jovenes-patrocinados-la-fundacion-villalar-castilla-leon\",\"url\":\"https:\/\/www.asajacyl.com\/palencia\/asaja-palencia-informa\/noticias\/ya-se-conocen-los-ganadores-los-concursos-asaja-ninos-jovenes-patrocinados-la-fundacion-villalar-castilla-leon\",\"name\":\"Ya se conocen los ganadores de los concursos de ASAJA para ni\u00f1os y j\u00f3venes patrocinados por la Fundaci\u00f3n Villalar Castilla y Le\u00f3n - ASAJA Palencia\",\"isPartOf\":{\"@id\":\"https:\/\/www.asajacyl.com\/palencia\/#website\"},\"primaryImageOfPage\":{\"@id\":\"https:\/\/www.asajacyl.com\/palencia\/asaja-palencia-informa\/noticias\/ya-se-conocen-los-ganadores-los-concursos-asaja-ninos-jovenes-patrocinados-la-fundacion-villalar-castilla-leon#primaryimage\"},\"image\":{\"@id\":\"https:\/\/www.asajacyl.com\/palencia\/asaja-palencia-informa\/noticias\/ya-se-conocen-los-ganadores-los-concursos-asaja-ninos-jovenes-patrocinados-la-fundacion-villalar-castilla-leon#primaryimage\"},\"thumbnailUrl\":\"https:\/\/www.asajacyl.com\/palencia\/wp-content\/uploads\/sites\/3\/2018\/11\/Foto-In\u00e9s-Ruiz.jpg\",\"datePublished\":\"2018-11-12T17:39:05+00:00\",\"dateModified\":\"2018-11-12T18:01:32+00:00\",\"author\":{\"@id\":\"https:\/\/www.asajacyl.com\/palencia\/#\/schema\/person\/3ab17aeb03527485c317557fae64aab1\"},\"description\":\"Ya se han fallado el XX Concurso Infantil de Pintura del Medio Rural \u201cAs\u00ed es mi pueblo\u201d y el X Concurso de Fotograf\u00eda Juvenil \u201cMi pueblo, mi gente\u201d,\",\"breadcrumb\":{\"@id\":\"https:\/\/www.asajacyl.com\/palencia\/asaja-palencia-informa\/noticias\/ya-se-conocen-los-ganadores-los-concursos-asaja-ninos-jovenes-patrocinados-la-fundacion-villalar-castilla-leon#breadcrumb\"},\"inLanguage\":\"es\",\"potentialAction\":[{\"@type\":\"ReadAction\",\"target\":[\"https:\/\/www.asajacyl.com\/palencia\/asaja-palencia-informa\/noticias\/ya-se-conocen-los-ganadores-los-concursos-asaja-ninos-jovenes-patrocinados-la-fundacion-villalar-castilla-leon\"]}]},{\"@type\":\"ImageObject\",\"inLanguage\":\"es\",\"@id\":\"https:\/\/www.asajacyl.com\/palencia\/asaja-palencia-informa\/noticias\/ya-se-conocen-los-ganadores-los-concursos-asaja-ninos-jovenes-patrocinados-la-fundacion-villalar-castilla-leon#primaryimage\",\"url\":\"https:\/\/www.asajacyl.com\/palencia\/wp-content\/uploads\/sites\/3\/2018\/11\/Foto-In\u00e9s-Ruiz.jpg\",\"contentUrl\":\"https:\/\/www.asajacyl.com\/palencia\/wp-content\/uploads\/sites\/3\/2018\/11\/Foto-In\u00e9s-Ruiz.jpg\",\"width\":2500,\"height\":1667},{\"@type\":\"BreadcrumbList\",\"@id\":\"https:\/\/www.asajacyl.com\/palencia\/asaja-palencia-informa\/noticias\/ya-se-conocen-los-ganadores-los-concursos-asaja-ninos-jovenes-patrocinados-la-fundacion-villalar-castilla-leon#breadcrumb\",\"itemListElement\":[{\"@type\":\"ListItem\",\"position\":1,\"name\":\"Portada\",\"item\":\"https:\/\/www.asajacyl.com\/palencia\/\"},{\"@type\":\"ListItem\",\"position\":2,\"name\":\"Ya se conocen los ganadores de los concursos de ASAJA para ni\u00f1os y j\u00f3venes patrocinados por la Fundaci\u00f3n Villalar Castilla y Le\u00f3n\"}]},{\"@type\":\"WebSite\",\"@id\":\"https:\/\/www.asajacyl.com\/palencia\/#website\",\"url\":\"https:\/\/www.asajacyl.com\/palencia\/\",\"name\":\"ASAJA Palencia\",\"description\":\"Otro sitio m\u00e1s de Provincias ASAJA Castilla y Le\u00f3n\",\"potentialAction\":[{\"@type\":\"SearchAction\",\"target\":{\"@type\":\"EntryPoint\",\"urlTemplate\":\"https:\/\/www.asajacyl.com\/palencia\/?s={search_term_string}\"},\"query-input\":{\"@type\":\"PropertyValueSpecification\",\"valueRequired\":true,\"valueName\":\"search_term_string\"}}],\"inLanguage\":\"es\"},{\"@type\":\"Person\",\"@id\":\"https:\/\/www.asajacyl.com\/palencia\/#\/schema\/person\/3ab17aeb03527485c317557fae64aab1\",\"name\":\"Administrador\",\"image\":{\"@type\":\"ImageObject\",\"inLanguage\":\"es\",\"@id\":\"https:\/\/www.asajacyl.com\/palencia\/#\/schema\/person\/image\/\",\"url\":\"https:\/\/secure.gravatar.com\/avatar\/517384810d242ca9e38c180f3c9fb973?s=96&d=mm&r=g\",\"contentUrl\":\"https:\/\/secure.gravatar.com\/avatar\/517384810d242ca9e38c180f3c9fb973?s=96&d=mm&r=g\",\"caption\":\"Administrador\"},\"url\":\"https:\/\/www.asajacyl.com\/palencia\/author\/carlosrm\"}]}<\/script>\n<!-- \/ Yoast SEO plugin. -->","yoast_head_json":{"title":"Ya se conocen los ganadores de los concursos de ASAJA para ni\u00f1os y j\u00f3venes patrocinados por la Fundaci\u00f3n Villalar Castilla y Le\u00f3n - ASAJA Palencia","description":"Ya se han fallado el XX Concurso Infantil de Pintura del Medio Rural \u201cAs\u00ed es mi pueblo\u201d y el X Concurso de Fotograf\u00eda Juvenil \u201cMi pueblo, mi gente\u201d,","robots":{"index":"index","follow":"follow","max-snippet":"max-snippet:-1","max-image-preview":"max-image-preview:large","max-video-preview":"max-video-preview:-1"},"canonical":"https:\/\/www.asajacyl.com\/palencia\/asaja-palencia-informa\/noticias\/ya-se-conocen-los-ganadores-los-concursos-asaja-ninos-jovenes-patrocinados-la-fundacion-villalar-castilla-leon","og_locale":"es_ES","og_type":"article","og_title":"Ya se conocen los ganadores de los concursos de ASAJA para ni\u00f1os y j\u00f3venes patrocinados por la Fundaci\u00f3n Villalar Castilla y Le\u00f3n - ASAJA Palencia","og_description":"Ya se han fallado el XX Concurso Infantil de Pintura del Medio Rural \u201cAs\u00ed es mi pueblo\u201d y el X Concurso de Fotograf\u00eda Juvenil \u201cMi pueblo, mi gente\u201d,","og_url":"https:\/\/www.asajacyl.com\/palencia\/asaja-palencia-informa\/noticias\/ya-se-conocen-los-ganadores-los-concursos-asaja-ninos-jovenes-patrocinados-la-fundacion-villalar-castilla-leon","og_site_name":"ASAJA Palencia","article_published_time":"2018-11-12T17:39:05+00:00","article_modified_time":"2018-11-12T18:01:32+00:00","og_image":[{"width":2500,"height":1667,"url":"https:\/\/www.asajacyl.com\/palencia\/wp-content\/uploads\/sites\/3\/2018\/11\/Foto-In\u00e9s-Ruiz.jpg","type":"image\/jpeg"}],"author":"Administrador","twitter_card":"summary_large_image","twitter_misc":{"Escrito por":"Administrador","Tiempo de lectura":"3 minutos"},"schema":{"@context":"https:\/\/schema.org","@graph":[{"@type":"WebPage","@id":"https:\/\/www.asajacyl.com\/palencia\/asaja-palencia-informa\/noticias\/ya-se-conocen-los-ganadores-los-concursos-asaja-ninos-jovenes-patrocinados-la-fundacion-villalar-castilla-leon","url":"https:\/\/www.asajacyl.com\/palencia\/asaja-palencia-informa\/noticias\/ya-se-conocen-los-ganadores-los-concursos-asaja-ninos-jovenes-patrocinados-la-fundacion-villalar-castilla-leon","name":"Ya se conocen los ganadores de los concursos de ASAJA para ni\u00f1os y j\u00f3venes patrocinados por la Fundaci\u00f3n Villalar Castilla y Le\u00f3n - ASAJA Palencia","isPartOf":{"@id":"https:\/\/www.asajacyl.com\/palencia\/#website"},"primaryImageOfPage":{"@id":"https:\/\/www.asajacyl.com\/palencia\/asaja-palencia-informa\/noticias\/ya-se-conocen-los-ganadores-los-concursos-asaja-ninos-jovenes-patrocinados-la-fundacion-villalar-castilla-leon#primaryimage"},"image":{"@id":"https:\/\/www.asajacyl.com\/palencia\/asaja-palencia-informa\/noticias\/ya-se-conocen-los-ganadores-los-concursos-asaja-ninos-jovenes-patrocinados-la-fundacion-villalar-castilla-leon#primaryimage"},"thumbnailUrl":"https:\/\/www.asajacyl.com\/palencia\/wp-content\/uploads\/sites\/3\/2018\/11\/Foto-In\u00e9s-Ruiz.jpg","datePublished":"2018-11-12T17:39:05+00:00","dateModified":"2018-11-12T18:01:32+00:00","author":{"@id":"https:\/\/www.asajacyl.com\/palencia\/#\/schema\/person\/3ab17aeb03527485c317557fae64aab1"},"description":"Ya se han fallado el XX Concurso Infantil de Pintura del Medio Rural \u201cAs\u00ed es mi pueblo\u201d y el X Concurso de Fotograf\u00eda Juvenil \u201cMi pueblo, mi gente\u201d,","breadcrumb":{"@id":"https:\/\/www.asajacyl.com\/palencia\/asaja-palencia-informa\/noticias\/ya-se-conocen-los-ganadores-los-concursos-asaja-ninos-jovenes-patrocinados-la-fundacion-villalar-castilla-leon#breadcrumb"},"inLanguage":"es","potentialAction":[{"@type":"ReadAction","target":["https:\/\/www.asajacyl.com\/palencia\/asaja-palencia-informa\/noticias\/ya-se-conocen-los-ganadores-los-concursos-asaja-ninos-jovenes-patrocinados-la-fundacion-villalar-castilla-leon"]}]},{"@type":"ImageObject","inLanguage":"es","@id":"https:\/\/www.asajacyl.com\/palencia\/asaja-palencia-informa\/noticias\/ya-se-conocen-los-ganadores-los-concursos-asaja-ninos-jovenes-patrocinados-la-fundacion-villalar-castilla-leon#primaryimage","url":"https:\/\/www.asajacyl.com\/palencia\/wp-content\/uploads\/sites\/3\/2018\/11\/Foto-In\u00e9s-Ruiz.jpg","contentUrl":"https:\/\/www.asajacyl.com\/palencia\/wp-content\/uploads\/sites\/3\/2018\/11\/Foto-In\u00e9s-Ruiz.jpg","width":2500,"height":1667},{"@type":"BreadcrumbList","@id":"https:\/\/www.asajacyl.com\/palencia\/asaja-palencia-informa\/noticias\/ya-se-conocen-los-ganadores-los-concursos-asaja-ninos-jovenes-patrocinados-la-fundacion-villalar-castilla-leon#breadcrumb","itemListElement":[{"@type":"ListItem","position":1,"name":"Portada","item":"https:\/\/www.asajacyl.com\/palencia\/"},{"@type":"ListItem","position":2,"name":"Ya se conocen los ganadores de los concursos de ASAJA para ni\u00f1os y j\u00f3venes patrocinados por la Fundaci\u00f3n Villalar Castilla y Le\u00f3n"}]},{"@type":"WebSite","@id":"https:\/\/www.asajacyl.com\/palencia\/#website","url":"https:\/\/www.asajacyl.com\/palencia\/","name":"ASAJA Palencia","description":"Otro sitio m\u00e1s de Provincias ASAJA Castilla y Le\u00f3n","potentialAction":[{"@type":"SearchAction","target":{"@type":"EntryPoint","urlTemplate":"https:\/\/www.asajacyl.com\/palencia\/?s={search_term_string}"},"query-input":{"@type":"PropertyValueSpecification","valueRequired":true,"valueName":"search_term_string"}}],"inLanguage":"es"},{"@type":"Person","@id":"https:\/\/www.asajacyl.com\/palencia\/#\/schema\/person\/3ab17aeb03527485c317557fae64aab1","name":"Administrador","image":{"@type":"ImageObject","inLanguage":"es","@id":"https:\/\/www.asajacyl.com\/palencia\/#\/schema\/person\/image\/","url":"https:\/\/secure.gravatar.com\/avatar\/517384810d242ca9e38c180f3c9fb973?s=96&d=mm&r=g","contentUrl":"https:\/\/secure.gravatar.com\/avatar\/517384810d242ca9e38c180f3c9fb973?s=96&d=mm&r=g","caption":"Administrador"},"url":"https:\/\/www.asajacyl.com\/palencia\/author\/carlosrm"}]}},"_links":{"self":[{"href":"https:\/\/www.asajacyl.com\/palencia\/wp-json\/wp\/v2\/posts\/5598"}],"collection":[{"href":"https:\/\/www.asajacyl.com\/palencia\/wp-json\/wp\/v2\/posts"}],"about":[{"href":"https:\/\/www.asajacyl.com\/palencia\/wp-json\/wp\/v2\/types\/post"}],"author":[{"embeddable":true,"href":"https:\/\/www.asajacyl.com\/palencia\/wp-json\/wp\/v2\/users\/9"}],"replies":[{"embeddable":true,"href":"https:\/\/www.asajacyl.com\/palencia\/wp-json\/wp\/v2\/comments?post=5598"}],"version-history":[{"count":2,"href":"https:\/\/www.asajacyl.com\/palencia\/wp-json\/wp\/v2\/posts\/5598\/revisions"}],"predecessor-version":[{"id":5601,"href":"https:\/\/www.asajacyl.com\/palencia\/wp-json\/wp\/v2\/posts\/5598\/revisions\/5601"}],"wp:featuredmedia":[{"embeddable":true,"href":"https:\/\/www.asajacyl.com\/palencia\/wp-json\/wp\/v2\/media\/5599"}],"wp:attachment":[{"href":"https:\/\/www.asajacyl.com\/palencia\/wp-json\/wp\/v2\/media?parent=5598"}],"wp:term":[{"taxonomy":"category","embeddable":true,"href":"https:\/\/www.asajacyl.com\/palencia\/wp-json\/wp\/v2\/categories?post=5598"},{"taxonomy":"post_tag","embeddable":true,"href":"https:\/\/www.asajacyl.com\/palencia\/wp-json\/wp\/v2\/tags?post=5598"}],"curies":[{"name":"wp","href":"https:\/\/api.w.org\/{rel}","templated":true}]}}