{"id":5743,"date":"2018-12-19T15:02:08","date_gmt":"2018-12-19T14:02:08","guid":{"rendered":"https:\/\/www.asajacyl.com\/palencia\/?p=5743"},"modified":"2019-01-29T14:28:22","modified_gmt":"2019-01-29T13:28:22","slug":"los-ganaderos-ovino-repartieron-queso-reivindicar-precio-justo-la-leche","status":"publish","type":"post","link":"https:\/\/www.asajacyl.com\/palencia\/asaja-palencia-informa\/los-ganaderos-ovino-repartieron-queso-reivindicar-precio-justo-la-leche","title":{"rendered":"Los ganaderos de ovino repartieron queso para reivindicar un precio justo de la leche"},"content":{"rendered":"<p>Los ganaderos de ovino de leche\u00a0 celebraron un acto reivindicativo en la plaza de Zorrilla, de Valladolid, con un reparto gratuito de queso para los ciudadanos. Con esta protesta, exigieron que\u00a0los precios actuales, por debajo de costes, se incrementen de forma que\u00a0 permitan a las explotaciones producir sin perder dinero.<\/p>\n<p style=\"text-align: justify;line-height: 18.0pt;background: white;margin: 0cm 0cm 19.5pt 0cm\"><span style=\"font-size: 11.5pt;font-family: 'Verdana','sans-serif';color: #222222\">De nuevo denunciaron los abusos actuales, con una distribuci\u00f3n interesada en vender queso a bajo precio como producto reclamo y unas industrias que se doblegan a ello, y que al ser poco competitivas ajustan su cuenta de resultados apretando al eslab\u00f3n m\u00e1s d\u00e9bil, el ganadero.\u00a0<\/span><\/p>\n<p><img loading=\"lazy\" decoding=\"async\" class=\"alignnone size-medium wp-image-5745\" src=\"https:\/\/www.asajacyl.com\/palencia\/wp-content\/uploads\/sites\/3\/2018\/12\/foto-reparto-queso-300x130.jpg\" alt=\"\" width=\"300\" height=\"130\" srcset=\"https:\/\/www.asajacyl.com\/palencia\/wp-content\/uploads\/sites\/3\/2018\/12\/foto-reparto-queso-300x130.jpg 300w, https:\/\/www.asajacyl.com\/palencia\/wp-content\/uploads\/sites\/3\/2018\/12\/foto-reparto-queso-768x333.jpg 768w, https:\/\/www.asajacyl.com\/palencia\/wp-content\/uploads\/sites\/3\/2018\/12\/foto-reparto-queso-1024x443.jpg 1024w, https:\/\/www.asajacyl.com\/palencia\/wp-content\/uploads\/sites\/3\/2018\/12\/foto-reparto-queso-696x301.jpg 696w, https:\/\/www.asajacyl.com\/palencia\/wp-content\/uploads\/sites\/3\/2018\/12\/foto-reparto-queso-1068x463.jpg 1068w, https:\/\/www.asajacyl.com\/palencia\/wp-content\/uploads\/sites\/3\/2018\/12\/foto-reparto-queso-970x420.jpg 970w, https:\/\/www.asajacyl.com\/palencia\/wp-content\/uploads\/sites\/3\/2018\/12\/foto-reparto-queso.jpg 1651w\" sizes=\"(max-width: 300px) 100vw, 300px\" \/><\/p>\n","protected":false},"excerpt":{"rendered":"<p>Los ganaderos de ovino de leche\u00a0 celebraron un acto reivindicativo en la plaza de Zorrilla, de Valladolid, con un reparto gratuito de queso para los ciudadanos. Con esta protesta, exigieron que\u00a0los precios actuales, por debajo de costes, se incrementen de forma que\u00a0 permitan a las explotaciones producir sin perder dinero. De nuevo denunciaron los abusos [&hellip;]<\/p>\n","protected":false},"author":9,"featured_media":5745,"comment_status":"open","ping_status":"open","sticky":false,"template":"","format":"standard","meta":{"footnotes":""},"categories":[9,28],"tags":[],"yoast_head":"<!-- This site is optimized with the Yoast SEO plugin v24.5 - https:\/\/yoast.com\/wordpress\/plugins\/seo\/ -->\n<title>Los ganaderos de ovino repartieron queso para reivindicar un precio justo de la leche - ASAJA Palencia<\/title>\n<meta name=\"description\" content=\"Los ganaderos de ovino de leche\u00a0 celebraron un acto reivindicativo en la plaza de Zorrilla, de Valladolid, con un reparto gratuito de queso para los\" \/>\n<meta name=\"robots\" content=\"index, follow, max-snippet:-1, max-image-preview:large, max-video-preview:-1\" \/>\n<link rel=\"canonical\" href=\"https:\/\/www.asajacyl.com\/palencia\/asaja-palencia-informa\/los-ganaderos-ovino-repartieron-queso-reivindicar-precio-justo-la-leche\" \/>\n<meta property=\"og:locale\" content=\"es_ES\" \/>\n<meta property=\"og:type\" content=\"article\" \/>\n<meta property=\"og:title\" content=\"Los ganaderos de ovino repartieron queso para reivindicar un precio justo de la leche - ASAJA Palencia\" \/>\n<meta property=\"og:description\" content=\"Los ganaderos de ovino de leche\u00a0 celebraron un acto reivindicativo en la plaza de Zorrilla, de Valladolid, con un reparto gratuito de queso para los\" \/>\n<meta property=\"og:url\" content=\"https:\/\/www.asajacyl.com\/palencia\/asaja-palencia-informa\/los-ganaderos-ovino-repartieron-queso-reivindicar-precio-justo-la-leche\" \/>\n<meta property=\"og:site_name\" content=\"ASAJA Palencia\" \/>\n<meta property=\"article:published_time\" content=\"2018-12-19T14:02:08+00:00\" \/>\n<meta property=\"article:modified_time\" content=\"2019-01-29T13:28:22+00:00\" \/>\n<meta property=\"og:image\" content=\"https:\/\/www.asajacyl.com\/palencia\/wp-content\/uploads\/sites\/3\/2018\/12\/foto-reparto-queso.jpg\" \/>\n\t<meta property=\"og:image:width\" content=\"1651\" \/>\n\t<meta property=\"og:image:height\" content=\"715\" \/>\n\t<meta property=\"og:image:type\" content=\"image\/jpeg\" \/>\n<meta name=\"author\" content=\"Administrador\" \/>\n<meta name=\"twitter:card\" content=\"summary_large_image\" \/>\n<meta name=\"twitter:label1\" content=\"Escrito por\" \/>\n\t<meta name=\"twitter:data1\" content=\"Administrador\" \/>\n\t<meta name=\"twitter:label2\" content=\"Tiempo de lectura\" \/>\n\t<meta name=\"twitter:data2\" content=\"1 minuto\" \/>\n<script type=\"application\/ld+json\" class=\"yoast-schema-graph\">{\"@context\":\"https:\/\/schema.org\",\"@graph\":[{\"@type\":\"WebPage\",\"@id\":\"https:\/\/www.asajacyl.com\/palencia\/asaja-palencia-informa\/los-ganaderos-ovino-repartieron-queso-reivindicar-precio-justo-la-leche\",\"url\":\"https:\/\/www.asajacyl.com\/palencia\/asaja-palencia-informa\/los-ganaderos-ovino-repartieron-queso-reivindicar-precio-justo-la-leche\",\"name\":\"Los ganaderos de ovino repartieron queso para reivindicar un precio justo de la leche - ASAJA Palencia\",\"isPartOf\":{\"@id\":\"https:\/\/www.asajacyl.com\/palencia\/#website\"},\"primaryImageOfPage\":{\"@id\":\"https:\/\/www.asajacyl.com\/palencia\/asaja-palencia-informa\/los-ganaderos-ovino-repartieron-queso-reivindicar-precio-justo-la-leche#primaryimage\"},\"image\":{\"@id\":\"https:\/\/www.asajacyl.com\/palencia\/asaja-palencia-informa\/los-ganaderos-ovino-repartieron-queso-reivindicar-precio-justo-la-leche#primaryimage\"},\"thumbnailUrl\":\"https:\/\/www.asajacyl.com\/palencia\/wp-content\/uploads\/sites\/3\/2018\/12\/foto-reparto-queso.jpg\",\"datePublished\":\"2018-12-19T14:02:08+00:00\",\"dateModified\":\"2019-01-29T13:28:22+00:00\",\"author\":{\"@id\":\"https:\/\/www.asajacyl.com\/palencia\/#\/schema\/person\/3ab17aeb03527485c317557fae64aab1\"},\"description\":\"Los ganaderos de ovino de leche\u00a0 celebraron un acto reivindicativo en la plaza de Zorrilla, de Valladolid, con un reparto gratuito de queso para los\",\"breadcrumb\":{\"@id\":\"https:\/\/www.asajacyl.com\/palencia\/asaja-palencia-informa\/los-ganaderos-ovino-repartieron-queso-reivindicar-precio-justo-la-leche#breadcrumb\"},\"inLanguage\":\"es\",\"potentialAction\":[{\"@type\":\"ReadAction\",\"target\":[\"https:\/\/www.asajacyl.com\/palencia\/asaja-palencia-informa\/los-ganaderos-ovino-repartieron-queso-reivindicar-precio-justo-la-leche\"]}]},{\"@type\":\"ImageObject\",\"inLanguage\":\"es\",\"@id\":\"https:\/\/www.asajacyl.com\/palencia\/asaja-palencia-informa\/los-ganaderos-ovino-repartieron-queso-reivindicar-precio-justo-la-leche#primaryimage\",\"url\":\"https:\/\/www.asajacyl.com\/palencia\/wp-content\/uploads\/sites\/3\/2018\/12\/foto-reparto-queso.jpg\",\"contentUrl\":\"https:\/\/www.asajacyl.com\/palencia\/wp-content\/uploads\/sites\/3\/2018\/12\/foto-reparto-queso.jpg\",\"width\":1651,\"height\":715},{\"@type\":\"BreadcrumbList\",\"@id\":\"https:\/\/www.asajacyl.com\/palencia\/asaja-palencia-informa\/los-ganaderos-ovino-repartieron-queso-reivindicar-precio-justo-la-leche#breadcrumb\",\"itemListElement\":[{\"@type\":\"ListItem\",\"position\":1,\"name\":\"Portada\",\"item\":\"https:\/\/www.asajacyl.com\/palencia\/\"},{\"@type\":\"ListItem\",\"position\":2,\"name\":\"Los ganaderos de ovino repartieron queso para reivindicar un precio justo de la leche\"}]},{\"@type\":\"WebSite\",\"@id\":\"https:\/\/www.asajacyl.com\/palencia\/#website\",\"url\":\"https:\/\/www.asajacyl.com\/palencia\/\",\"name\":\"ASAJA Palencia\",\"description\":\"Otro sitio m\u00e1s de Provincias ASAJA Castilla y Le\u00f3n\",\"potentialAction\":[{\"@type\":\"SearchAction\",\"target\":{\"@type\":\"EntryPoint\",\"urlTemplate\":\"https:\/\/www.asajacyl.com\/palencia\/?s={search_term_string}\"},\"query-input\":{\"@type\":\"PropertyValueSpecification\",\"valueRequired\":true,\"valueName\":\"search_term_string\"}}],\"inLanguage\":\"es\"},{\"@type\":\"Person\",\"@id\":\"https:\/\/www.asajacyl.com\/palencia\/#\/schema\/person\/3ab17aeb03527485c317557fae64aab1\",\"name\":\"Administrador\",\"image\":{\"@type\":\"ImageObject\",\"inLanguage\":\"es\",\"@id\":\"https:\/\/www.asajacyl.com\/palencia\/#\/schema\/person\/image\/\",\"url\":\"https:\/\/secure.gravatar.com\/avatar\/517384810d242ca9e38c180f3c9fb973?s=96&d=mm&r=g\",\"contentUrl\":\"https:\/\/secure.gravatar.com\/avatar\/517384810d242ca9e38c180f3c9fb973?s=96&d=mm&r=g\",\"caption\":\"Administrador\"},\"url\":\"https:\/\/www.asajacyl.com\/palencia\/author\/carlosrm\"}]}<\/script>\n<!-- \/ Yoast SEO plugin. -->","yoast_head_json":{"title":"Los ganaderos de ovino repartieron queso para reivindicar un precio justo de la leche - ASAJA Palencia","description":"Los ganaderos de ovino de leche\u00a0 celebraron un acto reivindicativo en la plaza de Zorrilla, de Valladolid, con un reparto gratuito de queso para los","robots":{"index":"index","follow":"follow","max-snippet":"max-snippet:-1","max-image-preview":"max-image-preview:large","max-video-preview":"max-video-preview:-1"},"canonical":"https:\/\/www.asajacyl.com\/palencia\/asaja-palencia-informa\/los-ganaderos-ovino-repartieron-queso-reivindicar-precio-justo-la-leche","og_locale":"es_ES","og_type":"article","og_title":"Los ganaderos de ovino repartieron queso para reivindicar un precio justo de la leche - ASAJA Palencia","og_description":"Los ganaderos de ovino de leche\u00a0 celebraron un acto reivindicativo en la plaza de Zorrilla, de Valladolid, con un reparto gratuito de queso para los","og_url":"https:\/\/www.asajacyl.com\/palencia\/asaja-palencia-informa\/los-ganaderos-ovino-repartieron-queso-reivindicar-precio-justo-la-leche","og_site_name":"ASAJA Palencia","article_published_time":"2018-12-19T14:02:08+00:00","article_modified_time":"2019-01-29T13:28:22+00:00","og_image":[{"width":1651,"height":715,"url":"https:\/\/www.asajacyl.com\/palencia\/wp-content\/uploads\/sites\/3\/2018\/12\/foto-reparto-queso.jpg","type":"image\/jpeg"}],"author":"Administrador","twitter_card":"summary_large_image","twitter_misc":{"Escrito por":"Administrador","Tiempo de lectura":"1 minuto"},"schema":{"@context":"https:\/\/schema.org","@graph":[{"@type":"WebPage","@id":"https:\/\/www.asajacyl.com\/palencia\/asaja-palencia-informa\/los-ganaderos-ovino-repartieron-queso-reivindicar-precio-justo-la-leche","url":"https:\/\/www.asajacyl.com\/palencia\/asaja-palencia-informa\/los-ganaderos-ovino-repartieron-queso-reivindicar-precio-justo-la-leche","name":"Los ganaderos de ovino repartieron queso para reivindicar un precio justo de la leche - ASAJA Palencia","isPartOf":{"@id":"https:\/\/www.asajacyl.com\/palencia\/#website"},"primaryImageOfPage":{"@id":"https:\/\/www.asajacyl.com\/palencia\/asaja-palencia-informa\/los-ganaderos-ovino-repartieron-queso-reivindicar-precio-justo-la-leche#primaryimage"},"image":{"@id":"https:\/\/www.asajacyl.com\/palencia\/asaja-palencia-informa\/los-ganaderos-ovino-repartieron-queso-reivindicar-precio-justo-la-leche#primaryimage"},"thumbnailUrl":"https:\/\/www.asajacyl.com\/palencia\/wp-content\/uploads\/sites\/3\/2018\/12\/foto-reparto-queso.jpg","datePublished":"2018-12-19T14:02:08+00:00","dateModified":"2019-01-29T13:28:22+00:00","author":{"@id":"https:\/\/www.asajacyl.com\/palencia\/#\/schema\/person\/3ab17aeb03527485c317557fae64aab1"},"description":"Los ganaderos de ovino de leche\u00a0 celebraron un acto reivindicativo en la plaza de Zorrilla, de Valladolid, con un reparto gratuito de queso para los","breadcrumb":{"@id":"https:\/\/www.asajacyl.com\/palencia\/asaja-palencia-informa\/los-ganaderos-ovino-repartieron-queso-reivindicar-precio-justo-la-leche#breadcrumb"},"inLanguage":"es","potentialAction":[{"@type":"ReadAction","target":["https:\/\/www.asajacyl.com\/palencia\/asaja-palencia-informa\/los-ganaderos-ovino-repartieron-queso-reivindicar-precio-justo-la-leche"]}]},{"@type":"ImageObject","inLanguage":"es","@id":"https:\/\/www.asajacyl.com\/palencia\/asaja-palencia-informa\/los-ganaderos-ovino-repartieron-queso-reivindicar-precio-justo-la-leche#primaryimage","url":"https:\/\/www.asajacyl.com\/palencia\/wp-content\/uploads\/sites\/3\/2018\/12\/foto-reparto-queso.jpg","contentUrl":"https:\/\/www.asajacyl.com\/palencia\/wp-content\/uploads\/sites\/3\/2018\/12\/foto-reparto-queso.jpg","width":1651,"height":715},{"@type":"BreadcrumbList","@id":"https:\/\/www.asajacyl.com\/palencia\/asaja-palencia-informa\/los-ganaderos-ovino-repartieron-queso-reivindicar-precio-justo-la-leche#breadcrumb","itemListElement":[{"@type":"ListItem","position":1,"name":"Portada","item":"https:\/\/www.asajacyl.com\/palencia\/"},{"@type":"ListItem","position":2,"name":"Los ganaderos de ovino repartieron queso para reivindicar un precio justo de la leche"}]},{"@type":"WebSite","@id":"https:\/\/www.asajacyl.com\/palencia\/#website","url":"https:\/\/www.asajacyl.com\/palencia\/","name":"ASAJA Palencia","description":"Otro sitio m\u00e1s de Provincias ASAJA Castilla y Le\u00f3n","potentialAction":[{"@type":"SearchAction","target":{"@type":"EntryPoint","urlTemplate":"https:\/\/www.asajacyl.com\/palencia\/?s={search_term_string}"},"query-input":{"@type":"PropertyValueSpecification","valueRequired":true,"valueName":"search_term_string"}}],"inLanguage":"es"},{"@type":"Person","@id":"https:\/\/www.asajacyl.com\/palencia\/#\/schema\/person\/3ab17aeb03527485c317557fae64aab1","name":"Administrador","image":{"@type":"ImageObject","inLanguage":"es","@id":"https:\/\/www.asajacyl.com\/palencia\/#\/schema\/person\/image\/","url":"https:\/\/secure.gravatar.com\/avatar\/517384810d242ca9e38c180f3c9fb973?s=96&d=mm&r=g","contentUrl":"https:\/\/secure.gravatar.com\/avatar\/517384810d242ca9e38c180f3c9fb973?s=96&d=mm&r=g","caption":"Administrador"},"url":"https:\/\/www.asajacyl.com\/palencia\/author\/carlosrm"}]}},"_links":{"self":[{"href":"https:\/\/www.asajacyl.com\/palencia\/wp-json\/wp\/v2\/posts\/5743"}],"collection":[{"href":"https:\/\/www.asajacyl.com\/palencia\/wp-json\/wp\/v2\/posts"}],"about":[{"href":"https:\/\/www.asajacyl.com\/palencia\/wp-json\/wp\/v2\/types\/post"}],"author":[{"embeddable":true,"href":"https:\/\/www.asajacyl.com\/palencia\/wp-json\/wp\/v2\/users\/9"}],"replies":[{"embeddable":true,"href":"https:\/\/www.asajacyl.com\/palencia\/wp-json\/wp\/v2\/comments?post=5743"}],"version-history":[{"count":1,"href":"https:\/\/www.asajacyl.com\/palencia\/wp-json\/wp\/v2\/posts\/5743\/revisions"}],"predecessor-version":[{"id":5746,"href":"https:\/\/www.asajacyl.com\/palencia\/wp-json\/wp\/v2\/posts\/5743\/revisions\/5746"}],"wp:featuredmedia":[{"embeddable":true,"href":"https:\/\/www.asajacyl.com\/palencia\/wp-json\/wp\/v2\/media\/5745"}],"wp:attachment":[{"href":"https:\/\/www.asajacyl.com\/palencia\/wp-json\/wp\/v2\/media?parent=5743"}],"wp:term":[{"taxonomy":"category","embeddable":true,"href":"https:\/\/www.asajacyl.com\/palencia\/wp-json\/wp\/v2\/categories?post=5743"},{"taxonomy":"post_tag","embeddable":true,"href":"https:\/\/www.asajacyl.com\/palencia\/wp-json\/wp\/v2\/tags?post=5743"}],"curies":[{"name":"wp","href":"https:\/\/api.w.org\/{rel}","templated":true}]}}