{"id":5747,"date":"2018-12-20T14:59:00","date_gmt":"2018-12-20T13:59:00","guid":{"rendered":"https:\/\/www.asajacyl.com\/palencia\/?p=5747"},"modified":"2018-12-20T14:59:00","modified_gmt":"2018-12-20T13:59:00","slug":"casi-90-agricultores-la-reunion-azucarera-celebrada-asaja","status":"publish","type":"post","link":"https:\/\/www.asajacyl.com\/palencia\/asaja-palencia-informa\/casi-90-agricultores-la-reunion-azucarera-celebrada-asaja","title":{"rendered":"Casi 90 agricultores en la reuni\u00f3n con Azucarera celebrada en ASAJA"},"content":{"rendered":"<p>Con la presencia de casi 90 agricultores se celebr\u00f3 hoy en ASAJA PALENCIA una reuni\u00f3n donde el director general de Azucarera, Juan Luis Rivero, y la directora agr\u00edcola, Salom\u00e9 Santos, explicaron el nuevo escenario que se plantea para la contrataci\u00f3n de remolacha en la pr\u00f3xima campa\u00f1a, una vez que la industria ha decidido reducir el precio por tonelada, lo que puede poner en peligro la continuidad del sector en la provincia<\/p>\n<p><img loading=\"lazy\" decoding=\"async\" class=\"alignnone size-medium wp-image-5748\" src=\"https:\/\/www.asajacyl.com\/palencia\/wp-content\/uploads\/sites\/3\/2018\/12\/reuni\u00f3n-azucarera-2-300x169.jpg\" alt=\"\" width=\"300\" height=\"169\" srcset=\"https:\/\/www.asajacyl.com\/palencia\/wp-content\/uploads\/sites\/3\/2018\/12\/reuni\u00f3n-azucarera-2-300x169.jpg 300w, https:\/\/www.asajacyl.com\/palencia\/wp-content\/uploads\/sites\/3\/2018\/12\/reuni\u00f3n-azucarera-2-768x432.jpg 768w, https:\/\/www.asajacyl.com\/palencia\/wp-content\/uploads\/sites\/3\/2018\/12\/reuni\u00f3n-azucarera-2-1024x576.jpg 1024w, https:\/\/www.asajacyl.com\/palencia\/wp-content\/uploads\/sites\/3\/2018\/12\/reuni\u00f3n-azucarera-2-696x391.jpg 696w, https:\/\/www.asajacyl.com\/palencia\/wp-content\/uploads\/sites\/3\/2018\/12\/reuni\u00f3n-azucarera-2-1068x601.jpg 1068w, https:\/\/www.asajacyl.com\/palencia\/wp-content\/uploads\/sites\/3\/2018\/12\/reuni\u00f3n-azucarera-2-747x420.jpg 747w, https:\/\/www.asajacyl.com\/palencia\/wp-content\/uploads\/sites\/3\/2018\/12\/reuni\u00f3n-azucarera-2-1920x1080.jpg 1920w\" sizes=\"(max-width: 300px) 100vw, 300px\" \/><\/p>\n<p><img loading=\"lazy\" decoding=\"async\" class=\"alignnone size-medium wp-image-5749\" src=\"https:\/\/www.asajacyl.com\/palencia\/wp-content\/uploads\/sites\/3\/2018\/12\/reuni\u00f3n-azucarera-1-300x169.jpg\" alt=\"\" width=\"300\" height=\"169\" srcset=\"https:\/\/www.asajacyl.com\/palencia\/wp-content\/uploads\/sites\/3\/2018\/12\/reuni\u00f3n-azucarera-1-300x169.jpg 300w, https:\/\/www.asajacyl.com\/palencia\/wp-content\/uploads\/sites\/3\/2018\/12\/reuni\u00f3n-azucarera-1-768x432.jpg 768w, https:\/\/www.asajacyl.com\/palencia\/wp-content\/uploads\/sites\/3\/2018\/12\/reuni\u00f3n-azucarera-1-1024x576.jpg 1024w, https:\/\/www.asajacyl.com\/palencia\/wp-content\/uploads\/sites\/3\/2018\/12\/reuni\u00f3n-azucarera-1-696x391.jpg 696w, https:\/\/www.asajacyl.com\/palencia\/wp-content\/uploads\/sites\/3\/2018\/12\/reuni\u00f3n-azucarera-1-1068x601.jpg 1068w, https:\/\/www.asajacyl.com\/palencia\/wp-content\/uploads\/sites\/3\/2018\/12\/reuni\u00f3n-azucarera-1-747x420.jpg 747w, https:\/\/www.asajacyl.com\/palencia\/wp-content\/uploads\/sites\/3\/2018\/12\/reuni\u00f3n-azucarera-1-1920x1080.jpg 1920w\" sizes=\"(max-width: 300px) 100vw, 300px\" \/><\/p>\n","protected":false},"excerpt":{"rendered":"<p>Con la presencia de casi 90 agricultores se celebr\u00f3 hoy en ASAJA PALENCIA una reuni\u00f3n donde el director general de Azucarera, Juan Luis Rivero, y la directora agr\u00edcola, Salom\u00e9 Santos, explicaron el nuevo escenario que se plantea para la contrataci\u00f3n de remolacha en la pr\u00f3xima campa\u00f1a, una vez que la industria ha decidido reducir el [&hellip;]<\/p>\n","protected":false},"author":9,"featured_media":5748,"comment_status":"open","ping_status":"open","sticky":false,"template":"","format":"standard","meta":{"footnotes":""},"categories":[9,28],"tags":[],"yoast_head":"<!-- This site is optimized with the Yoast SEO plugin v24.5 - https:\/\/yoast.com\/wordpress\/plugins\/seo\/ -->\n<title>Casi 90 agricultores en la reuni\u00f3n con Azucarera celebrada en ASAJA - ASAJA Palencia<\/title>\n<meta name=\"description\" content=\"Con la presencia de casi 90 agricultores se celebr\u00f3 hoy en ASAJA PALENCIA una reuni\u00f3n donde el director general de Azucarera, Juan Luis Rivero, y la\" \/>\n<meta name=\"robots\" content=\"index, follow, max-snippet:-1, max-image-preview:large, max-video-preview:-1\" \/>\n<link rel=\"canonical\" href=\"https:\/\/www.asajacyl.com\/palencia\/asaja-palencia-informa\/casi-90-agricultores-la-reunion-azucarera-celebrada-asaja\" \/>\n<meta property=\"og:locale\" content=\"es_ES\" \/>\n<meta property=\"og:type\" content=\"article\" \/>\n<meta property=\"og:title\" content=\"Casi 90 agricultores en la reuni\u00f3n con Azucarera celebrada en ASAJA - ASAJA Palencia\" \/>\n<meta property=\"og:description\" content=\"Con la presencia de casi 90 agricultores se celebr\u00f3 hoy en ASAJA PALENCIA una reuni\u00f3n donde el director general de Azucarera, Juan Luis Rivero, y la\" \/>\n<meta property=\"og:url\" content=\"https:\/\/www.asajacyl.com\/palencia\/asaja-palencia-informa\/casi-90-agricultores-la-reunion-azucarera-celebrada-asaja\" \/>\n<meta property=\"og:site_name\" content=\"ASAJA Palencia\" \/>\n<meta property=\"article:published_time\" content=\"2018-12-20T13:59:00+00:00\" \/>\n<meta property=\"og:image\" content=\"https:\/\/www.asajacyl.com\/palencia\/wp-content\/uploads\/sites\/3\/2018\/12\/reuni\u00f3n-azucarera-2.jpg\" \/>\n\t<meta property=\"og:image:width\" content=\"2500\" \/>\n\t<meta property=\"og:image:height\" content=\"1406\" \/>\n\t<meta property=\"og:image:type\" content=\"image\/jpeg\" \/>\n<meta name=\"author\" content=\"Administrador\" \/>\n<meta name=\"twitter:card\" content=\"summary_large_image\" \/>\n<meta name=\"twitter:label1\" content=\"Escrito por\" \/>\n\t<meta name=\"twitter:data1\" content=\"Administrador\" \/>\n<script type=\"application\/ld+json\" class=\"yoast-schema-graph\">{\"@context\":\"https:\/\/schema.org\",\"@graph\":[{\"@type\":\"WebPage\",\"@id\":\"https:\/\/www.asajacyl.com\/palencia\/asaja-palencia-informa\/casi-90-agricultores-la-reunion-azucarera-celebrada-asaja\",\"url\":\"https:\/\/www.asajacyl.com\/palencia\/asaja-palencia-informa\/casi-90-agricultores-la-reunion-azucarera-celebrada-asaja\",\"name\":\"Casi 90 agricultores en la reuni\u00f3n con Azucarera celebrada en ASAJA - ASAJA Palencia\",\"isPartOf\":{\"@id\":\"https:\/\/www.asajacyl.com\/palencia\/#website\"},\"primaryImageOfPage\":{\"@id\":\"https:\/\/www.asajacyl.com\/palencia\/asaja-palencia-informa\/casi-90-agricultores-la-reunion-azucarera-celebrada-asaja#primaryimage\"},\"image\":{\"@id\":\"https:\/\/www.asajacyl.com\/palencia\/asaja-palencia-informa\/casi-90-agricultores-la-reunion-azucarera-celebrada-asaja#primaryimage\"},\"thumbnailUrl\":\"https:\/\/www.asajacyl.com\/palencia\/wp-content\/uploads\/sites\/3\/2018\/12\/reuni\u00f3n-azucarera-2.jpg\",\"datePublished\":\"2018-12-20T13:59:00+00:00\",\"author\":{\"@id\":\"https:\/\/www.asajacyl.com\/palencia\/#\/schema\/person\/3ab17aeb03527485c317557fae64aab1\"},\"description\":\"Con la presencia de casi 90 agricultores se celebr\u00f3 hoy en ASAJA PALENCIA una reuni\u00f3n donde el director general de Azucarera, Juan Luis Rivero, y la\",\"breadcrumb\":{\"@id\":\"https:\/\/www.asajacyl.com\/palencia\/asaja-palencia-informa\/casi-90-agricultores-la-reunion-azucarera-celebrada-asaja#breadcrumb\"},\"inLanguage\":\"es\",\"potentialAction\":[{\"@type\":\"ReadAction\",\"target\":[\"https:\/\/www.asajacyl.com\/palencia\/asaja-palencia-informa\/casi-90-agricultores-la-reunion-azucarera-celebrada-asaja\"]}]},{\"@type\":\"ImageObject\",\"inLanguage\":\"es\",\"@id\":\"https:\/\/www.asajacyl.com\/palencia\/asaja-palencia-informa\/casi-90-agricultores-la-reunion-azucarera-celebrada-asaja#primaryimage\",\"url\":\"https:\/\/www.asajacyl.com\/palencia\/wp-content\/uploads\/sites\/3\/2018\/12\/reuni\u00f3n-azucarera-2.jpg\",\"contentUrl\":\"https:\/\/www.asajacyl.com\/palencia\/wp-content\/uploads\/sites\/3\/2018\/12\/reuni\u00f3n-azucarera-2.jpg\",\"width\":2500,\"height\":1406},{\"@type\":\"BreadcrumbList\",\"@id\":\"https:\/\/www.asajacyl.com\/palencia\/asaja-palencia-informa\/casi-90-agricultores-la-reunion-azucarera-celebrada-asaja#breadcrumb\",\"itemListElement\":[{\"@type\":\"ListItem\",\"position\":1,\"name\":\"Portada\",\"item\":\"https:\/\/www.asajacyl.com\/palencia\/\"},{\"@type\":\"ListItem\",\"position\":2,\"name\":\"Casi 90 agricultores en la reuni\u00f3n con Azucarera celebrada en ASAJA\"}]},{\"@type\":\"WebSite\",\"@id\":\"https:\/\/www.asajacyl.com\/palencia\/#website\",\"url\":\"https:\/\/www.asajacyl.com\/palencia\/\",\"name\":\"ASAJA Palencia\",\"description\":\"Otro sitio m\u00e1s de Provincias ASAJA Castilla y Le\u00f3n\",\"potentialAction\":[{\"@type\":\"SearchAction\",\"target\":{\"@type\":\"EntryPoint\",\"urlTemplate\":\"https:\/\/www.asajacyl.com\/palencia\/?s={search_term_string}\"},\"query-input\":{\"@type\":\"PropertyValueSpecification\",\"valueRequired\":true,\"valueName\":\"search_term_string\"}}],\"inLanguage\":\"es\"},{\"@type\":\"Person\",\"@id\":\"https:\/\/www.asajacyl.com\/palencia\/#\/schema\/person\/3ab17aeb03527485c317557fae64aab1\",\"name\":\"Administrador\",\"image\":{\"@type\":\"ImageObject\",\"inLanguage\":\"es\",\"@id\":\"https:\/\/www.asajacyl.com\/palencia\/#\/schema\/person\/image\/\",\"url\":\"https:\/\/secure.gravatar.com\/avatar\/517384810d242ca9e38c180f3c9fb973?s=96&d=mm&r=g\",\"contentUrl\":\"https:\/\/secure.gravatar.com\/avatar\/517384810d242ca9e38c180f3c9fb973?s=96&d=mm&r=g\",\"caption\":\"Administrador\"},\"url\":\"https:\/\/www.asajacyl.com\/palencia\/author\/carlosrm\"}]}<\/script>\n<!-- \/ Yoast SEO plugin. -->","yoast_head_json":{"title":"Casi 90 agricultores en la reuni\u00f3n con Azucarera celebrada en ASAJA - ASAJA Palencia","description":"Con la presencia de casi 90 agricultores se celebr\u00f3 hoy en ASAJA PALENCIA una reuni\u00f3n donde el director general de Azucarera, Juan Luis Rivero, y la","robots":{"index":"index","follow":"follow","max-snippet":"max-snippet:-1","max-image-preview":"max-image-preview:large","max-video-preview":"max-video-preview:-1"},"canonical":"https:\/\/www.asajacyl.com\/palencia\/asaja-palencia-informa\/casi-90-agricultores-la-reunion-azucarera-celebrada-asaja","og_locale":"es_ES","og_type":"article","og_title":"Casi 90 agricultores en la reuni\u00f3n con Azucarera celebrada en ASAJA - ASAJA Palencia","og_description":"Con la presencia de casi 90 agricultores se celebr\u00f3 hoy en ASAJA PALENCIA una reuni\u00f3n donde el director general de Azucarera, Juan Luis Rivero, y la","og_url":"https:\/\/www.asajacyl.com\/palencia\/asaja-palencia-informa\/casi-90-agricultores-la-reunion-azucarera-celebrada-asaja","og_site_name":"ASAJA Palencia","article_published_time":"2018-12-20T13:59:00+00:00","og_image":[{"width":2500,"height":1406,"url":"https:\/\/www.asajacyl.com\/palencia\/wp-content\/uploads\/sites\/3\/2018\/12\/reuni\u00f3n-azucarera-2.jpg","type":"image\/jpeg"}],"author":"Administrador","twitter_card":"summary_large_image","twitter_misc":{"Escrito por":"Administrador"},"schema":{"@context":"https:\/\/schema.org","@graph":[{"@type":"WebPage","@id":"https:\/\/www.asajacyl.com\/palencia\/asaja-palencia-informa\/casi-90-agricultores-la-reunion-azucarera-celebrada-asaja","url":"https:\/\/www.asajacyl.com\/palencia\/asaja-palencia-informa\/casi-90-agricultores-la-reunion-azucarera-celebrada-asaja","name":"Casi 90 agricultores en la reuni\u00f3n con Azucarera celebrada en ASAJA - ASAJA Palencia","isPartOf":{"@id":"https:\/\/www.asajacyl.com\/palencia\/#website"},"primaryImageOfPage":{"@id":"https:\/\/www.asajacyl.com\/palencia\/asaja-palencia-informa\/casi-90-agricultores-la-reunion-azucarera-celebrada-asaja#primaryimage"},"image":{"@id":"https:\/\/www.asajacyl.com\/palencia\/asaja-palencia-informa\/casi-90-agricultores-la-reunion-azucarera-celebrada-asaja#primaryimage"},"thumbnailUrl":"https:\/\/www.asajacyl.com\/palencia\/wp-content\/uploads\/sites\/3\/2018\/12\/reuni\u00f3n-azucarera-2.jpg","datePublished":"2018-12-20T13:59:00+00:00","author":{"@id":"https:\/\/www.asajacyl.com\/palencia\/#\/schema\/person\/3ab17aeb03527485c317557fae64aab1"},"description":"Con la presencia de casi 90 agricultores se celebr\u00f3 hoy en ASAJA PALENCIA una reuni\u00f3n donde el director general de Azucarera, Juan Luis Rivero, y la","breadcrumb":{"@id":"https:\/\/www.asajacyl.com\/palencia\/asaja-palencia-informa\/casi-90-agricultores-la-reunion-azucarera-celebrada-asaja#breadcrumb"},"inLanguage":"es","potentialAction":[{"@type":"ReadAction","target":["https:\/\/www.asajacyl.com\/palencia\/asaja-palencia-informa\/casi-90-agricultores-la-reunion-azucarera-celebrada-asaja"]}]},{"@type":"ImageObject","inLanguage":"es","@id":"https:\/\/www.asajacyl.com\/palencia\/asaja-palencia-informa\/casi-90-agricultores-la-reunion-azucarera-celebrada-asaja#primaryimage","url":"https:\/\/www.asajacyl.com\/palencia\/wp-content\/uploads\/sites\/3\/2018\/12\/reuni\u00f3n-azucarera-2.jpg","contentUrl":"https:\/\/www.asajacyl.com\/palencia\/wp-content\/uploads\/sites\/3\/2018\/12\/reuni\u00f3n-azucarera-2.jpg","width":2500,"height":1406},{"@type":"BreadcrumbList","@id":"https:\/\/www.asajacyl.com\/palencia\/asaja-palencia-informa\/casi-90-agricultores-la-reunion-azucarera-celebrada-asaja#breadcrumb","itemListElement":[{"@type":"ListItem","position":1,"name":"Portada","item":"https:\/\/www.asajacyl.com\/palencia\/"},{"@type":"ListItem","position":2,"name":"Casi 90 agricultores en la reuni\u00f3n con Azucarera celebrada en ASAJA"}]},{"@type":"WebSite","@id":"https:\/\/www.asajacyl.com\/palencia\/#website","url":"https:\/\/www.asajacyl.com\/palencia\/","name":"ASAJA Palencia","description":"Otro sitio m\u00e1s de Provincias ASAJA Castilla y Le\u00f3n","potentialAction":[{"@type":"SearchAction","target":{"@type":"EntryPoint","urlTemplate":"https:\/\/www.asajacyl.com\/palencia\/?s={search_term_string}"},"query-input":{"@type":"PropertyValueSpecification","valueRequired":true,"valueName":"search_term_string"}}],"inLanguage":"es"},{"@type":"Person","@id":"https:\/\/www.asajacyl.com\/palencia\/#\/schema\/person\/3ab17aeb03527485c317557fae64aab1","name":"Administrador","image":{"@type":"ImageObject","inLanguage":"es","@id":"https:\/\/www.asajacyl.com\/palencia\/#\/schema\/person\/image\/","url":"https:\/\/secure.gravatar.com\/avatar\/517384810d242ca9e38c180f3c9fb973?s=96&d=mm&r=g","contentUrl":"https:\/\/secure.gravatar.com\/avatar\/517384810d242ca9e38c180f3c9fb973?s=96&d=mm&r=g","caption":"Administrador"},"url":"https:\/\/www.asajacyl.com\/palencia\/author\/carlosrm"}]}},"_links":{"self":[{"href":"https:\/\/www.asajacyl.com\/palencia\/wp-json\/wp\/v2\/posts\/5747"}],"collection":[{"href":"https:\/\/www.asajacyl.com\/palencia\/wp-json\/wp\/v2\/posts"}],"about":[{"href":"https:\/\/www.asajacyl.com\/palencia\/wp-json\/wp\/v2\/types\/post"}],"author":[{"embeddable":true,"href":"https:\/\/www.asajacyl.com\/palencia\/wp-json\/wp\/v2\/users\/9"}],"replies":[{"embeddable":true,"href":"https:\/\/www.asajacyl.com\/palencia\/wp-json\/wp\/v2\/comments?post=5747"}],"version-history":[{"count":1,"href":"https:\/\/www.asajacyl.com\/palencia\/wp-json\/wp\/v2\/posts\/5747\/revisions"}],"predecessor-version":[{"id":5750,"href":"https:\/\/www.asajacyl.com\/palencia\/wp-json\/wp\/v2\/posts\/5747\/revisions\/5750"}],"wp:featuredmedia":[{"embeddable":true,"href":"https:\/\/www.asajacyl.com\/palencia\/wp-json\/wp\/v2\/media\/5748"}],"wp:attachment":[{"href":"https:\/\/www.asajacyl.com\/palencia\/wp-json\/wp\/v2\/media?parent=5747"}],"wp:term":[{"taxonomy":"category","embeddable":true,"href":"https:\/\/www.asajacyl.com\/palencia\/wp-json\/wp\/v2\/categories?post=5747"},{"taxonomy":"post_tag","embeddable":true,"href":"https:\/\/www.asajacyl.com\/palencia\/wp-json\/wp\/v2\/tags?post=5747"}],"curies":[{"name":"wp","href":"https:\/\/api.w.org\/{rel}","templated":true}]}}