{"id":5757,"date":"2018-12-26T13:59:23","date_gmt":"2018-12-26T12:59:23","guid":{"rendered":"https:\/\/www.asajacyl.com\/palencia\/?p=5757"},"modified":"2019-01-05T18:00:42","modified_gmt":"2019-01-05T17:00:42","slug":"entregados-los-premios-del-concurso-cuentos-navidad","status":"publish","type":"post","link":"https:\/\/www.asajacyl.com\/palencia\/asaja-palencia-informa\/entregados-los-premios-del-concurso-cuentos-navidad","title":{"rendered":"Entregados los premios del concurso de cuentos de Navidad"},"content":{"rendered":"<p>El vicepresidente de ASAJA, Jos\u00e9 Luis Marcos, entreg\u00f3 los premios del concurso de cuentos de Navidad que tradicionalmente convoca ASAJA PALENCIA en esta \u00e9poca.<\/p>\n<p>En esta ocasi\u00f3n, los ni\u00f1os ganadores han sido<\/p>\n<p>-Antonio Raim\u00fandez Lantada, de 7 a\u00f1os, de Lantadilla<\/p>\n<p>-Clara Inmaculada Marcos Meneses, de 6 a\u00f1os, de Torquemada y<\/p>\n<p>-Ricardo Diez Ruiz, de 7 a\u00f1os, de Villaherreros<\/p>\n<p>Adem\u00e1s resultaron finalistas y recibieron tambi\u00e9n regalos los ni\u00f1os:<\/p>\n<p>-Victoria Pastor Toral, de 8 a\u00f1os, de Due\u00f1as<\/p>\n<p>-Mar\u00eda de la Torre, de 14 a\u00f1os, de Soto<\/p>\n<p>-\u00c1lvaro Jes\u00fas de la Torre, de 8 a\u00f1os, de Soto y<\/p>\n<p>-\u00c1ngel Diez Ruiz, de 5 a\u00f1os, de Villaherreros<\/p>\n<p>&nbsp;<\/p>\n<p>Igualmente se entreg\u00f3 un regalo a la ni\u00f1a que gan\u00f3 un premio en el concurso regional de fotograf\u00eda de ASAJA. Se trata de In\u00e9s Ruiz P\u00e9rez, de 13 a\u00f1os, de Mazariegos.<\/p>\n<p>Aprovechando este tradicional acto navide\u00f1o, el vicepresidente de ASAJA, Jos\u00e9 Luis Marcos, felicit\u00f3 las fiestas y el a\u00f1o nuevo a todos los afiliados de la organizaci\u00f3n y sus familias. En la fotograf\u00eda posan los ni\u00f1os premiados con padres y abuelos.<\/p>\n<p><img loading=\"lazy\" decoding=\"async\" class=\"alignnone wp-image-5759 size-full\" src=\"https:\/\/www.asajacyl.com\/palencia\/wp-content\/uploads\/sites\/3\/2018\/12\/premios-cuentos-1.jpg\" alt=\"\" width=\"1654\" height=\"643\" srcset=\"https:\/\/www.asajacyl.com\/palencia\/wp-content\/uploads\/sites\/3\/2018\/12\/premios-cuentos-1.jpg 1654w, https:\/\/www.asajacyl.com\/palencia\/wp-content\/uploads\/sites\/3\/2018\/12\/premios-cuentos-1-300x117.jpg 300w, https:\/\/www.asajacyl.com\/palencia\/wp-content\/uploads\/sites\/3\/2018\/12\/premios-cuentos-1-768x299.jpg 768w, https:\/\/www.asajacyl.com\/palencia\/wp-content\/uploads\/sites\/3\/2018\/12\/premios-cuentos-1-1024x398.jpg 1024w, https:\/\/www.asajacyl.com\/palencia\/wp-content\/uploads\/sites\/3\/2018\/12\/premios-cuentos-1-696x271.jpg 696w, https:\/\/www.asajacyl.com\/palencia\/wp-content\/uploads\/sites\/3\/2018\/12\/premios-cuentos-1-1068x415.jpg 1068w, https:\/\/www.asajacyl.com\/palencia\/wp-content\/uploads\/sites\/3\/2018\/12\/premios-cuentos-1-1080x420.jpg 1080w\" sizes=\"(max-width: 1654px) 100vw, 1654px\" \/><\/p>\n","protected":false},"excerpt":{"rendered":"<p>El vicepresidente de ASAJA, Jos\u00e9 Luis Marcos, entreg\u00f3 los premios del concurso de cuentos de Navidad que tradicionalmente convoca ASAJA PALENCIA en esta \u00e9poca. En esta ocasi\u00f3n, los ni\u00f1os ganadores han sido -Antonio Raim\u00fandez Lantada, de 7 a\u00f1os, de Lantadilla -Clara Inmaculada Marcos Meneses, de 6 a\u00f1os, de Torquemada y -Ricardo Diez Ruiz, de 7 [&hellip;]<\/p>\n","protected":false},"author":9,"featured_media":5759,"comment_status":"open","ping_status":"open","sticky":false,"template":"","format":"standard","meta":{"footnotes":""},"categories":[9,28],"tags":[],"yoast_head":"<!-- This site is optimized with the Yoast SEO plugin v24.5 - https:\/\/yoast.com\/wordpress\/plugins\/seo\/ -->\n<title>Entregados los premios del concurso de cuentos de Navidad - ASAJA Palencia<\/title>\n<meta name=\"description\" content=\"El vicepresidente de ASAJA, Jos\u00e9 Luis Marcos, entreg\u00f3 los premios del concurso de cuentos de Navidad que tradicionalmente convoca ASAJA PALENCIA en esta\" \/>\n<meta name=\"robots\" content=\"index, follow, max-snippet:-1, max-image-preview:large, max-video-preview:-1\" \/>\n<link rel=\"canonical\" href=\"https:\/\/www.asajacyl.com\/palencia\/asaja-palencia-informa\/entregados-los-premios-del-concurso-cuentos-navidad\" \/>\n<meta property=\"og:locale\" content=\"es_ES\" \/>\n<meta property=\"og:type\" content=\"article\" \/>\n<meta property=\"og:title\" content=\"Entregados los premios del concurso de cuentos de Navidad - ASAJA Palencia\" \/>\n<meta property=\"og:description\" content=\"El vicepresidente de ASAJA, Jos\u00e9 Luis Marcos, entreg\u00f3 los premios del concurso de cuentos de Navidad que tradicionalmente convoca ASAJA PALENCIA en esta\" \/>\n<meta property=\"og:url\" content=\"https:\/\/www.asajacyl.com\/palencia\/asaja-palencia-informa\/entregados-los-premios-del-concurso-cuentos-navidad\" \/>\n<meta property=\"og:site_name\" content=\"ASAJA Palencia\" \/>\n<meta property=\"article:published_time\" content=\"2018-12-26T12:59:23+00:00\" \/>\n<meta property=\"article:modified_time\" content=\"2019-01-05T17:00:42+00:00\" \/>\n<meta property=\"og:image\" content=\"https:\/\/www.asajacyl.com\/palencia\/wp-content\/uploads\/sites\/3\/2018\/12\/premios-cuentos-1.jpg\" \/>\n\t<meta property=\"og:image:width\" content=\"1654\" \/>\n\t<meta property=\"og:image:height\" content=\"643\" \/>\n\t<meta property=\"og:image:type\" content=\"image\/jpeg\" \/>\n<meta name=\"author\" content=\"Administrador\" \/>\n<meta name=\"twitter:card\" content=\"summary_large_image\" \/>\n<meta name=\"twitter:label1\" content=\"Escrito por\" \/>\n\t<meta name=\"twitter:data1\" content=\"Administrador\" \/>\n\t<meta name=\"twitter:label2\" content=\"Tiempo de lectura\" \/>\n\t<meta name=\"twitter:data2\" content=\"1 minuto\" \/>\n<script type=\"application\/ld+json\" class=\"yoast-schema-graph\">{\"@context\":\"https:\/\/schema.org\",\"@graph\":[{\"@type\":\"WebPage\",\"@id\":\"https:\/\/www.asajacyl.com\/palencia\/asaja-palencia-informa\/entregados-los-premios-del-concurso-cuentos-navidad\",\"url\":\"https:\/\/www.asajacyl.com\/palencia\/asaja-palencia-informa\/entregados-los-premios-del-concurso-cuentos-navidad\",\"name\":\"Entregados los premios del concurso de cuentos de Navidad - ASAJA Palencia\",\"isPartOf\":{\"@id\":\"https:\/\/www.asajacyl.com\/palencia\/#website\"},\"primaryImageOfPage\":{\"@id\":\"https:\/\/www.asajacyl.com\/palencia\/asaja-palencia-informa\/entregados-los-premios-del-concurso-cuentos-navidad#primaryimage\"},\"image\":{\"@id\":\"https:\/\/www.asajacyl.com\/palencia\/asaja-palencia-informa\/entregados-los-premios-del-concurso-cuentos-navidad#primaryimage\"},\"thumbnailUrl\":\"https:\/\/www.asajacyl.com\/palencia\/wp-content\/uploads\/sites\/3\/2018\/12\/premios-cuentos-1.jpg\",\"datePublished\":\"2018-12-26T12:59:23+00:00\",\"dateModified\":\"2019-01-05T17:00:42+00:00\",\"author\":{\"@id\":\"https:\/\/www.asajacyl.com\/palencia\/#\/schema\/person\/3ab17aeb03527485c317557fae64aab1\"},\"description\":\"El vicepresidente de ASAJA, Jos\u00e9 Luis Marcos, entreg\u00f3 los premios del concurso de cuentos de Navidad que tradicionalmente convoca ASAJA PALENCIA en esta\",\"breadcrumb\":{\"@id\":\"https:\/\/www.asajacyl.com\/palencia\/asaja-palencia-informa\/entregados-los-premios-del-concurso-cuentos-navidad#breadcrumb\"},\"inLanguage\":\"es\",\"potentialAction\":[{\"@type\":\"ReadAction\",\"target\":[\"https:\/\/www.asajacyl.com\/palencia\/asaja-palencia-informa\/entregados-los-premios-del-concurso-cuentos-navidad\"]}]},{\"@type\":\"ImageObject\",\"inLanguage\":\"es\",\"@id\":\"https:\/\/www.asajacyl.com\/palencia\/asaja-palencia-informa\/entregados-los-premios-del-concurso-cuentos-navidad#primaryimage\",\"url\":\"https:\/\/www.asajacyl.com\/palencia\/wp-content\/uploads\/sites\/3\/2018\/12\/premios-cuentos-1.jpg\",\"contentUrl\":\"https:\/\/www.asajacyl.com\/palencia\/wp-content\/uploads\/sites\/3\/2018\/12\/premios-cuentos-1.jpg\",\"width\":1654,\"height\":643},{\"@type\":\"BreadcrumbList\",\"@id\":\"https:\/\/www.asajacyl.com\/palencia\/asaja-palencia-informa\/entregados-los-premios-del-concurso-cuentos-navidad#breadcrumb\",\"itemListElement\":[{\"@type\":\"ListItem\",\"position\":1,\"name\":\"Portada\",\"item\":\"https:\/\/www.asajacyl.com\/palencia\/\"},{\"@type\":\"ListItem\",\"position\":2,\"name\":\"Entregados los premios del concurso de cuentos de Navidad\"}]},{\"@type\":\"WebSite\",\"@id\":\"https:\/\/www.asajacyl.com\/palencia\/#website\",\"url\":\"https:\/\/www.asajacyl.com\/palencia\/\",\"name\":\"ASAJA Palencia\",\"description\":\"Otro sitio m\u00e1s de Provincias ASAJA Castilla y Le\u00f3n\",\"potentialAction\":[{\"@type\":\"SearchAction\",\"target\":{\"@type\":\"EntryPoint\",\"urlTemplate\":\"https:\/\/www.asajacyl.com\/palencia\/?s={search_term_string}\"},\"query-input\":{\"@type\":\"PropertyValueSpecification\",\"valueRequired\":true,\"valueName\":\"search_term_string\"}}],\"inLanguage\":\"es\"},{\"@type\":\"Person\",\"@id\":\"https:\/\/www.asajacyl.com\/palencia\/#\/schema\/person\/3ab17aeb03527485c317557fae64aab1\",\"name\":\"Administrador\",\"image\":{\"@type\":\"ImageObject\",\"inLanguage\":\"es\",\"@id\":\"https:\/\/www.asajacyl.com\/palencia\/#\/schema\/person\/image\/\",\"url\":\"https:\/\/secure.gravatar.com\/avatar\/517384810d242ca9e38c180f3c9fb973?s=96&d=mm&r=g\",\"contentUrl\":\"https:\/\/secure.gravatar.com\/avatar\/517384810d242ca9e38c180f3c9fb973?s=96&d=mm&r=g\",\"caption\":\"Administrador\"},\"url\":\"https:\/\/www.asajacyl.com\/palencia\/author\/carlosrm\"}]}<\/script>\n<!-- \/ Yoast SEO plugin. -->","yoast_head_json":{"title":"Entregados los premios del concurso de cuentos de Navidad - ASAJA Palencia","description":"El vicepresidente de ASAJA, Jos\u00e9 Luis Marcos, entreg\u00f3 los premios del concurso de cuentos de Navidad que tradicionalmente convoca ASAJA PALENCIA en esta","robots":{"index":"index","follow":"follow","max-snippet":"max-snippet:-1","max-image-preview":"max-image-preview:large","max-video-preview":"max-video-preview:-1"},"canonical":"https:\/\/www.asajacyl.com\/palencia\/asaja-palencia-informa\/entregados-los-premios-del-concurso-cuentos-navidad","og_locale":"es_ES","og_type":"article","og_title":"Entregados los premios del concurso de cuentos de Navidad - ASAJA Palencia","og_description":"El vicepresidente de ASAJA, Jos\u00e9 Luis Marcos, entreg\u00f3 los premios del concurso de cuentos de Navidad que tradicionalmente convoca ASAJA PALENCIA en esta","og_url":"https:\/\/www.asajacyl.com\/palencia\/asaja-palencia-informa\/entregados-los-premios-del-concurso-cuentos-navidad","og_site_name":"ASAJA Palencia","article_published_time":"2018-12-26T12:59:23+00:00","article_modified_time":"2019-01-05T17:00:42+00:00","og_image":[{"width":1654,"height":643,"url":"https:\/\/www.asajacyl.com\/palencia\/wp-content\/uploads\/sites\/3\/2018\/12\/premios-cuentos-1.jpg","type":"image\/jpeg"}],"author":"Administrador","twitter_card":"summary_large_image","twitter_misc":{"Escrito por":"Administrador","Tiempo de lectura":"1 minuto"},"schema":{"@context":"https:\/\/schema.org","@graph":[{"@type":"WebPage","@id":"https:\/\/www.asajacyl.com\/palencia\/asaja-palencia-informa\/entregados-los-premios-del-concurso-cuentos-navidad","url":"https:\/\/www.asajacyl.com\/palencia\/asaja-palencia-informa\/entregados-los-premios-del-concurso-cuentos-navidad","name":"Entregados los premios del concurso de cuentos de Navidad - ASAJA Palencia","isPartOf":{"@id":"https:\/\/www.asajacyl.com\/palencia\/#website"},"primaryImageOfPage":{"@id":"https:\/\/www.asajacyl.com\/palencia\/asaja-palencia-informa\/entregados-los-premios-del-concurso-cuentos-navidad#primaryimage"},"image":{"@id":"https:\/\/www.asajacyl.com\/palencia\/asaja-palencia-informa\/entregados-los-premios-del-concurso-cuentos-navidad#primaryimage"},"thumbnailUrl":"https:\/\/www.asajacyl.com\/palencia\/wp-content\/uploads\/sites\/3\/2018\/12\/premios-cuentos-1.jpg","datePublished":"2018-12-26T12:59:23+00:00","dateModified":"2019-01-05T17:00:42+00:00","author":{"@id":"https:\/\/www.asajacyl.com\/palencia\/#\/schema\/person\/3ab17aeb03527485c317557fae64aab1"},"description":"El vicepresidente de ASAJA, Jos\u00e9 Luis Marcos, entreg\u00f3 los premios del concurso de cuentos de Navidad que tradicionalmente convoca ASAJA PALENCIA en esta","breadcrumb":{"@id":"https:\/\/www.asajacyl.com\/palencia\/asaja-palencia-informa\/entregados-los-premios-del-concurso-cuentos-navidad#breadcrumb"},"inLanguage":"es","potentialAction":[{"@type":"ReadAction","target":["https:\/\/www.asajacyl.com\/palencia\/asaja-palencia-informa\/entregados-los-premios-del-concurso-cuentos-navidad"]}]},{"@type":"ImageObject","inLanguage":"es","@id":"https:\/\/www.asajacyl.com\/palencia\/asaja-palencia-informa\/entregados-los-premios-del-concurso-cuentos-navidad#primaryimage","url":"https:\/\/www.asajacyl.com\/palencia\/wp-content\/uploads\/sites\/3\/2018\/12\/premios-cuentos-1.jpg","contentUrl":"https:\/\/www.asajacyl.com\/palencia\/wp-content\/uploads\/sites\/3\/2018\/12\/premios-cuentos-1.jpg","width":1654,"height":643},{"@type":"BreadcrumbList","@id":"https:\/\/www.asajacyl.com\/palencia\/asaja-palencia-informa\/entregados-los-premios-del-concurso-cuentos-navidad#breadcrumb","itemListElement":[{"@type":"ListItem","position":1,"name":"Portada","item":"https:\/\/www.asajacyl.com\/palencia\/"},{"@type":"ListItem","position":2,"name":"Entregados los premios del concurso de cuentos de Navidad"}]},{"@type":"WebSite","@id":"https:\/\/www.asajacyl.com\/palencia\/#website","url":"https:\/\/www.asajacyl.com\/palencia\/","name":"ASAJA Palencia","description":"Otro sitio m\u00e1s de Provincias ASAJA Castilla y Le\u00f3n","potentialAction":[{"@type":"SearchAction","target":{"@type":"EntryPoint","urlTemplate":"https:\/\/www.asajacyl.com\/palencia\/?s={search_term_string}"},"query-input":{"@type":"PropertyValueSpecification","valueRequired":true,"valueName":"search_term_string"}}],"inLanguage":"es"},{"@type":"Person","@id":"https:\/\/www.asajacyl.com\/palencia\/#\/schema\/person\/3ab17aeb03527485c317557fae64aab1","name":"Administrador","image":{"@type":"ImageObject","inLanguage":"es","@id":"https:\/\/www.asajacyl.com\/palencia\/#\/schema\/person\/image\/","url":"https:\/\/secure.gravatar.com\/avatar\/517384810d242ca9e38c180f3c9fb973?s=96&d=mm&r=g","contentUrl":"https:\/\/secure.gravatar.com\/avatar\/517384810d242ca9e38c180f3c9fb973?s=96&d=mm&r=g","caption":"Administrador"},"url":"https:\/\/www.asajacyl.com\/palencia\/author\/carlosrm"}]}},"_links":{"self":[{"href":"https:\/\/www.asajacyl.com\/palencia\/wp-json\/wp\/v2\/posts\/5757"}],"collection":[{"href":"https:\/\/www.asajacyl.com\/palencia\/wp-json\/wp\/v2\/posts"}],"about":[{"href":"https:\/\/www.asajacyl.com\/palencia\/wp-json\/wp\/v2\/types\/post"}],"author":[{"embeddable":true,"href":"https:\/\/www.asajacyl.com\/palencia\/wp-json\/wp\/v2\/users\/9"}],"replies":[{"embeddable":true,"href":"https:\/\/www.asajacyl.com\/palencia\/wp-json\/wp\/v2\/comments?post=5757"}],"version-history":[{"count":3,"href":"https:\/\/www.asajacyl.com\/palencia\/wp-json\/wp\/v2\/posts\/5757\/revisions"}],"predecessor-version":[{"id":5766,"href":"https:\/\/www.asajacyl.com\/palencia\/wp-json\/wp\/v2\/posts\/5757\/revisions\/5766"}],"wp:featuredmedia":[{"embeddable":true,"href":"https:\/\/www.asajacyl.com\/palencia\/wp-json\/wp\/v2\/media\/5759"}],"wp:attachment":[{"href":"https:\/\/www.asajacyl.com\/palencia\/wp-json\/wp\/v2\/media?parent=5757"}],"wp:term":[{"taxonomy":"category","embeddable":true,"href":"https:\/\/www.asajacyl.com\/palencia\/wp-json\/wp\/v2\/categories?post=5757"},{"taxonomy":"post_tag","embeddable":true,"href":"https:\/\/www.asajacyl.com\/palencia\/wp-json\/wp\/v2\/tags?post=5757"}],"curies":[{"name":"wp","href":"https:\/\/api.w.org\/{rel}","templated":true}]}}