{"id":5787,"date":"2019-01-03T14:41:11","date_gmt":"2019-01-03T13:41:11","guid":{"rendered":"https:\/\/www.asajacyl.com\/palencia\/?p=5787"},"modified":"2019-01-03T14:41:42","modified_gmt":"2019-01-03T13:41:42","slug":"un-balance-agridulce","status":"publish","type":"post","link":"https:\/\/www.asajacyl.com\/palencia\/asaja-palencia-informa\/opinion-asaja\/un-balance-agridulce","title":{"rendered":"Un balance agridulce"},"content":{"rendered":"<p>POR HONORATO MENESES, PRESIDENTE DE ASAJA PALENCIA<\/p>\n<p>Hace s\u00f3lo unos d\u00edas nos reun\u00edamos para hacer un resumen de lo que ha dado de s\u00ed el a\u00f1o en el campo, durante el acto del balance agrario anual.<br \/>\nSe trata de un evento por el que ASAJA, cada mes de diciembre, re\u00fane a casi doscientas personas entre junta provincial, representantes comarcales y sectoriales, sin olvidar a representantes institucionales, trabajadores, almacenistas, cooperativas y medios de comunicaci\u00f3n, entre otros colectivos.<br \/>\nNos llena de satisfacci\u00f3n comprobar c\u00f3mo cada fin de a\u00f1o la gran familia de ASAJA responde a la convocatoria que es el pistoletazo de salida de unas fechas navide\u00f1as que deben ser de descanso y dedicaci\u00f3n a la familia.<br \/>\nDebo decir que en esta ocasi\u00f3n, el balance del a\u00f1o ha tenido tintes agridulces. Por un lado, los agricultores cerramos un a\u00f1o con la satisfacci\u00f3n de una buena cosecha, a la que se a\u00f1ade la alegr\u00eda de comprobar c\u00f3mo los precios, despu\u00e9s de arrancar muy bajos, han ido recuper\u00e1ndose. Algo que nos va a permitir \u201crespirar\u201d y evitar que nos ahoguemos despu\u00e9s de meses y meses con unos precios que para nada se correspond\u00edan con la realidad de los mercados internacionales.<br \/>\nLa cara amarga del a\u00f1o viene marcada por la crisis que arrastra el sector ovino. Tenemos en Castilla y Le\u00f3n y Palencia lo mejor de la caba\u00f1a ganadera de ovino, y por lo tanto, los mejores productos derivados de este sector, principalmente queso y lechazo. Y tenemos la desgracia de ver c\u00f3mo paulatinamente la injusticia de unos precios rid\u00edculos ahogan a los ganaderos y abocan a la desaparici\u00f3n de un sector que define esta tierra. Por eso desde ASAJA vamos a seguir luchando hasta conseguir ver al ovino donde se merece.<br \/>\nJunto al sector del ovino, hay otro, el remolachero, que enfrenta un amargo cierre del a\u00f1o, despu\u00e9s del incumplimiento de Azucarera en lo que respecta a los precios, rompiendo unilateralmente el acuerdo que exist\u00eda con los cultivadores de remolacha. Desde ASAJA estamos haciendo lo imposible por impedir la desaparici\u00f3n de este sector, que durante a\u00f1os ha sido tan importante y tanta riqueza ha aportado a la provincia.<br \/>\nAbundando en la parte negativa del a\u00f1o, no puedo dejar pasar las cr\u00edticas de Europa hacia la labor agr\u00edcola con las prohibiciones del uso de materias activas en fitosanitarios. Son productos imprescindibles para la actividad, respetuosos con el medio ambiente e imprescindibles para producir. Pero nuestros pol\u00edticos se empe\u00f1an en prohibir y prohibir, poniendo trabas a nuestro trabajo. Creo sinceramente que est\u00e1n totalmente equivocados, y que los agricultores y ganaderos no somos quienes contaminamos. M\u00e1s bien al contrario, integramos un sector gracias al cual nuestro medio rural est\u00e1 cuidado, porque somos quienes vivimos en \u00e9l, y por tanto, somos la soluci\u00f3n a esos problemas, pese a que los grupos ecologistas traten de hacer ver lo contrario.<br \/>\nPor \u00faltimo, quiero hacer referencia a la distinci\u00f3n otorgada este a\u00f1o a Jos\u00e9 Mar\u00eda Ruiz Ortega, durante el acto del balance. Una persona que ha estado con ASAJA desde su fundaci\u00f3n, que ha entregado su esfuerzo y su tiempo para hacer m\u00e1s grande esta casa y difundir nuestra labor a trav\u00e9s de los medios de comunicaci\u00f3n, y que por tanto merece todo nuestro respeto, admiraci\u00f3n y cari\u00f1o. Por eso quisimos entregarle el arado de plata, s\u00edmbolo de todo ello.<br \/>\nPara finalizar quiero desear un feliz a\u00f1o nuevo a todos, y desear que este a\u00f1o que comienza se lleve todo lo negativo que impide mejorar a la agricultura y la ganader\u00eda y nos deje lo positivo, que es mucho.<\/p>\n<p><img loading=\"lazy\" decoding=\"async\" class=\"alignnone size-medium wp-image-4919\" src=\"https:\/\/www.asajacyl.com\/palencia\/wp-content\/uploads\/sites\/3\/2017\/12\/Honorato-Meneses-300x225.jpg\" alt=\"\" width=\"300\" height=\"225\" srcset=\"https:\/\/www.asajacyl.com\/palencia\/wp-content\/uploads\/sites\/3\/2017\/12\/Honorato-Meneses-300x225.jpg 300w, https:\/\/www.asajacyl.com\/palencia\/wp-content\/uploads\/sites\/3\/2017\/12\/Honorato-Meneses-768x576.jpg 768w, https:\/\/www.asajacyl.com\/palencia\/wp-content\/uploads\/sites\/3\/2017\/12\/Honorato-Meneses-1024x768.jpg 1024w, https:\/\/www.asajacyl.com\/palencia\/wp-content\/uploads\/sites\/3\/2017\/12\/Honorato-Meneses-80x60.jpg 80w, https:\/\/www.asajacyl.com\/palencia\/wp-content\/uploads\/sites\/3\/2017\/12\/Honorato-Meneses-696x522.jpg 696w, https:\/\/www.asajacyl.com\/palencia\/wp-content\/uploads\/sites\/3\/2017\/12\/Honorato-Meneses-1068x801.jpg 1068w, https:\/\/www.asajacyl.com\/palencia\/wp-content\/uploads\/sites\/3\/2017\/12\/Honorato-Meneses-560x420.jpg 560w, https:\/\/www.asajacyl.com\/palencia\/wp-content\/uploads\/sites\/3\/2017\/12\/Honorato-Meneses-1920x1440.jpg 1920w\" sizes=\"(max-width: 300px) 100vw, 300px\" \/><\/p>\n","protected":false},"excerpt":{"rendered":"<p>POR HONORATO MENESES, PRESIDENTE DE ASAJA PALENCIA Hace s\u00f3lo unos d\u00edas nos reun\u00edamos para hacer un resumen de lo que ha dado de s\u00ed el a\u00f1o en el campo, durante el acto del balance agrario anual. Se trata de un evento por el que ASAJA, cada mes de diciembre, re\u00fane a casi doscientas personas entre [&hellip;]<\/p>\n","protected":false},"author":9,"featured_media":4919,"comment_status":"open","ping_status":"open","sticky":false,"template":"","format":"standard","meta":{"footnotes":""},"categories":[30],"tags":[],"yoast_head":"<!-- This site is optimized with the Yoast SEO plugin v24.5 - https:\/\/yoast.com\/wordpress\/plugins\/seo\/ -->\n<title>Un balance agridulce - ASAJA Palencia<\/title>\n<meta name=\"description\" content=\"POR HONORATO MENESES, PRESIDENTE DE ASAJA PALENCIA Hace s\u00f3lo unos d\u00edas nos reun\u00edamos para hacer un resumen de lo que ha dado de s\u00ed el a\u00f1o en el campo,\" \/>\n<meta name=\"robots\" content=\"index, follow, max-snippet:-1, max-image-preview:large, max-video-preview:-1\" \/>\n<link rel=\"canonical\" href=\"https:\/\/www.asajacyl.com\/palencia\/asaja-palencia-informa\/opinion-asaja\/un-balance-agridulce\" \/>\n<meta property=\"og:locale\" content=\"es_ES\" \/>\n<meta property=\"og:type\" content=\"article\" \/>\n<meta property=\"og:title\" content=\"Un balance agridulce - ASAJA Palencia\" \/>\n<meta property=\"og:description\" content=\"POR HONORATO MENESES, PRESIDENTE DE ASAJA PALENCIA Hace s\u00f3lo unos d\u00edas nos reun\u00edamos para hacer un resumen de lo que ha dado de s\u00ed el a\u00f1o en el campo,\" \/>\n<meta property=\"og:url\" content=\"https:\/\/www.asajacyl.com\/palencia\/asaja-palencia-informa\/opinion-asaja\/un-balance-agridulce\" \/>\n<meta property=\"og:site_name\" content=\"ASAJA Palencia\" \/>\n<meta property=\"article:published_time\" content=\"2019-01-03T13:41:11+00:00\" \/>\n<meta property=\"article:modified_time\" content=\"2019-01-03T13:41:42+00:00\" \/>\n<meta property=\"og:image\" content=\"https:\/\/www.asajacyl.com\/palencia\/wp-content\/uploads\/sites\/3\/2017\/12\/Honorato-Meneses.jpg\" \/>\n\t<meta property=\"og:image:width\" content=\"2500\" \/>\n\t<meta property=\"og:image:height\" content=\"1875\" \/>\n\t<meta property=\"og:image:type\" content=\"image\/jpeg\" \/>\n<meta name=\"author\" content=\"Administrador\" \/>\n<meta name=\"twitter:card\" content=\"summary_large_image\" \/>\n<meta name=\"twitter:label1\" content=\"Escrito por\" \/>\n\t<meta name=\"twitter:data1\" content=\"Administrador\" \/>\n\t<meta name=\"twitter:label2\" content=\"Tiempo de lectura\" \/>\n\t<meta name=\"twitter:data2\" content=\"3 minutos\" \/>\n<script type=\"application\/ld+json\" class=\"yoast-schema-graph\">{\"@context\":\"https:\/\/schema.org\",\"@graph\":[{\"@type\":\"WebPage\",\"@id\":\"https:\/\/www.asajacyl.com\/palencia\/asaja-palencia-informa\/opinion-asaja\/un-balance-agridulce\",\"url\":\"https:\/\/www.asajacyl.com\/palencia\/asaja-palencia-informa\/opinion-asaja\/un-balance-agridulce\",\"name\":\"Un balance agridulce - ASAJA Palencia\",\"isPartOf\":{\"@id\":\"https:\/\/www.asajacyl.com\/palencia\/#website\"},\"primaryImageOfPage\":{\"@id\":\"https:\/\/www.asajacyl.com\/palencia\/asaja-palencia-informa\/opinion-asaja\/un-balance-agridulce#primaryimage\"},\"image\":{\"@id\":\"https:\/\/www.asajacyl.com\/palencia\/asaja-palencia-informa\/opinion-asaja\/un-balance-agridulce#primaryimage\"},\"thumbnailUrl\":\"https:\/\/www.asajacyl.com\/palencia\/wp-content\/uploads\/sites\/3\/2017\/12\/Honorato-Meneses.jpg\",\"datePublished\":\"2019-01-03T13:41:11+00:00\",\"dateModified\":\"2019-01-03T13:41:42+00:00\",\"author\":{\"@id\":\"https:\/\/www.asajacyl.com\/palencia\/#\/schema\/person\/3ab17aeb03527485c317557fae64aab1\"},\"description\":\"POR HONORATO MENESES, PRESIDENTE DE ASAJA PALENCIA Hace s\u00f3lo unos d\u00edas nos reun\u00edamos para hacer un resumen de lo que ha dado de s\u00ed el a\u00f1o en el campo,\",\"breadcrumb\":{\"@id\":\"https:\/\/www.asajacyl.com\/palencia\/asaja-palencia-informa\/opinion-asaja\/un-balance-agridulce#breadcrumb\"},\"inLanguage\":\"es\",\"potentialAction\":[{\"@type\":\"ReadAction\",\"target\":[\"https:\/\/www.asajacyl.com\/palencia\/asaja-palencia-informa\/opinion-asaja\/un-balance-agridulce\"]}]},{\"@type\":\"ImageObject\",\"inLanguage\":\"es\",\"@id\":\"https:\/\/www.asajacyl.com\/palencia\/asaja-palencia-informa\/opinion-asaja\/un-balance-agridulce#primaryimage\",\"url\":\"https:\/\/www.asajacyl.com\/palencia\/wp-content\/uploads\/sites\/3\/2017\/12\/Honorato-Meneses.jpg\",\"contentUrl\":\"https:\/\/www.asajacyl.com\/palencia\/wp-content\/uploads\/sites\/3\/2017\/12\/Honorato-Meneses.jpg\",\"width\":2500,\"height\":1875},{\"@type\":\"BreadcrumbList\",\"@id\":\"https:\/\/www.asajacyl.com\/palencia\/asaja-palencia-informa\/opinion-asaja\/un-balance-agridulce#breadcrumb\",\"itemListElement\":[{\"@type\":\"ListItem\",\"position\":1,\"name\":\"Portada\",\"item\":\"https:\/\/www.asajacyl.com\/palencia\/\"},{\"@type\":\"ListItem\",\"position\":2,\"name\":\"Un balance agridulce\"}]},{\"@type\":\"WebSite\",\"@id\":\"https:\/\/www.asajacyl.com\/palencia\/#website\",\"url\":\"https:\/\/www.asajacyl.com\/palencia\/\",\"name\":\"ASAJA Palencia\",\"description\":\"Otro sitio m\u00e1s de Provincias ASAJA Castilla y Le\u00f3n\",\"potentialAction\":[{\"@type\":\"SearchAction\",\"target\":{\"@type\":\"EntryPoint\",\"urlTemplate\":\"https:\/\/www.asajacyl.com\/palencia\/?s={search_term_string}\"},\"query-input\":{\"@type\":\"PropertyValueSpecification\",\"valueRequired\":true,\"valueName\":\"search_term_string\"}}],\"inLanguage\":\"es\"},{\"@type\":\"Person\",\"@id\":\"https:\/\/www.asajacyl.com\/palencia\/#\/schema\/person\/3ab17aeb03527485c317557fae64aab1\",\"name\":\"Administrador\",\"image\":{\"@type\":\"ImageObject\",\"inLanguage\":\"es\",\"@id\":\"https:\/\/www.asajacyl.com\/palencia\/#\/schema\/person\/image\/\",\"url\":\"https:\/\/secure.gravatar.com\/avatar\/517384810d242ca9e38c180f3c9fb973?s=96&d=mm&r=g\",\"contentUrl\":\"https:\/\/secure.gravatar.com\/avatar\/517384810d242ca9e38c180f3c9fb973?s=96&d=mm&r=g\",\"caption\":\"Administrador\"},\"url\":\"https:\/\/www.asajacyl.com\/palencia\/author\/carlosrm\"}]}<\/script>\n<!-- \/ Yoast SEO plugin. -->","yoast_head_json":{"title":"Un balance agridulce - ASAJA Palencia","description":"POR HONORATO MENESES, PRESIDENTE DE ASAJA PALENCIA Hace s\u00f3lo unos d\u00edas nos reun\u00edamos para hacer un resumen de lo que ha dado de s\u00ed el a\u00f1o en el campo,","robots":{"index":"index","follow":"follow","max-snippet":"max-snippet:-1","max-image-preview":"max-image-preview:large","max-video-preview":"max-video-preview:-1"},"canonical":"https:\/\/www.asajacyl.com\/palencia\/asaja-palencia-informa\/opinion-asaja\/un-balance-agridulce","og_locale":"es_ES","og_type":"article","og_title":"Un balance agridulce - ASAJA Palencia","og_description":"POR HONORATO MENESES, PRESIDENTE DE ASAJA PALENCIA Hace s\u00f3lo unos d\u00edas nos reun\u00edamos para hacer un resumen de lo que ha dado de s\u00ed el a\u00f1o en el campo,","og_url":"https:\/\/www.asajacyl.com\/palencia\/asaja-palencia-informa\/opinion-asaja\/un-balance-agridulce","og_site_name":"ASAJA Palencia","article_published_time":"2019-01-03T13:41:11+00:00","article_modified_time":"2019-01-03T13:41:42+00:00","og_image":[{"width":2500,"height":1875,"url":"https:\/\/www.asajacyl.com\/palencia\/wp-content\/uploads\/sites\/3\/2017\/12\/Honorato-Meneses.jpg","type":"image\/jpeg"}],"author":"Administrador","twitter_card":"summary_large_image","twitter_misc":{"Escrito por":"Administrador","Tiempo de lectura":"3 minutos"},"schema":{"@context":"https:\/\/schema.org","@graph":[{"@type":"WebPage","@id":"https:\/\/www.asajacyl.com\/palencia\/asaja-palencia-informa\/opinion-asaja\/un-balance-agridulce","url":"https:\/\/www.asajacyl.com\/palencia\/asaja-palencia-informa\/opinion-asaja\/un-balance-agridulce","name":"Un balance agridulce - ASAJA Palencia","isPartOf":{"@id":"https:\/\/www.asajacyl.com\/palencia\/#website"},"primaryImageOfPage":{"@id":"https:\/\/www.asajacyl.com\/palencia\/asaja-palencia-informa\/opinion-asaja\/un-balance-agridulce#primaryimage"},"image":{"@id":"https:\/\/www.asajacyl.com\/palencia\/asaja-palencia-informa\/opinion-asaja\/un-balance-agridulce#primaryimage"},"thumbnailUrl":"https:\/\/www.asajacyl.com\/palencia\/wp-content\/uploads\/sites\/3\/2017\/12\/Honorato-Meneses.jpg","datePublished":"2019-01-03T13:41:11+00:00","dateModified":"2019-01-03T13:41:42+00:00","author":{"@id":"https:\/\/www.asajacyl.com\/palencia\/#\/schema\/person\/3ab17aeb03527485c317557fae64aab1"},"description":"POR HONORATO MENESES, PRESIDENTE DE ASAJA PALENCIA Hace s\u00f3lo unos d\u00edas nos reun\u00edamos para hacer un resumen de lo que ha dado de s\u00ed el a\u00f1o en el campo,","breadcrumb":{"@id":"https:\/\/www.asajacyl.com\/palencia\/asaja-palencia-informa\/opinion-asaja\/un-balance-agridulce#breadcrumb"},"inLanguage":"es","potentialAction":[{"@type":"ReadAction","target":["https:\/\/www.asajacyl.com\/palencia\/asaja-palencia-informa\/opinion-asaja\/un-balance-agridulce"]}]},{"@type":"ImageObject","inLanguage":"es","@id":"https:\/\/www.asajacyl.com\/palencia\/asaja-palencia-informa\/opinion-asaja\/un-balance-agridulce#primaryimage","url":"https:\/\/www.asajacyl.com\/palencia\/wp-content\/uploads\/sites\/3\/2017\/12\/Honorato-Meneses.jpg","contentUrl":"https:\/\/www.asajacyl.com\/palencia\/wp-content\/uploads\/sites\/3\/2017\/12\/Honorato-Meneses.jpg","width":2500,"height":1875},{"@type":"BreadcrumbList","@id":"https:\/\/www.asajacyl.com\/palencia\/asaja-palencia-informa\/opinion-asaja\/un-balance-agridulce#breadcrumb","itemListElement":[{"@type":"ListItem","position":1,"name":"Portada","item":"https:\/\/www.asajacyl.com\/palencia\/"},{"@type":"ListItem","position":2,"name":"Un balance agridulce"}]},{"@type":"WebSite","@id":"https:\/\/www.asajacyl.com\/palencia\/#website","url":"https:\/\/www.asajacyl.com\/palencia\/","name":"ASAJA Palencia","description":"Otro sitio m\u00e1s de Provincias ASAJA Castilla y Le\u00f3n","potentialAction":[{"@type":"SearchAction","target":{"@type":"EntryPoint","urlTemplate":"https:\/\/www.asajacyl.com\/palencia\/?s={search_term_string}"},"query-input":{"@type":"PropertyValueSpecification","valueRequired":true,"valueName":"search_term_string"}}],"inLanguage":"es"},{"@type":"Person","@id":"https:\/\/www.asajacyl.com\/palencia\/#\/schema\/person\/3ab17aeb03527485c317557fae64aab1","name":"Administrador","image":{"@type":"ImageObject","inLanguage":"es","@id":"https:\/\/www.asajacyl.com\/palencia\/#\/schema\/person\/image\/","url":"https:\/\/secure.gravatar.com\/avatar\/517384810d242ca9e38c180f3c9fb973?s=96&d=mm&r=g","contentUrl":"https:\/\/secure.gravatar.com\/avatar\/517384810d242ca9e38c180f3c9fb973?s=96&d=mm&r=g","caption":"Administrador"},"url":"https:\/\/www.asajacyl.com\/palencia\/author\/carlosrm"}]}},"_links":{"self":[{"href":"https:\/\/www.asajacyl.com\/palencia\/wp-json\/wp\/v2\/posts\/5787"}],"collection":[{"href":"https:\/\/www.asajacyl.com\/palencia\/wp-json\/wp\/v2\/posts"}],"about":[{"href":"https:\/\/www.asajacyl.com\/palencia\/wp-json\/wp\/v2\/types\/post"}],"author":[{"embeddable":true,"href":"https:\/\/www.asajacyl.com\/palencia\/wp-json\/wp\/v2\/users\/9"}],"replies":[{"embeddable":true,"href":"https:\/\/www.asajacyl.com\/palencia\/wp-json\/wp\/v2\/comments?post=5787"}],"version-history":[{"count":2,"href":"https:\/\/www.asajacyl.com\/palencia\/wp-json\/wp\/v2\/posts\/5787\/revisions"}],"predecessor-version":[{"id":5789,"href":"https:\/\/www.asajacyl.com\/palencia\/wp-json\/wp\/v2\/posts\/5787\/revisions\/5789"}],"wp:featuredmedia":[{"embeddable":true,"href":"https:\/\/www.asajacyl.com\/palencia\/wp-json\/wp\/v2\/media\/4919"}],"wp:attachment":[{"href":"https:\/\/www.asajacyl.com\/palencia\/wp-json\/wp\/v2\/media?parent=5787"}],"wp:term":[{"taxonomy":"category","embeddable":true,"href":"https:\/\/www.asajacyl.com\/palencia\/wp-json\/wp\/v2\/categories?post=5787"},{"taxonomy":"post_tag","embeddable":true,"href":"https:\/\/www.asajacyl.com\/palencia\/wp-json\/wp\/v2\/tags?post=5787"}],"curies":[{"name":"wp","href":"https:\/\/api.w.org\/{rel}","templated":true}]}}