{"id":5790,"date":"2019-01-04T11:07:25","date_gmt":"2019-01-04T10:07:25","guid":{"rendered":"https:\/\/www.asajacyl.com\/palencia\/?p=5790"},"modified":"2019-01-05T17:59:26","modified_gmt":"2019-01-05T16:59:26","slug":"los-reyes-magos-estaran-manana-asaja-palencia-la-cabalgata","status":"publish","type":"post","link":"https:\/\/www.asajacyl.com\/palencia\/servicios-socio\/circulares\/los-reyes-magos-estaran-manana-asaja-palencia-la-cabalgata","title":{"rendered":"Los Reyes Magos estar\u00e1n ma\u00f1ana en ASAJA PALENCIA antes de la Cabalgata"},"content":{"rendered":"<p>Al igual que en los \u00faltimos a\u00f1os, los Reyes Magos han anunciado su visita a las oficinas de ASAJA PALENCIA en Bigar ma\u00f1ana s\u00e1bado 5 de enero antes de la Cabalgata. Los ni\u00f1os que no hayan entregado a\u00fan su carta a los reyes podr\u00e1n hacerlo si acuden a las oficinas de ASAJA entre las 16,30 y las 18,30 horas. Procedentes de Oriente, Melchor, Gaspar y Baltasar estar\u00e1n acompa\u00f1ados por los pajes y repartir\u00e1n caramelos y alguna sorpresa entre los hijos de socios y familiares. A las 6,30 de la tarde los Reyes Magos se despedir\u00e1n de los ni\u00f1os para proseguir su jornada, salir en la Cabalgata y llevar a todos los hogares los regalos.<\/p>\n<p><img loading=\"lazy\" decoding=\"async\" class=\"alignnone size-medium wp-image-5791\" src=\"https:\/\/www.asajacyl.com\/palencia\/wp-content\/uploads\/sites\/3\/2019\/01\/foto-reyes-magos-en-asaja-300x169.jpg\" alt=\"\" width=\"300\" height=\"169\" srcset=\"https:\/\/www.asajacyl.com\/palencia\/wp-content\/uploads\/sites\/3\/2019\/01\/foto-reyes-magos-en-asaja-300x169.jpg 300w, https:\/\/www.asajacyl.com\/palencia\/wp-content\/uploads\/sites\/3\/2019\/01\/foto-reyes-magos-en-asaja-768x432.jpg 768w, https:\/\/www.asajacyl.com\/palencia\/wp-content\/uploads\/sites\/3\/2019\/01\/foto-reyes-magos-en-asaja-1024x576.jpg 1024w, https:\/\/www.asajacyl.com\/palencia\/wp-content\/uploads\/sites\/3\/2019\/01\/foto-reyes-magos-en-asaja-696x391.jpg 696w, https:\/\/www.asajacyl.com\/palencia\/wp-content\/uploads\/sites\/3\/2019\/01\/foto-reyes-magos-en-asaja-1068x601.jpg 1068w, https:\/\/www.asajacyl.com\/palencia\/wp-content\/uploads\/sites\/3\/2019\/01\/foto-reyes-magos-en-asaja-747x420.jpg 747w, https:\/\/www.asajacyl.com\/palencia\/wp-content\/uploads\/sites\/3\/2019\/01\/foto-reyes-magos-en-asaja-1920x1080.jpg 1920w\" sizes=\"(max-width: 300px) 100vw, 300px\" \/><\/p>\n","protected":false},"excerpt":{"rendered":"<p>Al igual que en los \u00faltimos a\u00f1os, los Reyes Magos han anunciado su visita a las oficinas de ASAJA PALENCIA en Bigar ma\u00f1ana s\u00e1bado 5 de enero antes de la Cabalgata. Los ni\u00f1os que no hayan entregado a\u00fan su carta a los reyes podr\u00e1n hacerlo si acuden a las oficinas de ASAJA entre las 16,30 [&hellip;]<\/p>\n","protected":false},"author":9,"featured_media":5791,"comment_status":"open","ping_status":"open","sticky":false,"template":"","format":"standard","meta":{"footnotes":""},"categories":[38],"tags":[],"yoast_head":"<!-- This site is optimized with the Yoast SEO plugin v24.5 - https:\/\/yoast.com\/wordpress\/plugins\/seo\/ -->\n<title>Los Reyes Magos estar\u00e1n ma\u00f1ana en ASAJA PALENCIA antes de la Cabalgata - ASAJA Palencia<\/title>\n<meta name=\"description\" content=\"Al igual que en los \u00faltimos a\u00f1os, los Reyes Magos han anunciado su visita a las oficinas de ASAJA PALENCIA en Bigar ma\u00f1ana s\u00e1bado 5 de enero antes de la\" \/>\n<meta name=\"robots\" content=\"index, follow, max-snippet:-1, max-image-preview:large, max-video-preview:-1\" \/>\n<link rel=\"canonical\" href=\"https:\/\/www.asajacyl.com\/palencia\/servicios-socio\/circulares\/los-reyes-magos-estaran-manana-asaja-palencia-la-cabalgata\" \/>\n<meta property=\"og:locale\" content=\"es_ES\" \/>\n<meta property=\"og:type\" content=\"article\" \/>\n<meta property=\"og:title\" content=\"Los Reyes Magos estar\u00e1n ma\u00f1ana en ASAJA PALENCIA antes de la Cabalgata - ASAJA Palencia\" \/>\n<meta property=\"og:description\" content=\"Al igual que en los \u00faltimos a\u00f1os, los Reyes Magos han anunciado su visita a las oficinas de ASAJA PALENCIA en Bigar ma\u00f1ana s\u00e1bado 5 de enero antes de la\" \/>\n<meta property=\"og:url\" content=\"https:\/\/www.asajacyl.com\/palencia\/servicios-socio\/circulares\/los-reyes-magos-estaran-manana-asaja-palencia-la-cabalgata\" \/>\n<meta property=\"og:site_name\" content=\"ASAJA Palencia\" \/>\n<meta property=\"article:published_time\" content=\"2019-01-04T10:07:25+00:00\" \/>\n<meta property=\"article:modified_time\" content=\"2019-01-05T16:59:26+00:00\" \/>\n<meta property=\"og:image\" content=\"https:\/\/www.asajacyl.com\/palencia\/wp-content\/uploads\/sites\/3\/2019\/01\/foto-reyes-magos-en-asaja.jpg\" \/>\n\t<meta property=\"og:image:width\" content=\"2500\" \/>\n\t<meta property=\"og:image:height\" content=\"1406\" \/>\n\t<meta property=\"og:image:type\" content=\"image\/jpeg\" \/>\n<meta name=\"author\" content=\"Administrador\" \/>\n<meta name=\"twitter:card\" content=\"summary_large_image\" \/>\n<meta name=\"twitter:label1\" content=\"Escrito por\" \/>\n\t<meta name=\"twitter:data1\" content=\"Administrador\" \/>\n\t<meta name=\"twitter:label2\" content=\"Tiempo de lectura\" \/>\n\t<meta name=\"twitter:data2\" content=\"1 minuto\" \/>\n<script type=\"application\/ld+json\" class=\"yoast-schema-graph\">{\"@context\":\"https:\/\/schema.org\",\"@graph\":[{\"@type\":\"WebPage\",\"@id\":\"https:\/\/www.asajacyl.com\/palencia\/servicios-socio\/circulares\/los-reyes-magos-estaran-manana-asaja-palencia-la-cabalgata\",\"url\":\"https:\/\/www.asajacyl.com\/palencia\/servicios-socio\/circulares\/los-reyes-magos-estaran-manana-asaja-palencia-la-cabalgata\",\"name\":\"Los Reyes Magos estar\u00e1n ma\u00f1ana en ASAJA PALENCIA antes de la Cabalgata - ASAJA Palencia\",\"isPartOf\":{\"@id\":\"https:\/\/www.asajacyl.com\/palencia\/#website\"},\"primaryImageOfPage\":{\"@id\":\"https:\/\/www.asajacyl.com\/palencia\/servicios-socio\/circulares\/los-reyes-magos-estaran-manana-asaja-palencia-la-cabalgata#primaryimage\"},\"image\":{\"@id\":\"https:\/\/www.asajacyl.com\/palencia\/servicios-socio\/circulares\/los-reyes-magos-estaran-manana-asaja-palencia-la-cabalgata#primaryimage\"},\"thumbnailUrl\":\"https:\/\/www.asajacyl.com\/palencia\/wp-content\/uploads\/sites\/3\/2019\/01\/foto-reyes-magos-en-asaja.jpg\",\"datePublished\":\"2019-01-04T10:07:25+00:00\",\"dateModified\":\"2019-01-05T16:59:26+00:00\",\"author\":{\"@id\":\"https:\/\/www.asajacyl.com\/palencia\/#\/schema\/person\/3ab17aeb03527485c317557fae64aab1\"},\"description\":\"Al igual que en los \u00faltimos a\u00f1os, los Reyes Magos han anunciado su visita a las oficinas de ASAJA PALENCIA en Bigar ma\u00f1ana s\u00e1bado 5 de enero antes de la\",\"breadcrumb\":{\"@id\":\"https:\/\/www.asajacyl.com\/palencia\/servicios-socio\/circulares\/los-reyes-magos-estaran-manana-asaja-palencia-la-cabalgata#breadcrumb\"},\"inLanguage\":\"es\",\"potentialAction\":[{\"@type\":\"ReadAction\",\"target\":[\"https:\/\/www.asajacyl.com\/palencia\/servicios-socio\/circulares\/los-reyes-magos-estaran-manana-asaja-palencia-la-cabalgata\"]}]},{\"@type\":\"ImageObject\",\"inLanguage\":\"es\",\"@id\":\"https:\/\/www.asajacyl.com\/palencia\/servicios-socio\/circulares\/los-reyes-magos-estaran-manana-asaja-palencia-la-cabalgata#primaryimage\",\"url\":\"https:\/\/www.asajacyl.com\/palencia\/wp-content\/uploads\/sites\/3\/2019\/01\/foto-reyes-magos-en-asaja.jpg\",\"contentUrl\":\"https:\/\/www.asajacyl.com\/palencia\/wp-content\/uploads\/sites\/3\/2019\/01\/foto-reyes-magos-en-asaja.jpg\",\"width\":2500,\"height\":1406},{\"@type\":\"BreadcrumbList\",\"@id\":\"https:\/\/www.asajacyl.com\/palencia\/servicios-socio\/circulares\/los-reyes-magos-estaran-manana-asaja-palencia-la-cabalgata#breadcrumb\",\"itemListElement\":[{\"@type\":\"ListItem\",\"position\":1,\"name\":\"Portada\",\"item\":\"https:\/\/www.asajacyl.com\/palencia\/\"},{\"@type\":\"ListItem\",\"position\":2,\"name\":\"Los Reyes Magos estar\u00e1n ma\u00f1ana en ASAJA PALENCIA antes de la Cabalgata\"}]},{\"@type\":\"WebSite\",\"@id\":\"https:\/\/www.asajacyl.com\/palencia\/#website\",\"url\":\"https:\/\/www.asajacyl.com\/palencia\/\",\"name\":\"ASAJA Palencia\",\"description\":\"Otro sitio m\u00e1s de Provincias ASAJA Castilla y Le\u00f3n\",\"potentialAction\":[{\"@type\":\"SearchAction\",\"target\":{\"@type\":\"EntryPoint\",\"urlTemplate\":\"https:\/\/www.asajacyl.com\/palencia\/?s={search_term_string}\"},\"query-input\":{\"@type\":\"PropertyValueSpecification\",\"valueRequired\":true,\"valueName\":\"search_term_string\"}}],\"inLanguage\":\"es\"},{\"@type\":\"Person\",\"@id\":\"https:\/\/www.asajacyl.com\/palencia\/#\/schema\/person\/3ab17aeb03527485c317557fae64aab1\",\"name\":\"Administrador\",\"image\":{\"@type\":\"ImageObject\",\"inLanguage\":\"es\",\"@id\":\"https:\/\/www.asajacyl.com\/palencia\/#\/schema\/person\/image\/\",\"url\":\"https:\/\/secure.gravatar.com\/avatar\/517384810d242ca9e38c180f3c9fb973?s=96&d=mm&r=g\",\"contentUrl\":\"https:\/\/secure.gravatar.com\/avatar\/517384810d242ca9e38c180f3c9fb973?s=96&d=mm&r=g\",\"caption\":\"Administrador\"},\"url\":\"https:\/\/www.asajacyl.com\/palencia\/author\/carlosrm\"}]}<\/script>\n<!-- \/ Yoast SEO plugin. -->","yoast_head_json":{"title":"Los Reyes Magos estar\u00e1n ma\u00f1ana en ASAJA PALENCIA antes de la Cabalgata - ASAJA Palencia","description":"Al igual que en los \u00faltimos a\u00f1os, los Reyes Magos han anunciado su visita a las oficinas de ASAJA PALENCIA en Bigar ma\u00f1ana s\u00e1bado 5 de enero antes de la","robots":{"index":"index","follow":"follow","max-snippet":"max-snippet:-1","max-image-preview":"max-image-preview:large","max-video-preview":"max-video-preview:-1"},"canonical":"https:\/\/www.asajacyl.com\/palencia\/servicios-socio\/circulares\/los-reyes-magos-estaran-manana-asaja-palencia-la-cabalgata","og_locale":"es_ES","og_type":"article","og_title":"Los Reyes Magos estar\u00e1n ma\u00f1ana en ASAJA PALENCIA antes de la Cabalgata - ASAJA Palencia","og_description":"Al igual que en los \u00faltimos a\u00f1os, los Reyes Magos han anunciado su visita a las oficinas de ASAJA PALENCIA en Bigar ma\u00f1ana s\u00e1bado 5 de enero antes de la","og_url":"https:\/\/www.asajacyl.com\/palencia\/servicios-socio\/circulares\/los-reyes-magos-estaran-manana-asaja-palencia-la-cabalgata","og_site_name":"ASAJA Palencia","article_published_time":"2019-01-04T10:07:25+00:00","article_modified_time":"2019-01-05T16:59:26+00:00","og_image":[{"width":2500,"height":1406,"url":"https:\/\/www.asajacyl.com\/palencia\/wp-content\/uploads\/sites\/3\/2019\/01\/foto-reyes-magos-en-asaja.jpg","type":"image\/jpeg"}],"author":"Administrador","twitter_card":"summary_large_image","twitter_misc":{"Escrito por":"Administrador","Tiempo de lectura":"1 minuto"},"schema":{"@context":"https:\/\/schema.org","@graph":[{"@type":"WebPage","@id":"https:\/\/www.asajacyl.com\/palencia\/servicios-socio\/circulares\/los-reyes-magos-estaran-manana-asaja-palencia-la-cabalgata","url":"https:\/\/www.asajacyl.com\/palencia\/servicios-socio\/circulares\/los-reyes-magos-estaran-manana-asaja-palencia-la-cabalgata","name":"Los Reyes Magos estar\u00e1n ma\u00f1ana en ASAJA PALENCIA antes de la Cabalgata - ASAJA Palencia","isPartOf":{"@id":"https:\/\/www.asajacyl.com\/palencia\/#website"},"primaryImageOfPage":{"@id":"https:\/\/www.asajacyl.com\/palencia\/servicios-socio\/circulares\/los-reyes-magos-estaran-manana-asaja-palencia-la-cabalgata#primaryimage"},"image":{"@id":"https:\/\/www.asajacyl.com\/palencia\/servicios-socio\/circulares\/los-reyes-magos-estaran-manana-asaja-palencia-la-cabalgata#primaryimage"},"thumbnailUrl":"https:\/\/www.asajacyl.com\/palencia\/wp-content\/uploads\/sites\/3\/2019\/01\/foto-reyes-magos-en-asaja.jpg","datePublished":"2019-01-04T10:07:25+00:00","dateModified":"2019-01-05T16:59:26+00:00","author":{"@id":"https:\/\/www.asajacyl.com\/palencia\/#\/schema\/person\/3ab17aeb03527485c317557fae64aab1"},"description":"Al igual que en los \u00faltimos a\u00f1os, los Reyes Magos han anunciado su visita a las oficinas de ASAJA PALENCIA en Bigar ma\u00f1ana s\u00e1bado 5 de enero antes de la","breadcrumb":{"@id":"https:\/\/www.asajacyl.com\/palencia\/servicios-socio\/circulares\/los-reyes-magos-estaran-manana-asaja-palencia-la-cabalgata#breadcrumb"},"inLanguage":"es","potentialAction":[{"@type":"ReadAction","target":["https:\/\/www.asajacyl.com\/palencia\/servicios-socio\/circulares\/los-reyes-magos-estaran-manana-asaja-palencia-la-cabalgata"]}]},{"@type":"ImageObject","inLanguage":"es","@id":"https:\/\/www.asajacyl.com\/palencia\/servicios-socio\/circulares\/los-reyes-magos-estaran-manana-asaja-palencia-la-cabalgata#primaryimage","url":"https:\/\/www.asajacyl.com\/palencia\/wp-content\/uploads\/sites\/3\/2019\/01\/foto-reyes-magos-en-asaja.jpg","contentUrl":"https:\/\/www.asajacyl.com\/palencia\/wp-content\/uploads\/sites\/3\/2019\/01\/foto-reyes-magos-en-asaja.jpg","width":2500,"height":1406},{"@type":"BreadcrumbList","@id":"https:\/\/www.asajacyl.com\/palencia\/servicios-socio\/circulares\/los-reyes-magos-estaran-manana-asaja-palencia-la-cabalgata#breadcrumb","itemListElement":[{"@type":"ListItem","position":1,"name":"Portada","item":"https:\/\/www.asajacyl.com\/palencia\/"},{"@type":"ListItem","position":2,"name":"Los Reyes Magos estar\u00e1n ma\u00f1ana en ASAJA PALENCIA antes de la Cabalgata"}]},{"@type":"WebSite","@id":"https:\/\/www.asajacyl.com\/palencia\/#website","url":"https:\/\/www.asajacyl.com\/palencia\/","name":"ASAJA Palencia","description":"Otro sitio m\u00e1s de Provincias ASAJA Castilla y Le\u00f3n","potentialAction":[{"@type":"SearchAction","target":{"@type":"EntryPoint","urlTemplate":"https:\/\/www.asajacyl.com\/palencia\/?s={search_term_string}"},"query-input":{"@type":"PropertyValueSpecification","valueRequired":true,"valueName":"search_term_string"}}],"inLanguage":"es"},{"@type":"Person","@id":"https:\/\/www.asajacyl.com\/palencia\/#\/schema\/person\/3ab17aeb03527485c317557fae64aab1","name":"Administrador","image":{"@type":"ImageObject","inLanguage":"es","@id":"https:\/\/www.asajacyl.com\/palencia\/#\/schema\/person\/image\/","url":"https:\/\/secure.gravatar.com\/avatar\/517384810d242ca9e38c180f3c9fb973?s=96&d=mm&r=g","contentUrl":"https:\/\/secure.gravatar.com\/avatar\/517384810d242ca9e38c180f3c9fb973?s=96&d=mm&r=g","caption":"Administrador"},"url":"https:\/\/www.asajacyl.com\/palencia\/author\/carlosrm"}]}},"_links":{"self":[{"href":"https:\/\/www.asajacyl.com\/palencia\/wp-json\/wp\/v2\/posts\/5790"}],"collection":[{"href":"https:\/\/www.asajacyl.com\/palencia\/wp-json\/wp\/v2\/posts"}],"about":[{"href":"https:\/\/www.asajacyl.com\/palencia\/wp-json\/wp\/v2\/types\/post"}],"author":[{"embeddable":true,"href":"https:\/\/www.asajacyl.com\/palencia\/wp-json\/wp\/v2\/users\/9"}],"replies":[{"embeddable":true,"href":"https:\/\/www.asajacyl.com\/palencia\/wp-json\/wp\/v2\/comments?post=5790"}],"version-history":[{"count":1,"href":"https:\/\/www.asajacyl.com\/palencia\/wp-json\/wp\/v2\/posts\/5790\/revisions"}],"predecessor-version":[{"id":5792,"href":"https:\/\/www.asajacyl.com\/palencia\/wp-json\/wp\/v2\/posts\/5790\/revisions\/5792"}],"wp:featuredmedia":[{"embeddable":true,"href":"https:\/\/www.asajacyl.com\/palencia\/wp-json\/wp\/v2\/media\/5791"}],"wp:attachment":[{"href":"https:\/\/www.asajacyl.com\/palencia\/wp-json\/wp\/v2\/media?parent=5790"}],"wp:term":[{"taxonomy":"category","embeddable":true,"href":"https:\/\/www.asajacyl.com\/palencia\/wp-json\/wp\/v2\/categories?post=5790"},{"taxonomy":"post_tag","embeddable":true,"href":"https:\/\/www.asajacyl.com\/palencia\/wp-json\/wp\/v2\/tags?post=5790"}],"curies":[{"name":"wp","href":"https:\/\/api.w.org\/{rel}","templated":true}]}}