{"id":5860,"date":"2019-01-25T13:09:34","date_gmt":"2019-01-25T12:09:34","guid":{"rendered":"https:\/\/www.asajacyl.com\/palencia\/?p=5860"},"modified":"2019-01-29T14:30:04","modified_gmt":"2019-01-29T13:30:04","slug":"asaja-reune-afiliados-ciclo-asambleas-comarcales","status":"publish","type":"post","link":"https:\/\/www.asajacyl.com\/palencia\/asaja-palencia-informa\/asaja-reune-afiliados-ciclo-asambleas-comarcales","title":{"rendered":"ASAJA re\u00fane a sus afiliados en el ciclo de asambleas comarcales"},"content":{"rendered":"<p>En estos d\u00edas ASAJA Palencia celebra sus asambleas comarcales\u00a0por toda la provincia,\u00a0 un ciclo de encuentros que facilita el contacto entre afiliados, representantes y t\u00e9cnicos de la organizaci\u00f3n.\u00a0Son al mismo tiempo una ocasi\u00f3n para conocer de forma directa la problem\u00e1tica de\u00a0 cada comarca, adem\u00e1s de acercar a los asociados de la organizaci\u00f3n informaci\u00f3n de primera mano para la nueva campa\u00f1a agr\u00edcola, desde las novedades en lo que respecta a la PAC, pasando por la actualidad agr\u00edcola y ganadera, hasta informaci\u00f3n sobre pol\u00edtica fiscal, ayudas, expedientes, temas sindicales y de la vida agraria, como la sequ\u00eda, los seguros, la mala nascencia, las plagas de topillos y conejos, las c\u00e1maras agrarias, la problem\u00e1tica de precios y los mercados.\u00a0 Se trata de un ciclo que incluye catorce reuniones por toda provincia, concitando una importante asistencia por parte de los afiliados de la organizaci\u00f3n.<\/p>\n<p>El calendario se abri\u00f3 ayer con las asambleas de Cervera-Guardo y Aguilar-Barruelo, y hoy continuaba con las de Paredes de Nava y Becerril de Campos. El lunes prosigue el ciclo con las asambleas de Villarramiel (a las 12), Baltan\u00e1s (a las 5) y Torquemada (a las 7,30).<\/p>\n<figure id=\"attachment_5861\" aria-describedby=\"caption-attachment-5861\" style=\"width: 300px\" class=\"wp-caption alignnone\"><img loading=\"lazy\" decoding=\"async\" class=\"wp-image-5861 size-medium\" src=\"https:\/\/www.asajacyl.com\/palencia\/wp-content\/uploads\/sites\/3\/2019\/01\/Asamblea-de-Aguilar-Barruelo-300x66.jpg\" alt=\"\" width=\"300\" height=\"66\" srcset=\"https:\/\/www.asajacyl.com\/palencia\/wp-content\/uploads\/sites\/3\/2019\/01\/Asamblea-de-Aguilar-Barruelo-300x66.jpg 300w, https:\/\/www.asajacyl.com\/palencia\/wp-content\/uploads\/sites\/3\/2019\/01\/Asamblea-de-Aguilar-Barruelo-768x168.jpg 768w, https:\/\/www.asajacyl.com\/palencia\/wp-content\/uploads\/sites\/3\/2019\/01\/Asamblea-de-Aguilar-Barruelo-1024x224.jpg 1024w, https:\/\/www.asajacyl.com\/palencia\/wp-content\/uploads\/sites\/3\/2019\/01\/Asamblea-de-Aguilar-Barruelo-696x152.jpg 696w, https:\/\/www.asajacyl.com\/palencia\/wp-content\/uploads\/sites\/3\/2019\/01\/Asamblea-de-Aguilar-Barruelo-1068x234.jpg 1068w, https:\/\/www.asajacyl.com\/palencia\/wp-content\/uploads\/sites\/3\/2019\/01\/Asamblea-de-Aguilar-Barruelo.jpg 1603w\" sizes=\"(max-width: 300px) 100vw, 300px\" \/><figcaption id=\"caption-attachment-5861\" class=\"wp-caption-text\">Asamblea de Aguilar-Barruelo<\/figcaption><\/figure>\n<figure id=\"attachment_5862\" aria-describedby=\"caption-attachment-5862\" style=\"width: 300px\" class=\"wp-caption alignnone\"><img loading=\"lazy\" decoding=\"async\" class=\"wp-image-5862 size-medium\" src=\"https:\/\/www.asajacyl.com\/palencia\/wp-content\/uploads\/sites\/3\/2019\/01\/Asamblea-de-Cervera-Guardo-300x169.jpg\" alt=\"\" width=\"300\" height=\"169\" srcset=\"https:\/\/www.asajacyl.com\/palencia\/wp-content\/uploads\/sites\/3\/2019\/01\/Asamblea-de-Cervera-Guardo-300x169.jpg 300w, https:\/\/www.asajacyl.com\/palencia\/wp-content\/uploads\/sites\/3\/2019\/01\/Asamblea-de-Cervera-Guardo-768x432.jpg 768w, https:\/\/www.asajacyl.com\/palencia\/wp-content\/uploads\/sites\/3\/2019\/01\/Asamblea-de-Cervera-Guardo-1024x577.jpg 1024w, https:\/\/www.asajacyl.com\/palencia\/wp-content\/uploads\/sites\/3\/2019\/01\/Asamblea-de-Cervera-Guardo-696x392.jpg 696w, https:\/\/www.asajacyl.com\/palencia\/wp-content\/uploads\/sites\/3\/2019\/01\/Asamblea-de-Cervera-Guardo-1068x601.jpg 1068w, https:\/\/www.asajacyl.com\/palencia\/wp-content\/uploads\/sites\/3\/2019\/01\/Asamblea-de-Cervera-Guardo-746x420.jpg 746w, https:\/\/www.asajacyl.com\/palencia\/wp-content\/uploads\/sites\/3\/2019\/01\/Asamblea-de-Cervera-Guardo.jpg 1600w\" sizes=\"(max-width: 300px) 100vw, 300px\" \/><figcaption id=\"caption-attachment-5862\" class=\"wp-caption-text\">Asamblea de Cervera-Guardo<\/figcaption><\/figure>\n<figure id=\"attachment_5863\" aria-describedby=\"caption-attachment-5863\" style=\"width: 300px\" class=\"wp-caption alignnone\"><img loading=\"lazy\" decoding=\"async\" class=\"wp-image-5863 size-medium\" src=\"https:\/\/www.asajacyl.com\/palencia\/wp-content\/uploads\/sites\/3\/2019\/01\/Asamblea-de-Paredes-de-Nava-300x225.jpg\" alt=\"\" width=\"300\" height=\"225\" srcset=\"https:\/\/www.asajacyl.com\/palencia\/wp-content\/uploads\/sites\/3\/2019\/01\/Asamblea-de-Paredes-de-Nava-300x225.jpg 300w, https:\/\/www.asajacyl.com\/palencia\/wp-content\/uploads\/sites\/3\/2019\/01\/Asamblea-de-Paredes-de-Nava-768x576.jpg 768w, https:\/\/www.asajacyl.com\/palencia\/wp-content\/uploads\/sites\/3\/2019\/01\/Asamblea-de-Paredes-de-Nava-1024x768.jpg 1024w, https:\/\/www.asajacyl.com\/palencia\/wp-content\/uploads\/sites\/3\/2019\/01\/Asamblea-de-Paredes-de-Nava-80x60.jpg 80w, https:\/\/www.asajacyl.com\/palencia\/wp-content\/uploads\/sites\/3\/2019\/01\/Asamblea-de-Paredes-de-Nava-696x522.jpg 696w, https:\/\/www.asajacyl.com\/palencia\/wp-content\/uploads\/sites\/3\/2019\/01\/Asamblea-de-Paredes-de-Nava-1068x801.jpg 1068w, https:\/\/www.asajacyl.com\/palencia\/wp-content\/uploads\/sites\/3\/2019\/01\/Asamblea-de-Paredes-de-Nava-560x420.jpg 560w, https:\/\/www.asajacyl.com\/palencia\/wp-content\/uploads\/sites\/3\/2019\/01\/Asamblea-de-Paredes-de-Nava.jpg 1600w\" sizes=\"(max-width: 300px) 100vw, 300px\" \/><figcaption id=\"caption-attachment-5863\" class=\"wp-caption-text\">Asamblea de Paredes de Nava<\/figcaption><\/figure>\n","protected":false},"excerpt":{"rendered":"<p>En estos d\u00edas ASAJA Palencia celebra sus asambleas comarcales\u00a0por toda la provincia,\u00a0 un ciclo de encuentros que facilita el contacto entre afiliados, representantes y t\u00e9cnicos de la organizaci\u00f3n.\u00a0Son al mismo tiempo una ocasi\u00f3n para conocer de forma directa la problem\u00e1tica de\u00a0 cada comarca, adem\u00e1s de acercar a los asociados de la organizaci\u00f3n informaci\u00f3n de primera [&hellip;]<\/p>\n","protected":false},"author":9,"featured_media":5861,"comment_status":"open","ping_status":"open","sticky":false,"template":"","format":"standard","meta":{"footnotes":""},"categories":[9,28],"tags":[],"yoast_head":"<!-- This site is optimized with the Yoast SEO plugin v24.5 - https:\/\/yoast.com\/wordpress\/plugins\/seo\/ -->\n<title>ASAJA re\u00fane a sus afiliados en el ciclo de asambleas comarcales - ASAJA Palencia<\/title>\n<meta name=\"description\" content=\"En estos d\u00edas ASAJA Palencia celebra sus asambleas comarcales\u00a0por toda la provincia,\u00a0 un ciclo de encuentros que facilita el contacto entre afiliados,\" \/>\n<meta name=\"robots\" content=\"index, follow, max-snippet:-1, max-image-preview:large, max-video-preview:-1\" \/>\n<link rel=\"canonical\" href=\"https:\/\/www.asajacyl.com\/palencia\/asaja-palencia-informa\/asaja-reune-afiliados-ciclo-asambleas-comarcales\" \/>\n<meta property=\"og:locale\" content=\"es_ES\" \/>\n<meta property=\"og:type\" content=\"article\" \/>\n<meta property=\"og:title\" content=\"ASAJA re\u00fane a sus afiliados en el ciclo de asambleas comarcales - ASAJA Palencia\" \/>\n<meta property=\"og:description\" content=\"En estos d\u00edas ASAJA Palencia celebra sus asambleas comarcales\u00a0por toda la provincia,\u00a0 un ciclo de encuentros que facilita el contacto entre afiliados,\" \/>\n<meta property=\"og:url\" content=\"https:\/\/www.asajacyl.com\/palencia\/asaja-palencia-informa\/asaja-reune-afiliados-ciclo-asambleas-comarcales\" \/>\n<meta property=\"og:site_name\" content=\"ASAJA Palencia\" \/>\n<meta property=\"article:published_time\" content=\"2019-01-25T12:09:34+00:00\" \/>\n<meta property=\"article:modified_time\" content=\"2019-01-29T13:30:04+00:00\" \/>\n<meta property=\"og:image\" content=\"https:\/\/www.asajacyl.com\/palencia\/wp-content\/uploads\/sites\/3\/2019\/01\/Asamblea-de-Aguilar-Barruelo.jpg\" \/>\n\t<meta property=\"og:image:width\" content=\"1603\" \/>\n\t<meta property=\"og:image:height\" content=\"351\" \/>\n\t<meta property=\"og:image:type\" content=\"image\/jpeg\" \/>\n<meta name=\"author\" content=\"Administrador\" \/>\n<meta name=\"twitter:card\" content=\"summary_large_image\" \/>\n<meta name=\"twitter:label1\" content=\"Escrito por\" \/>\n\t<meta name=\"twitter:data1\" content=\"Administrador\" \/>\n\t<meta name=\"twitter:label2\" content=\"Tiempo de lectura\" \/>\n\t<meta name=\"twitter:data2\" content=\"1 minuto\" \/>\n<script type=\"application\/ld+json\" class=\"yoast-schema-graph\">{\"@context\":\"https:\/\/schema.org\",\"@graph\":[{\"@type\":\"WebPage\",\"@id\":\"https:\/\/www.asajacyl.com\/palencia\/asaja-palencia-informa\/asaja-reune-afiliados-ciclo-asambleas-comarcales\",\"url\":\"https:\/\/www.asajacyl.com\/palencia\/asaja-palencia-informa\/asaja-reune-afiliados-ciclo-asambleas-comarcales\",\"name\":\"ASAJA re\u00fane a sus afiliados en el ciclo de asambleas comarcales - ASAJA Palencia\",\"isPartOf\":{\"@id\":\"https:\/\/www.asajacyl.com\/palencia\/#website\"},\"primaryImageOfPage\":{\"@id\":\"https:\/\/www.asajacyl.com\/palencia\/asaja-palencia-informa\/asaja-reune-afiliados-ciclo-asambleas-comarcales#primaryimage\"},\"image\":{\"@id\":\"https:\/\/www.asajacyl.com\/palencia\/asaja-palencia-informa\/asaja-reune-afiliados-ciclo-asambleas-comarcales#primaryimage\"},\"thumbnailUrl\":\"https:\/\/www.asajacyl.com\/palencia\/wp-content\/uploads\/sites\/3\/2019\/01\/Asamblea-de-Aguilar-Barruelo.jpg\",\"datePublished\":\"2019-01-25T12:09:34+00:00\",\"dateModified\":\"2019-01-29T13:30:04+00:00\",\"author\":{\"@id\":\"https:\/\/www.asajacyl.com\/palencia\/#\/schema\/person\/3ab17aeb03527485c317557fae64aab1\"},\"description\":\"En estos d\u00edas ASAJA Palencia celebra sus asambleas comarcales\u00a0por toda la provincia,\u00a0 un ciclo de encuentros que facilita el contacto entre afiliados,\",\"breadcrumb\":{\"@id\":\"https:\/\/www.asajacyl.com\/palencia\/asaja-palencia-informa\/asaja-reune-afiliados-ciclo-asambleas-comarcales#breadcrumb\"},\"inLanguage\":\"es\",\"potentialAction\":[{\"@type\":\"ReadAction\",\"target\":[\"https:\/\/www.asajacyl.com\/palencia\/asaja-palencia-informa\/asaja-reune-afiliados-ciclo-asambleas-comarcales\"]}]},{\"@type\":\"ImageObject\",\"inLanguage\":\"es\",\"@id\":\"https:\/\/www.asajacyl.com\/palencia\/asaja-palencia-informa\/asaja-reune-afiliados-ciclo-asambleas-comarcales#primaryimage\",\"url\":\"https:\/\/www.asajacyl.com\/palencia\/wp-content\/uploads\/sites\/3\/2019\/01\/Asamblea-de-Aguilar-Barruelo.jpg\",\"contentUrl\":\"https:\/\/www.asajacyl.com\/palencia\/wp-content\/uploads\/sites\/3\/2019\/01\/Asamblea-de-Aguilar-Barruelo.jpg\",\"width\":1603,\"height\":351},{\"@type\":\"BreadcrumbList\",\"@id\":\"https:\/\/www.asajacyl.com\/palencia\/asaja-palencia-informa\/asaja-reune-afiliados-ciclo-asambleas-comarcales#breadcrumb\",\"itemListElement\":[{\"@type\":\"ListItem\",\"position\":1,\"name\":\"Portada\",\"item\":\"https:\/\/www.asajacyl.com\/palencia\/\"},{\"@type\":\"ListItem\",\"position\":2,\"name\":\"ASAJA re\u00fane a sus afiliados en el ciclo de asambleas comarcales\"}]},{\"@type\":\"WebSite\",\"@id\":\"https:\/\/www.asajacyl.com\/palencia\/#website\",\"url\":\"https:\/\/www.asajacyl.com\/palencia\/\",\"name\":\"ASAJA Palencia\",\"description\":\"Otro sitio m\u00e1s de Provincias ASAJA Castilla y Le\u00f3n\",\"potentialAction\":[{\"@type\":\"SearchAction\",\"target\":{\"@type\":\"EntryPoint\",\"urlTemplate\":\"https:\/\/www.asajacyl.com\/palencia\/?s={search_term_string}\"},\"query-input\":{\"@type\":\"PropertyValueSpecification\",\"valueRequired\":true,\"valueName\":\"search_term_string\"}}],\"inLanguage\":\"es\"},{\"@type\":\"Person\",\"@id\":\"https:\/\/www.asajacyl.com\/palencia\/#\/schema\/person\/3ab17aeb03527485c317557fae64aab1\",\"name\":\"Administrador\",\"image\":{\"@type\":\"ImageObject\",\"inLanguage\":\"es\",\"@id\":\"https:\/\/www.asajacyl.com\/palencia\/#\/schema\/person\/image\/\",\"url\":\"https:\/\/secure.gravatar.com\/avatar\/517384810d242ca9e38c180f3c9fb973?s=96&d=mm&r=g\",\"contentUrl\":\"https:\/\/secure.gravatar.com\/avatar\/517384810d242ca9e38c180f3c9fb973?s=96&d=mm&r=g\",\"caption\":\"Administrador\"},\"url\":\"https:\/\/www.asajacyl.com\/palencia\/author\/carlosrm\"}]}<\/script>\n<!-- \/ Yoast SEO plugin. -->","yoast_head_json":{"title":"ASAJA re\u00fane a sus afiliados en el ciclo de asambleas comarcales - ASAJA Palencia","description":"En estos d\u00edas ASAJA Palencia celebra sus asambleas comarcales\u00a0por toda la provincia,\u00a0 un ciclo de encuentros que facilita el contacto entre afiliados,","robots":{"index":"index","follow":"follow","max-snippet":"max-snippet:-1","max-image-preview":"max-image-preview:large","max-video-preview":"max-video-preview:-1"},"canonical":"https:\/\/www.asajacyl.com\/palencia\/asaja-palencia-informa\/asaja-reune-afiliados-ciclo-asambleas-comarcales","og_locale":"es_ES","og_type":"article","og_title":"ASAJA re\u00fane a sus afiliados en el ciclo de asambleas comarcales - ASAJA Palencia","og_description":"En estos d\u00edas ASAJA Palencia celebra sus asambleas comarcales\u00a0por toda la provincia,\u00a0 un ciclo de encuentros que facilita el contacto entre afiliados,","og_url":"https:\/\/www.asajacyl.com\/palencia\/asaja-palencia-informa\/asaja-reune-afiliados-ciclo-asambleas-comarcales","og_site_name":"ASAJA Palencia","article_published_time":"2019-01-25T12:09:34+00:00","article_modified_time":"2019-01-29T13:30:04+00:00","og_image":[{"width":1603,"height":351,"url":"https:\/\/www.asajacyl.com\/palencia\/wp-content\/uploads\/sites\/3\/2019\/01\/Asamblea-de-Aguilar-Barruelo.jpg","type":"image\/jpeg"}],"author":"Administrador","twitter_card":"summary_large_image","twitter_misc":{"Escrito por":"Administrador","Tiempo de lectura":"1 minuto"},"schema":{"@context":"https:\/\/schema.org","@graph":[{"@type":"WebPage","@id":"https:\/\/www.asajacyl.com\/palencia\/asaja-palencia-informa\/asaja-reune-afiliados-ciclo-asambleas-comarcales","url":"https:\/\/www.asajacyl.com\/palencia\/asaja-palencia-informa\/asaja-reune-afiliados-ciclo-asambleas-comarcales","name":"ASAJA re\u00fane a sus afiliados en el ciclo de asambleas comarcales - ASAJA Palencia","isPartOf":{"@id":"https:\/\/www.asajacyl.com\/palencia\/#website"},"primaryImageOfPage":{"@id":"https:\/\/www.asajacyl.com\/palencia\/asaja-palencia-informa\/asaja-reune-afiliados-ciclo-asambleas-comarcales#primaryimage"},"image":{"@id":"https:\/\/www.asajacyl.com\/palencia\/asaja-palencia-informa\/asaja-reune-afiliados-ciclo-asambleas-comarcales#primaryimage"},"thumbnailUrl":"https:\/\/www.asajacyl.com\/palencia\/wp-content\/uploads\/sites\/3\/2019\/01\/Asamblea-de-Aguilar-Barruelo.jpg","datePublished":"2019-01-25T12:09:34+00:00","dateModified":"2019-01-29T13:30:04+00:00","author":{"@id":"https:\/\/www.asajacyl.com\/palencia\/#\/schema\/person\/3ab17aeb03527485c317557fae64aab1"},"description":"En estos d\u00edas ASAJA Palencia celebra sus asambleas comarcales\u00a0por toda la provincia,\u00a0 un ciclo de encuentros que facilita el contacto entre afiliados,","breadcrumb":{"@id":"https:\/\/www.asajacyl.com\/palencia\/asaja-palencia-informa\/asaja-reune-afiliados-ciclo-asambleas-comarcales#breadcrumb"},"inLanguage":"es","potentialAction":[{"@type":"ReadAction","target":["https:\/\/www.asajacyl.com\/palencia\/asaja-palencia-informa\/asaja-reune-afiliados-ciclo-asambleas-comarcales"]}]},{"@type":"ImageObject","inLanguage":"es","@id":"https:\/\/www.asajacyl.com\/palencia\/asaja-palencia-informa\/asaja-reune-afiliados-ciclo-asambleas-comarcales#primaryimage","url":"https:\/\/www.asajacyl.com\/palencia\/wp-content\/uploads\/sites\/3\/2019\/01\/Asamblea-de-Aguilar-Barruelo.jpg","contentUrl":"https:\/\/www.asajacyl.com\/palencia\/wp-content\/uploads\/sites\/3\/2019\/01\/Asamblea-de-Aguilar-Barruelo.jpg","width":1603,"height":351},{"@type":"BreadcrumbList","@id":"https:\/\/www.asajacyl.com\/palencia\/asaja-palencia-informa\/asaja-reune-afiliados-ciclo-asambleas-comarcales#breadcrumb","itemListElement":[{"@type":"ListItem","position":1,"name":"Portada","item":"https:\/\/www.asajacyl.com\/palencia\/"},{"@type":"ListItem","position":2,"name":"ASAJA re\u00fane a sus afiliados en el ciclo de asambleas comarcales"}]},{"@type":"WebSite","@id":"https:\/\/www.asajacyl.com\/palencia\/#website","url":"https:\/\/www.asajacyl.com\/palencia\/","name":"ASAJA Palencia","description":"Otro sitio m\u00e1s de Provincias ASAJA Castilla y Le\u00f3n","potentialAction":[{"@type":"SearchAction","target":{"@type":"EntryPoint","urlTemplate":"https:\/\/www.asajacyl.com\/palencia\/?s={search_term_string}"},"query-input":{"@type":"PropertyValueSpecification","valueRequired":true,"valueName":"search_term_string"}}],"inLanguage":"es"},{"@type":"Person","@id":"https:\/\/www.asajacyl.com\/palencia\/#\/schema\/person\/3ab17aeb03527485c317557fae64aab1","name":"Administrador","image":{"@type":"ImageObject","inLanguage":"es","@id":"https:\/\/www.asajacyl.com\/palencia\/#\/schema\/person\/image\/","url":"https:\/\/secure.gravatar.com\/avatar\/517384810d242ca9e38c180f3c9fb973?s=96&d=mm&r=g","contentUrl":"https:\/\/secure.gravatar.com\/avatar\/517384810d242ca9e38c180f3c9fb973?s=96&d=mm&r=g","caption":"Administrador"},"url":"https:\/\/www.asajacyl.com\/palencia\/author\/carlosrm"}]}},"_links":{"self":[{"href":"https:\/\/www.asajacyl.com\/palencia\/wp-json\/wp\/v2\/posts\/5860"}],"collection":[{"href":"https:\/\/www.asajacyl.com\/palencia\/wp-json\/wp\/v2\/posts"}],"about":[{"href":"https:\/\/www.asajacyl.com\/palencia\/wp-json\/wp\/v2\/types\/post"}],"author":[{"embeddable":true,"href":"https:\/\/www.asajacyl.com\/palencia\/wp-json\/wp\/v2\/users\/9"}],"replies":[{"embeddable":true,"href":"https:\/\/www.asajacyl.com\/palencia\/wp-json\/wp\/v2\/comments?post=5860"}],"version-history":[{"count":1,"href":"https:\/\/www.asajacyl.com\/palencia\/wp-json\/wp\/v2\/posts\/5860\/revisions"}],"predecessor-version":[{"id":5864,"href":"https:\/\/www.asajacyl.com\/palencia\/wp-json\/wp\/v2\/posts\/5860\/revisions\/5864"}],"wp:featuredmedia":[{"embeddable":true,"href":"https:\/\/www.asajacyl.com\/palencia\/wp-json\/wp\/v2\/media\/5861"}],"wp:attachment":[{"href":"https:\/\/www.asajacyl.com\/palencia\/wp-json\/wp\/v2\/media?parent=5860"}],"wp:term":[{"taxonomy":"category","embeddable":true,"href":"https:\/\/www.asajacyl.com\/palencia\/wp-json\/wp\/v2\/categories?post=5860"},{"taxonomy":"post_tag","embeddable":true,"href":"https:\/\/www.asajacyl.com\/palencia\/wp-json\/wp\/v2\/tags?post=5860"}],"curies":[{"name":"wp","href":"https:\/\/api.w.org\/{rel}","templated":true}]}}