{"id":5870,"date":"2019-01-25T13:33:54","date_gmt":"2019-01-25T12:33:54","guid":{"rendered":"https:\/\/www.asajacyl.com\/palencia\/?p=5870"},"modified":"2019-01-25T13:33:54","modified_gmt":"2019-01-25T12:33:54","slug":"asaja-pide-la-junta-ejerza-competencias-e-inspeccione-marcas-no-estan-cumpliendo-la-norma-identificar-origen-la-leche","status":"publish","type":"post","link":"https:\/\/www.asajacyl.com\/palencia\/asaja-palencia-informa\/asaja-pide-la-junta-ejerza-competencias-e-inspeccione-marcas-no-estan-cumpliendo-la-norma-identificar-origen-la-leche","title":{"rendered":"ASAJA pide a la Junta que ejerza sus competencias e inspeccione qu\u00e9 marcas no est\u00e1n cumpliendo la norma de identificar el origen de la leche"},"content":{"rendered":"<p>Ante una aplicaci\u00f3n desigual del Real Decreto 1181\/2018, de 21 de septiembre, relativo a la indicaci\u00f3n del origen de la leche utilizada como ingrediente en el etiquetado de la leche y los productos l\u00e1cteos, ASAJA exige a la Junta de Castilla y Le\u00f3n que ponga en marcha una inspecci\u00f3n espec\u00edfica dirigida a los distintos establecimientos de las cadenas de distribuci\u00f3n de alimentos.<\/p>\n<p>Si bien el pasado d\u00eda 22 de enero, d\u00eda de entrada en vigor de la normativa, en muchos establecimientos se pod\u00eda adquirir ya leche correctamente etiquetada indicando el origen del producto, esto no se ha generalizado a todas las marcas ni a todos los puntos de venta, pues en una parte importante de los tetra brik, y a\u00fan m\u00e1s en los productos l\u00e1cteos (quesos, yogures, mantequillas, etc.) no hay ninguna referencia que identifique correctamente el origen de la leche.<\/p>\n<p>Siendo cierto que el Real Decreto admite la coexistencia de leche con la identificaci\u00f3n del origen y otra que no lo tenga, hasta agotar las existencias de partidas fabricadas antes del 22 de enero, la entrada en vigor de la normativa se conoc\u00eda desde meses atr\u00e1s, y trat\u00e1ndose de unos productos perecederos y de no excesivo plazo de caducidad lo l\u00f3gico es que pr\u00e1cticamente no hubiera ya remanentes sin identificar.<\/p>\n<p>En este momento, ASAJA subraya que ha de ser la Junta de Castilla y Le\u00f3n la que, ejerciendo sus competencias de inspecci\u00f3n de alimentos, determine los incumplimientos de esta importante norma y establezca las correspondientes sanciones.<\/p>\n<p>Por otra parte, ASAJA pide a las cooperativas que den ejemplo y que sean las primeras en identificar el origen de la leche en todas las referencias que venden a la gran distribuci\u00f3n, algo que por ahora en la mayor\u00eda de sus marcas no lo est\u00e1n haciendo.<\/p>\n<p><img loading=\"lazy\" decoding=\"async\" class=\"alignnone size-medium wp-image-5871\" src=\"https:\/\/www.asajacyl.com\/palencia\/wp-content\/uploads\/sites\/3\/2019\/01\/ovejas-300x169.jpg\" alt=\"\" width=\"300\" height=\"169\" srcset=\"https:\/\/www.asajacyl.com\/palencia\/wp-content\/uploads\/sites\/3\/2019\/01\/ovejas-300x169.jpg 300w, https:\/\/www.asajacyl.com\/palencia\/wp-content\/uploads\/sites\/3\/2019\/01\/ovejas-768x432.jpg 768w, https:\/\/www.asajacyl.com\/palencia\/wp-content\/uploads\/sites\/3\/2019\/01\/ovejas-1024x576.jpg 1024w, https:\/\/www.asajacyl.com\/palencia\/wp-content\/uploads\/sites\/3\/2019\/01\/ovejas-696x391.jpg 696w, https:\/\/www.asajacyl.com\/palencia\/wp-content\/uploads\/sites\/3\/2019\/01\/ovejas-1068x601.jpg 1068w, https:\/\/www.asajacyl.com\/palencia\/wp-content\/uploads\/sites\/3\/2019\/01\/ovejas-747x420.jpg 747w, https:\/\/www.asajacyl.com\/palencia\/wp-content\/uploads\/sites\/3\/2019\/01\/ovejas-1920x1080.jpg 1920w\" sizes=\"(max-width: 300px) 100vw, 300px\" \/><\/p>\n","protected":false},"excerpt":{"rendered":"<p>Ante una aplicaci\u00f3n desigual del Real Decreto 1181\/2018, de 21 de septiembre, relativo a la indicaci\u00f3n del origen de la leche utilizada como ingrediente en el etiquetado de la leche y los productos l\u00e1cteos, ASAJA exige a la Junta de Castilla y Le\u00f3n que ponga en marcha una inspecci\u00f3n espec\u00edfica dirigida a los distintos establecimientos [&hellip;]<\/p>\n","protected":false},"author":9,"featured_media":5871,"comment_status":"open","ping_status":"open","sticky":false,"template":"","format":"standard","meta":{"footnotes":""},"categories":[9,28],"tags":[],"yoast_head":"<!-- This site is optimized with the Yoast SEO plugin v24.5 - https:\/\/yoast.com\/wordpress\/plugins\/seo\/ -->\n<title>ASAJA pide a la Junta que ejerza sus competencias e inspeccione qu\u00e9 marcas no est\u00e1n cumpliendo la norma de identificar el origen de la leche - ASAJA Palencia<\/title>\n<meta name=\"description\" content=\"Ante una aplicaci\u00f3n desigual del Real Decreto 1181\/2018, de 21 de septiembre, relativo a la indicaci\u00f3n del origen de la leche utilizada como ingrediente\" \/>\n<meta name=\"robots\" content=\"index, follow, max-snippet:-1, max-image-preview:large, max-video-preview:-1\" \/>\n<link rel=\"canonical\" href=\"https:\/\/www.asajacyl.com\/palencia\/asaja-palencia-informa\/asaja-pide-la-junta-ejerza-competencias-e-inspeccione-marcas-no-estan-cumpliendo-la-norma-identificar-origen-la-leche\" \/>\n<meta property=\"og:locale\" content=\"es_ES\" \/>\n<meta property=\"og:type\" content=\"article\" \/>\n<meta property=\"og:title\" content=\"ASAJA pide a la Junta que ejerza sus competencias e inspeccione qu\u00e9 marcas no est\u00e1n cumpliendo la norma de identificar el origen de la leche - ASAJA Palencia\" \/>\n<meta property=\"og:description\" content=\"Ante una aplicaci\u00f3n desigual del Real Decreto 1181\/2018, de 21 de septiembre, relativo a la indicaci\u00f3n del origen de la leche utilizada como ingrediente\" \/>\n<meta property=\"og:url\" content=\"https:\/\/www.asajacyl.com\/palencia\/asaja-palencia-informa\/asaja-pide-la-junta-ejerza-competencias-e-inspeccione-marcas-no-estan-cumpliendo-la-norma-identificar-origen-la-leche\" \/>\n<meta property=\"og:site_name\" content=\"ASAJA Palencia\" \/>\n<meta property=\"article:published_time\" content=\"2019-01-25T12:33:54+00:00\" \/>\n<meta property=\"og:image\" content=\"https:\/\/www.asajacyl.com\/palencia\/wp-content\/uploads\/sites\/3\/2019\/01\/ovejas.jpg\" \/>\n\t<meta property=\"og:image:width\" content=\"2500\" \/>\n\t<meta property=\"og:image:height\" content=\"1406\" \/>\n\t<meta property=\"og:image:type\" content=\"image\/jpeg\" \/>\n<meta name=\"author\" content=\"Administrador\" \/>\n<meta name=\"twitter:card\" content=\"summary_large_image\" \/>\n<meta name=\"twitter:label1\" content=\"Escrito por\" \/>\n\t<meta name=\"twitter:data1\" content=\"Administrador\" \/>\n\t<meta name=\"twitter:label2\" content=\"Tiempo de lectura\" \/>\n\t<meta name=\"twitter:data2\" content=\"2 minutos\" \/>\n<script type=\"application\/ld+json\" class=\"yoast-schema-graph\">{\"@context\":\"https:\/\/schema.org\",\"@graph\":[{\"@type\":\"WebPage\",\"@id\":\"https:\/\/www.asajacyl.com\/palencia\/asaja-palencia-informa\/asaja-pide-la-junta-ejerza-competencias-e-inspeccione-marcas-no-estan-cumpliendo-la-norma-identificar-origen-la-leche\",\"url\":\"https:\/\/www.asajacyl.com\/palencia\/asaja-palencia-informa\/asaja-pide-la-junta-ejerza-competencias-e-inspeccione-marcas-no-estan-cumpliendo-la-norma-identificar-origen-la-leche\",\"name\":\"ASAJA pide a la Junta que ejerza sus competencias e inspeccione qu\u00e9 marcas no est\u00e1n cumpliendo la norma de identificar el origen de la leche - ASAJA Palencia\",\"isPartOf\":{\"@id\":\"https:\/\/www.asajacyl.com\/palencia\/#website\"},\"primaryImageOfPage\":{\"@id\":\"https:\/\/www.asajacyl.com\/palencia\/asaja-palencia-informa\/asaja-pide-la-junta-ejerza-competencias-e-inspeccione-marcas-no-estan-cumpliendo-la-norma-identificar-origen-la-leche#primaryimage\"},\"image\":{\"@id\":\"https:\/\/www.asajacyl.com\/palencia\/asaja-palencia-informa\/asaja-pide-la-junta-ejerza-competencias-e-inspeccione-marcas-no-estan-cumpliendo-la-norma-identificar-origen-la-leche#primaryimage\"},\"thumbnailUrl\":\"https:\/\/www.asajacyl.com\/palencia\/wp-content\/uploads\/sites\/3\/2019\/01\/ovejas.jpg\",\"datePublished\":\"2019-01-25T12:33:54+00:00\",\"author\":{\"@id\":\"https:\/\/www.asajacyl.com\/palencia\/#\/schema\/person\/3ab17aeb03527485c317557fae64aab1\"},\"description\":\"Ante una aplicaci\u00f3n desigual del Real Decreto 1181\/2018, de 21 de septiembre, relativo a la indicaci\u00f3n del origen de la leche utilizada como ingrediente\",\"breadcrumb\":{\"@id\":\"https:\/\/www.asajacyl.com\/palencia\/asaja-palencia-informa\/asaja-pide-la-junta-ejerza-competencias-e-inspeccione-marcas-no-estan-cumpliendo-la-norma-identificar-origen-la-leche#breadcrumb\"},\"inLanguage\":\"es\",\"potentialAction\":[{\"@type\":\"ReadAction\",\"target\":[\"https:\/\/www.asajacyl.com\/palencia\/asaja-palencia-informa\/asaja-pide-la-junta-ejerza-competencias-e-inspeccione-marcas-no-estan-cumpliendo-la-norma-identificar-origen-la-leche\"]}]},{\"@type\":\"ImageObject\",\"inLanguage\":\"es\",\"@id\":\"https:\/\/www.asajacyl.com\/palencia\/asaja-palencia-informa\/asaja-pide-la-junta-ejerza-competencias-e-inspeccione-marcas-no-estan-cumpliendo-la-norma-identificar-origen-la-leche#primaryimage\",\"url\":\"https:\/\/www.asajacyl.com\/palencia\/wp-content\/uploads\/sites\/3\/2019\/01\/ovejas.jpg\",\"contentUrl\":\"https:\/\/www.asajacyl.com\/palencia\/wp-content\/uploads\/sites\/3\/2019\/01\/ovejas.jpg\",\"width\":2500,\"height\":1406},{\"@type\":\"BreadcrumbList\",\"@id\":\"https:\/\/www.asajacyl.com\/palencia\/asaja-palencia-informa\/asaja-pide-la-junta-ejerza-competencias-e-inspeccione-marcas-no-estan-cumpliendo-la-norma-identificar-origen-la-leche#breadcrumb\",\"itemListElement\":[{\"@type\":\"ListItem\",\"position\":1,\"name\":\"Portada\",\"item\":\"https:\/\/www.asajacyl.com\/palencia\/\"},{\"@type\":\"ListItem\",\"position\":2,\"name\":\"ASAJA pide a la Junta que ejerza sus competencias e inspeccione qu\u00e9 marcas no est\u00e1n cumpliendo la norma de identificar el origen de la leche\"}]},{\"@type\":\"WebSite\",\"@id\":\"https:\/\/www.asajacyl.com\/palencia\/#website\",\"url\":\"https:\/\/www.asajacyl.com\/palencia\/\",\"name\":\"ASAJA Palencia\",\"description\":\"Otro sitio m\u00e1s de Provincias ASAJA Castilla y Le\u00f3n\",\"potentialAction\":[{\"@type\":\"SearchAction\",\"target\":{\"@type\":\"EntryPoint\",\"urlTemplate\":\"https:\/\/www.asajacyl.com\/palencia\/?s={search_term_string}\"},\"query-input\":{\"@type\":\"PropertyValueSpecification\",\"valueRequired\":true,\"valueName\":\"search_term_string\"}}],\"inLanguage\":\"es\"},{\"@type\":\"Person\",\"@id\":\"https:\/\/www.asajacyl.com\/palencia\/#\/schema\/person\/3ab17aeb03527485c317557fae64aab1\",\"name\":\"Administrador\",\"image\":{\"@type\":\"ImageObject\",\"inLanguage\":\"es\",\"@id\":\"https:\/\/www.asajacyl.com\/palencia\/#\/schema\/person\/image\/\",\"url\":\"https:\/\/secure.gravatar.com\/avatar\/517384810d242ca9e38c180f3c9fb973?s=96&d=mm&r=g\",\"contentUrl\":\"https:\/\/secure.gravatar.com\/avatar\/517384810d242ca9e38c180f3c9fb973?s=96&d=mm&r=g\",\"caption\":\"Administrador\"},\"url\":\"https:\/\/www.asajacyl.com\/palencia\/author\/carlosrm\"}]}<\/script>\n<!-- \/ Yoast SEO plugin. -->","yoast_head_json":{"title":"ASAJA pide a la Junta que ejerza sus competencias e inspeccione qu\u00e9 marcas no est\u00e1n cumpliendo la norma de identificar el origen de la leche - ASAJA Palencia","description":"Ante una aplicaci\u00f3n desigual del Real Decreto 1181\/2018, de 21 de septiembre, relativo a la indicaci\u00f3n del origen de la leche utilizada como ingrediente","robots":{"index":"index","follow":"follow","max-snippet":"max-snippet:-1","max-image-preview":"max-image-preview:large","max-video-preview":"max-video-preview:-1"},"canonical":"https:\/\/www.asajacyl.com\/palencia\/asaja-palencia-informa\/asaja-pide-la-junta-ejerza-competencias-e-inspeccione-marcas-no-estan-cumpliendo-la-norma-identificar-origen-la-leche","og_locale":"es_ES","og_type":"article","og_title":"ASAJA pide a la Junta que ejerza sus competencias e inspeccione qu\u00e9 marcas no est\u00e1n cumpliendo la norma de identificar el origen de la leche - ASAJA Palencia","og_description":"Ante una aplicaci\u00f3n desigual del Real Decreto 1181\/2018, de 21 de septiembre, relativo a la indicaci\u00f3n del origen de la leche utilizada como ingrediente","og_url":"https:\/\/www.asajacyl.com\/palencia\/asaja-palencia-informa\/asaja-pide-la-junta-ejerza-competencias-e-inspeccione-marcas-no-estan-cumpliendo-la-norma-identificar-origen-la-leche","og_site_name":"ASAJA Palencia","article_published_time":"2019-01-25T12:33:54+00:00","og_image":[{"width":2500,"height":1406,"url":"https:\/\/www.asajacyl.com\/palencia\/wp-content\/uploads\/sites\/3\/2019\/01\/ovejas.jpg","type":"image\/jpeg"}],"author":"Administrador","twitter_card":"summary_large_image","twitter_misc":{"Escrito por":"Administrador","Tiempo de lectura":"2 minutos"},"schema":{"@context":"https:\/\/schema.org","@graph":[{"@type":"WebPage","@id":"https:\/\/www.asajacyl.com\/palencia\/asaja-palencia-informa\/asaja-pide-la-junta-ejerza-competencias-e-inspeccione-marcas-no-estan-cumpliendo-la-norma-identificar-origen-la-leche","url":"https:\/\/www.asajacyl.com\/palencia\/asaja-palencia-informa\/asaja-pide-la-junta-ejerza-competencias-e-inspeccione-marcas-no-estan-cumpliendo-la-norma-identificar-origen-la-leche","name":"ASAJA pide a la Junta que ejerza sus competencias e inspeccione qu\u00e9 marcas no est\u00e1n cumpliendo la norma de identificar el origen de la leche - ASAJA Palencia","isPartOf":{"@id":"https:\/\/www.asajacyl.com\/palencia\/#website"},"primaryImageOfPage":{"@id":"https:\/\/www.asajacyl.com\/palencia\/asaja-palencia-informa\/asaja-pide-la-junta-ejerza-competencias-e-inspeccione-marcas-no-estan-cumpliendo-la-norma-identificar-origen-la-leche#primaryimage"},"image":{"@id":"https:\/\/www.asajacyl.com\/palencia\/asaja-palencia-informa\/asaja-pide-la-junta-ejerza-competencias-e-inspeccione-marcas-no-estan-cumpliendo-la-norma-identificar-origen-la-leche#primaryimage"},"thumbnailUrl":"https:\/\/www.asajacyl.com\/palencia\/wp-content\/uploads\/sites\/3\/2019\/01\/ovejas.jpg","datePublished":"2019-01-25T12:33:54+00:00","author":{"@id":"https:\/\/www.asajacyl.com\/palencia\/#\/schema\/person\/3ab17aeb03527485c317557fae64aab1"},"description":"Ante una aplicaci\u00f3n desigual del Real Decreto 1181\/2018, de 21 de septiembre, relativo a la indicaci\u00f3n del origen de la leche utilizada como ingrediente","breadcrumb":{"@id":"https:\/\/www.asajacyl.com\/palencia\/asaja-palencia-informa\/asaja-pide-la-junta-ejerza-competencias-e-inspeccione-marcas-no-estan-cumpliendo-la-norma-identificar-origen-la-leche#breadcrumb"},"inLanguage":"es","potentialAction":[{"@type":"ReadAction","target":["https:\/\/www.asajacyl.com\/palencia\/asaja-palencia-informa\/asaja-pide-la-junta-ejerza-competencias-e-inspeccione-marcas-no-estan-cumpliendo-la-norma-identificar-origen-la-leche"]}]},{"@type":"ImageObject","inLanguage":"es","@id":"https:\/\/www.asajacyl.com\/palencia\/asaja-palencia-informa\/asaja-pide-la-junta-ejerza-competencias-e-inspeccione-marcas-no-estan-cumpliendo-la-norma-identificar-origen-la-leche#primaryimage","url":"https:\/\/www.asajacyl.com\/palencia\/wp-content\/uploads\/sites\/3\/2019\/01\/ovejas.jpg","contentUrl":"https:\/\/www.asajacyl.com\/palencia\/wp-content\/uploads\/sites\/3\/2019\/01\/ovejas.jpg","width":2500,"height":1406},{"@type":"BreadcrumbList","@id":"https:\/\/www.asajacyl.com\/palencia\/asaja-palencia-informa\/asaja-pide-la-junta-ejerza-competencias-e-inspeccione-marcas-no-estan-cumpliendo-la-norma-identificar-origen-la-leche#breadcrumb","itemListElement":[{"@type":"ListItem","position":1,"name":"Portada","item":"https:\/\/www.asajacyl.com\/palencia\/"},{"@type":"ListItem","position":2,"name":"ASAJA pide a la Junta que ejerza sus competencias e inspeccione qu\u00e9 marcas no est\u00e1n cumpliendo la norma de identificar el origen de la leche"}]},{"@type":"WebSite","@id":"https:\/\/www.asajacyl.com\/palencia\/#website","url":"https:\/\/www.asajacyl.com\/palencia\/","name":"ASAJA Palencia","description":"Otro sitio m\u00e1s de Provincias ASAJA Castilla y Le\u00f3n","potentialAction":[{"@type":"SearchAction","target":{"@type":"EntryPoint","urlTemplate":"https:\/\/www.asajacyl.com\/palencia\/?s={search_term_string}"},"query-input":{"@type":"PropertyValueSpecification","valueRequired":true,"valueName":"search_term_string"}}],"inLanguage":"es"},{"@type":"Person","@id":"https:\/\/www.asajacyl.com\/palencia\/#\/schema\/person\/3ab17aeb03527485c317557fae64aab1","name":"Administrador","image":{"@type":"ImageObject","inLanguage":"es","@id":"https:\/\/www.asajacyl.com\/palencia\/#\/schema\/person\/image\/","url":"https:\/\/secure.gravatar.com\/avatar\/517384810d242ca9e38c180f3c9fb973?s=96&d=mm&r=g","contentUrl":"https:\/\/secure.gravatar.com\/avatar\/517384810d242ca9e38c180f3c9fb973?s=96&d=mm&r=g","caption":"Administrador"},"url":"https:\/\/www.asajacyl.com\/palencia\/author\/carlosrm"}]}},"_links":{"self":[{"href":"https:\/\/www.asajacyl.com\/palencia\/wp-json\/wp\/v2\/posts\/5870"}],"collection":[{"href":"https:\/\/www.asajacyl.com\/palencia\/wp-json\/wp\/v2\/posts"}],"about":[{"href":"https:\/\/www.asajacyl.com\/palencia\/wp-json\/wp\/v2\/types\/post"}],"author":[{"embeddable":true,"href":"https:\/\/www.asajacyl.com\/palencia\/wp-json\/wp\/v2\/users\/9"}],"replies":[{"embeddable":true,"href":"https:\/\/www.asajacyl.com\/palencia\/wp-json\/wp\/v2\/comments?post=5870"}],"version-history":[{"count":1,"href":"https:\/\/www.asajacyl.com\/palencia\/wp-json\/wp\/v2\/posts\/5870\/revisions"}],"predecessor-version":[{"id":5872,"href":"https:\/\/www.asajacyl.com\/palencia\/wp-json\/wp\/v2\/posts\/5870\/revisions\/5872"}],"wp:featuredmedia":[{"embeddable":true,"href":"https:\/\/www.asajacyl.com\/palencia\/wp-json\/wp\/v2\/media\/5871"}],"wp:attachment":[{"href":"https:\/\/www.asajacyl.com\/palencia\/wp-json\/wp\/v2\/media?parent=5870"}],"wp:term":[{"taxonomy":"category","embeddable":true,"href":"https:\/\/www.asajacyl.com\/palencia\/wp-json\/wp\/v2\/categories?post=5870"},{"taxonomy":"post_tag","embeddable":true,"href":"https:\/\/www.asajacyl.com\/palencia\/wp-json\/wp\/v2\/tags?post=5870"}],"curies":[{"name":"wp","href":"https:\/\/api.w.org\/{rel}","templated":true}]}}