{"id":5880,"date":"2019-01-29T14:15:12","date_gmt":"2019-01-29T13:15:12","guid":{"rendered":"https:\/\/www.asajacyl.com\/palencia\/?p=5880"},"modified":"2019-03-28T13:50:14","modified_gmt":"2019-03-28T12:50:14","slug":"asaja-palencia-retoma-calendario-asambleas-lunes-4-febrero","status":"publish","type":"post","link":"https:\/\/www.asajacyl.com\/palencia\/asaja-palencia-informa\/asaja-palencia-retoma-calendario-asambleas-lunes-4-febrero","title":{"rendered":"ASAJA PALENCIA retoma su calendario de asambleas"},"content":{"rendered":"<h3>Cambio en la fecha de celebraci\u00f3n de la asamblea de Astudillo, que pasa del viernes al lunes 4<\/h3>\n<p>Finalizada la primera fase del ciclo de asambleas, con una buena asistencia por parte de los afiliados, el lunes 4 de febrero se retoma la ronda de reuniones en Astudillo. Esta asamblea iba a celebrarse en un principio el d\u00eda 1, pero ha sido aplazada al 4, lunes, a las 12, para facilitar la asistencia al mayor n\u00famero de agricultores y ganaderos. El ciclo continuar\u00e1 el d\u00eda 5, martes, con las asambleas de Salda\u00f1a y Buenavista (12 horas) y Carri\u00f3n (17,30). El mi\u00e9rcoles 6 de febrero tendr\u00e1n lugar las asambleas de Herrera-Alar (12 h.) y Osorno (18 h.) y las reuniones finalizar\u00e1n el viernes 8 de febrero con las que se celebran en Villada (12 h.) y la de Ampudia-Due\u00f1as (a las 18 h.) que como siempre tendr\u00e1 lugar en el Centro Cultural Provincial de la Diputaci\u00f3n, en Palencia.<\/p>\n<figure id=\"attachment_5881\" aria-describedby=\"caption-attachment-5881\" style=\"width: 300px\" class=\"wp-caption alignnone\"><img loading=\"lazy\" decoding=\"async\" class=\"wp-image-5881 size-medium\" src=\"https:\/\/www.asajacyl.com\/palencia\/wp-content\/uploads\/sites\/3\/2019\/01\/foto-asambleas-29-enero-300x95.jpg\" alt=\"\" width=\"300\" height=\"95\" srcset=\"https:\/\/www.asajacyl.com\/palencia\/wp-content\/uploads\/sites\/3\/2019\/01\/foto-asambleas-29-enero-300x95.jpg 300w, https:\/\/www.asajacyl.com\/palencia\/wp-content\/uploads\/sites\/3\/2019\/01\/foto-asambleas-29-enero-768x244.jpg 768w, https:\/\/www.asajacyl.com\/palencia\/wp-content\/uploads\/sites\/3\/2019\/01\/foto-asambleas-29-enero-1024x325.jpg 1024w, https:\/\/www.asajacyl.com\/palencia\/wp-content\/uploads\/sites\/3\/2019\/01\/foto-asambleas-29-enero-696x221.jpg 696w, https:\/\/www.asajacyl.com\/palencia\/wp-content\/uploads\/sites\/3\/2019\/01\/foto-asambleas-29-enero-1068x339.jpg 1068w, https:\/\/www.asajacyl.com\/palencia\/wp-content\/uploads\/sites\/3\/2019\/01\/foto-asambleas-29-enero-1322x420.jpg 1322w, https:\/\/www.asajacyl.com\/palencia\/wp-content\/uploads\/sites\/3\/2019\/01\/foto-asambleas-29-enero.jpg 1341w\" sizes=\"(max-width: 300px) 100vw, 300px\" \/><figcaption id=\"caption-attachment-5881\" class=\"wp-caption-text\">Asamblea en Torquemada<\/figcaption><\/figure>\n","protected":false},"excerpt":{"rendered":"<p>Cambio en la fecha de celebraci\u00f3n de la asamblea de Astudillo, que pasa del viernes al lunes 4 Finalizada la primera fase del ciclo de asambleas, con una buena asistencia por parte de los afiliados, el lunes 4 de febrero se retoma la ronda de reuniones en Astudillo. Esta asamblea iba a celebrarse en un [&hellip;]<\/p>\n","protected":false},"author":9,"featured_media":5881,"comment_status":"open","ping_status":"open","sticky":false,"template":"","format":"standard","meta":{"footnotes":""},"categories":[9,28],"tags":[],"yoast_head":"<!-- This site is optimized with the Yoast SEO plugin v24.5 - https:\/\/yoast.com\/wordpress\/plugins\/seo\/ -->\n<title>ASAJA PALENCIA retoma su calendario de asambleas - ASAJA Palencia<\/title>\n<meta name=\"description\" content=\"Cambio en la fecha de celebraci\u00f3n de la asamblea de Astudillo, que pasa del viernes al lunes 4 Finalizada la primera fase del ciclo de asambleas, con una\" \/>\n<meta name=\"robots\" content=\"index, follow, max-snippet:-1, max-image-preview:large, max-video-preview:-1\" \/>\n<link rel=\"canonical\" href=\"https:\/\/www.asajacyl.com\/palencia\/asaja-palencia-informa\/asaja-palencia-retoma-calendario-asambleas-lunes-4-febrero\" \/>\n<meta property=\"og:locale\" content=\"es_ES\" \/>\n<meta property=\"og:type\" content=\"article\" \/>\n<meta property=\"og:title\" content=\"ASAJA PALENCIA retoma su calendario de asambleas - ASAJA Palencia\" \/>\n<meta property=\"og:description\" content=\"Cambio en la fecha de celebraci\u00f3n de la asamblea de Astudillo, que pasa del viernes al lunes 4 Finalizada la primera fase del ciclo de asambleas, con una\" \/>\n<meta property=\"og:url\" content=\"https:\/\/www.asajacyl.com\/palencia\/asaja-palencia-informa\/asaja-palencia-retoma-calendario-asambleas-lunes-4-febrero\" \/>\n<meta property=\"og:site_name\" content=\"ASAJA Palencia\" \/>\n<meta property=\"article:published_time\" content=\"2019-01-29T13:15:12+00:00\" \/>\n<meta property=\"article:modified_time\" content=\"2019-03-28T12:50:14+00:00\" \/>\n<meta property=\"og:image\" content=\"https:\/\/www.asajacyl.com\/palencia\/wp-content\/uploads\/sites\/3\/2019\/01\/foto-asambleas-29-enero.jpg\" \/>\n\t<meta property=\"og:image:width\" content=\"1341\" \/>\n\t<meta property=\"og:image:height\" content=\"426\" \/>\n\t<meta property=\"og:image:type\" content=\"image\/jpeg\" \/>\n<meta name=\"author\" content=\"Administrador\" \/>\n<meta name=\"twitter:card\" content=\"summary_large_image\" \/>\n<meta name=\"twitter:label1\" content=\"Escrito por\" \/>\n\t<meta name=\"twitter:data1\" content=\"Administrador\" \/>\n\t<meta name=\"twitter:label2\" content=\"Tiempo de lectura\" \/>\n\t<meta name=\"twitter:data2\" content=\"1 minuto\" \/>\n<script type=\"application\/ld+json\" class=\"yoast-schema-graph\">{\"@context\":\"https:\/\/schema.org\",\"@graph\":[{\"@type\":\"WebPage\",\"@id\":\"https:\/\/www.asajacyl.com\/palencia\/asaja-palencia-informa\/asaja-palencia-retoma-calendario-asambleas-lunes-4-febrero\",\"url\":\"https:\/\/www.asajacyl.com\/palencia\/asaja-palencia-informa\/asaja-palencia-retoma-calendario-asambleas-lunes-4-febrero\",\"name\":\"ASAJA PALENCIA retoma su calendario de asambleas - ASAJA Palencia\",\"isPartOf\":{\"@id\":\"https:\/\/www.asajacyl.com\/palencia\/#website\"},\"primaryImageOfPage\":{\"@id\":\"https:\/\/www.asajacyl.com\/palencia\/asaja-palencia-informa\/asaja-palencia-retoma-calendario-asambleas-lunes-4-febrero#primaryimage\"},\"image\":{\"@id\":\"https:\/\/www.asajacyl.com\/palencia\/asaja-palencia-informa\/asaja-palencia-retoma-calendario-asambleas-lunes-4-febrero#primaryimage\"},\"thumbnailUrl\":\"https:\/\/www.asajacyl.com\/palencia\/wp-content\/uploads\/sites\/3\/2019\/01\/foto-asambleas-29-enero.jpg\",\"datePublished\":\"2019-01-29T13:15:12+00:00\",\"dateModified\":\"2019-03-28T12:50:14+00:00\",\"author\":{\"@id\":\"https:\/\/www.asajacyl.com\/palencia\/#\/schema\/person\/3ab17aeb03527485c317557fae64aab1\"},\"description\":\"Cambio en la fecha de celebraci\u00f3n de la asamblea de Astudillo, que pasa del viernes al lunes 4 Finalizada la primera fase del ciclo de asambleas, con una\",\"breadcrumb\":{\"@id\":\"https:\/\/www.asajacyl.com\/palencia\/asaja-palencia-informa\/asaja-palencia-retoma-calendario-asambleas-lunes-4-febrero#breadcrumb\"},\"inLanguage\":\"es\",\"potentialAction\":[{\"@type\":\"ReadAction\",\"target\":[\"https:\/\/www.asajacyl.com\/palencia\/asaja-palencia-informa\/asaja-palencia-retoma-calendario-asambleas-lunes-4-febrero\"]}]},{\"@type\":\"ImageObject\",\"inLanguage\":\"es\",\"@id\":\"https:\/\/www.asajacyl.com\/palencia\/asaja-palencia-informa\/asaja-palencia-retoma-calendario-asambleas-lunes-4-febrero#primaryimage\",\"url\":\"https:\/\/www.asajacyl.com\/palencia\/wp-content\/uploads\/sites\/3\/2019\/01\/foto-asambleas-29-enero.jpg\",\"contentUrl\":\"https:\/\/www.asajacyl.com\/palencia\/wp-content\/uploads\/sites\/3\/2019\/01\/foto-asambleas-29-enero.jpg\",\"width\":1341,\"height\":426},{\"@type\":\"BreadcrumbList\",\"@id\":\"https:\/\/www.asajacyl.com\/palencia\/asaja-palencia-informa\/asaja-palencia-retoma-calendario-asambleas-lunes-4-febrero#breadcrumb\",\"itemListElement\":[{\"@type\":\"ListItem\",\"position\":1,\"name\":\"Portada\",\"item\":\"https:\/\/www.asajacyl.com\/palencia\/\"},{\"@type\":\"ListItem\",\"position\":2,\"name\":\"ASAJA PALENCIA retoma su calendario de asambleas\"}]},{\"@type\":\"WebSite\",\"@id\":\"https:\/\/www.asajacyl.com\/palencia\/#website\",\"url\":\"https:\/\/www.asajacyl.com\/palencia\/\",\"name\":\"ASAJA Palencia\",\"description\":\"Otro sitio m\u00e1s de Provincias ASAJA Castilla y Le\u00f3n\",\"potentialAction\":[{\"@type\":\"SearchAction\",\"target\":{\"@type\":\"EntryPoint\",\"urlTemplate\":\"https:\/\/www.asajacyl.com\/palencia\/?s={search_term_string}\"},\"query-input\":{\"@type\":\"PropertyValueSpecification\",\"valueRequired\":true,\"valueName\":\"search_term_string\"}}],\"inLanguage\":\"es\"},{\"@type\":\"Person\",\"@id\":\"https:\/\/www.asajacyl.com\/palencia\/#\/schema\/person\/3ab17aeb03527485c317557fae64aab1\",\"name\":\"Administrador\",\"image\":{\"@type\":\"ImageObject\",\"inLanguage\":\"es\",\"@id\":\"https:\/\/www.asajacyl.com\/palencia\/#\/schema\/person\/image\/\",\"url\":\"https:\/\/secure.gravatar.com\/avatar\/517384810d242ca9e38c180f3c9fb973?s=96&d=mm&r=g\",\"contentUrl\":\"https:\/\/secure.gravatar.com\/avatar\/517384810d242ca9e38c180f3c9fb973?s=96&d=mm&r=g\",\"caption\":\"Administrador\"},\"url\":\"https:\/\/www.asajacyl.com\/palencia\/author\/carlosrm\"}]}<\/script>\n<!-- \/ Yoast SEO plugin. -->","yoast_head_json":{"title":"ASAJA PALENCIA retoma su calendario de asambleas - ASAJA Palencia","description":"Cambio en la fecha de celebraci\u00f3n de la asamblea de Astudillo, que pasa del viernes al lunes 4 Finalizada la primera fase del ciclo de asambleas, con una","robots":{"index":"index","follow":"follow","max-snippet":"max-snippet:-1","max-image-preview":"max-image-preview:large","max-video-preview":"max-video-preview:-1"},"canonical":"https:\/\/www.asajacyl.com\/palencia\/asaja-palencia-informa\/asaja-palencia-retoma-calendario-asambleas-lunes-4-febrero","og_locale":"es_ES","og_type":"article","og_title":"ASAJA PALENCIA retoma su calendario de asambleas - ASAJA Palencia","og_description":"Cambio en la fecha de celebraci\u00f3n de la asamblea de Astudillo, que pasa del viernes al lunes 4 Finalizada la primera fase del ciclo de asambleas, con una","og_url":"https:\/\/www.asajacyl.com\/palencia\/asaja-palencia-informa\/asaja-palencia-retoma-calendario-asambleas-lunes-4-febrero","og_site_name":"ASAJA Palencia","article_published_time":"2019-01-29T13:15:12+00:00","article_modified_time":"2019-03-28T12:50:14+00:00","og_image":[{"width":1341,"height":426,"url":"https:\/\/www.asajacyl.com\/palencia\/wp-content\/uploads\/sites\/3\/2019\/01\/foto-asambleas-29-enero.jpg","type":"image\/jpeg"}],"author":"Administrador","twitter_card":"summary_large_image","twitter_misc":{"Escrito por":"Administrador","Tiempo de lectura":"1 minuto"},"schema":{"@context":"https:\/\/schema.org","@graph":[{"@type":"WebPage","@id":"https:\/\/www.asajacyl.com\/palencia\/asaja-palencia-informa\/asaja-palencia-retoma-calendario-asambleas-lunes-4-febrero","url":"https:\/\/www.asajacyl.com\/palencia\/asaja-palencia-informa\/asaja-palencia-retoma-calendario-asambleas-lunes-4-febrero","name":"ASAJA PALENCIA retoma su calendario de asambleas - ASAJA Palencia","isPartOf":{"@id":"https:\/\/www.asajacyl.com\/palencia\/#website"},"primaryImageOfPage":{"@id":"https:\/\/www.asajacyl.com\/palencia\/asaja-palencia-informa\/asaja-palencia-retoma-calendario-asambleas-lunes-4-febrero#primaryimage"},"image":{"@id":"https:\/\/www.asajacyl.com\/palencia\/asaja-palencia-informa\/asaja-palencia-retoma-calendario-asambleas-lunes-4-febrero#primaryimage"},"thumbnailUrl":"https:\/\/www.asajacyl.com\/palencia\/wp-content\/uploads\/sites\/3\/2019\/01\/foto-asambleas-29-enero.jpg","datePublished":"2019-01-29T13:15:12+00:00","dateModified":"2019-03-28T12:50:14+00:00","author":{"@id":"https:\/\/www.asajacyl.com\/palencia\/#\/schema\/person\/3ab17aeb03527485c317557fae64aab1"},"description":"Cambio en la fecha de celebraci\u00f3n de la asamblea de Astudillo, que pasa del viernes al lunes 4 Finalizada la primera fase del ciclo de asambleas, con una","breadcrumb":{"@id":"https:\/\/www.asajacyl.com\/palencia\/asaja-palencia-informa\/asaja-palencia-retoma-calendario-asambleas-lunes-4-febrero#breadcrumb"},"inLanguage":"es","potentialAction":[{"@type":"ReadAction","target":["https:\/\/www.asajacyl.com\/palencia\/asaja-palencia-informa\/asaja-palencia-retoma-calendario-asambleas-lunes-4-febrero"]}]},{"@type":"ImageObject","inLanguage":"es","@id":"https:\/\/www.asajacyl.com\/palencia\/asaja-palencia-informa\/asaja-palencia-retoma-calendario-asambleas-lunes-4-febrero#primaryimage","url":"https:\/\/www.asajacyl.com\/palencia\/wp-content\/uploads\/sites\/3\/2019\/01\/foto-asambleas-29-enero.jpg","contentUrl":"https:\/\/www.asajacyl.com\/palencia\/wp-content\/uploads\/sites\/3\/2019\/01\/foto-asambleas-29-enero.jpg","width":1341,"height":426},{"@type":"BreadcrumbList","@id":"https:\/\/www.asajacyl.com\/palencia\/asaja-palencia-informa\/asaja-palencia-retoma-calendario-asambleas-lunes-4-febrero#breadcrumb","itemListElement":[{"@type":"ListItem","position":1,"name":"Portada","item":"https:\/\/www.asajacyl.com\/palencia\/"},{"@type":"ListItem","position":2,"name":"ASAJA PALENCIA retoma su calendario de asambleas"}]},{"@type":"WebSite","@id":"https:\/\/www.asajacyl.com\/palencia\/#website","url":"https:\/\/www.asajacyl.com\/palencia\/","name":"ASAJA Palencia","description":"Otro sitio m\u00e1s de Provincias ASAJA Castilla y Le\u00f3n","potentialAction":[{"@type":"SearchAction","target":{"@type":"EntryPoint","urlTemplate":"https:\/\/www.asajacyl.com\/palencia\/?s={search_term_string}"},"query-input":{"@type":"PropertyValueSpecification","valueRequired":true,"valueName":"search_term_string"}}],"inLanguage":"es"},{"@type":"Person","@id":"https:\/\/www.asajacyl.com\/palencia\/#\/schema\/person\/3ab17aeb03527485c317557fae64aab1","name":"Administrador","image":{"@type":"ImageObject","inLanguage":"es","@id":"https:\/\/www.asajacyl.com\/palencia\/#\/schema\/person\/image\/","url":"https:\/\/secure.gravatar.com\/avatar\/517384810d242ca9e38c180f3c9fb973?s=96&d=mm&r=g","contentUrl":"https:\/\/secure.gravatar.com\/avatar\/517384810d242ca9e38c180f3c9fb973?s=96&d=mm&r=g","caption":"Administrador"},"url":"https:\/\/www.asajacyl.com\/palencia\/author\/carlosrm"}]}},"_links":{"self":[{"href":"https:\/\/www.asajacyl.com\/palencia\/wp-json\/wp\/v2\/posts\/5880"}],"collection":[{"href":"https:\/\/www.asajacyl.com\/palencia\/wp-json\/wp\/v2\/posts"}],"about":[{"href":"https:\/\/www.asajacyl.com\/palencia\/wp-json\/wp\/v2\/types\/post"}],"author":[{"embeddable":true,"href":"https:\/\/www.asajacyl.com\/palencia\/wp-json\/wp\/v2\/users\/9"}],"replies":[{"embeddable":true,"href":"https:\/\/www.asajacyl.com\/palencia\/wp-json\/wp\/v2\/comments?post=5880"}],"version-history":[{"count":2,"href":"https:\/\/www.asajacyl.com\/palencia\/wp-json\/wp\/v2\/posts\/5880\/revisions"}],"predecessor-version":[{"id":5937,"href":"https:\/\/www.asajacyl.com\/palencia\/wp-json\/wp\/v2\/posts\/5880\/revisions\/5937"}],"wp:featuredmedia":[{"embeddable":true,"href":"https:\/\/www.asajacyl.com\/palencia\/wp-json\/wp\/v2\/media\/5881"}],"wp:attachment":[{"href":"https:\/\/www.asajacyl.com\/palencia\/wp-json\/wp\/v2\/media?parent=5880"}],"wp:term":[{"taxonomy":"category","embeddable":true,"href":"https:\/\/www.asajacyl.com\/palencia\/wp-json\/wp\/v2\/categories?post=5880"},{"taxonomy":"post_tag","embeddable":true,"href":"https:\/\/www.asajacyl.com\/palencia\/wp-json\/wp\/v2\/tags?post=5880"}],"curies":[{"name":"wp","href":"https:\/\/api.w.org\/{rel}","templated":true}]}}