{"id":5883,"date":"2019-01-30T08:51:27","date_gmt":"2019-01-30T07:51:27","guid":{"rendered":"https:\/\/www.asajacyl.com\/palencia\/?p=5883"},"modified":"2019-01-30T08:51:27","modified_gmt":"2019-01-30T07:51:27","slug":"azucar-amargo","status":"publish","type":"post","link":"https:\/\/www.asajacyl.com\/palencia\/asaja-palencia-informa\/opinion-asaja\/azucar-amargo","title":{"rendered":"Az\u00facar amargo"},"content":{"rendered":"<pre>Por Honorato Meneses, presidente ASAJA PALENCIA<\/pre>\n<p>Si la regi\u00f3n ha vivido una profunda reconversi\u00f3n en el sector remolachero en los \u00faltimos a\u00f1os, nuestra provincia ha sido una de las m\u00e1s perjudicadas de Castilla y Le\u00f3n, con el sacrificio de dos f\u00e1bricas: Venta de Ba\u00f1os en 1998 y Monz\u00f3n, en 2003. Un palo para la agricultura y la econom\u00eda palentinas, por el valor a\u00f1adido y el empleo que generaba, sin olvidar los compromisos que adquiri\u00f3 la industria y que luego no se han cumplido.<br \/>\n\u00c9sta es la cara visible de la crisis del az\u00facar de la que se viene hablando cada cierto tiempo. Una crisis que se acentu\u00f3 con la reconversi\u00f3n del sector, al desaparecer las cuotas como consecuencia de las pol\u00edticas europeas.<br \/>\nLa ca\u00edda de la superficie sembrada ha sido una de las consecuencias directas de todo ello. En nuestra provincia se llegaron a cultivar 10.000 hect\u00e1reas de ra\u00edz, y este \u00faltimo a\u00f1o, apenas se han superado las 1.800. La reforma de la pol\u00edtica comunitaria relacionada con el az\u00facar a partir de 2006 tuvo como resultado una reducci\u00f3n del precio base de la remolacha desde los m\u00e1s de 48 euros por tonelada hasta los 26. Un descenso del valor de la tonelada que s\u00f3lo se compensaba parcialmente por las ayudas de las administraciones. Y en esa lucha ASAJA tuvo mucho que ver, ya que logr\u00f3 compensaciones para los cultivadores afectados por la crisis.<br \/>\nEn estos momentos el sector recibe un nuevo varapalo, tras la decisi\u00f3n de Azucarera de recortar m\u00e1s de seis euros el precio de la remolacha. Una medida que supone una ruptura del Acuerdo Marco Interprofesional vigente hasta 2020.<br \/>\nDesde ASAJA se est\u00e1 haciendo lo imposible para revertir esta situaci\u00f3n y lograr que se garantice la estabilidad del sector. Incluso ha decidido, de la mano de otras organizaciones, acudir al arbitraje de la C\u00e1mara Oficial de Comercio para denunciar esta injusta decisi\u00f3n.<br \/>\nHay que apostar por la remolacha, desde luego. ASAJA as\u00ed lo ha hecho, defendiendo desde el principio al sector integrado por los mejores productores de remolacha del mundo. Pero el futuro de este sector pasa por un precio acorde a la inversi\u00f3n realizada por el agricultor, que convierta en rentable la actividad.<br \/>\nPalencia tiene una gran tradici\u00f3n remolachera, un cultivo que trajo riqueza, que fue puntero y que social y econ\u00f3micamente ha tenido una gran importancia. El colectivo ha alcanzado cotas alt\u00edsimas de profesionalidad, en gran parte gracias a Aimcra -entidad que sigue trabajando en la mejora productiva del cultivo- y al esfuerzo realizado por los agricultores, tanto en innovaci\u00f3n tecnol\u00f3gica como en inversiones. Un ejemplo de este trabajo es que en unos cuantos a\u00f1os se han duplicado los rendimientos por hect\u00e1rea, pasando de 60 a 120 toneladas de media.<br \/>\nPor eso nos duele a\u00fan m\u00e1s ver c\u00f3mo la industria maltrata al sector en una zona b\u00e1sicamente cerealista, donde la remolacha fue la m\u00e1s importante alternativa de cultivo.<br \/>\nPocas provincias tienen la suerte de contar con una situaci\u00f3n tan favorable desde el punto de vista log\u00edstico y estrat\u00e9gico en comunicaciones como Palencia. Pero ni eso evit\u00f3 el cierre de nuestras azucareras.<br \/>\nDesde ASAJA seguimos apostando por la remolacha, cultivo generador de empleo y riqueza. Pero no admitimos que sea a costa del agricultor, motivo por el que la industria, en este caso Azucarera, nos tendr\u00e1 enfrente mientras mantenga esta l\u00ednea de actuaci\u00f3n.<\/p>\n<p><img loading=\"lazy\" decoding=\"async\" class=\"alignnone size-medium wp-image-4919\" src=\"https:\/\/www.asajacyl.com\/palencia\/wp-content\/uploads\/sites\/3\/2017\/12\/Honorato-Meneses-300x225.jpg\" alt=\"\" width=\"300\" height=\"225\" srcset=\"https:\/\/www.asajacyl.com\/palencia\/wp-content\/uploads\/sites\/3\/2017\/12\/Honorato-Meneses-300x225.jpg 300w, https:\/\/www.asajacyl.com\/palencia\/wp-content\/uploads\/sites\/3\/2017\/12\/Honorato-Meneses-768x576.jpg 768w, https:\/\/www.asajacyl.com\/palencia\/wp-content\/uploads\/sites\/3\/2017\/12\/Honorato-Meneses-1024x768.jpg 1024w, https:\/\/www.asajacyl.com\/palencia\/wp-content\/uploads\/sites\/3\/2017\/12\/Honorato-Meneses-80x60.jpg 80w, https:\/\/www.asajacyl.com\/palencia\/wp-content\/uploads\/sites\/3\/2017\/12\/Honorato-Meneses-696x522.jpg 696w, https:\/\/www.asajacyl.com\/palencia\/wp-content\/uploads\/sites\/3\/2017\/12\/Honorato-Meneses-1068x801.jpg 1068w, https:\/\/www.asajacyl.com\/palencia\/wp-content\/uploads\/sites\/3\/2017\/12\/Honorato-Meneses-560x420.jpg 560w, https:\/\/www.asajacyl.com\/palencia\/wp-content\/uploads\/sites\/3\/2017\/12\/Honorato-Meneses-1920x1440.jpg 1920w\" sizes=\"(max-width: 300px) 100vw, 300px\" \/><\/p>\n","protected":false},"excerpt":{"rendered":"<p>Por Honorato Meneses, presidente ASAJA PALENCIA Si la regi\u00f3n ha vivido una profunda reconversi\u00f3n en el sector remolachero en los \u00faltimos a\u00f1os, nuestra provincia ha sido una de las m\u00e1s perjudicadas de Castilla y Le\u00f3n, con el sacrificio de dos f\u00e1bricas: Venta de Ba\u00f1os en 1998 y Monz\u00f3n, en 2003. Un palo para la agricultura [&hellip;]<\/p>\n","protected":false},"author":9,"featured_media":4919,"comment_status":"open","ping_status":"open","sticky":false,"template":"","format":"standard","meta":{"footnotes":""},"categories":[30],"tags":[],"yoast_head":"<!-- This site is optimized with the Yoast SEO plugin v24.5 - https:\/\/yoast.com\/wordpress\/plugins\/seo\/ -->\n<title>Az\u00facar amargo - ASAJA Palencia<\/title>\n<meta name=\"description\" content=\"Por Honorato Meneses, presidente ASAJA PALENCIA Si la regi\u00f3n ha vivido una profunda reconversi\u00f3n en el sector remolachero en los \u00faltimos a\u00f1os, nuestra\" \/>\n<meta name=\"robots\" content=\"index, follow, max-snippet:-1, max-image-preview:large, max-video-preview:-1\" \/>\n<link rel=\"canonical\" href=\"https:\/\/www.asajacyl.com\/palencia\/asaja-palencia-informa\/opinion-asaja\/azucar-amargo\" \/>\n<meta property=\"og:locale\" content=\"es_ES\" \/>\n<meta property=\"og:type\" content=\"article\" \/>\n<meta property=\"og:title\" content=\"Az\u00facar amargo - ASAJA Palencia\" \/>\n<meta property=\"og:description\" content=\"Por Honorato Meneses, presidente ASAJA PALENCIA Si la regi\u00f3n ha vivido una profunda reconversi\u00f3n en el sector remolachero en los \u00faltimos a\u00f1os, nuestra\" \/>\n<meta property=\"og:url\" content=\"https:\/\/www.asajacyl.com\/palencia\/asaja-palencia-informa\/opinion-asaja\/azucar-amargo\" \/>\n<meta property=\"og:site_name\" content=\"ASAJA Palencia\" \/>\n<meta property=\"article:published_time\" content=\"2019-01-30T07:51:27+00:00\" \/>\n<meta property=\"og:image\" content=\"https:\/\/www.asajacyl.com\/palencia\/wp-content\/uploads\/sites\/3\/2017\/12\/Honorato-Meneses.jpg\" \/>\n\t<meta property=\"og:image:width\" content=\"2500\" \/>\n\t<meta property=\"og:image:height\" content=\"1875\" \/>\n\t<meta property=\"og:image:type\" content=\"image\/jpeg\" \/>\n<meta name=\"author\" content=\"Administrador\" \/>\n<meta name=\"twitter:card\" content=\"summary_large_image\" \/>\n<meta name=\"twitter:label1\" content=\"Escrito por\" \/>\n\t<meta name=\"twitter:data1\" content=\"Administrador\" \/>\n\t<meta name=\"twitter:label2\" content=\"Tiempo de lectura\" \/>\n\t<meta name=\"twitter:data2\" content=\"3 minutos\" \/>\n<script type=\"application\/ld+json\" class=\"yoast-schema-graph\">{\"@context\":\"https:\/\/schema.org\",\"@graph\":[{\"@type\":\"WebPage\",\"@id\":\"https:\/\/www.asajacyl.com\/palencia\/asaja-palencia-informa\/opinion-asaja\/azucar-amargo\",\"url\":\"https:\/\/www.asajacyl.com\/palencia\/asaja-palencia-informa\/opinion-asaja\/azucar-amargo\",\"name\":\"Az\u00facar amargo - ASAJA Palencia\",\"isPartOf\":{\"@id\":\"https:\/\/www.asajacyl.com\/palencia\/#website\"},\"primaryImageOfPage\":{\"@id\":\"https:\/\/www.asajacyl.com\/palencia\/asaja-palencia-informa\/opinion-asaja\/azucar-amargo#primaryimage\"},\"image\":{\"@id\":\"https:\/\/www.asajacyl.com\/palencia\/asaja-palencia-informa\/opinion-asaja\/azucar-amargo#primaryimage\"},\"thumbnailUrl\":\"https:\/\/www.asajacyl.com\/palencia\/wp-content\/uploads\/sites\/3\/2017\/12\/Honorato-Meneses.jpg\",\"datePublished\":\"2019-01-30T07:51:27+00:00\",\"author\":{\"@id\":\"https:\/\/www.asajacyl.com\/palencia\/#\/schema\/person\/3ab17aeb03527485c317557fae64aab1\"},\"description\":\"Por Honorato Meneses, presidente ASAJA PALENCIA Si la regi\u00f3n ha vivido una profunda reconversi\u00f3n en el sector remolachero en los \u00faltimos a\u00f1os, nuestra\",\"breadcrumb\":{\"@id\":\"https:\/\/www.asajacyl.com\/palencia\/asaja-palencia-informa\/opinion-asaja\/azucar-amargo#breadcrumb\"},\"inLanguage\":\"es\",\"potentialAction\":[{\"@type\":\"ReadAction\",\"target\":[\"https:\/\/www.asajacyl.com\/palencia\/asaja-palencia-informa\/opinion-asaja\/azucar-amargo\"]}]},{\"@type\":\"ImageObject\",\"inLanguage\":\"es\",\"@id\":\"https:\/\/www.asajacyl.com\/palencia\/asaja-palencia-informa\/opinion-asaja\/azucar-amargo#primaryimage\",\"url\":\"https:\/\/www.asajacyl.com\/palencia\/wp-content\/uploads\/sites\/3\/2017\/12\/Honorato-Meneses.jpg\",\"contentUrl\":\"https:\/\/www.asajacyl.com\/palencia\/wp-content\/uploads\/sites\/3\/2017\/12\/Honorato-Meneses.jpg\",\"width\":2500,\"height\":1875},{\"@type\":\"BreadcrumbList\",\"@id\":\"https:\/\/www.asajacyl.com\/palencia\/asaja-palencia-informa\/opinion-asaja\/azucar-amargo#breadcrumb\",\"itemListElement\":[{\"@type\":\"ListItem\",\"position\":1,\"name\":\"Portada\",\"item\":\"https:\/\/www.asajacyl.com\/palencia\/\"},{\"@type\":\"ListItem\",\"position\":2,\"name\":\"Az\u00facar amargo\"}]},{\"@type\":\"WebSite\",\"@id\":\"https:\/\/www.asajacyl.com\/palencia\/#website\",\"url\":\"https:\/\/www.asajacyl.com\/palencia\/\",\"name\":\"ASAJA Palencia\",\"description\":\"Otro sitio m\u00e1s de Provincias ASAJA Castilla y Le\u00f3n\",\"potentialAction\":[{\"@type\":\"SearchAction\",\"target\":{\"@type\":\"EntryPoint\",\"urlTemplate\":\"https:\/\/www.asajacyl.com\/palencia\/?s={search_term_string}\"},\"query-input\":{\"@type\":\"PropertyValueSpecification\",\"valueRequired\":true,\"valueName\":\"search_term_string\"}}],\"inLanguage\":\"es\"},{\"@type\":\"Person\",\"@id\":\"https:\/\/www.asajacyl.com\/palencia\/#\/schema\/person\/3ab17aeb03527485c317557fae64aab1\",\"name\":\"Administrador\",\"image\":{\"@type\":\"ImageObject\",\"inLanguage\":\"es\",\"@id\":\"https:\/\/www.asajacyl.com\/palencia\/#\/schema\/person\/image\/\",\"url\":\"https:\/\/secure.gravatar.com\/avatar\/517384810d242ca9e38c180f3c9fb973?s=96&d=mm&r=g\",\"contentUrl\":\"https:\/\/secure.gravatar.com\/avatar\/517384810d242ca9e38c180f3c9fb973?s=96&d=mm&r=g\",\"caption\":\"Administrador\"},\"url\":\"https:\/\/www.asajacyl.com\/palencia\/author\/carlosrm\"}]}<\/script>\n<!-- \/ Yoast SEO plugin. -->","yoast_head_json":{"title":"Az\u00facar amargo - ASAJA Palencia","description":"Por Honorato Meneses, presidente ASAJA PALENCIA Si la regi\u00f3n ha vivido una profunda reconversi\u00f3n en el sector remolachero en los \u00faltimos a\u00f1os, nuestra","robots":{"index":"index","follow":"follow","max-snippet":"max-snippet:-1","max-image-preview":"max-image-preview:large","max-video-preview":"max-video-preview:-1"},"canonical":"https:\/\/www.asajacyl.com\/palencia\/asaja-palencia-informa\/opinion-asaja\/azucar-amargo","og_locale":"es_ES","og_type":"article","og_title":"Az\u00facar amargo - ASAJA Palencia","og_description":"Por Honorato Meneses, presidente ASAJA PALENCIA Si la regi\u00f3n ha vivido una profunda reconversi\u00f3n en el sector remolachero en los \u00faltimos a\u00f1os, nuestra","og_url":"https:\/\/www.asajacyl.com\/palencia\/asaja-palencia-informa\/opinion-asaja\/azucar-amargo","og_site_name":"ASAJA Palencia","article_published_time":"2019-01-30T07:51:27+00:00","og_image":[{"width":2500,"height":1875,"url":"https:\/\/www.asajacyl.com\/palencia\/wp-content\/uploads\/sites\/3\/2017\/12\/Honorato-Meneses.jpg","type":"image\/jpeg"}],"author":"Administrador","twitter_card":"summary_large_image","twitter_misc":{"Escrito por":"Administrador","Tiempo de lectura":"3 minutos"},"schema":{"@context":"https:\/\/schema.org","@graph":[{"@type":"WebPage","@id":"https:\/\/www.asajacyl.com\/palencia\/asaja-palencia-informa\/opinion-asaja\/azucar-amargo","url":"https:\/\/www.asajacyl.com\/palencia\/asaja-palencia-informa\/opinion-asaja\/azucar-amargo","name":"Az\u00facar amargo - ASAJA Palencia","isPartOf":{"@id":"https:\/\/www.asajacyl.com\/palencia\/#website"},"primaryImageOfPage":{"@id":"https:\/\/www.asajacyl.com\/palencia\/asaja-palencia-informa\/opinion-asaja\/azucar-amargo#primaryimage"},"image":{"@id":"https:\/\/www.asajacyl.com\/palencia\/asaja-palencia-informa\/opinion-asaja\/azucar-amargo#primaryimage"},"thumbnailUrl":"https:\/\/www.asajacyl.com\/palencia\/wp-content\/uploads\/sites\/3\/2017\/12\/Honorato-Meneses.jpg","datePublished":"2019-01-30T07:51:27+00:00","author":{"@id":"https:\/\/www.asajacyl.com\/palencia\/#\/schema\/person\/3ab17aeb03527485c317557fae64aab1"},"description":"Por Honorato Meneses, presidente ASAJA PALENCIA Si la regi\u00f3n ha vivido una profunda reconversi\u00f3n en el sector remolachero en los \u00faltimos a\u00f1os, nuestra","breadcrumb":{"@id":"https:\/\/www.asajacyl.com\/palencia\/asaja-palencia-informa\/opinion-asaja\/azucar-amargo#breadcrumb"},"inLanguage":"es","potentialAction":[{"@type":"ReadAction","target":["https:\/\/www.asajacyl.com\/palencia\/asaja-palencia-informa\/opinion-asaja\/azucar-amargo"]}]},{"@type":"ImageObject","inLanguage":"es","@id":"https:\/\/www.asajacyl.com\/palencia\/asaja-palencia-informa\/opinion-asaja\/azucar-amargo#primaryimage","url":"https:\/\/www.asajacyl.com\/palencia\/wp-content\/uploads\/sites\/3\/2017\/12\/Honorato-Meneses.jpg","contentUrl":"https:\/\/www.asajacyl.com\/palencia\/wp-content\/uploads\/sites\/3\/2017\/12\/Honorato-Meneses.jpg","width":2500,"height":1875},{"@type":"BreadcrumbList","@id":"https:\/\/www.asajacyl.com\/palencia\/asaja-palencia-informa\/opinion-asaja\/azucar-amargo#breadcrumb","itemListElement":[{"@type":"ListItem","position":1,"name":"Portada","item":"https:\/\/www.asajacyl.com\/palencia\/"},{"@type":"ListItem","position":2,"name":"Az\u00facar amargo"}]},{"@type":"WebSite","@id":"https:\/\/www.asajacyl.com\/palencia\/#website","url":"https:\/\/www.asajacyl.com\/palencia\/","name":"ASAJA Palencia","description":"Otro sitio m\u00e1s de Provincias ASAJA Castilla y Le\u00f3n","potentialAction":[{"@type":"SearchAction","target":{"@type":"EntryPoint","urlTemplate":"https:\/\/www.asajacyl.com\/palencia\/?s={search_term_string}"},"query-input":{"@type":"PropertyValueSpecification","valueRequired":true,"valueName":"search_term_string"}}],"inLanguage":"es"},{"@type":"Person","@id":"https:\/\/www.asajacyl.com\/palencia\/#\/schema\/person\/3ab17aeb03527485c317557fae64aab1","name":"Administrador","image":{"@type":"ImageObject","inLanguage":"es","@id":"https:\/\/www.asajacyl.com\/palencia\/#\/schema\/person\/image\/","url":"https:\/\/secure.gravatar.com\/avatar\/517384810d242ca9e38c180f3c9fb973?s=96&d=mm&r=g","contentUrl":"https:\/\/secure.gravatar.com\/avatar\/517384810d242ca9e38c180f3c9fb973?s=96&d=mm&r=g","caption":"Administrador"},"url":"https:\/\/www.asajacyl.com\/palencia\/author\/carlosrm"}]}},"_links":{"self":[{"href":"https:\/\/www.asajacyl.com\/palencia\/wp-json\/wp\/v2\/posts\/5883"}],"collection":[{"href":"https:\/\/www.asajacyl.com\/palencia\/wp-json\/wp\/v2\/posts"}],"about":[{"href":"https:\/\/www.asajacyl.com\/palencia\/wp-json\/wp\/v2\/types\/post"}],"author":[{"embeddable":true,"href":"https:\/\/www.asajacyl.com\/palencia\/wp-json\/wp\/v2\/users\/9"}],"replies":[{"embeddable":true,"href":"https:\/\/www.asajacyl.com\/palencia\/wp-json\/wp\/v2\/comments?post=5883"}],"version-history":[{"count":1,"href":"https:\/\/www.asajacyl.com\/palencia\/wp-json\/wp\/v2\/posts\/5883\/revisions"}],"predecessor-version":[{"id":5884,"href":"https:\/\/www.asajacyl.com\/palencia\/wp-json\/wp\/v2\/posts\/5883\/revisions\/5884"}],"wp:featuredmedia":[{"embeddable":true,"href":"https:\/\/www.asajacyl.com\/palencia\/wp-json\/wp\/v2\/media\/4919"}],"wp:attachment":[{"href":"https:\/\/www.asajacyl.com\/palencia\/wp-json\/wp\/v2\/media?parent=5883"}],"wp:term":[{"taxonomy":"category","embeddable":true,"href":"https:\/\/www.asajacyl.com\/palencia\/wp-json\/wp\/v2\/categories?post=5883"},{"taxonomy":"post_tag","embeddable":true,"href":"https:\/\/www.asajacyl.com\/palencia\/wp-json\/wp\/v2\/tags?post=5883"}],"curies":[{"name":"wp","href":"https:\/\/api.w.org\/{rel}","templated":true}]}}