{"id":5947,"date":"2019-02-14T14:29:39","date_gmt":"2019-02-14T13:29:39","guid":{"rendered":"https:\/\/www.asajacyl.com\/palencia\/?p=5947"},"modified":"2019-03-28T13:18:51","modified_gmt":"2019-03-28T12:18:51","slug":"asaja-pide-medidas-ambito-politico-economico-propiciar-avance-del-cultivo-del-maiz-principal-alternativa-regadio","status":"publish","type":"post","link":"https:\/\/www.asajacyl.com\/palencia\/asaja-palencia-informa\/asaja-pide-medidas-ambito-politico-economico-propiciar-avance-del-cultivo-del-maiz-principal-alternativa-regadio","title":{"rendered":"ASAJA pide medidas de \u00e1mbito pol\u00edtico y econ\u00f3mico para propiciar el avance del cultivo del ma\u00edz, principal alternativa para el regad\u00edo"},"content":{"rendered":"<p>Lisboa acoge desde ayer el 1\u00ba Congreso Ib\u00e9rico del Ma\u00edz, que re\u00fane a 600 agricultores y t\u00e9cnicos agr\u00edcolas de Portugal y Espa\u00f1a. ASAJA est\u00e1 representada tanto por el presidente nacional, Pedro Barato, como por el de Castilla y Le\u00f3n, Donaciano Dujo y tambi\u00e9n por el presidente de Le\u00f3n, la mayor provincia productora del pa\u00eds, Arsenio Garc\u00eda Vidal.<\/p>\n<p>El ma\u00edz es uno de los principales cultivos de la Pen\u00ednsula Ib\u00e9rica, y ocupa unas 600.000 hect\u00e1reas, de las que aproximadamente 465.000 hect\u00e1reas est\u00e1n en Espa\u00f1a, sumando 359.275 de ma\u00edz grano y 106.238 de ma\u00edz para forraje (datos campa\u00f1a 2016). Un total de 112.030 de esas hect\u00e1reas, casi la cuarta parte de la superficie nacional, radica en Castilla y Le\u00f3n, encabezando la producci\u00f3n Le\u00f3n, con 60.905 Ha., seguida por Zamora, con 17.529 Ha., y despu\u00e9s Salamanca, con 16.345 y Palencia, con 3.500.<\/p>\n<p>ASAJA considera que el ma\u00edz, que ya es un cultivo muy importante en los regad\u00edos de Espa\u00f1a, crecer\u00e1 en importancia en el futuro, tanto por las condiciones agron\u00f3micas existentes como por la demanda de los mercados. No obstante, para garantizar ese futuro y mejorar su competitividad en un mercado globalizado, ASAJA subraya que son necesarias una serie de medidas en el \u00e1mbito pol\u00edtico y econ\u00f3mico, cuya aplicaci\u00f3n depende en buena parte del compromiso de las administraciones con este cultivo.<\/p>\n<p>Entre ellas, destaca la necesidad de desarrollar una ambiciosa pol\u00edtica de nuevos regad\u00edos y de modernizaci\u00f3n de regad\u00edos obsoletos, para ser m\u00e1s sostenibles y eficientes; el desarrollo de nuevas semillas para conseguir mejores producciones, resistencia al encamado y resistencia a plagas y enfermedades; un mercado global y transparente en los fertilizantes, o contar con unas buenas instalaciones de secado y almacenamiento por parte de cooperativas y empresas privadas, mejorando la log\u00edstica y la calidad del producto.<\/p>\n<p>Tambi\u00e9n es importante que las administraciones flexibilicen las exigencias del \u201cpago verde\u201d, que actualmente obliga a tener tres cultivos, lo que penaliza la producci\u00f3n de ma\u00edz en determinadas zonas productoras y que la Uni\u00f3n Europea, en sus relaciones con terceros pa\u00edses, aplique el principio de la reciprocidad obligando a las mismas condiciones sociales, medioambientales, y de seguridad alimentaria, en las importaciones de esos terceros pa\u00edses.<\/p>\n<p>Agron\u00f3micamente, en muchas zonas regables donde el agua es abundante, la climatolog\u00eda no permite muchas otras alternativas de cultivo que el ma\u00edz, salvo los cereales de invierno, que por lo general tienen rentabilidades menores. Adem\u00e1s, el ma\u00edz se adapta muy bien a todos los terrenos de regad\u00edo de Espa\u00f1a y los rendimientos por hect\u00e1rea todav\u00eda no han alcanzado el techo m\u00e1ximo. La demanda del ma\u00edz parece asegurada, puesto que Espa\u00f1a es deficitaria en cereales, y sobre todo es deficitaria en ma\u00edz. Para la Espa\u00f1a ganadera de producci\u00f3n l\u00e1ctea, el ma\u00edz es un producto casi imprescindible en el formulado de las raciones.<\/p>\n<p>El Congreso Ib\u00e9rico del Ma\u00edz se clausura esta tarde en Lisboa. Previamente, a mediod\u00eda, se celebra una mesa redonda en torno a la pol\u00edtica agr\u00edcola a partir de 2020, en la que participar\u00e1n entre otros Fernando Miranda, secretario general del Ministerio de Agricultura, y Pedro Barato, presidente nacional de ASAJA.<\/p>\n<p><img loading=\"lazy\" decoding=\"async\" class=\"alignnone size-medium wp-image-5948\" src=\"https:\/\/www.asajacyl.com\/palencia\/wp-content\/uploads\/sites\/3\/2019\/02\/maiz-300x108.jpg\" alt=\"\" width=\"300\" height=\"108\" srcset=\"https:\/\/www.asajacyl.com\/palencia\/wp-content\/uploads\/sites\/3\/2019\/02\/maiz-300x108.jpg 300w, https:\/\/www.asajacyl.com\/palencia\/wp-content\/uploads\/sites\/3\/2019\/02\/maiz-768x277.jpg 768w, https:\/\/www.asajacyl.com\/palencia\/wp-content\/uploads\/sites\/3\/2019\/02\/maiz-1024x370.jpg 1024w, https:\/\/www.asajacyl.com\/palencia\/wp-content\/uploads\/sites\/3\/2019\/02\/maiz-696x251.jpg 696w, https:\/\/www.asajacyl.com\/palencia\/wp-content\/uploads\/sites\/3\/2019\/02\/maiz-1068x385.jpg 1068w, https:\/\/www.asajacyl.com\/palencia\/wp-content\/uploads\/sites\/3\/2019\/02\/maiz-1164x420.jpg 1164w, https:\/\/www.asajacyl.com\/palencia\/wp-content\/uploads\/sites\/3\/2019\/02\/maiz.jpg 1236w\" sizes=\"(max-width: 300px) 100vw, 300px\" \/><\/p>\n<figure id=\"attachment_5949\" aria-describedby=\"caption-attachment-5949\" style=\"width: 300px\" class=\"wp-caption alignnone\"><img loading=\"lazy\" decoding=\"async\" class=\"wp-image-5949 size-medium\" src=\"https:\/\/www.asajacyl.com\/palencia\/wp-content\/uploads\/sites\/3\/2019\/02\/congreso-1-300x151.jpg\" alt=\"\" width=\"300\" height=\"151\" srcset=\"https:\/\/www.asajacyl.com\/palencia\/wp-content\/uploads\/sites\/3\/2019\/02\/congreso-1-300x151.jpg 300w, https:\/\/www.asajacyl.com\/palencia\/wp-content\/uploads\/sites\/3\/2019\/02\/congreso-1-768x387.jpg 768w, https:\/\/www.asajacyl.com\/palencia\/wp-content\/uploads\/sites\/3\/2019\/02\/congreso-1-1024x516.jpg 1024w, https:\/\/www.asajacyl.com\/palencia\/wp-content\/uploads\/sites\/3\/2019\/02\/congreso-1-696x350.jpg 696w, https:\/\/www.asajacyl.com\/palencia\/wp-content\/uploads\/sites\/3\/2019\/02\/congreso-1-1068x538.jpg 1068w, https:\/\/www.asajacyl.com\/palencia\/wp-content\/uploads\/sites\/3\/2019\/02\/congreso-1-834x420.jpg 834w, https:\/\/www.asajacyl.com\/palencia\/wp-content\/uploads\/sites\/3\/2019\/02\/congreso-1.jpg 1116w\" sizes=\"(max-width: 300px) 100vw, 300px\" \/><figcaption id=\"caption-attachment-5949\" class=\"wp-caption-text\">Congreso Ib\u00e9rico del Ma\u00edz al que asiste el presidente de ASAJA CyL<\/figcaption><\/figure>\n<p><img loading=\"lazy\" decoding=\"async\" class=\"alignnone size-medium wp-image-5950\" src=\"https:\/\/www.asajacyl.com\/palencia\/wp-content\/uploads\/sites\/3\/2019\/02\/congreso-gente-300x197.jpg\" alt=\"\" width=\"300\" height=\"197\" srcset=\"https:\/\/www.asajacyl.com\/palencia\/wp-content\/uploads\/sites\/3\/2019\/02\/congreso-gente-300x197.jpg 300w, https:\/\/www.asajacyl.com\/palencia\/wp-content\/uploads\/sites\/3\/2019\/02\/congreso-gente-768x504.jpg 768w, https:\/\/www.asajacyl.com\/palencia\/wp-content\/uploads\/sites\/3\/2019\/02\/congreso-gente-1024x672.jpg 1024w, https:\/\/www.asajacyl.com\/palencia\/wp-content\/uploads\/sites\/3\/2019\/02\/congreso-gente-696x457.jpg 696w, https:\/\/www.asajacyl.com\/palencia\/wp-content\/uploads\/sites\/3\/2019\/02\/congreso-gente-741x486.jpg 741w, https:\/\/www.asajacyl.com\/palencia\/wp-content\/uploads\/sites\/3\/2019\/02\/congreso-gente-1068x700.jpg 1068w, https:\/\/www.asajacyl.com\/palencia\/wp-content\/uploads\/sites\/3\/2019\/02\/congreso-gente-640x420.jpg 640w, https:\/\/www.asajacyl.com\/palencia\/wp-content\/uploads\/sites\/3\/2019\/02\/congreso-gente.jpg 1578w\" sizes=\"(max-width: 300px) 100vw, 300px\" \/><\/p>\n","protected":false},"excerpt":{"rendered":"<p>Lisboa acoge desde ayer el 1\u00ba Congreso Ib\u00e9rico del Ma\u00edz, que re\u00fane a 600 agricultores y t\u00e9cnicos agr\u00edcolas de Portugal y Espa\u00f1a. ASAJA est\u00e1 representada tanto por el presidente nacional, Pedro Barato, como por el de Castilla y Le\u00f3n, Donaciano Dujo y tambi\u00e9n por el presidente de Le\u00f3n, la mayor provincia productora del pa\u00eds, Arsenio [&hellip;]<\/p>\n","protected":false},"author":9,"featured_media":5948,"comment_status":"open","ping_status":"open","sticky":false,"template":"","format":"standard","meta":{"footnotes":""},"categories":[9,28],"tags":[],"yoast_head":"<!-- This site is optimized with the Yoast SEO plugin v24.5 - https:\/\/yoast.com\/wordpress\/plugins\/seo\/ -->\n<title>ASAJA pide medidas de \u00e1mbito pol\u00edtico y econ\u00f3mico para propiciar el avance del cultivo del ma\u00edz, principal alternativa para el regad\u00edo - ASAJA Palencia<\/title>\n<meta name=\"description\" content=\"Lisboa acoge desde ayer el 1\u00ba Congreso Ib\u00e9rico del Ma\u00edz, que re\u00fane a 600 agricultores y t\u00e9cnicos agr\u00edcolas de Portugal y Espa\u00f1a. ASAJA est\u00e1 representada\" \/>\n<meta name=\"robots\" content=\"index, follow, max-snippet:-1, max-image-preview:large, max-video-preview:-1\" \/>\n<link rel=\"canonical\" href=\"https:\/\/www.asajacyl.com\/palencia\/asaja-palencia-informa\/asaja-pide-medidas-ambito-politico-economico-propiciar-avance-del-cultivo-del-maiz-principal-alternativa-regadio\" \/>\n<meta property=\"og:locale\" content=\"es_ES\" \/>\n<meta property=\"og:type\" content=\"article\" \/>\n<meta property=\"og:title\" content=\"ASAJA pide medidas de \u00e1mbito pol\u00edtico y econ\u00f3mico para propiciar el avance del cultivo del ma\u00edz, principal alternativa para el regad\u00edo - ASAJA Palencia\" \/>\n<meta property=\"og:description\" content=\"Lisboa acoge desde ayer el 1\u00ba Congreso Ib\u00e9rico del Ma\u00edz, que re\u00fane a 600 agricultores y t\u00e9cnicos agr\u00edcolas de Portugal y Espa\u00f1a. ASAJA est\u00e1 representada\" \/>\n<meta property=\"og:url\" content=\"https:\/\/www.asajacyl.com\/palencia\/asaja-palencia-informa\/asaja-pide-medidas-ambito-politico-economico-propiciar-avance-del-cultivo-del-maiz-principal-alternativa-regadio\" \/>\n<meta property=\"og:site_name\" content=\"ASAJA Palencia\" \/>\n<meta property=\"article:published_time\" content=\"2019-02-14T13:29:39+00:00\" \/>\n<meta property=\"article:modified_time\" content=\"2019-03-28T12:18:51+00:00\" \/>\n<meta property=\"og:image\" content=\"https:\/\/www.asajacyl.com\/palencia\/wp-content\/uploads\/sites\/3\/2019\/02\/maiz.jpg\" \/>\n\t<meta property=\"og:image:width\" content=\"1236\" \/>\n\t<meta property=\"og:image:height\" content=\"446\" \/>\n\t<meta property=\"og:image:type\" content=\"image\/jpeg\" \/>\n<meta name=\"author\" content=\"Administrador\" \/>\n<meta name=\"twitter:card\" content=\"summary_large_image\" \/>\n<meta name=\"twitter:label1\" content=\"Escrito por\" \/>\n\t<meta name=\"twitter:data1\" content=\"Administrador\" \/>\n\t<meta name=\"twitter:label2\" content=\"Tiempo de lectura\" \/>\n\t<meta name=\"twitter:data2\" content=\"3 minutos\" \/>\n<script type=\"application\/ld+json\" class=\"yoast-schema-graph\">{\"@context\":\"https:\/\/schema.org\",\"@graph\":[{\"@type\":\"WebPage\",\"@id\":\"https:\/\/www.asajacyl.com\/palencia\/asaja-palencia-informa\/asaja-pide-medidas-ambito-politico-economico-propiciar-avance-del-cultivo-del-maiz-principal-alternativa-regadio\",\"url\":\"https:\/\/www.asajacyl.com\/palencia\/asaja-palencia-informa\/asaja-pide-medidas-ambito-politico-economico-propiciar-avance-del-cultivo-del-maiz-principal-alternativa-regadio\",\"name\":\"ASAJA pide medidas de \u00e1mbito pol\u00edtico y econ\u00f3mico para propiciar el avance del cultivo del ma\u00edz, principal alternativa para el regad\u00edo - ASAJA Palencia\",\"isPartOf\":{\"@id\":\"https:\/\/www.asajacyl.com\/palencia\/#website\"},\"primaryImageOfPage\":{\"@id\":\"https:\/\/www.asajacyl.com\/palencia\/asaja-palencia-informa\/asaja-pide-medidas-ambito-politico-economico-propiciar-avance-del-cultivo-del-maiz-principal-alternativa-regadio#primaryimage\"},\"image\":{\"@id\":\"https:\/\/www.asajacyl.com\/palencia\/asaja-palencia-informa\/asaja-pide-medidas-ambito-politico-economico-propiciar-avance-del-cultivo-del-maiz-principal-alternativa-regadio#primaryimage\"},\"thumbnailUrl\":\"https:\/\/www.asajacyl.com\/palencia\/wp-content\/uploads\/sites\/3\/2019\/02\/maiz.jpg\",\"datePublished\":\"2019-02-14T13:29:39+00:00\",\"dateModified\":\"2019-03-28T12:18:51+00:00\",\"author\":{\"@id\":\"https:\/\/www.asajacyl.com\/palencia\/#\/schema\/person\/3ab17aeb03527485c317557fae64aab1\"},\"description\":\"Lisboa acoge desde ayer el 1\u00ba Congreso Ib\u00e9rico del Ma\u00edz, que re\u00fane a 600 agricultores y t\u00e9cnicos agr\u00edcolas de Portugal y Espa\u00f1a. ASAJA est\u00e1 representada\",\"breadcrumb\":{\"@id\":\"https:\/\/www.asajacyl.com\/palencia\/asaja-palencia-informa\/asaja-pide-medidas-ambito-politico-economico-propiciar-avance-del-cultivo-del-maiz-principal-alternativa-regadio#breadcrumb\"},\"inLanguage\":\"es\",\"potentialAction\":[{\"@type\":\"ReadAction\",\"target\":[\"https:\/\/www.asajacyl.com\/palencia\/asaja-palencia-informa\/asaja-pide-medidas-ambito-politico-economico-propiciar-avance-del-cultivo-del-maiz-principal-alternativa-regadio\"]}]},{\"@type\":\"ImageObject\",\"inLanguage\":\"es\",\"@id\":\"https:\/\/www.asajacyl.com\/palencia\/asaja-palencia-informa\/asaja-pide-medidas-ambito-politico-economico-propiciar-avance-del-cultivo-del-maiz-principal-alternativa-regadio#primaryimage\",\"url\":\"https:\/\/www.asajacyl.com\/palencia\/wp-content\/uploads\/sites\/3\/2019\/02\/maiz.jpg\",\"contentUrl\":\"https:\/\/www.asajacyl.com\/palencia\/wp-content\/uploads\/sites\/3\/2019\/02\/maiz.jpg\",\"width\":1236,\"height\":446},{\"@type\":\"BreadcrumbList\",\"@id\":\"https:\/\/www.asajacyl.com\/palencia\/asaja-palencia-informa\/asaja-pide-medidas-ambito-politico-economico-propiciar-avance-del-cultivo-del-maiz-principal-alternativa-regadio#breadcrumb\",\"itemListElement\":[{\"@type\":\"ListItem\",\"position\":1,\"name\":\"Portada\",\"item\":\"https:\/\/www.asajacyl.com\/palencia\/\"},{\"@type\":\"ListItem\",\"position\":2,\"name\":\"ASAJA pide medidas de \u00e1mbito pol\u00edtico y econ\u00f3mico para propiciar el avance del cultivo del ma\u00edz, principal alternativa para el regad\u00edo\"}]},{\"@type\":\"WebSite\",\"@id\":\"https:\/\/www.asajacyl.com\/palencia\/#website\",\"url\":\"https:\/\/www.asajacyl.com\/palencia\/\",\"name\":\"ASAJA Palencia\",\"description\":\"Otro sitio m\u00e1s de Provincias ASAJA Castilla y Le\u00f3n\",\"potentialAction\":[{\"@type\":\"SearchAction\",\"target\":{\"@type\":\"EntryPoint\",\"urlTemplate\":\"https:\/\/www.asajacyl.com\/palencia\/?s={search_term_string}\"},\"query-input\":{\"@type\":\"PropertyValueSpecification\",\"valueRequired\":true,\"valueName\":\"search_term_string\"}}],\"inLanguage\":\"es\"},{\"@type\":\"Person\",\"@id\":\"https:\/\/www.asajacyl.com\/palencia\/#\/schema\/person\/3ab17aeb03527485c317557fae64aab1\",\"name\":\"Administrador\",\"image\":{\"@type\":\"ImageObject\",\"inLanguage\":\"es\",\"@id\":\"https:\/\/www.asajacyl.com\/palencia\/#\/schema\/person\/image\/\",\"url\":\"https:\/\/secure.gravatar.com\/avatar\/517384810d242ca9e38c180f3c9fb973?s=96&d=mm&r=g\",\"contentUrl\":\"https:\/\/secure.gravatar.com\/avatar\/517384810d242ca9e38c180f3c9fb973?s=96&d=mm&r=g\",\"caption\":\"Administrador\"},\"url\":\"https:\/\/www.asajacyl.com\/palencia\/author\/carlosrm\"}]}<\/script>\n<!-- \/ Yoast SEO plugin. -->","yoast_head_json":{"title":"ASAJA pide medidas de \u00e1mbito pol\u00edtico y econ\u00f3mico para propiciar el avance del cultivo del ma\u00edz, principal alternativa para el regad\u00edo - ASAJA Palencia","description":"Lisboa acoge desde ayer el 1\u00ba Congreso Ib\u00e9rico del Ma\u00edz, que re\u00fane a 600 agricultores y t\u00e9cnicos agr\u00edcolas de Portugal y Espa\u00f1a. ASAJA est\u00e1 representada","robots":{"index":"index","follow":"follow","max-snippet":"max-snippet:-1","max-image-preview":"max-image-preview:large","max-video-preview":"max-video-preview:-1"},"canonical":"https:\/\/www.asajacyl.com\/palencia\/asaja-palencia-informa\/asaja-pide-medidas-ambito-politico-economico-propiciar-avance-del-cultivo-del-maiz-principal-alternativa-regadio","og_locale":"es_ES","og_type":"article","og_title":"ASAJA pide medidas de \u00e1mbito pol\u00edtico y econ\u00f3mico para propiciar el avance del cultivo del ma\u00edz, principal alternativa para el regad\u00edo - ASAJA Palencia","og_description":"Lisboa acoge desde ayer el 1\u00ba Congreso Ib\u00e9rico del Ma\u00edz, que re\u00fane a 600 agricultores y t\u00e9cnicos agr\u00edcolas de Portugal y Espa\u00f1a. ASAJA est\u00e1 representada","og_url":"https:\/\/www.asajacyl.com\/palencia\/asaja-palencia-informa\/asaja-pide-medidas-ambito-politico-economico-propiciar-avance-del-cultivo-del-maiz-principal-alternativa-regadio","og_site_name":"ASAJA Palencia","article_published_time":"2019-02-14T13:29:39+00:00","article_modified_time":"2019-03-28T12:18:51+00:00","og_image":[{"width":1236,"height":446,"url":"https:\/\/www.asajacyl.com\/palencia\/wp-content\/uploads\/sites\/3\/2019\/02\/maiz.jpg","type":"image\/jpeg"}],"author":"Administrador","twitter_card":"summary_large_image","twitter_misc":{"Escrito por":"Administrador","Tiempo de lectura":"3 minutos"},"schema":{"@context":"https:\/\/schema.org","@graph":[{"@type":"WebPage","@id":"https:\/\/www.asajacyl.com\/palencia\/asaja-palencia-informa\/asaja-pide-medidas-ambito-politico-economico-propiciar-avance-del-cultivo-del-maiz-principal-alternativa-regadio","url":"https:\/\/www.asajacyl.com\/palencia\/asaja-palencia-informa\/asaja-pide-medidas-ambito-politico-economico-propiciar-avance-del-cultivo-del-maiz-principal-alternativa-regadio","name":"ASAJA pide medidas de \u00e1mbito pol\u00edtico y econ\u00f3mico para propiciar el avance del cultivo del ma\u00edz, principal alternativa para el regad\u00edo - ASAJA Palencia","isPartOf":{"@id":"https:\/\/www.asajacyl.com\/palencia\/#website"},"primaryImageOfPage":{"@id":"https:\/\/www.asajacyl.com\/palencia\/asaja-palencia-informa\/asaja-pide-medidas-ambito-politico-economico-propiciar-avance-del-cultivo-del-maiz-principal-alternativa-regadio#primaryimage"},"image":{"@id":"https:\/\/www.asajacyl.com\/palencia\/asaja-palencia-informa\/asaja-pide-medidas-ambito-politico-economico-propiciar-avance-del-cultivo-del-maiz-principal-alternativa-regadio#primaryimage"},"thumbnailUrl":"https:\/\/www.asajacyl.com\/palencia\/wp-content\/uploads\/sites\/3\/2019\/02\/maiz.jpg","datePublished":"2019-02-14T13:29:39+00:00","dateModified":"2019-03-28T12:18:51+00:00","author":{"@id":"https:\/\/www.asajacyl.com\/palencia\/#\/schema\/person\/3ab17aeb03527485c317557fae64aab1"},"description":"Lisboa acoge desde ayer el 1\u00ba Congreso Ib\u00e9rico del Ma\u00edz, que re\u00fane a 600 agricultores y t\u00e9cnicos agr\u00edcolas de Portugal y Espa\u00f1a. ASAJA est\u00e1 representada","breadcrumb":{"@id":"https:\/\/www.asajacyl.com\/palencia\/asaja-palencia-informa\/asaja-pide-medidas-ambito-politico-economico-propiciar-avance-del-cultivo-del-maiz-principal-alternativa-regadio#breadcrumb"},"inLanguage":"es","potentialAction":[{"@type":"ReadAction","target":["https:\/\/www.asajacyl.com\/palencia\/asaja-palencia-informa\/asaja-pide-medidas-ambito-politico-economico-propiciar-avance-del-cultivo-del-maiz-principal-alternativa-regadio"]}]},{"@type":"ImageObject","inLanguage":"es","@id":"https:\/\/www.asajacyl.com\/palencia\/asaja-palencia-informa\/asaja-pide-medidas-ambito-politico-economico-propiciar-avance-del-cultivo-del-maiz-principal-alternativa-regadio#primaryimage","url":"https:\/\/www.asajacyl.com\/palencia\/wp-content\/uploads\/sites\/3\/2019\/02\/maiz.jpg","contentUrl":"https:\/\/www.asajacyl.com\/palencia\/wp-content\/uploads\/sites\/3\/2019\/02\/maiz.jpg","width":1236,"height":446},{"@type":"BreadcrumbList","@id":"https:\/\/www.asajacyl.com\/palencia\/asaja-palencia-informa\/asaja-pide-medidas-ambito-politico-economico-propiciar-avance-del-cultivo-del-maiz-principal-alternativa-regadio#breadcrumb","itemListElement":[{"@type":"ListItem","position":1,"name":"Portada","item":"https:\/\/www.asajacyl.com\/palencia\/"},{"@type":"ListItem","position":2,"name":"ASAJA pide medidas de \u00e1mbito pol\u00edtico y econ\u00f3mico para propiciar el avance del cultivo del ma\u00edz, principal alternativa para el regad\u00edo"}]},{"@type":"WebSite","@id":"https:\/\/www.asajacyl.com\/palencia\/#website","url":"https:\/\/www.asajacyl.com\/palencia\/","name":"ASAJA Palencia","description":"Otro sitio m\u00e1s de Provincias ASAJA Castilla y Le\u00f3n","potentialAction":[{"@type":"SearchAction","target":{"@type":"EntryPoint","urlTemplate":"https:\/\/www.asajacyl.com\/palencia\/?s={search_term_string}"},"query-input":{"@type":"PropertyValueSpecification","valueRequired":true,"valueName":"search_term_string"}}],"inLanguage":"es"},{"@type":"Person","@id":"https:\/\/www.asajacyl.com\/palencia\/#\/schema\/person\/3ab17aeb03527485c317557fae64aab1","name":"Administrador","image":{"@type":"ImageObject","inLanguage":"es","@id":"https:\/\/www.asajacyl.com\/palencia\/#\/schema\/person\/image\/","url":"https:\/\/secure.gravatar.com\/avatar\/517384810d242ca9e38c180f3c9fb973?s=96&d=mm&r=g","contentUrl":"https:\/\/secure.gravatar.com\/avatar\/517384810d242ca9e38c180f3c9fb973?s=96&d=mm&r=g","caption":"Administrador"},"url":"https:\/\/www.asajacyl.com\/palencia\/author\/carlosrm"}]}},"_links":{"self":[{"href":"https:\/\/www.asajacyl.com\/palencia\/wp-json\/wp\/v2\/posts\/5947"}],"collection":[{"href":"https:\/\/www.asajacyl.com\/palencia\/wp-json\/wp\/v2\/posts"}],"about":[{"href":"https:\/\/www.asajacyl.com\/palencia\/wp-json\/wp\/v2\/types\/post"}],"author":[{"embeddable":true,"href":"https:\/\/www.asajacyl.com\/palencia\/wp-json\/wp\/v2\/users\/9"}],"replies":[{"embeddable":true,"href":"https:\/\/www.asajacyl.com\/palencia\/wp-json\/wp\/v2\/comments?post=5947"}],"version-history":[{"count":1,"href":"https:\/\/www.asajacyl.com\/palencia\/wp-json\/wp\/v2\/posts\/5947\/revisions"}],"predecessor-version":[{"id":5951,"href":"https:\/\/www.asajacyl.com\/palencia\/wp-json\/wp\/v2\/posts\/5947\/revisions\/5951"}],"wp:featuredmedia":[{"embeddable":true,"href":"https:\/\/www.asajacyl.com\/palencia\/wp-json\/wp\/v2\/media\/5948"}],"wp:attachment":[{"href":"https:\/\/www.asajacyl.com\/palencia\/wp-json\/wp\/v2\/media?parent=5947"}],"wp:term":[{"taxonomy":"category","embeddable":true,"href":"https:\/\/www.asajacyl.com\/palencia\/wp-json\/wp\/v2\/categories?post=5947"},{"taxonomy":"post_tag","embeddable":true,"href":"https:\/\/www.asajacyl.com\/palencia\/wp-json\/wp\/v2\/tags?post=5947"}],"curies":[{"name":"wp","href":"https:\/\/api.w.org\/{rel}","templated":true}]}}