{"id":5981,"date":"2019-03-01T12:36:55","date_gmt":"2019-03-01T11:36:55","guid":{"rendered":"https:\/\/www.asajacyl.com\/palencia\/?p=5981"},"modified":"2019-03-28T13:19:16","modified_gmt":"2019-03-28T12:19:16","slug":"asaja-palencia-no-comparte-las-declaraciones-politicas-secretario-general-castilla-leon-jose-antonio-turrado","status":"publish","type":"post","link":"https:\/\/www.asajacyl.com\/palencia\/asaja-palencia-informa\/asaja-palencia-no-comparte-las-declaraciones-politicas-secretario-general-castilla-leon-jose-antonio-turrado","title":{"rendered":"ASAJA PALENCIA no comparte las declaraciones pol\u00edticas de su secretario general en Castilla y Le\u00f3n, Jos\u00e9 Antonio Turrado"},"content":{"rendered":"<p><strong>Recuerda que sus estatutos recogen la independencia ideol\u00f3gica y pol\u00edtica<\/strong><\/p>\n<p>Ante las \u00faltimas opiniones pol\u00edticas realizadas p\u00fablicamente por el secretario general de ASAJA Castilla y Le\u00f3n, Jos\u00e9 Antonio Turrado, en apoyo a la candidatura de Silvia Clemente por la formaci\u00f3n regional Ciudadanos, ASAJA PALENCIA quiere aclarar que no se identifica con esas opiniones particulares y que de ninguna forma son suscritas por la organizaci\u00f3n agraria.<\/p>\n<p>ASAJA recuerda que sus estatutos recogen la independencia ideol\u00f3gica y pol\u00edtica respecto a los gobiernos y a los partidos, un criterio \u201cdel que nos sentimos orgullosos, cumplimos escrupulosamente y nos diferencia de otras organizaciones\u201d.<\/p>\n<p>\u201cLo \u00fanico que nos mueve en ASAJA es la defensa de los intereses de los agricultores y ganaderos, trasladar a la sociedad el duro trabajo del campo y la calidad de los alimentos que producen, as\u00ed como facilitar a nuestros afiliados las complicadas tareas burocr\u00e1ticas que realizan d\u00eda tras d\u00eda\u201d, se\u00f1ala el presidente de la organizaci\u00f3n agraria.<\/p>\n<p>En ASAJA PALENCIA los afiliados son agricultores y ganaderos, \u201cporque no diferenciamos a las personas por su ideolog\u00eda o militancia pol\u00edtica\u201d. Por \u00faltimo, y ante las pr\u00f3ximas y numerosas citas electorales que nos esperan este a\u00f1o, ASAJA pide que \u201clas personas que sean elegidas como representantes institucionales conozcan y trabajen por y para el sector agrario, fuente de riqueza de nuestra provincia\u201d.<\/p>\n<p><a href=\"https:\/\/www.asajacyl.com\/palencia\/wp-content\/uploads\/sites\/3\/2019\/03\/foto-grupo.jpg\"><img loading=\"lazy\" decoding=\"async\" class=\"alignnone size-medium wp-image-5982\" src=\"https:\/\/www.asajacyl.com\/palencia\/wp-content\/uploads\/sites\/3\/2019\/03\/foto-grupo-300x98.jpg\" alt=\"\" width=\"300\" height=\"98\" srcset=\"https:\/\/www.asajacyl.com\/palencia\/wp-content\/uploads\/sites\/3\/2019\/03\/foto-grupo-300x98.jpg 300w, https:\/\/www.asajacyl.com\/palencia\/wp-content\/uploads\/sites\/3\/2019\/03\/foto-grupo-768x250.jpg 768w, https:\/\/www.asajacyl.com\/palencia\/wp-content\/uploads\/sites\/3\/2019\/03\/foto-grupo-1024x333.jpg 1024w, https:\/\/www.asajacyl.com\/palencia\/wp-content\/uploads\/sites\/3\/2019\/03\/foto-grupo-696x226.jpg 696w, https:\/\/www.asajacyl.com\/palencia\/wp-content\/uploads\/sites\/3\/2019\/03\/foto-grupo-1068x347.jpg 1068w, https:\/\/www.asajacyl.com\/palencia\/wp-content\/uploads\/sites\/3\/2019\/03\/foto-grupo-1291x420.jpg 1291w, https:\/\/www.asajacyl.com\/palencia\/wp-content\/uploads\/sites\/3\/2019\/03\/foto-grupo.jpg 1623w\" sizes=\"(max-width: 300px) 100vw, 300px\" \/><\/a><\/p>\n","protected":false},"excerpt":{"rendered":"<p>Recuerda que sus estatutos recogen la independencia ideol\u00f3gica y pol\u00edtica Ante las \u00faltimas opiniones pol\u00edticas realizadas p\u00fablicamente por el secretario general de ASAJA Castilla y Le\u00f3n, Jos\u00e9 Antonio Turrado, en apoyo a la candidatura de Silvia Clemente por la formaci\u00f3n regional Ciudadanos, ASAJA PALENCIA quiere aclarar que no se identifica con esas opiniones particulares y [&hellip;]<\/p>\n","protected":false},"author":9,"featured_media":5982,"comment_status":"open","ping_status":"open","sticky":false,"template":"","format":"standard","meta":{"footnotes":""},"categories":[9,28],"tags":[],"yoast_head":"<!-- This site is optimized with the Yoast SEO plugin v24.5 - https:\/\/yoast.com\/wordpress\/plugins\/seo\/ -->\n<title>ASAJA PALENCIA no comparte las declaraciones pol\u00edticas de su secretario general en Castilla y Le\u00f3n, Jos\u00e9 Antonio Turrado - ASAJA Palencia<\/title>\n<meta name=\"description\" content=\"Recuerda que sus estatutos recogen la independencia ideol\u00f3gica y pol\u00edtica Ante las \u00faltimas opiniones pol\u00edticas realizadas p\u00fablicamente por el secretario\" \/>\n<meta name=\"robots\" content=\"index, follow, max-snippet:-1, max-image-preview:large, max-video-preview:-1\" \/>\n<link rel=\"canonical\" href=\"https:\/\/www.asajacyl.com\/palencia\/asaja-palencia-informa\/asaja-palencia-no-comparte-las-declaraciones-politicas-secretario-general-castilla-leon-jose-antonio-turrado\" \/>\n<meta property=\"og:locale\" content=\"es_ES\" \/>\n<meta property=\"og:type\" content=\"article\" \/>\n<meta property=\"og:title\" content=\"ASAJA PALENCIA no comparte las declaraciones pol\u00edticas de su secretario general en Castilla y Le\u00f3n, Jos\u00e9 Antonio Turrado - ASAJA Palencia\" \/>\n<meta property=\"og:description\" content=\"Recuerda que sus estatutos recogen la independencia ideol\u00f3gica y pol\u00edtica Ante las \u00faltimas opiniones pol\u00edticas realizadas p\u00fablicamente por el secretario\" \/>\n<meta property=\"og:url\" content=\"https:\/\/www.asajacyl.com\/palencia\/asaja-palencia-informa\/asaja-palencia-no-comparte-las-declaraciones-politicas-secretario-general-castilla-leon-jose-antonio-turrado\" \/>\n<meta property=\"og:site_name\" content=\"ASAJA Palencia\" \/>\n<meta property=\"article:published_time\" content=\"2019-03-01T11:36:55+00:00\" \/>\n<meta property=\"article:modified_time\" content=\"2019-03-28T12:19:16+00:00\" \/>\n<meta property=\"og:image\" content=\"https:\/\/www.asajacyl.com\/palencia\/wp-content\/uploads\/sites\/3\/2019\/03\/foto-grupo.jpg\" \/>\n\t<meta property=\"og:image:width\" content=\"1623\" \/>\n\t<meta property=\"og:image:height\" content=\"528\" \/>\n\t<meta property=\"og:image:type\" content=\"image\/jpeg\" \/>\n<meta name=\"author\" content=\"Administrador\" \/>\n<meta name=\"twitter:card\" content=\"summary_large_image\" \/>\n<meta name=\"twitter:label1\" content=\"Escrito por\" \/>\n\t<meta name=\"twitter:data1\" content=\"Administrador\" \/>\n\t<meta name=\"twitter:label2\" content=\"Tiempo de lectura\" \/>\n\t<meta name=\"twitter:data2\" content=\"1 minuto\" \/>\n<script type=\"application\/ld+json\" class=\"yoast-schema-graph\">{\"@context\":\"https:\/\/schema.org\",\"@graph\":[{\"@type\":\"WebPage\",\"@id\":\"https:\/\/www.asajacyl.com\/palencia\/asaja-palencia-informa\/asaja-palencia-no-comparte-las-declaraciones-politicas-secretario-general-castilla-leon-jose-antonio-turrado\",\"url\":\"https:\/\/www.asajacyl.com\/palencia\/asaja-palencia-informa\/asaja-palencia-no-comparte-las-declaraciones-politicas-secretario-general-castilla-leon-jose-antonio-turrado\",\"name\":\"ASAJA PALENCIA no comparte las declaraciones pol\u00edticas de su secretario general en Castilla y Le\u00f3n, Jos\u00e9 Antonio Turrado - ASAJA Palencia\",\"isPartOf\":{\"@id\":\"https:\/\/www.asajacyl.com\/palencia\/#website\"},\"primaryImageOfPage\":{\"@id\":\"https:\/\/www.asajacyl.com\/palencia\/asaja-palencia-informa\/asaja-palencia-no-comparte-las-declaraciones-politicas-secretario-general-castilla-leon-jose-antonio-turrado#primaryimage\"},\"image\":{\"@id\":\"https:\/\/www.asajacyl.com\/palencia\/asaja-palencia-informa\/asaja-palencia-no-comparte-las-declaraciones-politicas-secretario-general-castilla-leon-jose-antonio-turrado#primaryimage\"},\"thumbnailUrl\":\"https:\/\/www.asajacyl.com\/palencia\/wp-content\/uploads\/sites\/3\/2019\/03\/foto-grupo.jpg\",\"datePublished\":\"2019-03-01T11:36:55+00:00\",\"dateModified\":\"2019-03-28T12:19:16+00:00\",\"author\":{\"@id\":\"https:\/\/www.asajacyl.com\/palencia\/#\/schema\/person\/3ab17aeb03527485c317557fae64aab1\"},\"description\":\"Recuerda que sus estatutos recogen la independencia ideol\u00f3gica y pol\u00edtica Ante las \u00faltimas opiniones pol\u00edticas realizadas p\u00fablicamente por el secretario\",\"breadcrumb\":{\"@id\":\"https:\/\/www.asajacyl.com\/palencia\/asaja-palencia-informa\/asaja-palencia-no-comparte-las-declaraciones-politicas-secretario-general-castilla-leon-jose-antonio-turrado#breadcrumb\"},\"inLanguage\":\"es\",\"potentialAction\":[{\"@type\":\"ReadAction\",\"target\":[\"https:\/\/www.asajacyl.com\/palencia\/asaja-palencia-informa\/asaja-palencia-no-comparte-las-declaraciones-politicas-secretario-general-castilla-leon-jose-antonio-turrado\"]}]},{\"@type\":\"ImageObject\",\"inLanguage\":\"es\",\"@id\":\"https:\/\/www.asajacyl.com\/palencia\/asaja-palencia-informa\/asaja-palencia-no-comparte-las-declaraciones-politicas-secretario-general-castilla-leon-jose-antonio-turrado#primaryimage\",\"url\":\"https:\/\/www.asajacyl.com\/palencia\/wp-content\/uploads\/sites\/3\/2019\/03\/foto-grupo.jpg\",\"contentUrl\":\"https:\/\/www.asajacyl.com\/palencia\/wp-content\/uploads\/sites\/3\/2019\/03\/foto-grupo.jpg\",\"width\":1623,\"height\":528},{\"@type\":\"BreadcrumbList\",\"@id\":\"https:\/\/www.asajacyl.com\/palencia\/asaja-palencia-informa\/asaja-palencia-no-comparte-las-declaraciones-politicas-secretario-general-castilla-leon-jose-antonio-turrado#breadcrumb\",\"itemListElement\":[{\"@type\":\"ListItem\",\"position\":1,\"name\":\"Portada\",\"item\":\"https:\/\/www.asajacyl.com\/palencia\/\"},{\"@type\":\"ListItem\",\"position\":2,\"name\":\"ASAJA PALENCIA no comparte las declaraciones pol\u00edticas de su secretario general en Castilla y Le\u00f3n, Jos\u00e9 Antonio Turrado\"}]},{\"@type\":\"WebSite\",\"@id\":\"https:\/\/www.asajacyl.com\/palencia\/#website\",\"url\":\"https:\/\/www.asajacyl.com\/palencia\/\",\"name\":\"ASAJA Palencia\",\"description\":\"Otro sitio m\u00e1s de Provincias ASAJA Castilla y Le\u00f3n\",\"potentialAction\":[{\"@type\":\"SearchAction\",\"target\":{\"@type\":\"EntryPoint\",\"urlTemplate\":\"https:\/\/www.asajacyl.com\/palencia\/?s={search_term_string}\"},\"query-input\":{\"@type\":\"PropertyValueSpecification\",\"valueRequired\":true,\"valueName\":\"search_term_string\"}}],\"inLanguage\":\"es\"},{\"@type\":\"Person\",\"@id\":\"https:\/\/www.asajacyl.com\/palencia\/#\/schema\/person\/3ab17aeb03527485c317557fae64aab1\",\"name\":\"Administrador\",\"image\":{\"@type\":\"ImageObject\",\"inLanguage\":\"es\",\"@id\":\"https:\/\/www.asajacyl.com\/palencia\/#\/schema\/person\/image\/\",\"url\":\"https:\/\/secure.gravatar.com\/avatar\/517384810d242ca9e38c180f3c9fb973?s=96&d=mm&r=g\",\"contentUrl\":\"https:\/\/secure.gravatar.com\/avatar\/517384810d242ca9e38c180f3c9fb973?s=96&d=mm&r=g\",\"caption\":\"Administrador\"},\"url\":\"https:\/\/www.asajacyl.com\/palencia\/author\/carlosrm\"}]}<\/script>\n<!-- \/ Yoast SEO plugin. -->","yoast_head_json":{"title":"ASAJA PALENCIA no comparte las declaraciones pol\u00edticas de su secretario general en Castilla y Le\u00f3n, Jos\u00e9 Antonio Turrado - ASAJA Palencia","description":"Recuerda que sus estatutos recogen la independencia ideol\u00f3gica y pol\u00edtica Ante las \u00faltimas opiniones pol\u00edticas realizadas p\u00fablicamente por el secretario","robots":{"index":"index","follow":"follow","max-snippet":"max-snippet:-1","max-image-preview":"max-image-preview:large","max-video-preview":"max-video-preview:-1"},"canonical":"https:\/\/www.asajacyl.com\/palencia\/asaja-palencia-informa\/asaja-palencia-no-comparte-las-declaraciones-politicas-secretario-general-castilla-leon-jose-antonio-turrado","og_locale":"es_ES","og_type":"article","og_title":"ASAJA PALENCIA no comparte las declaraciones pol\u00edticas de su secretario general en Castilla y Le\u00f3n, Jos\u00e9 Antonio Turrado - ASAJA Palencia","og_description":"Recuerda que sus estatutos recogen la independencia ideol\u00f3gica y pol\u00edtica Ante las \u00faltimas opiniones pol\u00edticas realizadas p\u00fablicamente por el secretario","og_url":"https:\/\/www.asajacyl.com\/palencia\/asaja-palencia-informa\/asaja-palencia-no-comparte-las-declaraciones-politicas-secretario-general-castilla-leon-jose-antonio-turrado","og_site_name":"ASAJA Palencia","article_published_time":"2019-03-01T11:36:55+00:00","article_modified_time":"2019-03-28T12:19:16+00:00","og_image":[{"width":1623,"height":528,"url":"https:\/\/www.asajacyl.com\/palencia\/wp-content\/uploads\/sites\/3\/2019\/03\/foto-grupo.jpg","type":"image\/jpeg"}],"author":"Administrador","twitter_card":"summary_large_image","twitter_misc":{"Escrito por":"Administrador","Tiempo de lectura":"1 minuto"},"schema":{"@context":"https:\/\/schema.org","@graph":[{"@type":"WebPage","@id":"https:\/\/www.asajacyl.com\/palencia\/asaja-palencia-informa\/asaja-palencia-no-comparte-las-declaraciones-politicas-secretario-general-castilla-leon-jose-antonio-turrado","url":"https:\/\/www.asajacyl.com\/palencia\/asaja-palencia-informa\/asaja-palencia-no-comparte-las-declaraciones-politicas-secretario-general-castilla-leon-jose-antonio-turrado","name":"ASAJA PALENCIA no comparte las declaraciones pol\u00edticas de su secretario general en Castilla y Le\u00f3n, Jos\u00e9 Antonio Turrado - ASAJA Palencia","isPartOf":{"@id":"https:\/\/www.asajacyl.com\/palencia\/#website"},"primaryImageOfPage":{"@id":"https:\/\/www.asajacyl.com\/palencia\/asaja-palencia-informa\/asaja-palencia-no-comparte-las-declaraciones-politicas-secretario-general-castilla-leon-jose-antonio-turrado#primaryimage"},"image":{"@id":"https:\/\/www.asajacyl.com\/palencia\/asaja-palencia-informa\/asaja-palencia-no-comparte-las-declaraciones-politicas-secretario-general-castilla-leon-jose-antonio-turrado#primaryimage"},"thumbnailUrl":"https:\/\/www.asajacyl.com\/palencia\/wp-content\/uploads\/sites\/3\/2019\/03\/foto-grupo.jpg","datePublished":"2019-03-01T11:36:55+00:00","dateModified":"2019-03-28T12:19:16+00:00","author":{"@id":"https:\/\/www.asajacyl.com\/palencia\/#\/schema\/person\/3ab17aeb03527485c317557fae64aab1"},"description":"Recuerda que sus estatutos recogen la independencia ideol\u00f3gica y pol\u00edtica Ante las \u00faltimas opiniones pol\u00edticas realizadas p\u00fablicamente por el secretario","breadcrumb":{"@id":"https:\/\/www.asajacyl.com\/palencia\/asaja-palencia-informa\/asaja-palencia-no-comparte-las-declaraciones-politicas-secretario-general-castilla-leon-jose-antonio-turrado#breadcrumb"},"inLanguage":"es","potentialAction":[{"@type":"ReadAction","target":["https:\/\/www.asajacyl.com\/palencia\/asaja-palencia-informa\/asaja-palencia-no-comparte-las-declaraciones-politicas-secretario-general-castilla-leon-jose-antonio-turrado"]}]},{"@type":"ImageObject","inLanguage":"es","@id":"https:\/\/www.asajacyl.com\/palencia\/asaja-palencia-informa\/asaja-palencia-no-comparte-las-declaraciones-politicas-secretario-general-castilla-leon-jose-antonio-turrado#primaryimage","url":"https:\/\/www.asajacyl.com\/palencia\/wp-content\/uploads\/sites\/3\/2019\/03\/foto-grupo.jpg","contentUrl":"https:\/\/www.asajacyl.com\/palencia\/wp-content\/uploads\/sites\/3\/2019\/03\/foto-grupo.jpg","width":1623,"height":528},{"@type":"BreadcrumbList","@id":"https:\/\/www.asajacyl.com\/palencia\/asaja-palencia-informa\/asaja-palencia-no-comparte-las-declaraciones-politicas-secretario-general-castilla-leon-jose-antonio-turrado#breadcrumb","itemListElement":[{"@type":"ListItem","position":1,"name":"Portada","item":"https:\/\/www.asajacyl.com\/palencia\/"},{"@type":"ListItem","position":2,"name":"ASAJA PALENCIA no comparte las declaraciones pol\u00edticas de su secretario general en Castilla y Le\u00f3n, Jos\u00e9 Antonio Turrado"}]},{"@type":"WebSite","@id":"https:\/\/www.asajacyl.com\/palencia\/#website","url":"https:\/\/www.asajacyl.com\/palencia\/","name":"ASAJA Palencia","description":"Otro sitio m\u00e1s de Provincias ASAJA Castilla y Le\u00f3n","potentialAction":[{"@type":"SearchAction","target":{"@type":"EntryPoint","urlTemplate":"https:\/\/www.asajacyl.com\/palencia\/?s={search_term_string}"},"query-input":{"@type":"PropertyValueSpecification","valueRequired":true,"valueName":"search_term_string"}}],"inLanguage":"es"},{"@type":"Person","@id":"https:\/\/www.asajacyl.com\/palencia\/#\/schema\/person\/3ab17aeb03527485c317557fae64aab1","name":"Administrador","image":{"@type":"ImageObject","inLanguage":"es","@id":"https:\/\/www.asajacyl.com\/palencia\/#\/schema\/person\/image\/","url":"https:\/\/secure.gravatar.com\/avatar\/517384810d242ca9e38c180f3c9fb973?s=96&d=mm&r=g","contentUrl":"https:\/\/secure.gravatar.com\/avatar\/517384810d242ca9e38c180f3c9fb973?s=96&d=mm&r=g","caption":"Administrador"},"url":"https:\/\/www.asajacyl.com\/palencia\/author\/carlosrm"}]}},"_links":{"self":[{"href":"https:\/\/www.asajacyl.com\/palencia\/wp-json\/wp\/v2\/posts\/5981"}],"collection":[{"href":"https:\/\/www.asajacyl.com\/palencia\/wp-json\/wp\/v2\/posts"}],"about":[{"href":"https:\/\/www.asajacyl.com\/palencia\/wp-json\/wp\/v2\/types\/post"}],"author":[{"embeddable":true,"href":"https:\/\/www.asajacyl.com\/palencia\/wp-json\/wp\/v2\/users\/9"}],"replies":[{"embeddable":true,"href":"https:\/\/www.asajacyl.com\/palencia\/wp-json\/wp\/v2\/comments?post=5981"}],"version-history":[{"count":1,"href":"https:\/\/www.asajacyl.com\/palencia\/wp-json\/wp\/v2\/posts\/5981\/revisions"}],"predecessor-version":[{"id":5983,"href":"https:\/\/www.asajacyl.com\/palencia\/wp-json\/wp\/v2\/posts\/5981\/revisions\/5983"}],"wp:featuredmedia":[{"embeddable":true,"href":"https:\/\/www.asajacyl.com\/palencia\/wp-json\/wp\/v2\/media\/5982"}],"wp:attachment":[{"href":"https:\/\/www.asajacyl.com\/palencia\/wp-json\/wp\/v2\/media?parent=5981"}],"wp:term":[{"taxonomy":"category","embeddable":true,"href":"https:\/\/www.asajacyl.com\/palencia\/wp-json\/wp\/v2\/categories?post=5981"},{"taxonomy":"post_tag","embeddable":true,"href":"https:\/\/www.asajacyl.com\/palencia\/wp-json\/wp\/v2\/tags?post=5981"}],"curies":[{"name":"wp","href":"https:\/\/api.w.org\/{rel}","templated":true}]}}