{"id":5994,"date":"2019-03-06T14:44:14","date_gmt":"2019-03-06T13:44:14","guid":{"rendered":"https:\/\/www.asajacyl.com\/palencia\/?p=5994"},"modified":"2019-03-28T13:19:24","modified_gmt":"2019-03-28T12:19:24","slug":"asaja-pide-se-prorroguen-los-programas-agroambientales-enlazar-la-nueva-pac","status":"publish","type":"post","link":"https:\/\/www.asajacyl.com\/palencia\/asaja-palencia-informa\/asaja-pide-se-prorroguen-los-programas-agroambientales-enlazar-la-nueva-pac","title":{"rendered":"ASAJA pide que se prorroguen los programas agroambientales hasta enlazar con la nueva PAC"},"content":{"rendered":"<p>ASAJA de Castilla y Le\u00f3n le ha pedido a la consejera de Agricultura y Ganader\u00eda, Milagros Marcos, que su departamento prorrogue los programas agroambientales, que en estos momentos tienen suscritos los agricultores y ganaderos, por anualidades sucesivas hasta la aprobaci\u00f3n de la nueva PAC y en consecuencia el nuevo Programa de Desarrollo Rural.<\/p>\n<p>Muchos agricultores y ganaderos han entrado ya en el quinto y \u00faltimo a\u00f1o de los compromisos de estos programas agroambientales, y parece razonable que no se vean interrumpidos por retrasos en la nueva PAC, continuando as\u00ed con la ejecuci\u00f3n de medidas beneficiosas para el clima y el medio ambiente a cambio de una compensaci\u00f3n tanto por los mayores costes como por los menores ingresos consecuencia de determinadas pr\u00e1cticas que hay que llevar a cabo.<\/p>\n<p>La pr\u00f3rroga de los programas agroambientales hasta enlazar con la puesta en marcha del nuevo Programa de Desarrollo Rural ha sido una pr\u00e1ctica habitual en etapas anteriores, por lo que ASAJA entiende que esta petici\u00f3n ser\u00e1 atendida.<\/p>\n<p>La l\u00edneas de ayudas afectadas son las de \u201cAgroecosistemas extensivos de secano en humedales de importancia internacional\u201d, \u201cApicultura para la mejora de la biodiversidad\u201d, \u201cAprovechamiento forrajero extensivo mediante pastoreo con ganado ovino y\/o caprino\u201d, \u201cCultivos agroindustriales sostenibles\u201d, \u201cCultivos permanentes en paisajes singulares\u201d, \u201cGesti\u00f3n sostenible de superficies forrajeras pastables y apoyo a los sistemas tradicionales de pastoreo trashumante\u201d, \u201c Producci\u00f3n integrada\u201d, \u201c Mantenimiento de razas aut\u00f3ctonas puras en peligro de extinci\u00f3n\u201d y \u201cAgricultura ecol\u00f3gica\u201d.<\/p>\n<div class=\"mceTemp\"><\/div>\n<p><a href=\"https:\/\/www.asajacyl.com\/palencia\/wp-content\/uploads\/sites\/3\/2019\/03\/foto-pag-18.jpg\"><img loading=\"lazy\" decoding=\"async\" class=\"alignnone wp-image-5995 size-medium\" src=\"https:\/\/www.asajacyl.com\/palencia\/wp-content\/uploads\/sites\/3\/2019\/03\/foto-pag-18-300x225.jpg\" alt=\"\" width=\"300\" height=\"225\" srcset=\"https:\/\/www.asajacyl.com\/palencia\/wp-content\/uploads\/sites\/3\/2019\/03\/foto-pag-18-300x225.jpg 300w, https:\/\/www.asajacyl.com\/palencia\/wp-content\/uploads\/sites\/3\/2019\/03\/foto-pag-18-768x576.jpg 768w, https:\/\/www.asajacyl.com\/palencia\/wp-content\/uploads\/sites\/3\/2019\/03\/foto-pag-18-1024x768.jpg 1024w, https:\/\/www.asajacyl.com\/palencia\/wp-content\/uploads\/sites\/3\/2019\/03\/foto-pag-18-80x60.jpg 80w, https:\/\/www.asajacyl.com\/palencia\/wp-content\/uploads\/sites\/3\/2019\/03\/foto-pag-18-696x522.jpg 696w, https:\/\/www.asajacyl.com\/palencia\/wp-content\/uploads\/sites\/3\/2019\/03\/foto-pag-18-1068x801.jpg 1068w, https:\/\/www.asajacyl.com\/palencia\/wp-content\/uploads\/sites\/3\/2019\/03\/foto-pag-18-560x420.jpg 560w, https:\/\/www.asajacyl.com\/palencia\/wp-content\/uploads\/sites\/3\/2019\/03\/foto-pag-18-1920x1440.jpg 1920w\" sizes=\"(max-width: 300px) 100vw, 300px\" \/><\/a><\/p>\n","protected":false},"excerpt":{"rendered":"<p>ASAJA de Castilla y Le\u00f3n le ha pedido a la consejera de Agricultura y Ganader\u00eda, Milagros Marcos, que su departamento prorrogue los programas agroambientales, que en estos momentos tienen suscritos los agricultores y ganaderos, por anualidades sucesivas hasta la aprobaci\u00f3n de la nueva PAC y en consecuencia el nuevo Programa de Desarrollo Rural. Muchos agricultores [&hellip;]<\/p>\n","protected":false},"author":9,"featured_media":5995,"comment_status":"open","ping_status":"open","sticky":false,"template":"","format":"standard","meta":{"footnotes":""},"categories":[9,28],"tags":[],"yoast_head":"<!-- This site is optimized with the Yoast SEO plugin v24.5 - https:\/\/yoast.com\/wordpress\/plugins\/seo\/ -->\n<title>ASAJA pide que se prorroguen los programas agroambientales hasta enlazar con la nueva PAC - ASAJA Palencia<\/title>\n<meta name=\"description\" content=\"ASAJA de Castilla y Le\u00f3n le ha pedido a la consejera de Agricultura y Ganader\u00eda, Milagros Marcos, que su departamento prorrogue los programas\" \/>\n<meta name=\"robots\" content=\"index, follow, max-snippet:-1, max-image-preview:large, max-video-preview:-1\" \/>\n<link rel=\"canonical\" href=\"https:\/\/www.asajacyl.com\/palencia\/asaja-palencia-informa\/asaja-pide-se-prorroguen-los-programas-agroambientales-enlazar-la-nueva-pac\" \/>\n<meta property=\"og:locale\" content=\"es_ES\" \/>\n<meta property=\"og:type\" content=\"article\" \/>\n<meta property=\"og:title\" content=\"ASAJA pide que se prorroguen los programas agroambientales hasta enlazar con la nueva PAC - ASAJA Palencia\" \/>\n<meta property=\"og:description\" content=\"ASAJA de Castilla y Le\u00f3n le ha pedido a la consejera de Agricultura y Ganader\u00eda, Milagros Marcos, que su departamento prorrogue los programas\" \/>\n<meta property=\"og:url\" content=\"https:\/\/www.asajacyl.com\/palencia\/asaja-palencia-informa\/asaja-pide-se-prorroguen-los-programas-agroambientales-enlazar-la-nueva-pac\" \/>\n<meta property=\"og:site_name\" content=\"ASAJA Palencia\" \/>\n<meta property=\"article:published_time\" content=\"2019-03-06T13:44:14+00:00\" \/>\n<meta property=\"article:modified_time\" content=\"2019-03-28T12:19:24+00:00\" \/>\n<meta property=\"og:image\" content=\"https:\/\/www.asajacyl.com\/palencia\/wp-content\/uploads\/sites\/3\/2019\/03\/foto-pag-18.jpg\" \/>\n\t<meta property=\"og:image:width\" content=\"2500\" \/>\n\t<meta property=\"og:image:height\" content=\"1875\" \/>\n\t<meta property=\"og:image:type\" content=\"image\/jpeg\" \/>\n<meta name=\"author\" content=\"Administrador\" \/>\n<meta name=\"twitter:card\" content=\"summary_large_image\" \/>\n<meta name=\"twitter:label1\" content=\"Escrito por\" \/>\n\t<meta name=\"twitter:data1\" content=\"Administrador\" \/>\n\t<meta name=\"twitter:label2\" content=\"Tiempo de lectura\" \/>\n\t<meta name=\"twitter:data2\" content=\"1 minuto\" \/>\n<script type=\"application\/ld+json\" class=\"yoast-schema-graph\">{\"@context\":\"https:\/\/schema.org\",\"@graph\":[{\"@type\":\"WebPage\",\"@id\":\"https:\/\/www.asajacyl.com\/palencia\/asaja-palencia-informa\/asaja-pide-se-prorroguen-los-programas-agroambientales-enlazar-la-nueva-pac\",\"url\":\"https:\/\/www.asajacyl.com\/palencia\/asaja-palencia-informa\/asaja-pide-se-prorroguen-los-programas-agroambientales-enlazar-la-nueva-pac\",\"name\":\"ASAJA pide que se prorroguen los programas agroambientales hasta enlazar con la nueva PAC - ASAJA Palencia\",\"isPartOf\":{\"@id\":\"https:\/\/www.asajacyl.com\/palencia\/#website\"},\"primaryImageOfPage\":{\"@id\":\"https:\/\/www.asajacyl.com\/palencia\/asaja-palencia-informa\/asaja-pide-se-prorroguen-los-programas-agroambientales-enlazar-la-nueva-pac#primaryimage\"},\"image\":{\"@id\":\"https:\/\/www.asajacyl.com\/palencia\/asaja-palencia-informa\/asaja-pide-se-prorroguen-los-programas-agroambientales-enlazar-la-nueva-pac#primaryimage\"},\"thumbnailUrl\":\"https:\/\/www.asajacyl.com\/palencia\/wp-content\/uploads\/sites\/3\/2019\/03\/foto-pag-18.jpg\",\"datePublished\":\"2019-03-06T13:44:14+00:00\",\"dateModified\":\"2019-03-28T12:19:24+00:00\",\"author\":{\"@id\":\"https:\/\/www.asajacyl.com\/palencia\/#\/schema\/person\/3ab17aeb03527485c317557fae64aab1\"},\"description\":\"ASAJA de Castilla y Le\u00f3n le ha pedido a la consejera de Agricultura y Ganader\u00eda, Milagros Marcos, que su departamento prorrogue los programas\",\"breadcrumb\":{\"@id\":\"https:\/\/www.asajacyl.com\/palencia\/asaja-palencia-informa\/asaja-pide-se-prorroguen-los-programas-agroambientales-enlazar-la-nueva-pac#breadcrumb\"},\"inLanguage\":\"es\",\"potentialAction\":[{\"@type\":\"ReadAction\",\"target\":[\"https:\/\/www.asajacyl.com\/palencia\/asaja-palencia-informa\/asaja-pide-se-prorroguen-los-programas-agroambientales-enlazar-la-nueva-pac\"]}]},{\"@type\":\"ImageObject\",\"inLanguage\":\"es\",\"@id\":\"https:\/\/www.asajacyl.com\/palencia\/asaja-palencia-informa\/asaja-pide-se-prorroguen-los-programas-agroambientales-enlazar-la-nueva-pac#primaryimage\",\"url\":\"https:\/\/www.asajacyl.com\/palencia\/wp-content\/uploads\/sites\/3\/2019\/03\/foto-pag-18.jpg\",\"contentUrl\":\"https:\/\/www.asajacyl.com\/palencia\/wp-content\/uploads\/sites\/3\/2019\/03\/foto-pag-18.jpg\",\"width\":2500,\"height\":1875,\"caption\":\"SAMSUNG DIGITAL CAMERA\"},{\"@type\":\"BreadcrumbList\",\"@id\":\"https:\/\/www.asajacyl.com\/palencia\/asaja-palencia-informa\/asaja-pide-se-prorroguen-los-programas-agroambientales-enlazar-la-nueva-pac#breadcrumb\",\"itemListElement\":[{\"@type\":\"ListItem\",\"position\":1,\"name\":\"Portada\",\"item\":\"https:\/\/www.asajacyl.com\/palencia\/\"},{\"@type\":\"ListItem\",\"position\":2,\"name\":\"ASAJA pide que se prorroguen los programas agroambientales hasta enlazar con la nueva PAC\"}]},{\"@type\":\"WebSite\",\"@id\":\"https:\/\/www.asajacyl.com\/palencia\/#website\",\"url\":\"https:\/\/www.asajacyl.com\/palencia\/\",\"name\":\"ASAJA Palencia\",\"description\":\"Otro sitio m\u00e1s de Provincias ASAJA Castilla y Le\u00f3n\",\"potentialAction\":[{\"@type\":\"SearchAction\",\"target\":{\"@type\":\"EntryPoint\",\"urlTemplate\":\"https:\/\/www.asajacyl.com\/palencia\/?s={search_term_string}\"},\"query-input\":{\"@type\":\"PropertyValueSpecification\",\"valueRequired\":true,\"valueName\":\"search_term_string\"}}],\"inLanguage\":\"es\"},{\"@type\":\"Person\",\"@id\":\"https:\/\/www.asajacyl.com\/palencia\/#\/schema\/person\/3ab17aeb03527485c317557fae64aab1\",\"name\":\"Administrador\",\"image\":{\"@type\":\"ImageObject\",\"inLanguage\":\"es\",\"@id\":\"https:\/\/www.asajacyl.com\/palencia\/#\/schema\/person\/image\/\",\"url\":\"https:\/\/secure.gravatar.com\/avatar\/517384810d242ca9e38c180f3c9fb973?s=96&d=mm&r=g\",\"contentUrl\":\"https:\/\/secure.gravatar.com\/avatar\/517384810d242ca9e38c180f3c9fb973?s=96&d=mm&r=g\",\"caption\":\"Administrador\"},\"url\":\"https:\/\/www.asajacyl.com\/palencia\/author\/carlosrm\"}]}<\/script>\n<!-- \/ Yoast SEO plugin. -->","yoast_head_json":{"title":"ASAJA pide que se prorroguen los programas agroambientales hasta enlazar con la nueva PAC - ASAJA Palencia","description":"ASAJA de Castilla y Le\u00f3n le ha pedido a la consejera de Agricultura y Ganader\u00eda, Milagros Marcos, que su departamento prorrogue los programas","robots":{"index":"index","follow":"follow","max-snippet":"max-snippet:-1","max-image-preview":"max-image-preview:large","max-video-preview":"max-video-preview:-1"},"canonical":"https:\/\/www.asajacyl.com\/palencia\/asaja-palencia-informa\/asaja-pide-se-prorroguen-los-programas-agroambientales-enlazar-la-nueva-pac","og_locale":"es_ES","og_type":"article","og_title":"ASAJA pide que se prorroguen los programas agroambientales hasta enlazar con la nueva PAC - ASAJA Palencia","og_description":"ASAJA de Castilla y Le\u00f3n le ha pedido a la consejera de Agricultura y Ganader\u00eda, Milagros Marcos, que su departamento prorrogue los programas","og_url":"https:\/\/www.asajacyl.com\/palencia\/asaja-palencia-informa\/asaja-pide-se-prorroguen-los-programas-agroambientales-enlazar-la-nueva-pac","og_site_name":"ASAJA Palencia","article_published_time":"2019-03-06T13:44:14+00:00","article_modified_time":"2019-03-28T12:19:24+00:00","og_image":[{"width":2500,"height":1875,"url":"https:\/\/www.asajacyl.com\/palencia\/wp-content\/uploads\/sites\/3\/2019\/03\/foto-pag-18.jpg","type":"image\/jpeg"}],"author":"Administrador","twitter_card":"summary_large_image","twitter_misc":{"Escrito por":"Administrador","Tiempo de lectura":"1 minuto"},"schema":{"@context":"https:\/\/schema.org","@graph":[{"@type":"WebPage","@id":"https:\/\/www.asajacyl.com\/palencia\/asaja-palencia-informa\/asaja-pide-se-prorroguen-los-programas-agroambientales-enlazar-la-nueva-pac","url":"https:\/\/www.asajacyl.com\/palencia\/asaja-palencia-informa\/asaja-pide-se-prorroguen-los-programas-agroambientales-enlazar-la-nueva-pac","name":"ASAJA pide que se prorroguen los programas agroambientales hasta enlazar con la nueva PAC - ASAJA Palencia","isPartOf":{"@id":"https:\/\/www.asajacyl.com\/palencia\/#website"},"primaryImageOfPage":{"@id":"https:\/\/www.asajacyl.com\/palencia\/asaja-palencia-informa\/asaja-pide-se-prorroguen-los-programas-agroambientales-enlazar-la-nueva-pac#primaryimage"},"image":{"@id":"https:\/\/www.asajacyl.com\/palencia\/asaja-palencia-informa\/asaja-pide-se-prorroguen-los-programas-agroambientales-enlazar-la-nueva-pac#primaryimage"},"thumbnailUrl":"https:\/\/www.asajacyl.com\/palencia\/wp-content\/uploads\/sites\/3\/2019\/03\/foto-pag-18.jpg","datePublished":"2019-03-06T13:44:14+00:00","dateModified":"2019-03-28T12:19:24+00:00","author":{"@id":"https:\/\/www.asajacyl.com\/palencia\/#\/schema\/person\/3ab17aeb03527485c317557fae64aab1"},"description":"ASAJA de Castilla y Le\u00f3n le ha pedido a la consejera de Agricultura y Ganader\u00eda, Milagros Marcos, que su departamento prorrogue los programas","breadcrumb":{"@id":"https:\/\/www.asajacyl.com\/palencia\/asaja-palencia-informa\/asaja-pide-se-prorroguen-los-programas-agroambientales-enlazar-la-nueva-pac#breadcrumb"},"inLanguage":"es","potentialAction":[{"@type":"ReadAction","target":["https:\/\/www.asajacyl.com\/palencia\/asaja-palencia-informa\/asaja-pide-se-prorroguen-los-programas-agroambientales-enlazar-la-nueva-pac"]}]},{"@type":"ImageObject","inLanguage":"es","@id":"https:\/\/www.asajacyl.com\/palencia\/asaja-palencia-informa\/asaja-pide-se-prorroguen-los-programas-agroambientales-enlazar-la-nueva-pac#primaryimage","url":"https:\/\/www.asajacyl.com\/palencia\/wp-content\/uploads\/sites\/3\/2019\/03\/foto-pag-18.jpg","contentUrl":"https:\/\/www.asajacyl.com\/palencia\/wp-content\/uploads\/sites\/3\/2019\/03\/foto-pag-18.jpg","width":2500,"height":1875,"caption":"SAMSUNG DIGITAL CAMERA"},{"@type":"BreadcrumbList","@id":"https:\/\/www.asajacyl.com\/palencia\/asaja-palencia-informa\/asaja-pide-se-prorroguen-los-programas-agroambientales-enlazar-la-nueva-pac#breadcrumb","itemListElement":[{"@type":"ListItem","position":1,"name":"Portada","item":"https:\/\/www.asajacyl.com\/palencia\/"},{"@type":"ListItem","position":2,"name":"ASAJA pide que se prorroguen los programas agroambientales hasta enlazar con la nueva PAC"}]},{"@type":"WebSite","@id":"https:\/\/www.asajacyl.com\/palencia\/#website","url":"https:\/\/www.asajacyl.com\/palencia\/","name":"ASAJA Palencia","description":"Otro sitio m\u00e1s de Provincias ASAJA Castilla y Le\u00f3n","potentialAction":[{"@type":"SearchAction","target":{"@type":"EntryPoint","urlTemplate":"https:\/\/www.asajacyl.com\/palencia\/?s={search_term_string}"},"query-input":{"@type":"PropertyValueSpecification","valueRequired":true,"valueName":"search_term_string"}}],"inLanguage":"es"},{"@type":"Person","@id":"https:\/\/www.asajacyl.com\/palencia\/#\/schema\/person\/3ab17aeb03527485c317557fae64aab1","name":"Administrador","image":{"@type":"ImageObject","inLanguage":"es","@id":"https:\/\/www.asajacyl.com\/palencia\/#\/schema\/person\/image\/","url":"https:\/\/secure.gravatar.com\/avatar\/517384810d242ca9e38c180f3c9fb973?s=96&d=mm&r=g","contentUrl":"https:\/\/secure.gravatar.com\/avatar\/517384810d242ca9e38c180f3c9fb973?s=96&d=mm&r=g","caption":"Administrador"},"url":"https:\/\/www.asajacyl.com\/palencia\/author\/carlosrm"}]}},"_links":{"self":[{"href":"https:\/\/www.asajacyl.com\/palencia\/wp-json\/wp\/v2\/posts\/5994"}],"collection":[{"href":"https:\/\/www.asajacyl.com\/palencia\/wp-json\/wp\/v2\/posts"}],"about":[{"href":"https:\/\/www.asajacyl.com\/palencia\/wp-json\/wp\/v2\/types\/post"}],"author":[{"embeddable":true,"href":"https:\/\/www.asajacyl.com\/palencia\/wp-json\/wp\/v2\/users\/9"}],"replies":[{"embeddable":true,"href":"https:\/\/www.asajacyl.com\/palencia\/wp-json\/wp\/v2\/comments?post=5994"}],"version-history":[{"count":1,"href":"https:\/\/www.asajacyl.com\/palencia\/wp-json\/wp\/v2\/posts\/5994\/revisions"}],"predecessor-version":[{"id":5996,"href":"https:\/\/www.asajacyl.com\/palencia\/wp-json\/wp\/v2\/posts\/5994\/revisions\/5996"}],"wp:featuredmedia":[{"embeddable":true,"href":"https:\/\/www.asajacyl.com\/palencia\/wp-json\/wp\/v2\/media\/5995"}],"wp:attachment":[{"href":"https:\/\/www.asajacyl.com\/palencia\/wp-json\/wp\/v2\/media?parent=5994"}],"wp:term":[{"taxonomy":"category","embeddable":true,"href":"https:\/\/www.asajacyl.com\/palencia\/wp-json\/wp\/v2\/categories?post=5994"},{"taxonomy":"post_tag","embeddable":true,"href":"https:\/\/www.asajacyl.com\/palencia\/wp-json\/wp\/v2\/tags?post=5994"}],"curies":[{"name":"wp","href":"https:\/\/api.w.org\/{rel}","templated":true}]}}