{"id":6018,"date":"2019-03-08T13:06:56","date_gmt":"2019-03-08T12:06:56","guid":{"rendered":"https:\/\/www.asajacyl.com\/palencia\/?p=6018"},"modified":"2019-03-08T13:06:56","modified_gmt":"2019-03-08T12:06:56","slug":"asaja-palencia-celebra-asamblea-general-19-marzo-magaz","status":"publish","type":"post","link":"https:\/\/www.asajacyl.com\/palencia\/servicios-socio\/circulares\/asaja-palencia-celebra-asamblea-general-19-marzo-magaz","title":{"rendered":"ASAJA Palencia celebra su asamblea general el 19 de marzo en Magaz"},"content":{"rendered":"<h3>Es imprescindible inscribirse para poder asistir<\/h3>\n<p>ASAJA Palencia celebra su asamblea general ordinaria de 2019 el pr\u00f3ximo d\u00eda 19 de marzo, martes, en el Hotel Europa Centro de Magaz de Pisuerga.<\/p>\n<p>La jornada comenzar\u00e1 a las 10,30 con la acreditaci\u00f3n de los participantes, y a las 11 horas tendr\u00e1 lugar una conferencia a cargo de Syngenta titulada \u00abEstrategia para el control de las principales enfermedades en el cereal\u00bb. A continuaci\u00f3n se desarrollar\u00e1 otra ponencia, a cargo de Pioneer, sobre \u00abNuevas tecnolog\u00edas en la mejora gen\u00e9tica de girasol\u00bb.<\/p>\n<p>La Asamblea General comenzar\u00e1 a las 11,50\u00a0 horas para aprobar el ejercicio econ\u00f3mico de 2018 y el presupuesto ordinario para 2019. Al final habr\u00e1 un sorteo de viajes.<\/p>\n<p>ASAJA recuerda que es imprescindible inscribirse para poder asistir.<\/p>\n","protected":false},"excerpt":{"rendered":"<p>Es imprescindible inscribirse para poder asistir ASAJA Palencia celebra su asamblea general ordinaria de 2019 el pr\u00f3ximo d\u00eda 19 de marzo, martes, en el Hotel Europa Centro de Magaz de Pisuerga. La jornada comenzar\u00e1 a las 10,30 con la acreditaci\u00f3n de los participantes, y a las 11 horas tendr\u00e1 lugar una conferencia a cargo de [&hellip;]<\/p>\n","protected":false},"author":9,"featured_media":1176,"comment_status":"open","ping_status":"open","sticky":false,"template":"","format":"standard","meta":{"footnotes":""},"categories":[38],"tags":[],"yoast_head":"<!-- This site is optimized with the Yoast SEO plugin v24.5 - https:\/\/yoast.com\/wordpress\/plugins\/seo\/ -->\n<title>ASAJA Palencia celebra su asamblea general el 19 de marzo en Magaz - ASAJA Palencia<\/title>\n<meta name=\"description\" content=\"Es imprescindible inscribirse para poder asistir ASAJA Palencia celebra su asamblea general ordinaria de 2019 el pr\u00f3ximo d\u00eda 19 de marzo, martes, en el\" \/>\n<meta name=\"robots\" content=\"index, follow, max-snippet:-1, max-image-preview:large, max-video-preview:-1\" \/>\n<link rel=\"canonical\" href=\"https:\/\/www.asajacyl.com\/palencia\/servicios-socio\/circulares\/asaja-palencia-celebra-asamblea-general-19-marzo-magaz\" \/>\n<meta property=\"og:locale\" content=\"es_ES\" \/>\n<meta property=\"og:type\" content=\"article\" \/>\n<meta property=\"og:title\" content=\"ASAJA Palencia celebra su asamblea general el 19 de marzo en Magaz - ASAJA Palencia\" \/>\n<meta property=\"og:description\" content=\"Es imprescindible inscribirse para poder asistir ASAJA Palencia celebra su asamblea general ordinaria de 2019 el pr\u00f3ximo d\u00eda 19 de marzo, martes, en el\" \/>\n<meta property=\"og:url\" content=\"https:\/\/www.asajacyl.com\/palencia\/servicios-socio\/circulares\/asaja-palencia-celebra-asamblea-general-19-marzo-magaz\" \/>\n<meta property=\"og:site_name\" content=\"ASAJA Palencia\" \/>\n<meta property=\"article:published_time\" content=\"2019-03-08T12:06:56+00:00\" \/>\n<meta property=\"og:image\" content=\"https:\/\/www.asajacyl.com\/palencia\/wp-content\/uploads\/sites\/3\/2017\/11\/im_predefinida_1920x1080.jpg\" \/>\n\t<meta property=\"og:image:width\" content=\"1920\" \/>\n\t<meta property=\"og:image:height\" content=\"1080\" \/>\n\t<meta property=\"og:image:type\" content=\"image\/jpeg\" \/>\n<meta name=\"author\" content=\"Administrador\" \/>\n<meta name=\"twitter:card\" content=\"summary_large_image\" \/>\n<meta name=\"twitter:label1\" content=\"Escrito por\" \/>\n\t<meta name=\"twitter:data1\" content=\"Administrador\" \/>\n\t<meta name=\"twitter:label2\" content=\"Tiempo de lectura\" \/>\n\t<meta name=\"twitter:data2\" content=\"1 minuto\" \/>\n<script type=\"application\/ld+json\" class=\"yoast-schema-graph\">{\"@context\":\"https:\/\/schema.org\",\"@graph\":[{\"@type\":\"WebPage\",\"@id\":\"https:\/\/www.asajacyl.com\/palencia\/servicios-socio\/circulares\/asaja-palencia-celebra-asamblea-general-19-marzo-magaz\",\"url\":\"https:\/\/www.asajacyl.com\/palencia\/servicios-socio\/circulares\/asaja-palencia-celebra-asamblea-general-19-marzo-magaz\",\"name\":\"ASAJA Palencia celebra su asamblea general el 19 de marzo en Magaz - ASAJA Palencia\",\"isPartOf\":{\"@id\":\"https:\/\/www.asajacyl.com\/palencia\/#website\"},\"primaryImageOfPage\":{\"@id\":\"https:\/\/www.asajacyl.com\/palencia\/servicios-socio\/circulares\/asaja-palencia-celebra-asamblea-general-19-marzo-magaz#primaryimage\"},\"image\":{\"@id\":\"https:\/\/www.asajacyl.com\/palencia\/servicios-socio\/circulares\/asaja-palencia-celebra-asamblea-general-19-marzo-magaz#primaryimage\"},\"thumbnailUrl\":\"\",\"datePublished\":\"2019-03-08T12:06:56+00:00\",\"author\":{\"@id\":\"https:\/\/www.asajacyl.com\/palencia\/#\/schema\/person\/3ab17aeb03527485c317557fae64aab1\"},\"description\":\"Es imprescindible inscribirse para poder asistir ASAJA Palencia celebra su asamblea general ordinaria de 2019 el pr\u00f3ximo d\u00eda 19 de marzo, martes, en el\",\"breadcrumb\":{\"@id\":\"https:\/\/www.asajacyl.com\/palencia\/servicios-socio\/circulares\/asaja-palencia-celebra-asamblea-general-19-marzo-magaz#breadcrumb\"},\"inLanguage\":\"es\",\"potentialAction\":[{\"@type\":\"ReadAction\",\"target\":[\"https:\/\/www.asajacyl.com\/palencia\/servicios-socio\/circulares\/asaja-palencia-celebra-asamblea-general-19-marzo-magaz\"]}]},{\"@type\":\"ImageObject\",\"inLanguage\":\"es\",\"@id\":\"https:\/\/www.asajacyl.com\/palencia\/servicios-socio\/circulares\/asaja-palencia-celebra-asamblea-general-19-marzo-magaz#primaryimage\",\"url\":\"\",\"contentUrl\":\"\"},{\"@type\":\"BreadcrumbList\",\"@id\":\"https:\/\/www.asajacyl.com\/palencia\/servicios-socio\/circulares\/asaja-palencia-celebra-asamblea-general-19-marzo-magaz#breadcrumb\",\"itemListElement\":[{\"@type\":\"ListItem\",\"position\":1,\"name\":\"Portada\",\"item\":\"https:\/\/www.asajacyl.com\/palencia\/\"},{\"@type\":\"ListItem\",\"position\":2,\"name\":\"ASAJA Palencia celebra su asamblea general el 19 de marzo en Magaz\"}]},{\"@type\":\"WebSite\",\"@id\":\"https:\/\/www.asajacyl.com\/palencia\/#website\",\"url\":\"https:\/\/www.asajacyl.com\/palencia\/\",\"name\":\"ASAJA Palencia\",\"description\":\"Otro sitio m\u00e1s de Provincias ASAJA Castilla y Le\u00f3n\",\"potentialAction\":[{\"@type\":\"SearchAction\",\"target\":{\"@type\":\"EntryPoint\",\"urlTemplate\":\"https:\/\/www.asajacyl.com\/palencia\/?s={search_term_string}\"},\"query-input\":{\"@type\":\"PropertyValueSpecification\",\"valueRequired\":true,\"valueName\":\"search_term_string\"}}],\"inLanguage\":\"es\"},{\"@type\":\"Person\",\"@id\":\"https:\/\/www.asajacyl.com\/palencia\/#\/schema\/person\/3ab17aeb03527485c317557fae64aab1\",\"name\":\"Administrador\",\"image\":{\"@type\":\"ImageObject\",\"inLanguage\":\"es\",\"@id\":\"https:\/\/www.asajacyl.com\/palencia\/#\/schema\/person\/image\/\",\"url\":\"https:\/\/secure.gravatar.com\/avatar\/517384810d242ca9e38c180f3c9fb973?s=96&d=mm&r=g\",\"contentUrl\":\"https:\/\/secure.gravatar.com\/avatar\/517384810d242ca9e38c180f3c9fb973?s=96&d=mm&r=g\",\"caption\":\"Administrador\"},\"url\":\"https:\/\/www.asajacyl.com\/palencia\/author\/carlosrm\"}]}<\/script>\n<!-- \/ Yoast SEO plugin. -->","yoast_head_json":{"title":"ASAJA Palencia celebra su asamblea general el 19 de marzo en Magaz - ASAJA Palencia","description":"Es imprescindible inscribirse para poder asistir ASAJA Palencia celebra su asamblea general ordinaria de 2019 el pr\u00f3ximo d\u00eda 19 de marzo, martes, en el","robots":{"index":"index","follow":"follow","max-snippet":"max-snippet:-1","max-image-preview":"max-image-preview:large","max-video-preview":"max-video-preview:-1"},"canonical":"https:\/\/www.asajacyl.com\/palencia\/servicios-socio\/circulares\/asaja-palencia-celebra-asamblea-general-19-marzo-magaz","og_locale":"es_ES","og_type":"article","og_title":"ASAJA Palencia celebra su asamblea general el 19 de marzo en Magaz - ASAJA Palencia","og_description":"Es imprescindible inscribirse para poder asistir ASAJA Palencia celebra su asamblea general ordinaria de 2019 el pr\u00f3ximo d\u00eda 19 de marzo, martes, en el","og_url":"https:\/\/www.asajacyl.com\/palencia\/servicios-socio\/circulares\/asaja-palencia-celebra-asamblea-general-19-marzo-magaz","og_site_name":"ASAJA Palencia","article_published_time":"2019-03-08T12:06:56+00:00","og_image":[{"width":1920,"height":1080,"url":"https:\/\/www.asajacyl.com\/palencia\/wp-content\/uploads\/sites\/3\/2017\/11\/im_predefinida_1920x1080.jpg","type":"image\/jpeg"}],"author":"Administrador","twitter_card":"summary_large_image","twitter_misc":{"Escrito por":"Administrador","Tiempo de lectura":"1 minuto"},"schema":{"@context":"https:\/\/schema.org","@graph":[{"@type":"WebPage","@id":"https:\/\/www.asajacyl.com\/palencia\/servicios-socio\/circulares\/asaja-palencia-celebra-asamblea-general-19-marzo-magaz","url":"https:\/\/www.asajacyl.com\/palencia\/servicios-socio\/circulares\/asaja-palencia-celebra-asamblea-general-19-marzo-magaz","name":"ASAJA Palencia celebra su asamblea general el 19 de marzo en Magaz - ASAJA Palencia","isPartOf":{"@id":"https:\/\/www.asajacyl.com\/palencia\/#website"},"primaryImageOfPage":{"@id":"https:\/\/www.asajacyl.com\/palencia\/servicios-socio\/circulares\/asaja-palencia-celebra-asamblea-general-19-marzo-magaz#primaryimage"},"image":{"@id":"https:\/\/www.asajacyl.com\/palencia\/servicios-socio\/circulares\/asaja-palencia-celebra-asamblea-general-19-marzo-magaz#primaryimage"},"thumbnailUrl":"","datePublished":"2019-03-08T12:06:56+00:00","author":{"@id":"https:\/\/www.asajacyl.com\/palencia\/#\/schema\/person\/3ab17aeb03527485c317557fae64aab1"},"description":"Es imprescindible inscribirse para poder asistir ASAJA Palencia celebra su asamblea general ordinaria de 2019 el pr\u00f3ximo d\u00eda 19 de marzo, martes, en el","breadcrumb":{"@id":"https:\/\/www.asajacyl.com\/palencia\/servicios-socio\/circulares\/asaja-palencia-celebra-asamblea-general-19-marzo-magaz#breadcrumb"},"inLanguage":"es","potentialAction":[{"@type":"ReadAction","target":["https:\/\/www.asajacyl.com\/palencia\/servicios-socio\/circulares\/asaja-palencia-celebra-asamblea-general-19-marzo-magaz"]}]},{"@type":"ImageObject","inLanguage":"es","@id":"https:\/\/www.asajacyl.com\/palencia\/servicios-socio\/circulares\/asaja-palencia-celebra-asamblea-general-19-marzo-magaz#primaryimage","url":"","contentUrl":""},{"@type":"BreadcrumbList","@id":"https:\/\/www.asajacyl.com\/palencia\/servicios-socio\/circulares\/asaja-palencia-celebra-asamblea-general-19-marzo-magaz#breadcrumb","itemListElement":[{"@type":"ListItem","position":1,"name":"Portada","item":"https:\/\/www.asajacyl.com\/palencia\/"},{"@type":"ListItem","position":2,"name":"ASAJA Palencia celebra su asamblea general el 19 de marzo en Magaz"}]},{"@type":"WebSite","@id":"https:\/\/www.asajacyl.com\/palencia\/#website","url":"https:\/\/www.asajacyl.com\/palencia\/","name":"ASAJA Palencia","description":"Otro sitio m\u00e1s de Provincias ASAJA Castilla y Le\u00f3n","potentialAction":[{"@type":"SearchAction","target":{"@type":"EntryPoint","urlTemplate":"https:\/\/www.asajacyl.com\/palencia\/?s={search_term_string}"},"query-input":{"@type":"PropertyValueSpecification","valueRequired":true,"valueName":"search_term_string"}}],"inLanguage":"es"},{"@type":"Person","@id":"https:\/\/www.asajacyl.com\/palencia\/#\/schema\/person\/3ab17aeb03527485c317557fae64aab1","name":"Administrador","image":{"@type":"ImageObject","inLanguage":"es","@id":"https:\/\/www.asajacyl.com\/palencia\/#\/schema\/person\/image\/","url":"https:\/\/secure.gravatar.com\/avatar\/517384810d242ca9e38c180f3c9fb973?s=96&d=mm&r=g","contentUrl":"https:\/\/secure.gravatar.com\/avatar\/517384810d242ca9e38c180f3c9fb973?s=96&d=mm&r=g","caption":"Administrador"},"url":"https:\/\/www.asajacyl.com\/palencia\/author\/carlosrm"}]}},"_links":{"self":[{"href":"https:\/\/www.asajacyl.com\/palencia\/wp-json\/wp\/v2\/posts\/6018"}],"collection":[{"href":"https:\/\/www.asajacyl.com\/palencia\/wp-json\/wp\/v2\/posts"}],"about":[{"href":"https:\/\/www.asajacyl.com\/palencia\/wp-json\/wp\/v2\/types\/post"}],"author":[{"embeddable":true,"href":"https:\/\/www.asajacyl.com\/palencia\/wp-json\/wp\/v2\/users\/9"}],"replies":[{"embeddable":true,"href":"https:\/\/www.asajacyl.com\/palencia\/wp-json\/wp\/v2\/comments?post=6018"}],"version-history":[{"count":1,"href":"https:\/\/www.asajacyl.com\/palencia\/wp-json\/wp\/v2\/posts\/6018\/revisions"}],"predecessor-version":[{"id":6019,"href":"https:\/\/www.asajacyl.com\/palencia\/wp-json\/wp\/v2\/posts\/6018\/revisions\/6019"}],"wp:featuredmedia":[{"embeddable":true,"href":"https:\/\/www.asajacyl.com\/palencia\/wp-json\/"}],"wp:attachment":[{"href":"https:\/\/www.asajacyl.com\/palencia\/wp-json\/wp\/v2\/media?parent=6018"}],"wp:term":[{"taxonomy":"category","embeddable":true,"href":"https:\/\/www.asajacyl.com\/palencia\/wp-json\/wp\/v2\/categories?post=6018"},{"taxonomy":"post_tag","embeddable":true,"href":"https:\/\/www.asajacyl.com\/palencia\/wp-json\/wp\/v2\/tags?post=6018"}],"curies":[{"name":"wp","href":"https:\/\/api.w.org\/{rel}","templated":true}]}}