{"id":6021,"date":"2019-03-12T13:00:13","date_gmt":"2019-03-12T12:00:13","guid":{"rendered":"https:\/\/www.asajacyl.com\/palencia\/?p=6021"},"modified":"2019-03-28T13:19:47","modified_gmt":"2019-03-28T12:19:47","slug":"asaja-pide-la-junta-abone-ya-las-ayudas-los-intereses-prestamos-la-sequia-pedidos-2017","status":"publish","type":"post","link":"https:\/\/www.asajacyl.com\/palencia\/asaja-palencia-informa\/asaja-pide-la-junta-abone-ya-las-ayudas-los-intereses-prestamos-la-sequia-pedidos-2017","title":{"rendered":"ASAJA pide a la Junta que abone ya las ayudas a los intereses de pr\u00e9stamos de la sequ\u00eda pedidos en 2017"},"content":{"rendered":"<h5>\u00a0ASAJA\u00a0le pide a la consejera de Agricultura y Ganader\u00eda, Milagros Marcos, que abone ya, y en todo caso antes de que finalice la legislatura, las ayudas solicitadas por los agricultores y ganaderos para cubrir los intereses de los pr\u00e9stamos solicitados con motivo de la sequ\u00eda del a\u00f1o 2017.<\/h5>\n<p>Los pr\u00e9stamos que est\u00e1n generando estos intereses subvencionables se suscribieron al amparo de la Orden AYG\/546\/2017, de 29 de junio,\u00a0<strong>siendo esta la medida estrella del Gobierno regional para hacer frente a la crisis del sector primario con motivo de la sequ\u00eda<\/strong>\u00a0que arras\u00f3 las cosechas y los pastos en el a\u00f1o 2017.<\/p>\n<p>En su momento ASAJA critic\u00f3 estas ayudas porque no estaban a la altura de las circunstancias, dado la catastr\u00f3fica campa\u00f1a agroganadera de ese a\u00f1o. Adem\u00e1s, los apoyos se enmarcaron en la l\u00ednea de pr\u00e9stamos SAECA, como cualquier campa\u00f1a, simplemente ampliando el presupuesto para poder llegar a m\u00e1s gente, pero con los mismos problemas y limitaciones, por lo que a miles de agricultores no se le concedieron por considerar la empresa p\u00fablica SAECA que no aportaban garant\u00edas suficientes para afrontar los pr\u00e9stamos.<\/p>\n<p>Adem\u00e1s, y tal como denunci\u00f3 la OPA, muchas entidades financieras exigieron condiciones para formalizar los pr\u00e9stamos por encima de las que figuraban en el convenio que hab\u00edan suscrito con la Junta de Castilla y Le\u00f3n. Estas ayudas para bonificar intereses se convocaron con la Orden de 5 de septiembre de 2018 de la Consejer\u00eda de Agricultura y Ganader\u00eda, con un presupuesto estimado de 10,7 millones de euros para las anualidades de 2018 a 2023.<\/p>\n<p>ASAJA considera que, si bien la Junta por lo general es diligente en el pago de las ayudas que provienen de fondos europeos, no lo es en igual medida cuando se trata de hacer efectivos los pocos compromisos econ\u00f3micos que cuelgan de presupuesto propio del Gobierno regional, como este caso que nos ocupa. Dadas las fechas en las que nos encontramos, todo parece indicar que la Junta comunicar\u00e1 a los beneficiarios la subvenci\u00f3n que le ha concedido en pleno periodo electoral, retrasando a su conveniencia sus obligaciones de pagar el dinero que debe.<\/p>\n<p><a href=\"https:\/\/www.asajacyl.com\/palencia\/wp-content\/uploads\/sites\/3\/2019\/03\/P1040810.jpg\"><img loading=\"lazy\" decoding=\"async\" class=\"alignnone size-medium wp-image-6022\" src=\"https:\/\/www.asajacyl.com\/palencia\/wp-content\/uploads\/sites\/3\/2019\/03\/P1040810-300x169.jpg\" alt=\"\" width=\"300\" height=\"169\" srcset=\"https:\/\/www.asajacyl.com\/palencia\/wp-content\/uploads\/sites\/3\/2019\/03\/P1040810-300x169.jpg 300w, https:\/\/www.asajacyl.com\/palencia\/wp-content\/uploads\/sites\/3\/2019\/03\/P1040810-768x432.jpg 768w, https:\/\/www.asajacyl.com\/palencia\/wp-content\/uploads\/sites\/3\/2019\/03\/P1040810-1024x576.jpg 1024w, https:\/\/www.asajacyl.com\/palencia\/wp-content\/uploads\/sites\/3\/2019\/03\/P1040810-696x391.jpg 696w, https:\/\/www.asajacyl.com\/palencia\/wp-content\/uploads\/sites\/3\/2019\/03\/P1040810-1068x601.jpg 1068w, https:\/\/www.asajacyl.com\/palencia\/wp-content\/uploads\/sites\/3\/2019\/03\/P1040810-747x420.jpg 747w, https:\/\/www.asajacyl.com\/palencia\/wp-content\/uploads\/sites\/3\/2019\/03\/P1040810-1920x1080.jpg 1920w\" sizes=\"(max-width: 300px) 100vw, 300px\" \/><\/a><\/p>\n","protected":false},"excerpt":{"rendered":"<p>\u00a0ASAJA\u00a0le pide a la consejera de Agricultura y Ganader\u00eda, Milagros Marcos, que abone ya, y en todo caso antes de que finalice la legislatura, las ayudas solicitadas por los agricultores y ganaderos para cubrir los intereses de los pr\u00e9stamos solicitados con motivo de la sequ\u00eda del a\u00f1o 2017. Los pr\u00e9stamos que est\u00e1n generando estos intereses [&hellip;]<\/p>\n","protected":false},"author":9,"featured_media":6022,"comment_status":"open","ping_status":"open","sticky":false,"template":"","format":"standard","meta":{"footnotes":""},"categories":[9,28],"tags":[],"yoast_head":"<!-- This site is optimized with the Yoast SEO plugin v24.5 - https:\/\/yoast.com\/wordpress\/plugins\/seo\/ -->\n<title>ASAJA pide a la Junta que abone ya las ayudas a los intereses de pr\u00e9stamos de la sequ\u00eda pedidos en 2017 - ASAJA Palencia<\/title>\n<meta name=\"description\" content=\"\u00a0ASAJA\u00a0le pide a la consejera de Agricultura y Ganader\u00eda, Milagros Marcos, que abone ya, y en todo caso antes de que finalice la legislatura, las ayudas\" \/>\n<meta name=\"robots\" content=\"index, follow, max-snippet:-1, max-image-preview:large, max-video-preview:-1\" \/>\n<link rel=\"canonical\" href=\"https:\/\/www.asajacyl.com\/palencia\/asaja-palencia-informa\/asaja-pide-la-junta-abone-ya-las-ayudas-los-intereses-prestamos-la-sequia-pedidos-2017\" \/>\n<meta property=\"og:locale\" content=\"es_ES\" \/>\n<meta property=\"og:type\" content=\"article\" \/>\n<meta property=\"og:title\" content=\"ASAJA pide a la Junta que abone ya las ayudas a los intereses de pr\u00e9stamos de la sequ\u00eda pedidos en 2017 - ASAJA Palencia\" \/>\n<meta property=\"og:description\" content=\"\u00a0ASAJA\u00a0le pide a la consejera de Agricultura y Ganader\u00eda, Milagros Marcos, que abone ya, y en todo caso antes de que finalice la legislatura, las ayudas\" \/>\n<meta property=\"og:url\" content=\"https:\/\/www.asajacyl.com\/palencia\/asaja-palencia-informa\/asaja-pide-la-junta-abone-ya-las-ayudas-los-intereses-prestamos-la-sequia-pedidos-2017\" \/>\n<meta property=\"og:site_name\" content=\"ASAJA Palencia\" \/>\n<meta property=\"article:published_time\" content=\"2019-03-12T12:00:13+00:00\" \/>\n<meta property=\"article:modified_time\" content=\"2019-03-28T12:19:47+00:00\" \/>\n<meta property=\"og:image\" content=\"https:\/\/www.asajacyl.com\/palencia\/wp-content\/uploads\/sites\/3\/2019\/03\/P1040810.jpg\" \/>\n\t<meta property=\"og:image:width\" content=\"2500\" \/>\n\t<meta property=\"og:image:height\" content=\"1406\" \/>\n\t<meta property=\"og:image:type\" content=\"image\/jpeg\" \/>\n<meta name=\"author\" content=\"Administrador\" \/>\n<meta name=\"twitter:card\" content=\"summary_large_image\" \/>\n<meta name=\"twitter:label1\" content=\"Escrito por\" \/>\n\t<meta name=\"twitter:data1\" content=\"Administrador\" \/>\n\t<meta name=\"twitter:label2\" content=\"Tiempo de lectura\" \/>\n\t<meta name=\"twitter:data2\" content=\"2 minutos\" \/>\n<script type=\"application\/ld+json\" class=\"yoast-schema-graph\">{\"@context\":\"https:\/\/schema.org\",\"@graph\":[{\"@type\":\"WebPage\",\"@id\":\"https:\/\/www.asajacyl.com\/palencia\/asaja-palencia-informa\/asaja-pide-la-junta-abone-ya-las-ayudas-los-intereses-prestamos-la-sequia-pedidos-2017\",\"url\":\"https:\/\/www.asajacyl.com\/palencia\/asaja-palencia-informa\/asaja-pide-la-junta-abone-ya-las-ayudas-los-intereses-prestamos-la-sequia-pedidos-2017\",\"name\":\"ASAJA pide a la Junta que abone ya las ayudas a los intereses de pr\u00e9stamos de la sequ\u00eda pedidos en 2017 - ASAJA Palencia\",\"isPartOf\":{\"@id\":\"https:\/\/www.asajacyl.com\/palencia\/#website\"},\"primaryImageOfPage\":{\"@id\":\"https:\/\/www.asajacyl.com\/palencia\/asaja-palencia-informa\/asaja-pide-la-junta-abone-ya-las-ayudas-los-intereses-prestamos-la-sequia-pedidos-2017#primaryimage\"},\"image\":{\"@id\":\"https:\/\/www.asajacyl.com\/palencia\/asaja-palencia-informa\/asaja-pide-la-junta-abone-ya-las-ayudas-los-intereses-prestamos-la-sequia-pedidos-2017#primaryimage\"},\"thumbnailUrl\":\"https:\/\/www.asajacyl.com\/palencia\/wp-content\/uploads\/sites\/3\/2019\/03\/P1040810.jpg\",\"datePublished\":\"2019-03-12T12:00:13+00:00\",\"dateModified\":\"2019-03-28T12:19:47+00:00\",\"author\":{\"@id\":\"https:\/\/www.asajacyl.com\/palencia\/#\/schema\/person\/3ab17aeb03527485c317557fae64aab1\"},\"description\":\"\u00a0ASAJA\u00a0le pide a la consejera de Agricultura y Ganader\u00eda, Milagros Marcos, que abone ya, y en todo caso antes de que finalice la legislatura, las ayudas\",\"breadcrumb\":{\"@id\":\"https:\/\/www.asajacyl.com\/palencia\/asaja-palencia-informa\/asaja-pide-la-junta-abone-ya-las-ayudas-los-intereses-prestamos-la-sequia-pedidos-2017#breadcrumb\"},\"inLanguage\":\"es\",\"potentialAction\":[{\"@type\":\"ReadAction\",\"target\":[\"https:\/\/www.asajacyl.com\/palencia\/asaja-palencia-informa\/asaja-pide-la-junta-abone-ya-las-ayudas-los-intereses-prestamos-la-sequia-pedidos-2017\"]}]},{\"@type\":\"ImageObject\",\"inLanguage\":\"es\",\"@id\":\"https:\/\/www.asajacyl.com\/palencia\/asaja-palencia-informa\/asaja-pide-la-junta-abone-ya-las-ayudas-los-intereses-prestamos-la-sequia-pedidos-2017#primaryimage\",\"url\":\"https:\/\/www.asajacyl.com\/palencia\/wp-content\/uploads\/sites\/3\/2019\/03\/P1040810.jpg\",\"contentUrl\":\"https:\/\/www.asajacyl.com\/palencia\/wp-content\/uploads\/sites\/3\/2019\/03\/P1040810.jpg\",\"width\":2500,\"height\":1406},{\"@type\":\"BreadcrumbList\",\"@id\":\"https:\/\/www.asajacyl.com\/palencia\/asaja-palencia-informa\/asaja-pide-la-junta-abone-ya-las-ayudas-los-intereses-prestamos-la-sequia-pedidos-2017#breadcrumb\",\"itemListElement\":[{\"@type\":\"ListItem\",\"position\":1,\"name\":\"Portada\",\"item\":\"https:\/\/www.asajacyl.com\/palencia\/\"},{\"@type\":\"ListItem\",\"position\":2,\"name\":\"ASAJA pide a la Junta que abone ya las ayudas a los intereses de pr\u00e9stamos de la sequ\u00eda pedidos en 2017\"}]},{\"@type\":\"WebSite\",\"@id\":\"https:\/\/www.asajacyl.com\/palencia\/#website\",\"url\":\"https:\/\/www.asajacyl.com\/palencia\/\",\"name\":\"ASAJA Palencia\",\"description\":\"Otro sitio m\u00e1s de Provincias ASAJA Castilla y Le\u00f3n\",\"potentialAction\":[{\"@type\":\"SearchAction\",\"target\":{\"@type\":\"EntryPoint\",\"urlTemplate\":\"https:\/\/www.asajacyl.com\/palencia\/?s={search_term_string}\"},\"query-input\":{\"@type\":\"PropertyValueSpecification\",\"valueRequired\":true,\"valueName\":\"search_term_string\"}}],\"inLanguage\":\"es\"},{\"@type\":\"Person\",\"@id\":\"https:\/\/www.asajacyl.com\/palencia\/#\/schema\/person\/3ab17aeb03527485c317557fae64aab1\",\"name\":\"Administrador\",\"image\":{\"@type\":\"ImageObject\",\"inLanguage\":\"es\",\"@id\":\"https:\/\/www.asajacyl.com\/palencia\/#\/schema\/person\/image\/\",\"url\":\"https:\/\/secure.gravatar.com\/avatar\/517384810d242ca9e38c180f3c9fb973?s=96&d=mm&r=g\",\"contentUrl\":\"https:\/\/secure.gravatar.com\/avatar\/517384810d242ca9e38c180f3c9fb973?s=96&d=mm&r=g\",\"caption\":\"Administrador\"},\"url\":\"https:\/\/www.asajacyl.com\/palencia\/author\/carlosrm\"}]}<\/script>\n<!-- \/ Yoast SEO plugin. -->","yoast_head_json":{"title":"ASAJA pide a la Junta que abone ya las ayudas a los intereses de pr\u00e9stamos de la sequ\u00eda pedidos en 2017 - ASAJA Palencia","description":"\u00a0ASAJA\u00a0le pide a la consejera de Agricultura y Ganader\u00eda, Milagros Marcos, que abone ya, y en todo caso antes de que finalice la legislatura, las ayudas","robots":{"index":"index","follow":"follow","max-snippet":"max-snippet:-1","max-image-preview":"max-image-preview:large","max-video-preview":"max-video-preview:-1"},"canonical":"https:\/\/www.asajacyl.com\/palencia\/asaja-palencia-informa\/asaja-pide-la-junta-abone-ya-las-ayudas-los-intereses-prestamos-la-sequia-pedidos-2017","og_locale":"es_ES","og_type":"article","og_title":"ASAJA pide a la Junta que abone ya las ayudas a los intereses de pr\u00e9stamos de la sequ\u00eda pedidos en 2017 - ASAJA Palencia","og_description":"\u00a0ASAJA\u00a0le pide a la consejera de Agricultura y Ganader\u00eda, Milagros Marcos, que abone ya, y en todo caso antes de que finalice la legislatura, las ayudas","og_url":"https:\/\/www.asajacyl.com\/palencia\/asaja-palencia-informa\/asaja-pide-la-junta-abone-ya-las-ayudas-los-intereses-prestamos-la-sequia-pedidos-2017","og_site_name":"ASAJA Palencia","article_published_time":"2019-03-12T12:00:13+00:00","article_modified_time":"2019-03-28T12:19:47+00:00","og_image":[{"width":2500,"height":1406,"url":"https:\/\/www.asajacyl.com\/palencia\/wp-content\/uploads\/sites\/3\/2019\/03\/P1040810.jpg","type":"image\/jpeg"}],"author":"Administrador","twitter_card":"summary_large_image","twitter_misc":{"Escrito por":"Administrador","Tiempo de lectura":"2 minutos"},"schema":{"@context":"https:\/\/schema.org","@graph":[{"@type":"WebPage","@id":"https:\/\/www.asajacyl.com\/palencia\/asaja-palencia-informa\/asaja-pide-la-junta-abone-ya-las-ayudas-los-intereses-prestamos-la-sequia-pedidos-2017","url":"https:\/\/www.asajacyl.com\/palencia\/asaja-palencia-informa\/asaja-pide-la-junta-abone-ya-las-ayudas-los-intereses-prestamos-la-sequia-pedidos-2017","name":"ASAJA pide a la Junta que abone ya las ayudas a los intereses de pr\u00e9stamos de la sequ\u00eda pedidos en 2017 - ASAJA Palencia","isPartOf":{"@id":"https:\/\/www.asajacyl.com\/palencia\/#website"},"primaryImageOfPage":{"@id":"https:\/\/www.asajacyl.com\/palencia\/asaja-palencia-informa\/asaja-pide-la-junta-abone-ya-las-ayudas-los-intereses-prestamos-la-sequia-pedidos-2017#primaryimage"},"image":{"@id":"https:\/\/www.asajacyl.com\/palencia\/asaja-palencia-informa\/asaja-pide-la-junta-abone-ya-las-ayudas-los-intereses-prestamos-la-sequia-pedidos-2017#primaryimage"},"thumbnailUrl":"https:\/\/www.asajacyl.com\/palencia\/wp-content\/uploads\/sites\/3\/2019\/03\/P1040810.jpg","datePublished":"2019-03-12T12:00:13+00:00","dateModified":"2019-03-28T12:19:47+00:00","author":{"@id":"https:\/\/www.asajacyl.com\/palencia\/#\/schema\/person\/3ab17aeb03527485c317557fae64aab1"},"description":"\u00a0ASAJA\u00a0le pide a la consejera de Agricultura y Ganader\u00eda, Milagros Marcos, que abone ya, y en todo caso antes de que finalice la legislatura, las ayudas","breadcrumb":{"@id":"https:\/\/www.asajacyl.com\/palencia\/asaja-palencia-informa\/asaja-pide-la-junta-abone-ya-las-ayudas-los-intereses-prestamos-la-sequia-pedidos-2017#breadcrumb"},"inLanguage":"es","potentialAction":[{"@type":"ReadAction","target":["https:\/\/www.asajacyl.com\/palencia\/asaja-palencia-informa\/asaja-pide-la-junta-abone-ya-las-ayudas-los-intereses-prestamos-la-sequia-pedidos-2017"]}]},{"@type":"ImageObject","inLanguage":"es","@id":"https:\/\/www.asajacyl.com\/palencia\/asaja-palencia-informa\/asaja-pide-la-junta-abone-ya-las-ayudas-los-intereses-prestamos-la-sequia-pedidos-2017#primaryimage","url":"https:\/\/www.asajacyl.com\/palencia\/wp-content\/uploads\/sites\/3\/2019\/03\/P1040810.jpg","contentUrl":"https:\/\/www.asajacyl.com\/palencia\/wp-content\/uploads\/sites\/3\/2019\/03\/P1040810.jpg","width":2500,"height":1406},{"@type":"BreadcrumbList","@id":"https:\/\/www.asajacyl.com\/palencia\/asaja-palencia-informa\/asaja-pide-la-junta-abone-ya-las-ayudas-los-intereses-prestamos-la-sequia-pedidos-2017#breadcrumb","itemListElement":[{"@type":"ListItem","position":1,"name":"Portada","item":"https:\/\/www.asajacyl.com\/palencia\/"},{"@type":"ListItem","position":2,"name":"ASAJA pide a la Junta que abone ya las ayudas a los intereses de pr\u00e9stamos de la sequ\u00eda pedidos en 2017"}]},{"@type":"WebSite","@id":"https:\/\/www.asajacyl.com\/palencia\/#website","url":"https:\/\/www.asajacyl.com\/palencia\/","name":"ASAJA Palencia","description":"Otro sitio m\u00e1s de Provincias ASAJA Castilla y Le\u00f3n","potentialAction":[{"@type":"SearchAction","target":{"@type":"EntryPoint","urlTemplate":"https:\/\/www.asajacyl.com\/palencia\/?s={search_term_string}"},"query-input":{"@type":"PropertyValueSpecification","valueRequired":true,"valueName":"search_term_string"}}],"inLanguage":"es"},{"@type":"Person","@id":"https:\/\/www.asajacyl.com\/palencia\/#\/schema\/person\/3ab17aeb03527485c317557fae64aab1","name":"Administrador","image":{"@type":"ImageObject","inLanguage":"es","@id":"https:\/\/www.asajacyl.com\/palencia\/#\/schema\/person\/image\/","url":"https:\/\/secure.gravatar.com\/avatar\/517384810d242ca9e38c180f3c9fb973?s=96&d=mm&r=g","contentUrl":"https:\/\/secure.gravatar.com\/avatar\/517384810d242ca9e38c180f3c9fb973?s=96&d=mm&r=g","caption":"Administrador"},"url":"https:\/\/www.asajacyl.com\/palencia\/author\/carlosrm"}]}},"_links":{"self":[{"href":"https:\/\/www.asajacyl.com\/palencia\/wp-json\/wp\/v2\/posts\/6021"}],"collection":[{"href":"https:\/\/www.asajacyl.com\/palencia\/wp-json\/wp\/v2\/posts"}],"about":[{"href":"https:\/\/www.asajacyl.com\/palencia\/wp-json\/wp\/v2\/types\/post"}],"author":[{"embeddable":true,"href":"https:\/\/www.asajacyl.com\/palencia\/wp-json\/wp\/v2\/users\/9"}],"replies":[{"embeddable":true,"href":"https:\/\/www.asajacyl.com\/palencia\/wp-json\/wp\/v2\/comments?post=6021"}],"version-history":[{"count":1,"href":"https:\/\/www.asajacyl.com\/palencia\/wp-json\/wp\/v2\/posts\/6021\/revisions"}],"predecessor-version":[{"id":6023,"href":"https:\/\/www.asajacyl.com\/palencia\/wp-json\/wp\/v2\/posts\/6021\/revisions\/6023"}],"wp:featuredmedia":[{"embeddable":true,"href":"https:\/\/www.asajacyl.com\/palencia\/wp-json\/wp\/v2\/media\/6022"}],"wp:attachment":[{"href":"https:\/\/www.asajacyl.com\/palencia\/wp-json\/wp\/v2\/media?parent=6021"}],"wp:term":[{"taxonomy":"category","embeddable":true,"href":"https:\/\/www.asajacyl.com\/palencia\/wp-json\/wp\/v2\/categories?post=6021"},{"taxonomy":"post_tag","embeddable":true,"href":"https:\/\/www.asajacyl.com\/palencia\/wp-json\/wp\/v2\/tags?post=6021"}],"curies":[{"name":"wp","href":"https:\/\/api.w.org\/{rel}","templated":true}]}}