{"id":6035,"date":"2019-03-19T15:11:27","date_gmt":"2019-03-19T14:11:27","guid":{"rendered":"https:\/\/www.asajacyl.com\/palencia\/?p=6035"},"modified":"2019-04-05T13:13:20","modified_gmt":"2019-04-05T11:13:20","slug":"presidente-asaja-recibe-respaldo-los-afiliados-la-asamblea-general","status":"publish","type":"post","link":"https:\/\/www.asajacyl.com\/palencia\/asaja-palencia-informa\/presidente-asaja-recibe-respaldo-los-afiliados-la-asamblea-general","title":{"rendered":"El presidente de ASAJA recibe el respaldo de los afiliados en la asamblea general"},"content":{"rendered":"<p>Poner fin a la crisis de ovino y del l\u00e1cteo, despejar las incertidumbres que ha sembrado Azucarera en el sector remolachero, cerrar la negociaci\u00f3n de la reforma de la PAC de una vez por todas y conseguir m\u00e1s presupuesto para el seguro agrario y la modernizaci\u00f3n de regad\u00edos, son los retos de futuro que tiene el campo en la provincia, seg\u00fan se\u00f1al\u00f3 hoy el presidente de ASAJA Palencia durante la celebraci\u00f3n de la Asamblea Anual en Magaz, a la que asisti\u00f3 el presidente regional, Donaciano Dujo.<\/p>\n<p>Honorato Meneses, que recibi\u00f3 el respaldo de los afiliados a su actuaci\u00f3n en ese \u00faltimo a\u00f1o, denunci\u00f3 los ataques de los grupos ecologistas que han provocado sentencias contrarias a los\u00a0 intereses del medio rural, como es el caso de la caza y la quema controlada de rastrojos.<\/p>\n<p>Sobre la campa\u00f1a agr\u00edcola Meneses se\u00f1al\u00f3 que de momento el campo de la provincia no est\u00e1 sufriendo la falta de agua que ya es un problema en otras provincias de Castilla y Le\u00f3n, aunque la escasa humedad del suelo ya est\u00e1 pidiendo lluvias para el buen desarrollo de la campa\u00f1a.<\/p>\n<p>Ante el a\u00f1o electoral que se presenta, el presidente de ASAJA pidi\u00f3 a los pol\u00edticos que demuestren sensibilidad con el sector y aconsej\u00f3 a los agricultores y ganaderos que participen de forma activa en la vida pol\u00edtica de sus municipios, porque son los aut\u00e9nticos conocedores de las necesidades de los ayuntamientos del medio rural.<\/p>\n<p>Meneses asegur\u00f3 que el agrario es un sector clave para la econom\u00eda. \u00abTenemos futuro, pero necesitamos el apoyo de los pol\u00edticos\u00bb, se\u00f1al\u00f3.<\/p>\n<p>&nbsp;<\/p>\n<p><a href=\"https:\/\/www.asajacyl.com\/palencia\/wp-content\/uploads\/sites\/3\/2019\/03\/foto-comite-recortada.jpg\"><img loading=\"lazy\" decoding=\"async\" class=\"alignnone size-medium wp-image-6040\" src=\"https:\/\/www.asajacyl.com\/palencia\/wp-content\/uploads\/sites\/3\/2019\/03\/foto-comite-recortada-300x89.jpg\" alt=\"\" width=\"300\" height=\"89\" srcset=\"https:\/\/www.asajacyl.com\/palencia\/wp-content\/uploads\/sites\/3\/2019\/03\/foto-comite-recortada-300x89.jpg 300w, https:\/\/www.asajacyl.com\/palencia\/wp-content\/uploads\/sites\/3\/2019\/03\/foto-comite-recortada-768x228.jpg 768w, https:\/\/www.asajacyl.com\/palencia\/wp-content\/uploads\/sites\/3\/2019\/03\/foto-comite-recortada-1024x304.jpg 1024w, https:\/\/www.asajacyl.com\/palencia\/wp-content\/uploads\/sites\/3\/2019\/03\/foto-comite-recortada-696x206.jpg 696w, https:\/\/www.asajacyl.com\/palencia\/wp-content\/uploads\/sites\/3\/2019\/03\/foto-comite-recortada-1068x317.jpg 1068w, https:\/\/www.asajacyl.com\/palencia\/wp-content\/uploads\/sites\/3\/2019\/03\/foto-comite-recortada.jpg 1109w\" sizes=\"(max-width: 300px) 100vw, 300px\" \/><\/a><\/p>\n","protected":false},"excerpt":{"rendered":"<p>Poner fin a la crisis de ovino y del l\u00e1cteo, despejar las incertidumbres que ha sembrado Azucarera en el sector remolachero, cerrar la negociaci\u00f3n de la reforma de la PAC de una vez por todas y conseguir m\u00e1s presupuesto para el seguro agrario y la modernizaci\u00f3n de regad\u00edos, son los retos de futuro que tiene [&hellip;]<\/p>\n","protected":false},"author":9,"featured_media":6040,"comment_status":"open","ping_status":"open","sticky":false,"template":"","format":"standard","meta":{"footnotes":""},"categories":[9,28],"tags":[],"yoast_head":"<!-- This site is optimized with the Yoast SEO plugin v24.5 - https:\/\/yoast.com\/wordpress\/plugins\/seo\/ -->\n<title>El presidente de ASAJA recibe el respaldo de los afiliados en la asamblea general - ASAJA Palencia<\/title>\n<meta name=\"description\" content=\"Poner fin a la crisis de ovino y del l\u00e1cteo, despejar las incertidumbres que ha sembrado Azucarera en el sector remolachero, cerrar la negociaci\u00f3n de la\" \/>\n<meta name=\"robots\" content=\"index, follow, max-snippet:-1, max-image-preview:large, max-video-preview:-1\" \/>\n<link rel=\"canonical\" href=\"https:\/\/www.asajacyl.com\/palencia\/asaja-palencia-informa\/presidente-asaja-recibe-respaldo-los-afiliados-la-asamblea-general\" \/>\n<meta property=\"og:locale\" content=\"es_ES\" \/>\n<meta property=\"og:type\" content=\"article\" \/>\n<meta property=\"og:title\" content=\"El presidente de ASAJA recibe el respaldo de los afiliados en la asamblea general - ASAJA Palencia\" \/>\n<meta property=\"og:description\" content=\"Poner fin a la crisis de ovino y del l\u00e1cteo, despejar las incertidumbres que ha sembrado Azucarera en el sector remolachero, cerrar la negociaci\u00f3n de la\" \/>\n<meta property=\"og:url\" content=\"https:\/\/www.asajacyl.com\/palencia\/asaja-palencia-informa\/presidente-asaja-recibe-respaldo-los-afiliados-la-asamblea-general\" \/>\n<meta property=\"og:site_name\" content=\"ASAJA Palencia\" \/>\n<meta property=\"article:published_time\" content=\"2019-03-19T14:11:27+00:00\" \/>\n<meta property=\"article:modified_time\" content=\"2019-04-05T11:13:20+00:00\" \/>\n<meta property=\"og:image\" content=\"https:\/\/www.asajacyl.com\/palencia\/wp-content\/uploads\/sites\/3\/2019\/03\/foto-comite-recortada.jpg\" \/>\n\t<meta property=\"og:image:width\" content=\"1109\" \/>\n\t<meta property=\"og:image:height\" content=\"329\" \/>\n\t<meta property=\"og:image:type\" content=\"image\/jpeg\" \/>\n<meta name=\"author\" content=\"Administrador\" \/>\n<meta name=\"twitter:card\" content=\"summary_large_image\" \/>\n<meta name=\"twitter:label1\" content=\"Escrito por\" \/>\n\t<meta name=\"twitter:data1\" content=\"Administrador\" \/>\n\t<meta name=\"twitter:label2\" content=\"Tiempo de lectura\" \/>\n\t<meta name=\"twitter:data2\" content=\"1 minuto\" \/>\n<script type=\"application\/ld+json\" class=\"yoast-schema-graph\">{\"@context\":\"https:\/\/schema.org\",\"@graph\":[{\"@type\":\"WebPage\",\"@id\":\"https:\/\/www.asajacyl.com\/palencia\/asaja-palencia-informa\/presidente-asaja-recibe-respaldo-los-afiliados-la-asamblea-general\",\"url\":\"https:\/\/www.asajacyl.com\/palencia\/asaja-palencia-informa\/presidente-asaja-recibe-respaldo-los-afiliados-la-asamblea-general\",\"name\":\"El presidente de ASAJA recibe el respaldo de los afiliados en la asamblea general - ASAJA Palencia\",\"isPartOf\":{\"@id\":\"https:\/\/www.asajacyl.com\/palencia\/#website\"},\"primaryImageOfPage\":{\"@id\":\"https:\/\/www.asajacyl.com\/palencia\/asaja-palencia-informa\/presidente-asaja-recibe-respaldo-los-afiliados-la-asamblea-general#primaryimage\"},\"image\":{\"@id\":\"https:\/\/www.asajacyl.com\/palencia\/asaja-palencia-informa\/presidente-asaja-recibe-respaldo-los-afiliados-la-asamblea-general#primaryimage\"},\"thumbnailUrl\":\"https:\/\/www.asajacyl.com\/palencia\/wp-content\/uploads\/sites\/3\/2019\/03\/foto-comite-recortada.jpg\",\"datePublished\":\"2019-03-19T14:11:27+00:00\",\"dateModified\":\"2019-04-05T11:13:20+00:00\",\"author\":{\"@id\":\"https:\/\/www.asajacyl.com\/palencia\/#\/schema\/person\/3ab17aeb03527485c317557fae64aab1\"},\"description\":\"Poner fin a la crisis de ovino y del l\u00e1cteo, despejar las incertidumbres que ha sembrado Azucarera en el sector remolachero, cerrar la negociaci\u00f3n de la\",\"breadcrumb\":{\"@id\":\"https:\/\/www.asajacyl.com\/palencia\/asaja-palencia-informa\/presidente-asaja-recibe-respaldo-los-afiliados-la-asamblea-general#breadcrumb\"},\"inLanguage\":\"es\",\"potentialAction\":[{\"@type\":\"ReadAction\",\"target\":[\"https:\/\/www.asajacyl.com\/palencia\/asaja-palencia-informa\/presidente-asaja-recibe-respaldo-los-afiliados-la-asamblea-general\"]}]},{\"@type\":\"ImageObject\",\"inLanguage\":\"es\",\"@id\":\"https:\/\/www.asajacyl.com\/palencia\/asaja-palencia-informa\/presidente-asaja-recibe-respaldo-los-afiliados-la-asamblea-general#primaryimage\",\"url\":\"https:\/\/www.asajacyl.com\/palencia\/wp-content\/uploads\/sites\/3\/2019\/03\/foto-comite-recortada.jpg\",\"contentUrl\":\"https:\/\/www.asajacyl.com\/palencia\/wp-content\/uploads\/sites\/3\/2019\/03\/foto-comite-recortada.jpg\",\"width\":1109,\"height\":329},{\"@type\":\"BreadcrumbList\",\"@id\":\"https:\/\/www.asajacyl.com\/palencia\/asaja-palencia-informa\/presidente-asaja-recibe-respaldo-los-afiliados-la-asamblea-general#breadcrumb\",\"itemListElement\":[{\"@type\":\"ListItem\",\"position\":1,\"name\":\"Portada\",\"item\":\"https:\/\/www.asajacyl.com\/palencia\/\"},{\"@type\":\"ListItem\",\"position\":2,\"name\":\"El presidente de ASAJA recibe el respaldo de los afiliados en la asamblea general\"}]},{\"@type\":\"WebSite\",\"@id\":\"https:\/\/www.asajacyl.com\/palencia\/#website\",\"url\":\"https:\/\/www.asajacyl.com\/palencia\/\",\"name\":\"ASAJA Palencia\",\"description\":\"Otro sitio m\u00e1s de Provincias ASAJA Castilla y Le\u00f3n\",\"potentialAction\":[{\"@type\":\"SearchAction\",\"target\":{\"@type\":\"EntryPoint\",\"urlTemplate\":\"https:\/\/www.asajacyl.com\/palencia\/?s={search_term_string}\"},\"query-input\":{\"@type\":\"PropertyValueSpecification\",\"valueRequired\":true,\"valueName\":\"search_term_string\"}}],\"inLanguage\":\"es\"},{\"@type\":\"Person\",\"@id\":\"https:\/\/www.asajacyl.com\/palencia\/#\/schema\/person\/3ab17aeb03527485c317557fae64aab1\",\"name\":\"Administrador\",\"image\":{\"@type\":\"ImageObject\",\"inLanguage\":\"es\",\"@id\":\"https:\/\/www.asajacyl.com\/palencia\/#\/schema\/person\/image\/\",\"url\":\"https:\/\/secure.gravatar.com\/avatar\/517384810d242ca9e38c180f3c9fb973?s=96&d=mm&r=g\",\"contentUrl\":\"https:\/\/secure.gravatar.com\/avatar\/517384810d242ca9e38c180f3c9fb973?s=96&d=mm&r=g\",\"caption\":\"Administrador\"},\"url\":\"https:\/\/www.asajacyl.com\/palencia\/author\/carlosrm\"}]}<\/script>\n<!-- \/ Yoast SEO plugin. -->","yoast_head_json":{"title":"El presidente de ASAJA recibe el respaldo de los afiliados en la asamblea general - ASAJA Palencia","description":"Poner fin a la crisis de ovino y del l\u00e1cteo, despejar las incertidumbres que ha sembrado Azucarera en el sector remolachero, cerrar la negociaci\u00f3n de la","robots":{"index":"index","follow":"follow","max-snippet":"max-snippet:-1","max-image-preview":"max-image-preview:large","max-video-preview":"max-video-preview:-1"},"canonical":"https:\/\/www.asajacyl.com\/palencia\/asaja-palencia-informa\/presidente-asaja-recibe-respaldo-los-afiliados-la-asamblea-general","og_locale":"es_ES","og_type":"article","og_title":"El presidente de ASAJA recibe el respaldo de los afiliados en la asamblea general - ASAJA Palencia","og_description":"Poner fin a la crisis de ovino y del l\u00e1cteo, despejar las incertidumbres que ha sembrado Azucarera en el sector remolachero, cerrar la negociaci\u00f3n de la","og_url":"https:\/\/www.asajacyl.com\/palencia\/asaja-palencia-informa\/presidente-asaja-recibe-respaldo-los-afiliados-la-asamblea-general","og_site_name":"ASAJA Palencia","article_published_time":"2019-03-19T14:11:27+00:00","article_modified_time":"2019-04-05T11:13:20+00:00","og_image":[{"width":1109,"height":329,"url":"https:\/\/www.asajacyl.com\/palencia\/wp-content\/uploads\/sites\/3\/2019\/03\/foto-comite-recortada.jpg","type":"image\/jpeg"}],"author":"Administrador","twitter_card":"summary_large_image","twitter_misc":{"Escrito por":"Administrador","Tiempo de lectura":"1 minuto"},"schema":{"@context":"https:\/\/schema.org","@graph":[{"@type":"WebPage","@id":"https:\/\/www.asajacyl.com\/palencia\/asaja-palencia-informa\/presidente-asaja-recibe-respaldo-los-afiliados-la-asamblea-general","url":"https:\/\/www.asajacyl.com\/palencia\/asaja-palencia-informa\/presidente-asaja-recibe-respaldo-los-afiliados-la-asamblea-general","name":"El presidente de ASAJA recibe el respaldo de los afiliados en la asamblea general - ASAJA Palencia","isPartOf":{"@id":"https:\/\/www.asajacyl.com\/palencia\/#website"},"primaryImageOfPage":{"@id":"https:\/\/www.asajacyl.com\/palencia\/asaja-palencia-informa\/presidente-asaja-recibe-respaldo-los-afiliados-la-asamblea-general#primaryimage"},"image":{"@id":"https:\/\/www.asajacyl.com\/palencia\/asaja-palencia-informa\/presidente-asaja-recibe-respaldo-los-afiliados-la-asamblea-general#primaryimage"},"thumbnailUrl":"https:\/\/www.asajacyl.com\/palencia\/wp-content\/uploads\/sites\/3\/2019\/03\/foto-comite-recortada.jpg","datePublished":"2019-03-19T14:11:27+00:00","dateModified":"2019-04-05T11:13:20+00:00","author":{"@id":"https:\/\/www.asajacyl.com\/palencia\/#\/schema\/person\/3ab17aeb03527485c317557fae64aab1"},"description":"Poner fin a la crisis de ovino y del l\u00e1cteo, despejar las incertidumbres que ha sembrado Azucarera en el sector remolachero, cerrar la negociaci\u00f3n de la","breadcrumb":{"@id":"https:\/\/www.asajacyl.com\/palencia\/asaja-palencia-informa\/presidente-asaja-recibe-respaldo-los-afiliados-la-asamblea-general#breadcrumb"},"inLanguage":"es","potentialAction":[{"@type":"ReadAction","target":["https:\/\/www.asajacyl.com\/palencia\/asaja-palencia-informa\/presidente-asaja-recibe-respaldo-los-afiliados-la-asamblea-general"]}]},{"@type":"ImageObject","inLanguage":"es","@id":"https:\/\/www.asajacyl.com\/palencia\/asaja-palencia-informa\/presidente-asaja-recibe-respaldo-los-afiliados-la-asamblea-general#primaryimage","url":"https:\/\/www.asajacyl.com\/palencia\/wp-content\/uploads\/sites\/3\/2019\/03\/foto-comite-recortada.jpg","contentUrl":"https:\/\/www.asajacyl.com\/palencia\/wp-content\/uploads\/sites\/3\/2019\/03\/foto-comite-recortada.jpg","width":1109,"height":329},{"@type":"BreadcrumbList","@id":"https:\/\/www.asajacyl.com\/palencia\/asaja-palencia-informa\/presidente-asaja-recibe-respaldo-los-afiliados-la-asamblea-general#breadcrumb","itemListElement":[{"@type":"ListItem","position":1,"name":"Portada","item":"https:\/\/www.asajacyl.com\/palencia\/"},{"@type":"ListItem","position":2,"name":"El presidente de ASAJA recibe el respaldo de los afiliados en la asamblea general"}]},{"@type":"WebSite","@id":"https:\/\/www.asajacyl.com\/palencia\/#website","url":"https:\/\/www.asajacyl.com\/palencia\/","name":"ASAJA Palencia","description":"Otro sitio m\u00e1s de Provincias ASAJA Castilla y Le\u00f3n","potentialAction":[{"@type":"SearchAction","target":{"@type":"EntryPoint","urlTemplate":"https:\/\/www.asajacyl.com\/palencia\/?s={search_term_string}"},"query-input":{"@type":"PropertyValueSpecification","valueRequired":true,"valueName":"search_term_string"}}],"inLanguage":"es"},{"@type":"Person","@id":"https:\/\/www.asajacyl.com\/palencia\/#\/schema\/person\/3ab17aeb03527485c317557fae64aab1","name":"Administrador","image":{"@type":"ImageObject","inLanguage":"es","@id":"https:\/\/www.asajacyl.com\/palencia\/#\/schema\/person\/image\/","url":"https:\/\/secure.gravatar.com\/avatar\/517384810d242ca9e38c180f3c9fb973?s=96&d=mm&r=g","contentUrl":"https:\/\/secure.gravatar.com\/avatar\/517384810d242ca9e38c180f3c9fb973?s=96&d=mm&r=g","caption":"Administrador"},"url":"https:\/\/www.asajacyl.com\/palencia\/author\/carlosrm"}]}},"_links":{"self":[{"href":"https:\/\/www.asajacyl.com\/palencia\/wp-json\/wp\/v2\/posts\/6035"}],"collection":[{"href":"https:\/\/www.asajacyl.com\/palencia\/wp-json\/wp\/v2\/posts"}],"about":[{"href":"https:\/\/www.asajacyl.com\/palencia\/wp-json\/wp\/v2\/types\/post"}],"author":[{"embeddable":true,"href":"https:\/\/www.asajacyl.com\/palencia\/wp-json\/wp\/v2\/users\/9"}],"replies":[{"embeddable":true,"href":"https:\/\/www.asajacyl.com\/palencia\/wp-json\/wp\/v2\/comments?post=6035"}],"version-history":[{"count":4,"href":"https:\/\/www.asajacyl.com\/palencia\/wp-json\/wp\/v2\/posts\/6035\/revisions"}],"predecessor-version":[{"id":6041,"href":"https:\/\/www.asajacyl.com\/palencia\/wp-json\/wp\/v2\/posts\/6035\/revisions\/6041"}],"wp:featuredmedia":[{"embeddable":true,"href":"https:\/\/www.asajacyl.com\/palencia\/wp-json\/wp\/v2\/media\/6040"}],"wp:attachment":[{"href":"https:\/\/www.asajacyl.com\/palencia\/wp-json\/wp\/v2\/media?parent=6035"}],"wp:term":[{"taxonomy":"category","embeddable":true,"href":"https:\/\/www.asajacyl.com\/palencia\/wp-json\/wp\/v2\/categories?post=6035"},{"taxonomy":"post_tag","embeddable":true,"href":"https:\/\/www.asajacyl.com\/palencia\/wp-json\/wp\/v2\/tags?post=6035"}],"curies":[{"name":"wp","href":"https:\/\/api.w.org\/{rel}","templated":true}]}}