{"id":6082,"date":"2019-03-28T13:40:34","date_gmt":"2019-03-28T12:40:34","guid":{"rendered":"https:\/\/www.asajacyl.com\/palencia\/?p=6082"},"modified":"2019-04-05T13:15:13","modified_gmt":"2019-04-05T11:15:13","slug":"martes-jornada-la-aplicacion-del-cuaderno-explotacion","status":"publish","type":"post","link":"https:\/\/www.asajacyl.com\/palencia\/servicios-socio\/circulares\/martes-jornada-la-aplicacion-del-cuaderno-explotacion","title":{"rendered":"El martes, jornada para la aplicaci\u00f3n inform\u00e1tica del cuaderno de explotaci\u00f3n"},"content":{"rendered":"<p>El pr\u00f3ximo martes 2 de abril, a partir de las 9,30 horas, se celebra en ASAJA una jornada a cargo de Isagri para presentar una plataforma de gesti\u00f3n del cuaderno de explotaci\u00f3n. La presentaci\u00f3n de este programa, denominado Geofolia, se har\u00e1 de forma individual con los t\u00e9cnicos de Isagri, con una duraci\u00f3n de media hora por persona, a lo largo de la ma\u00f1ana y la tarde. Es necesario ponerse en contacto con ASAJA para reservar el horario que les interese a los asistentes.<\/p>\n<p><a href=\"https:\/\/www.asajacyl.com\/palencia\/wp-content\/uploads\/sites\/3\/2019\/03\/cartel-jornada-Isagri.jpg\"><img loading=\"lazy\" decoding=\"async\" class=\"alignnone size-medium wp-image-6083\" src=\"https:\/\/www.asajacyl.com\/palencia\/wp-content\/uploads\/sites\/3\/2019\/03\/cartel-jornada-Isagri-300x169.jpg\" alt=\"\" width=\"300\" height=\"169\" srcset=\"https:\/\/www.asajacyl.com\/palencia\/wp-content\/uploads\/sites\/3\/2019\/03\/cartel-jornada-Isagri-300x169.jpg 300w, https:\/\/www.asajacyl.com\/palencia\/wp-content\/uploads\/sites\/3\/2019\/03\/cartel-jornada-Isagri-768x431.jpg 768w, https:\/\/www.asajacyl.com\/palencia\/wp-content\/uploads\/sites\/3\/2019\/03\/cartel-jornada-Isagri-696x391.jpg 696w, https:\/\/www.asajacyl.com\/palencia\/wp-content\/uploads\/sites\/3\/2019\/03\/cartel-jornada-Isagri-748x420.jpg 748w, https:\/\/www.asajacyl.com\/palencia\/wp-content\/uploads\/sites\/3\/2019\/03\/cartel-jornada-Isagri.jpg 954w\" sizes=\"(max-width: 300px) 100vw, 300px\" \/><\/a><\/p>\n","protected":false},"excerpt":{"rendered":"<p>El pr\u00f3ximo martes 2 de abril, a partir de las 9,30 horas, se celebra en ASAJA una jornada a cargo de Isagri para presentar una plataforma de gesti\u00f3n del cuaderno de explotaci\u00f3n. La presentaci\u00f3n de este programa, denominado Geofolia, se har\u00e1 de forma individual con los t\u00e9cnicos de Isagri, con una duraci\u00f3n de media hora [&hellip;]<\/p>\n","protected":false},"author":9,"featured_media":6083,"comment_status":"open","ping_status":"open","sticky":false,"template":"","format":"standard","meta":{"footnotes":""},"categories":[38],"tags":[],"yoast_head":"<!-- This site is optimized with the Yoast SEO plugin v24.5 - https:\/\/yoast.com\/wordpress\/plugins\/seo\/ -->\n<title>El martes, jornada para la aplicaci\u00f3n inform\u00e1tica del cuaderno de explotaci\u00f3n - ASAJA Palencia<\/title>\n<meta name=\"description\" content=\"El pr\u00f3ximo martes 2 de abril, a partir de las 9,30 horas, se celebra en ASAJA una jornada a cargo de Isagri para presentar una plataforma de gesti\u00f3n del\" \/>\n<meta name=\"robots\" content=\"index, follow, max-snippet:-1, max-image-preview:large, max-video-preview:-1\" \/>\n<link rel=\"canonical\" href=\"https:\/\/www.asajacyl.com\/palencia\/servicios-socio\/circulares\/martes-jornada-la-aplicacion-del-cuaderno-explotacion\" \/>\n<meta property=\"og:locale\" content=\"es_ES\" \/>\n<meta property=\"og:type\" content=\"article\" \/>\n<meta property=\"og:title\" content=\"El martes, jornada para la aplicaci\u00f3n inform\u00e1tica del cuaderno de explotaci\u00f3n - ASAJA Palencia\" \/>\n<meta property=\"og:description\" content=\"El pr\u00f3ximo martes 2 de abril, a partir de las 9,30 horas, se celebra en ASAJA una jornada a cargo de Isagri para presentar una plataforma de gesti\u00f3n del\" \/>\n<meta property=\"og:url\" content=\"https:\/\/www.asajacyl.com\/palencia\/servicios-socio\/circulares\/martes-jornada-la-aplicacion-del-cuaderno-explotacion\" \/>\n<meta property=\"og:site_name\" content=\"ASAJA Palencia\" \/>\n<meta property=\"article:published_time\" content=\"2019-03-28T12:40:34+00:00\" \/>\n<meta property=\"article:modified_time\" content=\"2019-04-05T11:15:13+00:00\" \/>\n<meta property=\"og:image\" content=\"https:\/\/www.asajacyl.com\/palencia\/wp-content\/uploads\/sites\/3\/2019\/03\/cartel-jornada-Isagri.jpg\" \/>\n\t<meta property=\"og:image:width\" content=\"954\" \/>\n\t<meta property=\"og:image:height\" content=\"536\" \/>\n\t<meta property=\"og:image:type\" content=\"image\/jpeg\" \/>\n<meta name=\"author\" content=\"Administrador\" \/>\n<meta name=\"twitter:card\" content=\"summary_large_image\" \/>\n<meta name=\"twitter:label1\" content=\"Escrito por\" \/>\n\t<meta name=\"twitter:data1\" content=\"Administrador\" \/>\n<script type=\"application\/ld+json\" class=\"yoast-schema-graph\">{\"@context\":\"https:\/\/schema.org\",\"@graph\":[{\"@type\":\"WebPage\",\"@id\":\"https:\/\/www.asajacyl.com\/palencia\/servicios-socio\/circulares\/martes-jornada-la-aplicacion-del-cuaderno-explotacion\",\"url\":\"https:\/\/www.asajacyl.com\/palencia\/servicios-socio\/circulares\/martes-jornada-la-aplicacion-del-cuaderno-explotacion\",\"name\":\"El martes, jornada para la aplicaci\u00f3n inform\u00e1tica del cuaderno de explotaci\u00f3n - ASAJA Palencia\",\"isPartOf\":{\"@id\":\"https:\/\/www.asajacyl.com\/palencia\/#website\"},\"primaryImageOfPage\":{\"@id\":\"https:\/\/www.asajacyl.com\/palencia\/servicios-socio\/circulares\/martes-jornada-la-aplicacion-del-cuaderno-explotacion#primaryimage\"},\"image\":{\"@id\":\"https:\/\/www.asajacyl.com\/palencia\/servicios-socio\/circulares\/martes-jornada-la-aplicacion-del-cuaderno-explotacion#primaryimage\"},\"thumbnailUrl\":\"https:\/\/www.asajacyl.com\/palencia\/wp-content\/uploads\/sites\/3\/2019\/03\/cartel-jornada-Isagri.jpg\",\"datePublished\":\"2019-03-28T12:40:34+00:00\",\"dateModified\":\"2019-04-05T11:15:13+00:00\",\"author\":{\"@id\":\"https:\/\/www.asajacyl.com\/palencia\/#\/schema\/person\/3ab17aeb03527485c317557fae64aab1\"},\"description\":\"El pr\u00f3ximo martes 2 de abril, a partir de las 9,30 horas, se celebra en ASAJA una jornada a cargo de Isagri para presentar una plataforma de gesti\u00f3n del\",\"breadcrumb\":{\"@id\":\"https:\/\/www.asajacyl.com\/palencia\/servicios-socio\/circulares\/martes-jornada-la-aplicacion-del-cuaderno-explotacion#breadcrumb\"},\"inLanguage\":\"es\",\"potentialAction\":[{\"@type\":\"ReadAction\",\"target\":[\"https:\/\/www.asajacyl.com\/palencia\/servicios-socio\/circulares\/martes-jornada-la-aplicacion-del-cuaderno-explotacion\"]}]},{\"@type\":\"ImageObject\",\"inLanguage\":\"es\",\"@id\":\"https:\/\/www.asajacyl.com\/palencia\/servicios-socio\/circulares\/martes-jornada-la-aplicacion-del-cuaderno-explotacion#primaryimage\",\"url\":\"https:\/\/www.asajacyl.com\/palencia\/wp-content\/uploads\/sites\/3\/2019\/03\/cartel-jornada-Isagri.jpg\",\"contentUrl\":\"https:\/\/www.asajacyl.com\/palencia\/wp-content\/uploads\/sites\/3\/2019\/03\/cartel-jornada-Isagri.jpg\",\"width\":954,\"height\":536},{\"@type\":\"BreadcrumbList\",\"@id\":\"https:\/\/www.asajacyl.com\/palencia\/servicios-socio\/circulares\/martes-jornada-la-aplicacion-del-cuaderno-explotacion#breadcrumb\",\"itemListElement\":[{\"@type\":\"ListItem\",\"position\":1,\"name\":\"Portada\",\"item\":\"https:\/\/www.asajacyl.com\/palencia\/\"},{\"@type\":\"ListItem\",\"position\":2,\"name\":\"El martes, jornada para la aplicaci\u00f3n inform\u00e1tica del cuaderno de explotaci\u00f3n\"}]},{\"@type\":\"WebSite\",\"@id\":\"https:\/\/www.asajacyl.com\/palencia\/#website\",\"url\":\"https:\/\/www.asajacyl.com\/palencia\/\",\"name\":\"ASAJA Palencia\",\"description\":\"Otro sitio m\u00e1s de Provincias ASAJA Castilla y Le\u00f3n\",\"potentialAction\":[{\"@type\":\"SearchAction\",\"target\":{\"@type\":\"EntryPoint\",\"urlTemplate\":\"https:\/\/www.asajacyl.com\/palencia\/?s={search_term_string}\"},\"query-input\":{\"@type\":\"PropertyValueSpecification\",\"valueRequired\":true,\"valueName\":\"search_term_string\"}}],\"inLanguage\":\"es\"},{\"@type\":\"Person\",\"@id\":\"https:\/\/www.asajacyl.com\/palencia\/#\/schema\/person\/3ab17aeb03527485c317557fae64aab1\",\"name\":\"Administrador\",\"image\":{\"@type\":\"ImageObject\",\"inLanguage\":\"es\",\"@id\":\"https:\/\/www.asajacyl.com\/palencia\/#\/schema\/person\/image\/\",\"url\":\"https:\/\/secure.gravatar.com\/avatar\/517384810d242ca9e38c180f3c9fb973?s=96&d=mm&r=g\",\"contentUrl\":\"https:\/\/secure.gravatar.com\/avatar\/517384810d242ca9e38c180f3c9fb973?s=96&d=mm&r=g\",\"caption\":\"Administrador\"},\"url\":\"https:\/\/www.asajacyl.com\/palencia\/author\/carlosrm\"}]}<\/script>\n<!-- \/ Yoast SEO plugin. -->","yoast_head_json":{"title":"El martes, jornada para la aplicaci\u00f3n inform\u00e1tica del cuaderno de explotaci\u00f3n - ASAJA Palencia","description":"El pr\u00f3ximo martes 2 de abril, a partir de las 9,30 horas, se celebra en ASAJA una jornada a cargo de Isagri para presentar una plataforma de gesti\u00f3n del","robots":{"index":"index","follow":"follow","max-snippet":"max-snippet:-1","max-image-preview":"max-image-preview:large","max-video-preview":"max-video-preview:-1"},"canonical":"https:\/\/www.asajacyl.com\/palencia\/servicios-socio\/circulares\/martes-jornada-la-aplicacion-del-cuaderno-explotacion","og_locale":"es_ES","og_type":"article","og_title":"El martes, jornada para la aplicaci\u00f3n inform\u00e1tica del cuaderno de explotaci\u00f3n - ASAJA Palencia","og_description":"El pr\u00f3ximo martes 2 de abril, a partir de las 9,30 horas, se celebra en ASAJA una jornada a cargo de Isagri para presentar una plataforma de gesti\u00f3n del","og_url":"https:\/\/www.asajacyl.com\/palencia\/servicios-socio\/circulares\/martes-jornada-la-aplicacion-del-cuaderno-explotacion","og_site_name":"ASAJA Palencia","article_published_time":"2019-03-28T12:40:34+00:00","article_modified_time":"2019-04-05T11:15:13+00:00","og_image":[{"width":954,"height":536,"url":"https:\/\/www.asajacyl.com\/palencia\/wp-content\/uploads\/sites\/3\/2019\/03\/cartel-jornada-Isagri.jpg","type":"image\/jpeg"}],"author":"Administrador","twitter_card":"summary_large_image","twitter_misc":{"Escrito por":"Administrador"},"schema":{"@context":"https:\/\/schema.org","@graph":[{"@type":"WebPage","@id":"https:\/\/www.asajacyl.com\/palencia\/servicios-socio\/circulares\/martes-jornada-la-aplicacion-del-cuaderno-explotacion","url":"https:\/\/www.asajacyl.com\/palencia\/servicios-socio\/circulares\/martes-jornada-la-aplicacion-del-cuaderno-explotacion","name":"El martes, jornada para la aplicaci\u00f3n inform\u00e1tica del cuaderno de explotaci\u00f3n - ASAJA Palencia","isPartOf":{"@id":"https:\/\/www.asajacyl.com\/palencia\/#website"},"primaryImageOfPage":{"@id":"https:\/\/www.asajacyl.com\/palencia\/servicios-socio\/circulares\/martes-jornada-la-aplicacion-del-cuaderno-explotacion#primaryimage"},"image":{"@id":"https:\/\/www.asajacyl.com\/palencia\/servicios-socio\/circulares\/martes-jornada-la-aplicacion-del-cuaderno-explotacion#primaryimage"},"thumbnailUrl":"https:\/\/www.asajacyl.com\/palencia\/wp-content\/uploads\/sites\/3\/2019\/03\/cartel-jornada-Isagri.jpg","datePublished":"2019-03-28T12:40:34+00:00","dateModified":"2019-04-05T11:15:13+00:00","author":{"@id":"https:\/\/www.asajacyl.com\/palencia\/#\/schema\/person\/3ab17aeb03527485c317557fae64aab1"},"description":"El pr\u00f3ximo martes 2 de abril, a partir de las 9,30 horas, se celebra en ASAJA una jornada a cargo de Isagri para presentar una plataforma de gesti\u00f3n del","breadcrumb":{"@id":"https:\/\/www.asajacyl.com\/palencia\/servicios-socio\/circulares\/martes-jornada-la-aplicacion-del-cuaderno-explotacion#breadcrumb"},"inLanguage":"es","potentialAction":[{"@type":"ReadAction","target":["https:\/\/www.asajacyl.com\/palencia\/servicios-socio\/circulares\/martes-jornada-la-aplicacion-del-cuaderno-explotacion"]}]},{"@type":"ImageObject","inLanguage":"es","@id":"https:\/\/www.asajacyl.com\/palencia\/servicios-socio\/circulares\/martes-jornada-la-aplicacion-del-cuaderno-explotacion#primaryimage","url":"https:\/\/www.asajacyl.com\/palencia\/wp-content\/uploads\/sites\/3\/2019\/03\/cartel-jornada-Isagri.jpg","contentUrl":"https:\/\/www.asajacyl.com\/palencia\/wp-content\/uploads\/sites\/3\/2019\/03\/cartel-jornada-Isagri.jpg","width":954,"height":536},{"@type":"BreadcrumbList","@id":"https:\/\/www.asajacyl.com\/palencia\/servicios-socio\/circulares\/martes-jornada-la-aplicacion-del-cuaderno-explotacion#breadcrumb","itemListElement":[{"@type":"ListItem","position":1,"name":"Portada","item":"https:\/\/www.asajacyl.com\/palencia\/"},{"@type":"ListItem","position":2,"name":"El martes, jornada para la aplicaci\u00f3n inform\u00e1tica del cuaderno de explotaci\u00f3n"}]},{"@type":"WebSite","@id":"https:\/\/www.asajacyl.com\/palencia\/#website","url":"https:\/\/www.asajacyl.com\/palencia\/","name":"ASAJA Palencia","description":"Otro sitio m\u00e1s de Provincias ASAJA Castilla y Le\u00f3n","potentialAction":[{"@type":"SearchAction","target":{"@type":"EntryPoint","urlTemplate":"https:\/\/www.asajacyl.com\/palencia\/?s={search_term_string}"},"query-input":{"@type":"PropertyValueSpecification","valueRequired":true,"valueName":"search_term_string"}}],"inLanguage":"es"},{"@type":"Person","@id":"https:\/\/www.asajacyl.com\/palencia\/#\/schema\/person\/3ab17aeb03527485c317557fae64aab1","name":"Administrador","image":{"@type":"ImageObject","inLanguage":"es","@id":"https:\/\/www.asajacyl.com\/palencia\/#\/schema\/person\/image\/","url":"https:\/\/secure.gravatar.com\/avatar\/517384810d242ca9e38c180f3c9fb973?s=96&d=mm&r=g","contentUrl":"https:\/\/secure.gravatar.com\/avatar\/517384810d242ca9e38c180f3c9fb973?s=96&d=mm&r=g","caption":"Administrador"},"url":"https:\/\/www.asajacyl.com\/palencia\/author\/carlosrm"}]}},"_links":{"self":[{"href":"https:\/\/www.asajacyl.com\/palencia\/wp-json\/wp\/v2\/posts\/6082"}],"collection":[{"href":"https:\/\/www.asajacyl.com\/palencia\/wp-json\/wp\/v2\/posts"}],"about":[{"href":"https:\/\/www.asajacyl.com\/palencia\/wp-json\/wp\/v2\/types\/post"}],"author":[{"embeddable":true,"href":"https:\/\/www.asajacyl.com\/palencia\/wp-json\/wp\/v2\/users\/9"}],"replies":[{"embeddable":true,"href":"https:\/\/www.asajacyl.com\/palencia\/wp-json\/wp\/v2\/comments?post=6082"}],"version-history":[{"count":2,"href":"https:\/\/www.asajacyl.com\/palencia\/wp-json\/wp\/v2\/posts\/6082\/revisions"}],"predecessor-version":[{"id":6085,"href":"https:\/\/www.asajacyl.com\/palencia\/wp-json\/wp\/v2\/posts\/6082\/revisions\/6085"}],"wp:featuredmedia":[{"embeddable":true,"href":"https:\/\/www.asajacyl.com\/palencia\/wp-json\/wp\/v2\/media\/6083"}],"wp:attachment":[{"href":"https:\/\/www.asajacyl.com\/palencia\/wp-json\/wp\/v2\/media?parent=6082"}],"wp:term":[{"taxonomy":"category","embeddable":true,"href":"https:\/\/www.asajacyl.com\/palencia\/wp-json\/wp\/v2\/categories?post=6082"},{"taxonomy":"post_tag","embeddable":true,"href":"https:\/\/www.asajacyl.com\/palencia\/wp-json\/wp\/v2\/tags?post=6082"}],"curies":[{"name":"wp","href":"https:\/\/api.w.org\/{rel}","templated":true}]}}