{"id":6137,"date":"2019-04-16T15:07:50","date_gmt":"2019-04-16T13:07:50","guid":{"rendered":"https:\/\/www.asajacyl.com\/palencia\/?p=6137"},"modified":"2020-01-08T14:54:13","modified_gmt":"2020-01-08T13:54:13","slug":"pedrisco-causa-danos-cientos-hectareas-termino-torquemada","status":"publish","type":"post","link":"https:\/\/www.asajacyl.com\/palencia\/asaja-palencia-informa\/pedrisco-causa-danos-cientos-hectareas-termino-torquemada","title":{"rendered":"El pedrisco causa da\u00f1os en cientos de hect\u00e1reas en el t\u00e9rmino de Torquemada"},"content":{"rendered":"<p>Una tormenta de pedrisco descargaba ayer sobre el t\u00e9rmino de Torquemada, causando da\u00f1os en cientos de hect\u00e1reas. Se calcula que en unos diez minutos descargaron hasta 23 litros. Los cultivos afectados son cereal, leguminosas, remolacha y vezas. ASAJA Palencia aconseja realizar el seguro de pedrisco a aquellos agricultores que a\u00fan no lo tuvieran contratado, ya que es la \u00fanica herramienta que protege al agricultor frente a los riesgos.<\/p>\n<p><a href=\"https:\/\/www.asajacyl.com\/palencia\/wp-content\/uploads\/sites\/3\/2019\/04\/pedrisco.jpg\"><img loading=\"lazy\" decoding=\"async\" class=\"alignnone size-medium wp-image-6143\" src=\"https:\/\/www.asajacyl.com\/palencia\/wp-content\/uploads\/sites\/3\/2019\/04\/pedrisco-300x100.jpg\" alt=\"\" width=\"300\" height=\"100\" srcset=\"https:\/\/www.asajacyl.com\/palencia\/wp-content\/uploads\/sites\/3\/2019\/04\/pedrisco-300x100.jpg 300w, https:\/\/www.asajacyl.com\/palencia\/wp-content\/uploads\/sites\/3\/2019\/04\/pedrisco-768x256.jpg 768w, https:\/\/www.asajacyl.com\/palencia\/wp-content\/uploads\/sites\/3\/2019\/04\/pedrisco-1024x342.jpg 1024w, https:\/\/www.asajacyl.com\/palencia\/wp-content\/uploads\/sites\/3\/2019\/04\/pedrisco-696x232.jpg 696w, https:\/\/www.asajacyl.com\/palencia\/wp-content\/uploads\/sites\/3\/2019\/04\/pedrisco-1068x356.jpg 1068w, https:\/\/www.asajacyl.com\/palencia\/wp-content\/uploads\/sites\/3\/2019\/04\/pedrisco-1258x420.jpg 1258w, https:\/\/www.asajacyl.com\/palencia\/wp-content\/uploads\/sites\/3\/2019\/04\/pedrisco.jpg 1648w\" sizes=\"(max-width: 300px) 100vw, 300px\" \/><\/a><\/p>\n<p>&nbsp;<\/p>\n<p><a href=\"https:\/\/www.asajacyl.com\/palencia\/wp-content\/uploads\/sites\/3\/2019\/04\/P1100811.jpg\"><img loading=\"lazy\" decoding=\"async\" class=\"alignnone size-medium wp-image-6139\" src=\"https:\/\/www.asajacyl.com\/palencia\/wp-content\/uploads\/sites\/3\/2019\/04\/P1100811-300x169.jpg\" alt=\"\" width=\"300\" height=\"169\" srcset=\"https:\/\/www.asajacyl.com\/palencia\/wp-content\/uploads\/sites\/3\/2019\/04\/P1100811-300x169.jpg 300w, https:\/\/www.asajacyl.com\/palencia\/wp-content\/uploads\/sites\/3\/2019\/04\/P1100811-768x432.jpg 768w, https:\/\/www.asajacyl.com\/palencia\/wp-content\/uploads\/sites\/3\/2019\/04\/P1100811-1024x576.jpg 1024w, https:\/\/www.asajacyl.com\/palencia\/wp-content\/uploads\/sites\/3\/2019\/04\/P1100811-696x391.jpg 696w, https:\/\/www.asajacyl.com\/palencia\/wp-content\/uploads\/sites\/3\/2019\/04\/P1100811-1068x601.jpg 1068w, https:\/\/www.asajacyl.com\/palencia\/wp-content\/uploads\/sites\/3\/2019\/04\/P1100811-747x420.jpg 747w, https:\/\/www.asajacyl.com\/palencia\/wp-content\/uploads\/sites\/3\/2019\/04\/P1100811-1920x1080.jpg 1920w\" sizes=\"(max-width: 300px) 100vw, 300px\" \/><\/a><\/p>\n<figure id=\"attachment_6140\" aria-describedby=\"caption-attachment-6140\" style=\"width: 300px\" class=\"wp-caption alignnone\"><a href=\"https:\/\/www.asajacyl.com\/palencia\/wp-content\/uploads\/sites\/3\/2019\/04\/pedrisco-m\u00f3vil.jpg\"><img loading=\"lazy\" decoding=\"async\" class=\"size-medium wp-image-6140\" src=\"https:\/\/www.asajacyl.com\/palencia\/wp-content\/uploads\/sites\/3\/2019\/04\/pedrisco-m\u00f3vil-300x225.jpg\" alt=\"\" width=\"300\" height=\"225\" srcset=\"https:\/\/www.asajacyl.com\/palencia\/wp-content\/uploads\/sites\/3\/2019\/04\/pedrisco-m\u00f3vil-300x225.jpg 300w, https:\/\/www.asajacyl.com\/palencia\/wp-content\/uploads\/sites\/3\/2019\/04\/pedrisco-m\u00f3vil-768x576.jpg 768w, https:\/\/www.asajacyl.com\/palencia\/wp-content\/uploads\/sites\/3\/2019\/04\/pedrisco-m\u00f3vil-1024x768.jpg 1024w, https:\/\/www.asajacyl.com\/palencia\/wp-content\/uploads\/sites\/3\/2019\/04\/pedrisco-m\u00f3vil-80x60.jpg 80w, https:\/\/www.asajacyl.com\/palencia\/wp-content\/uploads\/sites\/3\/2019\/04\/pedrisco-m\u00f3vil-696x522.jpg 696w, https:\/\/www.asajacyl.com\/palencia\/wp-content\/uploads\/sites\/3\/2019\/04\/pedrisco-m\u00f3vil-1068x801.jpg 1068w, https:\/\/www.asajacyl.com\/palencia\/wp-content\/uploads\/sites\/3\/2019\/04\/pedrisco-m\u00f3vil-560x420.jpg 560w, https:\/\/www.asajacyl.com\/palencia\/wp-content\/uploads\/sites\/3\/2019\/04\/pedrisco-m\u00f3vil-1920x1440.jpg 1920w\" sizes=\"(max-width: 300px) 100vw, 300px\" \/><\/a><figcaption id=\"caption-attachment-6140\" class=\"wp-caption-text\">dav<\/figcaption><\/figure>\n","protected":false},"excerpt":{"rendered":"<p>Una tormenta de pedrisco descargaba ayer sobre el t\u00e9rmino de Torquemada, causando da\u00f1os en cientos de hect\u00e1reas. Se calcula que en unos diez minutos descargaron hasta 23 litros. Los cultivos afectados son cereal, leguminosas, remolacha y vezas. ASAJA Palencia aconseja realizar el seguro de pedrisco a aquellos agricultores que a\u00fan no lo tuvieran contratado, ya [&hellip;]<\/p>\n","protected":false},"author":9,"featured_media":6143,"comment_status":"open","ping_status":"open","sticky":false,"template":"","format":"standard","meta":{"footnotes":""},"categories":[9,28],"tags":[],"yoast_head":"<!-- This site is optimized with the Yoast SEO plugin v24.5 - https:\/\/yoast.com\/wordpress\/plugins\/seo\/ -->\n<title>El pedrisco causa da\u00f1os en cientos de hect\u00e1reas en el t\u00e9rmino de Torquemada - ASAJA Palencia<\/title>\n<meta name=\"description\" content=\"Una tormenta de pedrisco descargaba ayer sobre el t\u00e9rmino de Torquemada, causando da\u00f1os en cientos de hect\u00e1reas. Se calcula que en unos diez minutos\" \/>\n<meta name=\"robots\" content=\"index, follow, max-snippet:-1, max-image-preview:large, max-video-preview:-1\" \/>\n<link rel=\"canonical\" href=\"https:\/\/www.asajacyl.com\/palencia\/asaja-palencia-informa\/pedrisco-causa-danos-cientos-hectareas-termino-torquemada\" \/>\n<meta property=\"og:locale\" content=\"es_ES\" \/>\n<meta property=\"og:type\" content=\"article\" \/>\n<meta property=\"og:title\" content=\"El pedrisco causa da\u00f1os en cientos de hect\u00e1reas en el t\u00e9rmino de Torquemada - ASAJA Palencia\" \/>\n<meta property=\"og:description\" content=\"Una tormenta de pedrisco descargaba ayer sobre el t\u00e9rmino de Torquemada, causando da\u00f1os en cientos de hect\u00e1reas. Se calcula que en unos diez minutos\" \/>\n<meta property=\"og:url\" content=\"https:\/\/www.asajacyl.com\/palencia\/asaja-palencia-informa\/pedrisco-causa-danos-cientos-hectareas-termino-torquemada\" \/>\n<meta property=\"og:site_name\" content=\"ASAJA Palencia\" \/>\n<meta property=\"article:published_time\" content=\"2019-04-16T13:07:50+00:00\" \/>\n<meta property=\"article:modified_time\" content=\"2020-01-08T13:54:13+00:00\" \/>\n<meta property=\"og:image\" content=\"https:\/\/www.asajacyl.com\/palencia\/wp-content\/uploads\/sites\/3\/2019\/04\/pedrisco.jpg\" \/>\n\t<meta property=\"og:image:width\" content=\"1648\" \/>\n\t<meta property=\"og:image:height\" content=\"550\" \/>\n\t<meta property=\"og:image:type\" content=\"image\/jpeg\" \/>\n<meta name=\"author\" content=\"Administrador\" \/>\n<meta name=\"twitter:card\" content=\"summary_large_image\" \/>\n<meta name=\"twitter:label1\" content=\"Escrito por\" \/>\n\t<meta name=\"twitter:data1\" content=\"Administrador\" \/>\n<script type=\"application\/ld+json\" class=\"yoast-schema-graph\">{\"@context\":\"https:\/\/schema.org\",\"@graph\":[{\"@type\":\"WebPage\",\"@id\":\"https:\/\/www.asajacyl.com\/palencia\/asaja-palencia-informa\/pedrisco-causa-danos-cientos-hectareas-termino-torquemada\",\"url\":\"https:\/\/www.asajacyl.com\/palencia\/asaja-palencia-informa\/pedrisco-causa-danos-cientos-hectareas-termino-torquemada\",\"name\":\"El pedrisco causa da\u00f1os en cientos de hect\u00e1reas en el t\u00e9rmino de Torquemada - ASAJA Palencia\",\"isPartOf\":{\"@id\":\"https:\/\/www.asajacyl.com\/palencia\/#website\"},\"primaryImageOfPage\":{\"@id\":\"https:\/\/www.asajacyl.com\/palencia\/asaja-palencia-informa\/pedrisco-causa-danos-cientos-hectareas-termino-torquemada#primaryimage\"},\"image\":{\"@id\":\"https:\/\/www.asajacyl.com\/palencia\/asaja-palencia-informa\/pedrisco-causa-danos-cientos-hectareas-termino-torquemada#primaryimage\"},\"thumbnailUrl\":\"https:\/\/www.asajacyl.com\/palencia\/wp-content\/uploads\/sites\/3\/2019\/04\/pedrisco.jpg\",\"datePublished\":\"2019-04-16T13:07:50+00:00\",\"dateModified\":\"2020-01-08T13:54:13+00:00\",\"author\":{\"@id\":\"https:\/\/www.asajacyl.com\/palencia\/#\/schema\/person\/3ab17aeb03527485c317557fae64aab1\"},\"description\":\"Una tormenta de pedrisco descargaba ayer sobre el t\u00e9rmino de Torquemada, causando da\u00f1os en cientos de hect\u00e1reas. Se calcula que en unos diez minutos\",\"breadcrumb\":{\"@id\":\"https:\/\/www.asajacyl.com\/palencia\/asaja-palencia-informa\/pedrisco-causa-danos-cientos-hectareas-termino-torquemada#breadcrumb\"},\"inLanguage\":\"es\",\"potentialAction\":[{\"@type\":\"ReadAction\",\"target\":[\"https:\/\/www.asajacyl.com\/palencia\/asaja-palencia-informa\/pedrisco-causa-danos-cientos-hectareas-termino-torquemada\"]}]},{\"@type\":\"ImageObject\",\"inLanguage\":\"es\",\"@id\":\"https:\/\/www.asajacyl.com\/palencia\/asaja-palencia-informa\/pedrisco-causa-danos-cientos-hectareas-termino-torquemada#primaryimage\",\"url\":\"https:\/\/www.asajacyl.com\/palencia\/wp-content\/uploads\/sites\/3\/2019\/04\/pedrisco.jpg\",\"contentUrl\":\"https:\/\/www.asajacyl.com\/palencia\/wp-content\/uploads\/sites\/3\/2019\/04\/pedrisco.jpg\",\"width\":1648,\"height\":550},{\"@type\":\"BreadcrumbList\",\"@id\":\"https:\/\/www.asajacyl.com\/palencia\/asaja-palencia-informa\/pedrisco-causa-danos-cientos-hectareas-termino-torquemada#breadcrumb\",\"itemListElement\":[{\"@type\":\"ListItem\",\"position\":1,\"name\":\"Portada\",\"item\":\"https:\/\/www.asajacyl.com\/palencia\/\"},{\"@type\":\"ListItem\",\"position\":2,\"name\":\"El pedrisco causa da\u00f1os en cientos de hect\u00e1reas en el t\u00e9rmino de Torquemada\"}]},{\"@type\":\"WebSite\",\"@id\":\"https:\/\/www.asajacyl.com\/palencia\/#website\",\"url\":\"https:\/\/www.asajacyl.com\/palencia\/\",\"name\":\"ASAJA Palencia\",\"description\":\"Otro sitio m\u00e1s de Provincias ASAJA Castilla y Le\u00f3n\",\"potentialAction\":[{\"@type\":\"SearchAction\",\"target\":{\"@type\":\"EntryPoint\",\"urlTemplate\":\"https:\/\/www.asajacyl.com\/palencia\/?s={search_term_string}\"},\"query-input\":{\"@type\":\"PropertyValueSpecification\",\"valueRequired\":true,\"valueName\":\"search_term_string\"}}],\"inLanguage\":\"es\"},{\"@type\":\"Person\",\"@id\":\"https:\/\/www.asajacyl.com\/palencia\/#\/schema\/person\/3ab17aeb03527485c317557fae64aab1\",\"name\":\"Administrador\",\"image\":{\"@type\":\"ImageObject\",\"inLanguage\":\"es\",\"@id\":\"https:\/\/www.asajacyl.com\/palencia\/#\/schema\/person\/image\/\",\"url\":\"https:\/\/secure.gravatar.com\/avatar\/517384810d242ca9e38c180f3c9fb973?s=96&d=mm&r=g\",\"contentUrl\":\"https:\/\/secure.gravatar.com\/avatar\/517384810d242ca9e38c180f3c9fb973?s=96&d=mm&r=g\",\"caption\":\"Administrador\"},\"url\":\"https:\/\/www.asajacyl.com\/palencia\/author\/carlosrm\"}]}<\/script>\n<!-- \/ Yoast SEO plugin. -->","yoast_head_json":{"title":"El pedrisco causa da\u00f1os en cientos de hect\u00e1reas en el t\u00e9rmino de Torquemada - ASAJA Palencia","description":"Una tormenta de pedrisco descargaba ayer sobre el t\u00e9rmino de Torquemada, causando da\u00f1os en cientos de hect\u00e1reas. Se calcula que en unos diez minutos","robots":{"index":"index","follow":"follow","max-snippet":"max-snippet:-1","max-image-preview":"max-image-preview:large","max-video-preview":"max-video-preview:-1"},"canonical":"https:\/\/www.asajacyl.com\/palencia\/asaja-palencia-informa\/pedrisco-causa-danos-cientos-hectareas-termino-torquemada","og_locale":"es_ES","og_type":"article","og_title":"El pedrisco causa da\u00f1os en cientos de hect\u00e1reas en el t\u00e9rmino de Torquemada - ASAJA Palencia","og_description":"Una tormenta de pedrisco descargaba ayer sobre el t\u00e9rmino de Torquemada, causando da\u00f1os en cientos de hect\u00e1reas. Se calcula que en unos diez minutos","og_url":"https:\/\/www.asajacyl.com\/palencia\/asaja-palencia-informa\/pedrisco-causa-danos-cientos-hectareas-termino-torquemada","og_site_name":"ASAJA Palencia","article_published_time":"2019-04-16T13:07:50+00:00","article_modified_time":"2020-01-08T13:54:13+00:00","og_image":[{"width":1648,"height":550,"url":"https:\/\/www.asajacyl.com\/palencia\/wp-content\/uploads\/sites\/3\/2019\/04\/pedrisco.jpg","type":"image\/jpeg"}],"author":"Administrador","twitter_card":"summary_large_image","twitter_misc":{"Escrito por":"Administrador"},"schema":{"@context":"https:\/\/schema.org","@graph":[{"@type":"WebPage","@id":"https:\/\/www.asajacyl.com\/palencia\/asaja-palencia-informa\/pedrisco-causa-danos-cientos-hectareas-termino-torquemada","url":"https:\/\/www.asajacyl.com\/palencia\/asaja-palencia-informa\/pedrisco-causa-danos-cientos-hectareas-termino-torquemada","name":"El pedrisco causa da\u00f1os en cientos de hect\u00e1reas en el t\u00e9rmino de Torquemada - ASAJA Palencia","isPartOf":{"@id":"https:\/\/www.asajacyl.com\/palencia\/#website"},"primaryImageOfPage":{"@id":"https:\/\/www.asajacyl.com\/palencia\/asaja-palencia-informa\/pedrisco-causa-danos-cientos-hectareas-termino-torquemada#primaryimage"},"image":{"@id":"https:\/\/www.asajacyl.com\/palencia\/asaja-palencia-informa\/pedrisco-causa-danos-cientos-hectareas-termino-torquemada#primaryimage"},"thumbnailUrl":"https:\/\/www.asajacyl.com\/palencia\/wp-content\/uploads\/sites\/3\/2019\/04\/pedrisco.jpg","datePublished":"2019-04-16T13:07:50+00:00","dateModified":"2020-01-08T13:54:13+00:00","author":{"@id":"https:\/\/www.asajacyl.com\/palencia\/#\/schema\/person\/3ab17aeb03527485c317557fae64aab1"},"description":"Una tormenta de pedrisco descargaba ayer sobre el t\u00e9rmino de Torquemada, causando da\u00f1os en cientos de hect\u00e1reas. Se calcula que en unos diez minutos","breadcrumb":{"@id":"https:\/\/www.asajacyl.com\/palencia\/asaja-palencia-informa\/pedrisco-causa-danos-cientos-hectareas-termino-torquemada#breadcrumb"},"inLanguage":"es","potentialAction":[{"@type":"ReadAction","target":["https:\/\/www.asajacyl.com\/palencia\/asaja-palencia-informa\/pedrisco-causa-danos-cientos-hectareas-termino-torquemada"]}]},{"@type":"ImageObject","inLanguage":"es","@id":"https:\/\/www.asajacyl.com\/palencia\/asaja-palencia-informa\/pedrisco-causa-danos-cientos-hectareas-termino-torquemada#primaryimage","url":"https:\/\/www.asajacyl.com\/palencia\/wp-content\/uploads\/sites\/3\/2019\/04\/pedrisco.jpg","contentUrl":"https:\/\/www.asajacyl.com\/palencia\/wp-content\/uploads\/sites\/3\/2019\/04\/pedrisco.jpg","width":1648,"height":550},{"@type":"BreadcrumbList","@id":"https:\/\/www.asajacyl.com\/palencia\/asaja-palencia-informa\/pedrisco-causa-danos-cientos-hectareas-termino-torquemada#breadcrumb","itemListElement":[{"@type":"ListItem","position":1,"name":"Portada","item":"https:\/\/www.asajacyl.com\/palencia\/"},{"@type":"ListItem","position":2,"name":"El pedrisco causa da\u00f1os en cientos de hect\u00e1reas en el t\u00e9rmino de Torquemada"}]},{"@type":"WebSite","@id":"https:\/\/www.asajacyl.com\/palencia\/#website","url":"https:\/\/www.asajacyl.com\/palencia\/","name":"ASAJA Palencia","description":"Otro sitio m\u00e1s de Provincias ASAJA Castilla y Le\u00f3n","potentialAction":[{"@type":"SearchAction","target":{"@type":"EntryPoint","urlTemplate":"https:\/\/www.asajacyl.com\/palencia\/?s={search_term_string}"},"query-input":{"@type":"PropertyValueSpecification","valueRequired":true,"valueName":"search_term_string"}}],"inLanguage":"es"},{"@type":"Person","@id":"https:\/\/www.asajacyl.com\/palencia\/#\/schema\/person\/3ab17aeb03527485c317557fae64aab1","name":"Administrador","image":{"@type":"ImageObject","inLanguage":"es","@id":"https:\/\/www.asajacyl.com\/palencia\/#\/schema\/person\/image\/","url":"https:\/\/secure.gravatar.com\/avatar\/517384810d242ca9e38c180f3c9fb973?s=96&d=mm&r=g","contentUrl":"https:\/\/secure.gravatar.com\/avatar\/517384810d242ca9e38c180f3c9fb973?s=96&d=mm&r=g","caption":"Administrador"},"url":"https:\/\/www.asajacyl.com\/palencia\/author\/carlosrm"}]}},"_links":{"self":[{"href":"https:\/\/www.asajacyl.com\/palencia\/wp-json\/wp\/v2\/posts\/6137"}],"collection":[{"href":"https:\/\/www.asajacyl.com\/palencia\/wp-json\/wp\/v2\/posts"}],"about":[{"href":"https:\/\/www.asajacyl.com\/palencia\/wp-json\/wp\/v2\/types\/post"}],"author":[{"embeddable":true,"href":"https:\/\/www.asajacyl.com\/palencia\/wp-json\/wp\/v2\/users\/9"}],"replies":[{"embeddable":true,"href":"https:\/\/www.asajacyl.com\/palencia\/wp-json\/wp\/v2\/comments?post=6137"}],"version-history":[{"count":3,"href":"https:\/\/www.asajacyl.com\/palencia\/wp-json\/wp\/v2\/posts\/6137\/revisions"}],"predecessor-version":[{"id":6144,"href":"https:\/\/www.asajacyl.com\/palencia\/wp-json\/wp\/v2\/posts\/6137\/revisions\/6144"}],"wp:featuredmedia":[{"embeddable":true,"href":"https:\/\/www.asajacyl.com\/palencia\/wp-json\/wp\/v2\/media\/6143"}],"wp:attachment":[{"href":"https:\/\/www.asajacyl.com\/palencia\/wp-json\/wp\/v2\/media?parent=6137"}],"wp:term":[{"taxonomy":"category","embeddable":true,"href":"https:\/\/www.asajacyl.com\/palencia\/wp-json\/wp\/v2\/categories?post=6137"},{"taxonomy":"post_tag","embeddable":true,"href":"https:\/\/www.asajacyl.com\/palencia\/wp-json\/wp\/v2\/tags?post=6137"}],"curies":[{"name":"wp","href":"https:\/\/api.w.org\/{rel}","templated":true}]}}