{"id":6147,"date":"2019-04-17T11:27:58","date_gmt":"2019-04-17T09:27:58","guid":{"rendered":"https:\/\/www.asajacyl.com\/palencia\/?p=6147"},"modified":"2019-05-17T08:29:33","modified_gmt":"2019-05-17T06:29:33","slug":"asaja-consigue-los-agricultores-optaron-al-cese-anticipado-no-dejen-recibir-ayuda-aunque-se-posponga-la-edad-jubilacion","status":"publish","type":"post","link":"https:\/\/www.asajacyl.com\/palencia\/asaja-palencia-informa\/asaja-consigue-los-agricultores-optaron-al-cese-anticipado-no-dejen-recibir-ayuda-aunque-se-posponga-la-edad-jubilacion","title":{"rendered":"ASAJA consigue que los agricultores que optaron al cese anticipado no dejen de recibir ayuda, aunque se posponga la edad de jubilaci\u00f3n"},"content":{"rendered":"<h5><strong>La Junta da una respuesta positiva a nuestra demanda, permitiendo prolongar la ayuda del cese hasta se cumpla la edad de jubilaci\u00f3n y se comience a cobrar la pensi\u00f3n correspondiente<\/strong><\/h5>\n<p>La prolongaci\u00f3n progresiva de la edad de jubilaci\u00f3n ha ocasionado que los agricultores que a\u00f1os atr\u00e1s hab\u00edan optado por el cese anticipado de la actividad agraria, se encuentren en una situaci\u00f3n de indefensi\u00f3n, puesto que, cumplidos los 65 a\u00f1os, se quedan durante algunos meses y hasta la activaci\u00f3n de la pensi\u00f3n sin ning\u00fan tipo de coberturas.<\/p>\n<p>Este hecho hab\u00eda sido denunciado por ASAJA de Castilla y Le\u00f3n ante la Consejer\u00eda de Agricultura y Ganader\u00eda, que por fin estos d\u00edas da una respuesta positiva a nuestra demanda, permitiendo prolongar la ayuda del cese hasta se cumpla la edad de jubilaci\u00f3n y se comience a cobrar la pensi\u00f3n correspondiente.<\/p>\n<p>Desde el a\u00f1o 2013, algunos cedentes y trabajadores, beneficiarios de la ayuda del cese anticipado de la actividad agraria, se han visto afectados por el retraso progresivo de la edad de inicio de percepci\u00f3n de la pensi\u00f3n de jubilaci\u00f3n debido a la aplicaci\u00f3n de la Ley 27\/2011 (sobre actualizaci\u00f3n, adecuaci\u00f3n y modernizaci\u00f3n del sistema de la Seguridad Social). Estos beneficiarios -al menos dos centenares en Castilla y Le\u00f3n- dejan de percibir la ayuda aprobada en el momento en que alcanzan los 65 a\u00f1os, pudiendo pasar unos meses (progresivamente m\u00e1s extensos) hasta que comienzan a percibir la pensi\u00f3n por su jubilaci\u00f3n definitiva.<\/p>\n<p>Ateniendo a las demandas de ASAJA, para paliar esta situaci\u00f3n la Consejer\u00eda de Agricultura y Ganader\u00eda ha elaborado una Orden que se publicar\u00e1 estos d\u00edas, para regularizar el pago de las subvenciones por cese anticipado a aquellos beneficiarios que no pudieron o no puedan en el futuro acceder a la pensi\u00f3n de jubilaci\u00f3n hasta m\u00e1s de un mes despu\u00e9s de cumplir los 65 a\u00f1os de edad.<\/p>\n<p>Para ello, deber\u00e1n presentar una solicitud para que se le reconozca el pago de estos atrasos, o bien la prolongaci\u00f3n en la percepci\u00f3n, seg\u00fan sea el caso. As\u00ed:<\/p>\n<ul>\n<li>Los que ya est\u00e9n cobrando la pensi\u00f3n de jubilaci\u00f3n y hayan dejado de cobrar m\u00e1s de un mes la ayuda del cese anticipado desde que cumplieron los 65 a\u00f1os, tendr\u00e1n que solicitarlo en el plazo de dos meses desde la publicaci\u00f3n y entrada en vigor de la orden.<\/li>\n<li>Los que todav\u00eda no est\u00e9n cobrando la pensi\u00f3n de jubilaci\u00f3n porque no est\u00e9n definitivamente jubilados y hayan dejado de cobrar m\u00e1s de un mes la ayuda del cese anticipado desde que cumplieron los 65 a\u00f1os, tendr\u00e1n que solicitarlo en el mismo plazo, dos meses, pero desde la notificaci\u00f3n de la resoluci\u00f3n por la que se reconozca el derecho a la pensi\u00f3n de jubilaci\u00f3n de la Seguridad Social.<\/li>\n<li>Los que todav\u00eda est\u00e9n percibiendo la ayuda al cese anticipado, que no vayan a acceder a la pensi\u00f3n de jubilaci\u00f3n hasta m\u00e1s de un mes despu\u00e9s de cumplir los 65 a\u00f1os, tendr\u00e1n que solicitarlo con al menos dos meses de antelaci\u00f3n a la fecha en cumplan los 65 a\u00f1os. Si cuando entre en vigor la orden faltaran menos de dos meses para cumplir los 65 a\u00f1os, se admitir\u00e1 la solicitud hasta el mes siguiente a cumplir dicha edad.<\/li>\n<\/ul>\n<p>Hay que matizar que el programa de cese anticipado dej\u00f3 de aplicarse en Castilla y Le\u00f3n en la campa\u00f1a 2013, cuando dej\u00f3 de financiarla, a trav\u00e9s del Programa de Desarrollo Rural, la Uni\u00f3n Europea. ASAJA es una gran defensora de esta l\u00ednea de apoyo al relevo generacional, que podr\u00eda seguir siendo una excelente herramienta para apoyar la renovaci\u00f3n del sector, puesto que el abandono est\u00e1 vinculado al traspaso de la explotaci\u00f3n a un hombre o mujer joven.<\/p>\n<p><a href=\"https:\/\/www.asajacyl.com\/palencia\/wp-content\/uploads\/sites\/3\/2019\/04\/foto-cese.jpg\"><img loading=\"lazy\" decoding=\"async\" class=\"alignnone size-medium wp-image-6148\" src=\"https:\/\/www.asajacyl.com\/palencia\/wp-content\/uploads\/sites\/3\/2019\/04\/foto-cese-300x81.jpg\" alt=\"\" width=\"300\" height=\"81\" srcset=\"https:\/\/www.asajacyl.com\/palencia\/wp-content\/uploads\/sites\/3\/2019\/04\/foto-cese-300x81.jpg 300w, https:\/\/www.asajacyl.com\/palencia\/wp-content\/uploads\/sites\/3\/2019\/04\/foto-cese-768x207.jpg 768w, https:\/\/www.asajacyl.com\/palencia\/wp-content\/uploads\/sites\/3\/2019\/04\/foto-cese-1024x276.jpg 1024w, https:\/\/www.asajacyl.com\/palencia\/wp-content\/uploads\/sites\/3\/2019\/04\/foto-cese-696x187.jpg 696w, https:\/\/www.asajacyl.com\/palencia\/wp-content\/uploads\/sites\/3\/2019\/04\/foto-cese-1068x288.jpg 1068w, https:\/\/www.asajacyl.com\/palencia\/wp-content\/uploads\/sites\/3\/2019\/04\/foto-cese-1560x420.jpg 1560w, https:\/\/www.asajacyl.com\/palencia\/wp-content\/uploads\/sites\/3\/2019\/04\/foto-cese.jpg 1653w\" sizes=\"(max-width: 300px) 100vw, 300px\" \/><\/a><\/p>\n","protected":false},"excerpt":{"rendered":"<p>La Junta da una respuesta positiva a nuestra demanda, permitiendo prolongar la ayuda del cese hasta se cumpla la edad de jubilaci\u00f3n y se comience a cobrar la pensi\u00f3n correspondiente La prolongaci\u00f3n progresiva de la edad de jubilaci\u00f3n ha ocasionado que los agricultores que a\u00f1os atr\u00e1s hab\u00edan optado por el cese anticipado de la actividad [&hellip;]<\/p>\n","protected":false},"author":9,"featured_media":6148,"comment_status":"open","ping_status":"open","sticky":false,"template":"","format":"standard","meta":{"footnotes":""},"categories":[9,28],"tags":[],"yoast_head":"<!-- This site is optimized with the Yoast SEO plugin v24.5 - https:\/\/yoast.com\/wordpress\/plugins\/seo\/ -->\n<title>ASAJA consigue que los agricultores que optaron al cese anticipado no dejen de recibir ayuda, aunque se posponga la edad de jubilaci\u00f3n - ASAJA Palencia<\/title>\n<meta name=\"description\" content=\"La Junta da una respuesta positiva a nuestra demanda, permitiendo prolongar la ayuda del cese hasta se cumpla la edad de jubilaci\u00f3n y se comience a cobrar\" \/>\n<meta name=\"robots\" content=\"index, follow, max-snippet:-1, max-image-preview:large, max-video-preview:-1\" \/>\n<link rel=\"canonical\" href=\"https:\/\/www.asajacyl.com\/palencia\/asaja-palencia-informa\/asaja-consigue-los-agricultores-optaron-al-cese-anticipado-no-dejen-recibir-ayuda-aunque-se-posponga-la-edad-jubilacion\" \/>\n<meta property=\"og:locale\" content=\"es_ES\" \/>\n<meta property=\"og:type\" content=\"article\" \/>\n<meta property=\"og:title\" content=\"ASAJA consigue que los agricultores que optaron al cese anticipado no dejen de recibir ayuda, aunque se posponga la edad de jubilaci\u00f3n - ASAJA Palencia\" \/>\n<meta property=\"og:description\" content=\"La Junta da una respuesta positiva a nuestra demanda, permitiendo prolongar la ayuda del cese hasta se cumpla la edad de jubilaci\u00f3n y se comience a cobrar\" \/>\n<meta property=\"og:url\" content=\"https:\/\/www.asajacyl.com\/palencia\/asaja-palencia-informa\/asaja-consigue-los-agricultores-optaron-al-cese-anticipado-no-dejen-recibir-ayuda-aunque-se-posponga-la-edad-jubilacion\" \/>\n<meta property=\"og:site_name\" content=\"ASAJA Palencia\" \/>\n<meta property=\"article:published_time\" content=\"2019-04-17T09:27:58+00:00\" \/>\n<meta property=\"article:modified_time\" content=\"2019-05-17T06:29:33+00:00\" \/>\n<meta property=\"og:image\" content=\"https:\/\/www.asajacyl.com\/palencia\/wp-content\/uploads\/sites\/3\/2019\/04\/foto-cese.jpg\" \/>\n\t<meta property=\"og:image:width\" content=\"1653\" \/>\n\t<meta property=\"og:image:height\" content=\"445\" \/>\n\t<meta property=\"og:image:type\" content=\"image\/jpeg\" \/>\n<meta name=\"author\" content=\"Administrador\" \/>\n<meta name=\"twitter:card\" content=\"summary_large_image\" \/>\n<meta name=\"twitter:label1\" content=\"Escrito por\" \/>\n\t<meta name=\"twitter:data1\" content=\"Administrador\" \/>\n\t<meta name=\"twitter:label2\" content=\"Tiempo de lectura\" \/>\n\t<meta name=\"twitter:data2\" content=\"3 minutos\" \/>\n<script type=\"application\/ld+json\" class=\"yoast-schema-graph\">{\"@context\":\"https:\/\/schema.org\",\"@graph\":[{\"@type\":\"WebPage\",\"@id\":\"https:\/\/www.asajacyl.com\/palencia\/asaja-palencia-informa\/asaja-consigue-los-agricultores-optaron-al-cese-anticipado-no-dejen-recibir-ayuda-aunque-se-posponga-la-edad-jubilacion\",\"url\":\"https:\/\/www.asajacyl.com\/palencia\/asaja-palencia-informa\/asaja-consigue-los-agricultores-optaron-al-cese-anticipado-no-dejen-recibir-ayuda-aunque-se-posponga-la-edad-jubilacion\",\"name\":\"ASAJA consigue que los agricultores que optaron al cese anticipado no dejen de recibir ayuda, aunque se posponga la edad de jubilaci\u00f3n - ASAJA Palencia\",\"isPartOf\":{\"@id\":\"https:\/\/www.asajacyl.com\/palencia\/#website\"},\"primaryImageOfPage\":{\"@id\":\"https:\/\/www.asajacyl.com\/palencia\/asaja-palencia-informa\/asaja-consigue-los-agricultores-optaron-al-cese-anticipado-no-dejen-recibir-ayuda-aunque-se-posponga-la-edad-jubilacion#primaryimage\"},\"image\":{\"@id\":\"https:\/\/www.asajacyl.com\/palencia\/asaja-palencia-informa\/asaja-consigue-los-agricultores-optaron-al-cese-anticipado-no-dejen-recibir-ayuda-aunque-se-posponga-la-edad-jubilacion#primaryimage\"},\"thumbnailUrl\":\"https:\/\/www.asajacyl.com\/palencia\/wp-content\/uploads\/sites\/3\/2019\/04\/foto-cese.jpg\",\"datePublished\":\"2019-04-17T09:27:58+00:00\",\"dateModified\":\"2019-05-17T06:29:33+00:00\",\"author\":{\"@id\":\"https:\/\/www.asajacyl.com\/palencia\/#\/schema\/person\/3ab17aeb03527485c317557fae64aab1\"},\"description\":\"La Junta da una respuesta positiva a nuestra demanda, permitiendo prolongar la ayuda del cese hasta se cumpla la edad de jubilaci\u00f3n y se comience a cobrar\",\"breadcrumb\":{\"@id\":\"https:\/\/www.asajacyl.com\/palencia\/asaja-palencia-informa\/asaja-consigue-los-agricultores-optaron-al-cese-anticipado-no-dejen-recibir-ayuda-aunque-se-posponga-la-edad-jubilacion#breadcrumb\"},\"inLanguage\":\"es\",\"potentialAction\":[{\"@type\":\"ReadAction\",\"target\":[\"https:\/\/www.asajacyl.com\/palencia\/asaja-palencia-informa\/asaja-consigue-los-agricultores-optaron-al-cese-anticipado-no-dejen-recibir-ayuda-aunque-se-posponga-la-edad-jubilacion\"]}]},{\"@type\":\"ImageObject\",\"inLanguage\":\"es\",\"@id\":\"https:\/\/www.asajacyl.com\/palencia\/asaja-palencia-informa\/asaja-consigue-los-agricultores-optaron-al-cese-anticipado-no-dejen-recibir-ayuda-aunque-se-posponga-la-edad-jubilacion#primaryimage\",\"url\":\"https:\/\/www.asajacyl.com\/palencia\/wp-content\/uploads\/sites\/3\/2019\/04\/foto-cese.jpg\",\"contentUrl\":\"https:\/\/www.asajacyl.com\/palencia\/wp-content\/uploads\/sites\/3\/2019\/04\/foto-cese.jpg\",\"width\":1653,\"height\":445},{\"@type\":\"BreadcrumbList\",\"@id\":\"https:\/\/www.asajacyl.com\/palencia\/asaja-palencia-informa\/asaja-consigue-los-agricultores-optaron-al-cese-anticipado-no-dejen-recibir-ayuda-aunque-se-posponga-la-edad-jubilacion#breadcrumb\",\"itemListElement\":[{\"@type\":\"ListItem\",\"position\":1,\"name\":\"Portada\",\"item\":\"https:\/\/www.asajacyl.com\/palencia\/\"},{\"@type\":\"ListItem\",\"position\":2,\"name\":\"ASAJA consigue que los agricultores que optaron al cese anticipado no dejen de recibir ayuda, aunque se posponga la edad de jubilaci\u00f3n\"}]},{\"@type\":\"WebSite\",\"@id\":\"https:\/\/www.asajacyl.com\/palencia\/#website\",\"url\":\"https:\/\/www.asajacyl.com\/palencia\/\",\"name\":\"ASAJA Palencia\",\"description\":\"Otro sitio m\u00e1s de Provincias ASAJA Castilla y Le\u00f3n\",\"potentialAction\":[{\"@type\":\"SearchAction\",\"target\":{\"@type\":\"EntryPoint\",\"urlTemplate\":\"https:\/\/www.asajacyl.com\/palencia\/?s={search_term_string}\"},\"query-input\":{\"@type\":\"PropertyValueSpecification\",\"valueRequired\":true,\"valueName\":\"search_term_string\"}}],\"inLanguage\":\"es\"},{\"@type\":\"Person\",\"@id\":\"https:\/\/www.asajacyl.com\/palencia\/#\/schema\/person\/3ab17aeb03527485c317557fae64aab1\",\"name\":\"Administrador\",\"image\":{\"@type\":\"ImageObject\",\"inLanguage\":\"es\",\"@id\":\"https:\/\/www.asajacyl.com\/palencia\/#\/schema\/person\/image\/\",\"url\":\"https:\/\/secure.gravatar.com\/avatar\/517384810d242ca9e38c180f3c9fb973?s=96&d=mm&r=g\",\"contentUrl\":\"https:\/\/secure.gravatar.com\/avatar\/517384810d242ca9e38c180f3c9fb973?s=96&d=mm&r=g\",\"caption\":\"Administrador\"},\"url\":\"https:\/\/www.asajacyl.com\/palencia\/author\/carlosrm\"}]}<\/script>\n<!-- \/ Yoast SEO plugin. -->","yoast_head_json":{"title":"ASAJA consigue que los agricultores que optaron al cese anticipado no dejen de recibir ayuda, aunque se posponga la edad de jubilaci\u00f3n - ASAJA Palencia","description":"La Junta da una respuesta positiva a nuestra demanda, permitiendo prolongar la ayuda del cese hasta se cumpla la edad de jubilaci\u00f3n y se comience a cobrar","robots":{"index":"index","follow":"follow","max-snippet":"max-snippet:-1","max-image-preview":"max-image-preview:large","max-video-preview":"max-video-preview:-1"},"canonical":"https:\/\/www.asajacyl.com\/palencia\/asaja-palencia-informa\/asaja-consigue-los-agricultores-optaron-al-cese-anticipado-no-dejen-recibir-ayuda-aunque-se-posponga-la-edad-jubilacion","og_locale":"es_ES","og_type":"article","og_title":"ASAJA consigue que los agricultores que optaron al cese anticipado no dejen de recibir ayuda, aunque se posponga la edad de jubilaci\u00f3n - ASAJA Palencia","og_description":"La Junta da una respuesta positiva a nuestra demanda, permitiendo prolongar la ayuda del cese hasta se cumpla la edad de jubilaci\u00f3n y se comience a cobrar","og_url":"https:\/\/www.asajacyl.com\/palencia\/asaja-palencia-informa\/asaja-consigue-los-agricultores-optaron-al-cese-anticipado-no-dejen-recibir-ayuda-aunque-se-posponga-la-edad-jubilacion","og_site_name":"ASAJA Palencia","article_published_time":"2019-04-17T09:27:58+00:00","article_modified_time":"2019-05-17T06:29:33+00:00","og_image":[{"width":1653,"height":445,"url":"https:\/\/www.asajacyl.com\/palencia\/wp-content\/uploads\/sites\/3\/2019\/04\/foto-cese.jpg","type":"image\/jpeg"}],"author":"Administrador","twitter_card":"summary_large_image","twitter_misc":{"Escrito por":"Administrador","Tiempo de lectura":"3 minutos"},"schema":{"@context":"https:\/\/schema.org","@graph":[{"@type":"WebPage","@id":"https:\/\/www.asajacyl.com\/palencia\/asaja-palencia-informa\/asaja-consigue-los-agricultores-optaron-al-cese-anticipado-no-dejen-recibir-ayuda-aunque-se-posponga-la-edad-jubilacion","url":"https:\/\/www.asajacyl.com\/palencia\/asaja-palencia-informa\/asaja-consigue-los-agricultores-optaron-al-cese-anticipado-no-dejen-recibir-ayuda-aunque-se-posponga-la-edad-jubilacion","name":"ASAJA consigue que los agricultores que optaron al cese anticipado no dejen de recibir ayuda, aunque se posponga la edad de jubilaci\u00f3n - ASAJA Palencia","isPartOf":{"@id":"https:\/\/www.asajacyl.com\/palencia\/#website"},"primaryImageOfPage":{"@id":"https:\/\/www.asajacyl.com\/palencia\/asaja-palencia-informa\/asaja-consigue-los-agricultores-optaron-al-cese-anticipado-no-dejen-recibir-ayuda-aunque-se-posponga-la-edad-jubilacion#primaryimage"},"image":{"@id":"https:\/\/www.asajacyl.com\/palencia\/asaja-palencia-informa\/asaja-consigue-los-agricultores-optaron-al-cese-anticipado-no-dejen-recibir-ayuda-aunque-se-posponga-la-edad-jubilacion#primaryimage"},"thumbnailUrl":"https:\/\/www.asajacyl.com\/palencia\/wp-content\/uploads\/sites\/3\/2019\/04\/foto-cese.jpg","datePublished":"2019-04-17T09:27:58+00:00","dateModified":"2019-05-17T06:29:33+00:00","author":{"@id":"https:\/\/www.asajacyl.com\/palencia\/#\/schema\/person\/3ab17aeb03527485c317557fae64aab1"},"description":"La Junta da una respuesta positiva a nuestra demanda, permitiendo prolongar la ayuda del cese hasta se cumpla la edad de jubilaci\u00f3n y se comience a cobrar","breadcrumb":{"@id":"https:\/\/www.asajacyl.com\/palencia\/asaja-palencia-informa\/asaja-consigue-los-agricultores-optaron-al-cese-anticipado-no-dejen-recibir-ayuda-aunque-se-posponga-la-edad-jubilacion#breadcrumb"},"inLanguage":"es","potentialAction":[{"@type":"ReadAction","target":["https:\/\/www.asajacyl.com\/palencia\/asaja-palencia-informa\/asaja-consigue-los-agricultores-optaron-al-cese-anticipado-no-dejen-recibir-ayuda-aunque-se-posponga-la-edad-jubilacion"]}]},{"@type":"ImageObject","inLanguage":"es","@id":"https:\/\/www.asajacyl.com\/palencia\/asaja-palencia-informa\/asaja-consigue-los-agricultores-optaron-al-cese-anticipado-no-dejen-recibir-ayuda-aunque-se-posponga-la-edad-jubilacion#primaryimage","url":"https:\/\/www.asajacyl.com\/palencia\/wp-content\/uploads\/sites\/3\/2019\/04\/foto-cese.jpg","contentUrl":"https:\/\/www.asajacyl.com\/palencia\/wp-content\/uploads\/sites\/3\/2019\/04\/foto-cese.jpg","width":1653,"height":445},{"@type":"BreadcrumbList","@id":"https:\/\/www.asajacyl.com\/palencia\/asaja-palencia-informa\/asaja-consigue-los-agricultores-optaron-al-cese-anticipado-no-dejen-recibir-ayuda-aunque-se-posponga-la-edad-jubilacion#breadcrumb","itemListElement":[{"@type":"ListItem","position":1,"name":"Portada","item":"https:\/\/www.asajacyl.com\/palencia\/"},{"@type":"ListItem","position":2,"name":"ASAJA consigue que los agricultores que optaron al cese anticipado no dejen de recibir ayuda, aunque se posponga la edad de jubilaci\u00f3n"}]},{"@type":"WebSite","@id":"https:\/\/www.asajacyl.com\/palencia\/#website","url":"https:\/\/www.asajacyl.com\/palencia\/","name":"ASAJA Palencia","description":"Otro sitio m\u00e1s de Provincias ASAJA Castilla y Le\u00f3n","potentialAction":[{"@type":"SearchAction","target":{"@type":"EntryPoint","urlTemplate":"https:\/\/www.asajacyl.com\/palencia\/?s={search_term_string}"},"query-input":{"@type":"PropertyValueSpecification","valueRequired":true,"valueName":"search_term_string"}}],"inLanguage":"es"},{"@type":"Person","@id":"https:\/\/www.asajacyl.com\/palencia\/#\/schema\/person\/3ab17aeb03527485c317557fae64aab1","name":"Administrador","image":{"@type":"ImageObject","inLanguage":"es","@id":"https:\/\/www.asajacyl.com\/palencia\/#\/schema\/person\/image\/","url":"https:\/\/secure.gravatar.com\/avatar\/517384810d242ca9e38c180f3c9fb973?s=96&d=mm&r=g","contentUrl":"https:\/\/secure.gravatar.com\/avatar\/517384810d242ca9e38c180f3c9fb973?s=96&d=mm&r=g","caption":"Administrador"},"url":"https:\/\/www.asajacyl.com\/palencia\/author\/carlosrm"}]}},"_links":{"self":[{"href":"https:\/\/www.asajacyl.com\/palencia\/wp-json\/wp\/v2\/posts\/6147"}],"collection":[{"href":"https:\/\/www.asajacyl.com\/palencia\/wp-json\/wp\/v2\/posts"}],"about":[{"href":"https:\/\/www.asajacyl.com\/palencia\/wp-json\/wp\/v2\/types\/post"}],"author":[{"embeddable":true,"href":"https:\/\/www.asajacyl.com\/palencia\/wp-json\/wp\/v2\/users\/9"}],"replies":[{"embeddable":true,"href":"https:\/\/www.asajacyl.com\/palencia\/wp-json\/wp\/v2\/comments?post=6147"}],"version-history":[{"count":1,"href":"https:\/\/www.asajacyl.com\/palencia\/wp-json\/wp\/v2\/posts\/6147\/revisions"}],"predecessor-version":[{"id":6149,"href":"https:\/\/www.asajacyl.com\/palencia\/wp-json\/wp\/v2\/posts\/6147\/revisions\/6149"}],"wp:featuredmedia":[{"embeddable":true,"href":"https:\/\/www.asajacyl.com\/palencia\/wp-json\/wp\/v2\/media\/6148"}],"wp:attachment":[{"href":"https:\/\/www.asajacyl.com\/palencia\/wp-json\/wp\/v2\/media?parent=6147"}],"wp:term":[{"taxonomy":"category","embeddable":true,"href":"https:\/\/www.asajacyl.com\/palencia\/wp-json\/wp\/v2\/categories?post=6147"},{"taxonomy":"post_tag","embeddable":true,"href":"https:\/\/www.asajacyl.com\/palencia\/wp-json\/wp\/v2\/tags?post=6147"}],"curies":[{"name":"wp","href":"https:\/\/api.w.org\/{rel}","templated":true}]}}