{"id":6201,"date":"2019-05-01T10:18:59","date_gmt":"2019-05-01T08:18:59","guid":{"rendered":"https:\/\/www.asajacyl.com\/palencia\/?p=6201"},"modified":"2019-05-17T08:30:58","modified_gmt":"2019-05-17T06:30:58","slug":"la-deficiente-conexion-internet-impide-la-emision-del-programa-lumbreras-villamartin","status":"publish","type":"post","link":"https:\/\/www.asajacyl.com\/palencia\/asaja-palencia-informa\/noticias\/la-deficiente-conexion-internet-impide-la-emision-del-programa-lumbreras-villamartin","title":{"rendered":"La deficiente conexi\u00f3n a internet impide la emisi\u00f3n del programa de Lumbreras en Villamart\u00edn"},"content":{"rendered":"<p><strong>ASAJA reivindica el fin de la brecha digital que sigue siendo una realidad en los pueblos de la provincia<\/strong><\/p>\n<p>Todos los s\u00e1bados de 8:30 a 10 se emite Agropopular, de la cadena COPE, para informar a agricultores, ganaderos y la sociedad en general sobre los asuntos del campo. Este s\u00e1bado iba a retransmitirse desde el Ayuntamiento de Villamart\u00edn,\u00a0 en directo y a nivel nacional, el programa que presenta C\u00e9sar Lumbreras desde hace m\u00e1s de tres d\u00e9cadas, y que es l\u00edder de audiencia en el medio rural.<\/p>\n<p>Sin embargo, la falta de capacidad para ofrecer un servicio equiparable al de las capitales de provincia, impide que pueda llevarse a cabo la emisi\u00f3n de un espacio que iba a suponer una buena oportunidad para dar a conocer el d\u00eda a d\u00eda de la localidad terracampina\u00a0 -a tan s\u00f3lo 15 kil\u00f3metros de la capital- donde la agricultura y la ganader\u00eda son las principales actividades. Adem\u00e1s, \u00a0cuenta con una ganader\u00eda pionera en Espa\u00f1a centrada en la cr\u00eda de patos y la transformaci\u00f3n de sus productos, Selectos de Castilla, que iba a ser la anfitriona del programa radiof\u00f3nico.<\/p>\n<p>El problema es la inexistencia de la banda ancha de internet, o lo que es lo mismo, la deficiente conexi\u00f3n de alta velocidad. Una deficiencia que afecta a la mayor\u00eda de pueblos de la provincia y que demuestra que la brecha digital sigue siendo una realidad.\u00a0 Precisamente en la campa\u00f1a electoral que acabamos de vivir y la que arranca en los pr\u00f3ximos d\u00edas se ha utilizado como argumento pol\u00edtico en la carrera hacia el voto.<\/p>\n<p>Por ello desde Asaja Palencia exigimos la equiparaci\u00f3n con las ciudades en cuanto al servicio de internet de banda ancha, ya que es una necesidad diaria en colegios, centros de salud, explotaciones agr\u00edcolas y ganaderas, o en las gestiones administrativas en los pueblos, por citar s\u00f3lo algunos ejemplos.<\/p>\n<p><a href=\"https:\/\/www.asajacyl.com\/palencia\/wp-content\/uploads\/sites\/3\/2019\/05\/Captura-lumbreras.jpg\"><img loading=\"lazy\" decoding=\"async\" class=\"alignnone size-medium wp-image-6202\" src=\"https:\/\/www.asajacyl.com\/palencia\/wp-content\/uploads\/sites\/3\/2019\/05\/Captura-lumbreras-300x102.jpg\" alt=\"\" width=\"300\" height=\"102\" srcset=\"https:\/\/www.asajacyl.com\/palencia\/wp-content\/uploads\/sites\/3\/2019\/05\/Captura-lumbreras-300x102.jpg 300w, https:\/\/www.asajacyl.com\/palencia\/wp-content\/uploads\/sites\/3\/2019\/05\/Captura-lumbreras-768x261.jpg 768w, https:\/\/www.asajacyl.com\/palencia\/wp-content\/uploads\/sites\/3\/2019\/05\/Captura-lumbreras-1024x348.jpg 1024w, https:\/\/www.asajacyl.com\/palencia\/wp-content\/uploads\/sites\/3\/2019\/05\/Captura-lumbreras-696x237.jpg 696w, https:\/\/www.asajacyl.com\/palencia\/wp-content\/uploads\/sites\/3\/2019\/05\/Captura-lumbreras-1068x363.jpg 1068w, https:\/\/www.asajacyl.com\/palencia\/wp-content\/uploads\/sites\/3\/2019\/05\/Captura-lumbreras.jpg 1127w\" sizes=\"(max-width: 300px) 100vw, 300px\" \/><\/a><\/p>\n","protected":false},"excerpt":{"rendered":"<p>ASAJA reivindica el fin de la brecha digital que sigue siendo una realidad en los pueblos de la provincia Todos los s\u00e1bados de 8:30 a 10 se emite Agropopular, de la cadena COPE, para informar a agricultores, ganaderos y la sociedad en general sobre los asuntos del campo. Este s\u00e1bado iba a retransmitirse desde el [&hellip;]<\/p>\n","protected":false},"author":9,"featured_media":6202,"comment_status":"open","ping_status":"open","sticky":false,"template":"","format":"standard","meta":{"footnotes":""},"categories":[28],"tags":[],"yoast_head":"<!-- This site is optimized with the Yoast SEO plugin v24.5 - https:\/\/yoast.com\/wordpress\/plugins\/seo\/ -->\n<title>La deficiente conexi\u00f3n a internet impide la emisi\u00f3n del programa de Lumbreras en Villamart\u00edn - ASAJA Palencia<\/title>\n<meta name=\"description\" content=\"ASAJA reivindica el fin de la brecha digital que sigue siendo una realidad en los pueblos de la provincia Todos los s\u00e1bados de 8:30 a 10 se emite\" \/>\n<meta name=\"robots\" content=\"index, follow, max-snippet:-1, max-image-preview:large, max-video-preview:-1\" \/>\n<link rel=\"canonical\" href=\"https:\/\/www.asajacyl.com\/palencia\/asaja-palencia-informa\/noticias\/la-deficiente-conexion-internet-impide-la-emision-del-programa-lumbreras-villamartin\" \/>\n<meta property=\"og:locale\" content=\"es_ES\" \/>\n<meta property=\"og:type\" content=\"article\" \/>\n<meta property=\"og:title\" content=\"La deficiente conexi\u00f3n a internet impide la emisi\u00f3n del programa de Lumbreras en Villamart\u00edn - ASAJA Palencia\" \/>\n<meta property=\"og:description\" content=\"ASAJA reivindica el fin de la brecha digital que sigue siendo una realidad en los pueblos de la provincia Todos los s\u00e1bados de 8:30 a 10 se emite\" \/>\n<meta property=\"og:url\" content=\"https:\/\/www.asajacyl.com\/palencia\/asaja-palencia-informa\/noticias\/la-deficiente-conexion-internet-impide-la-emision-del-programa-lumbreras-villamartin\" \/>\n<meta property=\"og:site_name\" content=\"ASAJA Palencia\" \/>\n<meta property=\"article:published_time\" content=\"2019-05-01T08:18:59+00:00\" \/>\n<meta property=\"article:modified_time\" content=\"2019-05-17T06:30:58+00:00\" \/>\n<meta property=\"og:image\" content=\"https:\/\/www.asajacyl.com\/palencia\/wp-content\/uploads\/sites\/3\/2019\/05\/Captura-lumbreras.jpg\" \/>\n\t<meta property=\"og:image:width\" content=\"1127\" \/>\n\t<meta property=\"og:image:height\" content=\"383\" \/>\n\t<meta property=\"og:image:type\" content=\"image\/jpeg\" \/>\n<meta name=\"author\" content=\"Administrador\" \/>\n<meta name=\"twitter:card\" content=\"summary_large_image\" \/>\n<meta name=\"twitter:label1\" content=\"Escrito por\" \/>\n\t<meta name=\"twitter:data1\" content=\"Administrador\" \/>\n\t<meta name=\"twitter:label2\" content=\"Tiempo de lectura\" \/>\n\t<meta name=\"twitter:data2\" content=\"2 minutos\" \/>\n<script type=\"application\/ld+json\" class=\"yoast-schema-graph\">{\"@context\":\"https:\/\/schema.org\",\"@graph\":[{\"@type\":\"WebPage\",\"@id\":\"https:\/\/www.asajacyl.com\/palencia\/asaja-palencia-informa\/noticias\/la-deficiente-conexion-internet-impide-la-emision-del-programa-lumbreras-villamartin\",\"url\":\"https:\/\/www.asajacyl.com\/palencia\/asaja-palencia-informa\/noticias\/la-deficiente-conexion-internet-impide-la-emision-del-programa-lumbreras-villamartin\",\"name\":\"La deficiente conexi\u00f3n a internet impide la emisi\u00f3n del programa de Lumbreras en Villamart\u00edn - ASAJA Palencia\",\"isPartOf\":{\"@id\":\"https:\/\/www.asajacyl.com\/palencia\/#website\"},\"primaryImageOfPage\":{\"@id\":\"https:\/\/www.asajacyl.com\/palencia\/asaja-palencia-informa\/noticias\/la-deficiente-conexion-internet-impide-la-emision-del-programa-lumbreras-villamartin#primaryimage\"},\"image\":{\"@id\":\"https:\/\/www.asajacyl.com\/palencia\/asaja-palencia-informa\/noticias\/la-deficiente-conexion-internet-impide-la-emision-del-programa-lumbreras-villamartin#primaryimage\"},\"thumbnailUrl\":\"https:\/\/www.asajacyl.com\/palencia\/wp-content\/uploads\/sites\/3\/2019\/05\/Captura-lumbreras.jpg\",\"datePublished\":\"2019-05-01T08:18:59+00:00\",\"dateModified\":\"2019-05-17T06:30:58+00:00\",\"author\":{\"@id\":\"https:\/\/www.asajacyl.com\/palencia\/#\/schema\/person\/3ab17aeb03527485c317557fae64aab1\"},\"description\":\"ASAJA reivindica el fin de la brecha digital que sigue siendo una realidad en los pueblos de la provincia Todos los s\u00e1bados de 8:30 a 10 se emite\",\"breadcrumb\":{\"@id\":\"https:\/\/www.asajacyl.com\/palencia\/asaja-palencia-informa\/noticias\/la-deficiente-conexion-internet-impide-la-emision-del-programa-lumbreras-villamartin#breadcrumb\"},\"inLanguage\":\"es\",\"potentialAction\":[{\"@type\":\"ReadAction\",\"target\":[\"https:\/\/www.asajacyl.com\/palencia\/asaja-palencia-informa\/noticias\/la-deficiente-conexion-internet-impide-la-emision-del-programa-lumbreras-villamartin\"]}]},{\"@type\":\"ImageObject\",\"inLanguage\":\"es\",\"@id\":\"https:\/\/www.asajacyl.com\/palencia\/asaja-palencia-informa\/noticias\/la-deficiente-conexion-internet-impide-la-emision-del-programa-lumbreras-villamartin#primaryimage\",\"url\":\"https:\/\/www.asajacyl.com\/palencia\/wp-content\/uploads\/sites\/3\/2019\/05\/Captura-lumbreras.jpg\",\"contentUrl\":\"https:\/\/www.asajacyl.com\/palencia\/wp-content\/uploads\/sites\/3\/2019\/05\/Captura-lumbreras.jpg\",\"width\":1127,\"height\":383},{\"@type\":\"BreadcrumbList\",\"@id\":\"https:\/\/www.asajacyl.com\/palencia\/asaja-palencia-informa\/noticias\/la-deficiente-conexion-internet-impide-la-emision-del-programa-lumbreras-villamartin#breadcrumb\",\"itemListElement\":[{\"@type\":\"ListItem\",\"position\":1,\"name\":\"Portada\",\"item\":\"https:\/\/www.asajacyl.com\/palencia\/\"},{\"@type\":\"ListItem\",\"position\":2,\"name\":\"La deficiente conexi\u00f3n a internet impide la emisi\u00f3n del programa de Lumbreras en Villamart\u00edn\"}]},{\"@type\":\"WebSite\",\"@id\":\"https:\/\/www.asajacyl.com\/palencia\/#website\",\"url\":\"https:\/\/www.asajacyl.com\/palencia\/\",\"name\":\"ASAJA Palencia\",\"description\":\"Otro sitio m\u00e1s de Provincias ASAJA Castilla y Le\u00f3n\",\"potentialAction\":[{\"@type\":\"SearchAction\",\"target\":{\"@type\":\"EntryPoint\",\"urlTemplate\":\"https:\/\/www.asajacyl.com\/palencia\/?s={search_term_string}\"},\"query-input\":{\"@type\":\"PropertyValueSpecification\",\"valueRequired\":true,\"valueName\":\"search_term_string\"}}],\"inLanguage\":\"es\"},{\"@type\":\"Person\",\"@id\":\"https:\/\/www.asajacyl.com\/palencia\/#\/schema\/person\/3ab17aeb03527485c317557fae64aab1\",\"name\":\"Administrador\",\"image\":{\"@type\":\"ImageObject\",\"inLanguage\":\"es\",\"@id\":\"https:\/\/www.asajacyl.com\/palencia\/#\/schema\/person\/image\/\",\"url\":\"https:\/\/secure.gravatar.com\/avatar\/517384810d242ca9e38c180f3c9fb973?s=96&d=mm&r=g\",\"contentUrl\":\"https:\/\/secure.gravatar.com\/avatar\/517384810d242ca9e38c180f3c9fb973?s=96&d=mm&r=g\",\"caption\":\"Administrador\"},\"url\":\"https:\/\/www.asajacyl.com\/palencia\/author\/carlosrm\"}]}<\/script>\n<!-- \/ Yoast SEO plugin. -->","yoast_head_json":{"title":"La deficiente conexi\u00f3n a internet impide la emisi\u00f3n del programa de Lumbreras en Villamart\u00edn - ASAJA Palencia","description":"ASAJA reivindica el fin de la brecha digital que sigue siendo una realidad en los pueblos de la provincia Todos los s\u00e1bados de 8:30 a 10 se emite","robots":{"index":"index","follow":"follow","max-snippet":"max-snippet:-1","max-image-preview":"max-image-preview:large","max-video-preview":"max-video-preview:-1"},"canonical":"https:\/\/www.asajacyl.com\/palencia\/asaja-palencia-informa\/noticias\/la-deficiente-conexion-internet-impide-la-emision-del-programa-lumbreras-villamartin","og_locale":"es_ES","og_type":"article","og_title":"La deficiente conexi\u00f3n a internet impide la emisi\u00f3n del programa de Lumbreras en Villamart\u00edn - ASAJA Palencia","og_description":"ASAJA reivindica el fin de la brecha digital que sigue siendo una realidad en los pueblos de la provincia Todos los s\u00e1bados de 8:30 a 10 se emite","og_url":"https:\/\/www.asajacyl.com\/palencia\/asaja-palencia-informa\/noticias\/la-deficiente-conexion-internet-impide-la-emision-del-programa-lumbreras-villamartin","og_site_name":"ASAJA Palencia","article_published_time":"2019-05-01T08:18:59+00:00","article_modified_time":"2019-05-17T06:30:58+00:00","og_image":[{"width":1127,"height":383,"url":"https:\/\/www.asajacyl.com\/palencia\/wp-content\/uploads\/sites\/3\/2019\/05\/Captura-lumbreras.jpg","type":"image\/jpeg"}],"author":"Administrador","twitter_card":"summary_large_image","twitter_misc":{"Escrito por":"Administrador","Tiempo de lectura":"2 minutos"},"schema":{"@context":"https:\/\/schema.org","@graph":[{"@type":"WebPage","@id":"https:\/\/www.asajacyl.com\/palencia\/asaja-palencia-informa\/noticias\/la-deficiente-conexion-internet-impide-la-emision-del-programa-lumbreras-villamartin","url":"https:\/\/www.asajacyl.com\/palencia\/asaja-palencia-informa\/noticias\/la-deficiente-conexion-internet-impide-la-emision-del-programa-lumbreras-villamartin","name":"La deficiente conexi\u00f3n a internet impide la emisi\u00f3n del programa de Lumbreras en Villamart\u00edn - ASAJA Palencia","isPartOf":{"@id":"https:\/\/www.asajacyl.com\/palencia\/#website"},"primaryImageOfPage":{"@id":"https:\/\/www.asajacyl.com\/palencia\/asaja-palencia-informa\/noticias\/la-deficiente-conexion-internet-impide-la-emision-del-programa-lumbreras-villamartin#primaryimage"},"image":{"@id":"https:\/\/www.asajacyl.com\/palencia\/asaja-palencia-informa\/noticias\/la-deficiente-conexion-internet-impide-la-emision-del-programa-lumbreras-villamartin#primaryimage"},"thumbnailUrl":"https:\/\/www.asajacyl.com\/palencia\/wp-content\/uploads\/sites\/3\/2019\/05\/Captura-lumbreras.jpg","datePublished":"2019-05-01T08:18:59+00:00","dateModified":"2019-05-17T06:30:58+00:00","author":{"@id":"https:\/\/www.asajacyl.com\/palencia\/#\/schema\/person\/3ab17aeb03527485c317557fae64aab1"},"description":"ASAJA reivindica el fin de la brecha digital que sigue siendo una realidad en los pueblos de la provincia Todos los s\u00e1bados de 8:30 a 10 se emite","breadcrumb":{"@id":"https:\/\/www.asajacyl.com\/palencia\/asaja-palencia-informa\/noticias\/la-deficiente-conexion-internet-impide-la-emision-del-programa-lumbreras-villamartin#breadcrumb"},"inLanguage":"es","potentialAction":[{"@type":"ReadAction","target":["https:\/\/www.asajacyl.com\/palencia\/asaja-palencia-informa\/noticias\/la-deficiente-conexion-internet-impide-la-emision-del-programa-lumbreras-villamartin"]}]},{"@type":"ImageObject","inLanguage":"es","@id":"https:\/\/www.asajacyl.com\/palencia\/asaja-palencia-informa\/noticias\/la-deficiente-conexion-internet-impide-la-emision-del-programa-lumbreras-villamartin#primaryimage","url":"https:\/\/www.asajacyl.com\/palencia\/wp-content\/uploads\/sites\/3\/2019\/05\/Captura-lumbreras.jpg","contentUrl":"https:\/\/www.asajacyl.com\/palencia\/wp-content\/uploads\/sites\/3\/2019\/05\/Captura-lumbreras.jpg","width":1127,"height":383},{"@type":"BreadcrumbList","@id":"https:\/\/www.asajacyl.com\/palencia\/asaja-palencia-informa\/noticias\/la-deficiente-conexion-internet-impide-la-emision-del-programa-lumbreras-villamartin#breadcrumb","itemListElement":[{"@type":"ListItem","position":1,"name":"Portada","item":"https:\/\/www.asajacyl.com\/palencia\/"},{"@type":"ListItem","position":2,"name":"La deficiente conexi\u00f3n a internet impide la emisi\u00f3n del programa de Lumbreras en Villamart\u00edn"}]},{"@type":"WebSite","@id":"https:\/\/www.asajacyl.com\/palencia\/#website","url":"https:\/\/www.asajacyl.com\/palencia\/","name":"ASAJA Palencia","description":"Otro sitio m\u00e1s de Provincias ASAJA Castilla y Le\u00f3n","potentialAction":[{"@type":"SearchAction","target":{"@type":"EntryPoint","urlTemplate":"https:\/\/www.asajacyl.com\/palencia\/?s={search_term_string}"},"query-input":{"@type":"PropertyValueSpecification","valueRequired":true,"valueName":"search_term_string"}}],"inLanguage":"es"},{"@type":"Person","@id":"https:\/\/www.asajacyl.com\/palencia\/#\/schema\/person\/3ab17aeb03527485c317557fae64aab1","name":"Administrador","image":{"@type":"ImageObject","inLanguage":"es","@id":"https:\/\/www.asajacyl.com\/palencia\/#\/schema\/person\/image\/","url":"https:\/\/secure.gravatar.com\/avatar\/517384810d242ca9e38c180f3c9fb973?s=96&d=mm&r=g","contentUrl":"https:\/\/secure.gravatar.com\/avatar\/517384810d242ca9e38c180f3c9fb973?s=96&d=mm&r=g","caption":"Administrador"},"url":"https:\/\/www.asajacyl.com\/palencia\/author\/carlosrm"}]}},"_links":{"self":[{"href":"https:\/\/www.asajacyl.com\/palencia\/wp-json\/wp\/v2\/posts\/6201"}],"collection":[{"href":"https:\/\/www.asajacyl.com\/palencia\/wp-json\/wp\/v2\/posts"}],"about":[{"href":"https:\/\/www.asajacyl.com\/palencia\/wp-json\/wp\/v2\/types\/post"}],"author":[{"embeddable":true,"href":"https:\/\/www.asajacyl.com\/palencia\/wp-json\/wp\/v2\/users\/9"}],"replies":[{"embeddable":true,"href":"https:\/\/www.asajacyl.com\/palencia\/wp-json\/wp\/v2\/comments?post=6201"}],"version-history":[{"count":1,"href":"https:\/\/www.asajacyl.com\/palencia\/wp-json\/wp\/v2\/posts\/6201\/revisions"}],"predecessor-version":[{"id":6203,"href":"https:\/\/www.asajacyl.com\/palencia\/wp-json\/wp\/v2\/posts\/6201\/revisions\/6203"}],"wp:featuredmedia":[{"embeddable":true,"href":"https:\/\/www.asajacyl.com\/palencia\/wp-json\/wp\/v2\/media\/6202"}],"wp:attachment":[{"href":"https:\/\/www.asajacyl.com\/palencia\/wp-json\/wp\/v2\/media?parent=6201"}],"wp:term":[{"taxonomy":"category","embeddable":true,"href":"https:\/\/www.asajacyl.com\/palencia\/wp-json\/wp\/v2\/categories?post=6201"},{"taxonomy":"post_tag","embeddable":true,"href":"https:\/\/www.asajacyl.com\/palencia\/wp-json\/wp\/v2\/tags?post=6201"}],"curies":[{"name":"wp","href":"https:\/\/api.w.org\/{rel}","templated":true}]}}