{"id":6204,"date":"2019-05-01T14:20:18","date_gmt":"2019-05-01T12:20:18","guid":{"rendered":"https:\/\/www.asajacyl.com\/palencia\/?p=6204"},"modified":"2019-05-17T08:31:38","modified_gmt":"2019-05-17T06:31:38","slug":"agropopular-lumbreras-se-emite-sabado-desde-san-martin-fromista","status":"publish","type":"post","link":"https:\/\/www.asajacyl.com\/palencia\/asaja-palencia-informa\/noticias\/agropopular-lumbreras-se-emite-sabado-desde-san-martin-fromista","title":{"rendered":"El Agropopular de Lumbreras se emite el s\u00e1bado desde San Mart\u00edn de Fr\u00f3mista"},"content":{"rendered":"<p>El programa de radio Agropopular de Cope se emitir\u00e1 finalmente desde Fr\u00f3mista, este s\u00e1bado, despu\u00e9s de que la deficiente conexi\u00f3n a internet haya impedido su emisi\u00f3n desde Villamart\u00edn de Campos, como estaba previsto.<\/p>\n<p>El programa se desarrollar\u00e1 entre las 8,30 y las 10 de la ma\u00f1ana del d\u00eda 11 de mayo, desde la iglesia de San Mart\u00edn de Fr\u00f3mista, uno de los m\u00e1s importantes monumentos del rom\u00e1nico situado en el Camino de Santiago palentino.<\/p>\n<p><a href=\"https:\/\/www.asajacyl.com\/palencia\/wp-content\/uploads\/sites\/3\/2019\/05\/foto-san-martin-fr\u00f3mista.jpg\"><img loading=\"lazy\" decoding=\"async\" class=\"alignnone size-medium wp-image-6205\" src=\"https:\/\/www.asajacyl.com\/palencia\/wp-content\/uploads\/sites\/3\/2019\/05\/foto-san-martin-fr\u00f3mista-300x195.jpg\" alt=\"\" width=\"300\" height=\"195\" srcset=\"https:\/\/www.asajacyl.com\/palencia\/wp-content\/uploads\/sites\/3\/2019\/05\/foto-san-martin-fr\u00f3mista-300x195.jpg 300w, https:\/\/www.asajacyl.com\/palencia\/wp-content\/uploads\/sites\/3\/2019\/05\/foto-san-martin-fr\u00f3mista-768x499.jpg 768w, https:\/\/www.asajacyl.com\/palencia\/wp-content\/uploads\/sites\/3\/2019\/05\/foto-san-martin-fr\u00f3mista-1024x665.jpg 1024w, https:\/\/www.asajacyl.com\/palencia\/wp-content\/uploads\/sites\/3\/2019\/05\/foto-san-martin-fr\u00f3mista-696x452.jpg 696w, https:\/\/www.asajacyl.com\/palencia\/wp-content\/uploads\/sites\/3\/2019\/05\/foto-san-martin-fr\u00f3mista-1068x694.jpg 1068w, https:\/\/www.asajacyl.com\/palencia\/wp-content\/uploads\/sites\/3\/2019\/05\/foto-san-martin-fr\u00f3mista-646x420.jpg 646w, https:\/\/www.asajacyl.com\/palencia\/wp-content\/uploads\/sites\/3\/2019\/05\/foto-san-martin-fr\u00f3mista.jpg 1328w\" sizes=\"(max-width: 300px) 100vw, 300px\" \/><\/a><\/p>\n","protected":false},"excerpt":{"rendered":"<p>El programa de radio Agropopular de Cope se emitir\u00e1 finalmente desde Fr\u00f3mista, este s\u00e1bado, despu\u00e9s de que la deficiente conexi\u00f3n a internet haya impedido su emisi\u00f3n desde Villamart\u00edn de Campos, como estaba previsto. El programa se desarrollar\u00e1 entre las 8,30 y las 10 de la ma\u00f1ana del d\u00eda 11 de mayo, desde la iglesia de [&hellip;]<\/p>\n","protected":false},"author":9,"featured_media":6205,"comment_status":"open","ping_status":"open","sticky":false,"template":"","format":"standard","meta":{"footnotes":""},"categories":[28],"tags":[],"yoast_head":"<!-- This site is optimized with the Yoast SEO plugin v24.5 - https:\/\/yoast.com\/wordpress\/plugins\/seo\/ -->\n<title>El Agropopular de Lumbreras se emite el s\u00e1bado desde San Mart\u00edn de Fr\u00f3mista - ASAJA Palencia<\/title>\n<meta name=\"description\" content=\"El programa de radio Agropopular de Cope se emitir\u00e1 finalmente desde Fr\u00f3mista, este s\u00e1bado, despu\u00e9s de que la deficiente conexi\u00f3n a internet haya impedido\" \/>\n<meta name=\"robots\" content=\"index, follow, max-snippet:-1, max-image-preview:large, max-video-preview:-1\" \/>\n<link rel=\"canonical\" href=\"https:\/\/www.asajacyl.com\/palencia\/asaja-palencia-informa\/noticias\/agropopular-lumbreras-se-emite-sabado-desde-san-martin-fromista\" \/>\n<meta property=\"og:locale\" content=\"es_ES\" \/>\n<meta property=\"og:type\" content=\"article\" \/>\n<meta property=\"og:title\" content=\"El Agropopular de Lumbreras se emite el s\u00e1bado desde San Mart\u00edn de Fr\u00f3mista - ASAJA Palencia\" \/>\n<meta property=\"og:description\" content=\"El programa de radio Agropopular de Cope se emitir\u00e1 finalmente desde Fr\u00f3mista, este s\u00e1bado, despu\u00e9s de que la deficiente conexi\u00f3n a internet haya impedido\" \/>\n<meta property=\"og:url\" content=\"https:\/\/www.asajacyl.com\/palencia\/asaja-palencia-informa\/noticias\/agropopular-lumbreras-se-emite-sabado-desde-san-martin-fromista\" \/>\n<meta property=\"og:site_name\" content=\"ASAJA Palencia\" \/>\n<meta property=\"article:published_time\" content=\"2019-05-01T12:20:18+00:00\" \/>\n<meta property=\"article:modified_time\" content=\"2019-05-17T06:31:38+00:00\" \/>\n<meta property=\"og:image\" content=\"https:\/\/www.asajacyl.com\/palencia\/wp-content\/uploads\/sites\/3\/2019\/05\/foto-san-martin-fr\u00f3mista.jpg\" \/>\n\t<meta property=\"og:image:width\" content=\"1328\" \/>\n\t<meta property=\"og:image:height\" content=\"863\" \/>\n\t<meta property=\"og:image:type\" content=\"image\/jpeg\" \/>\n<meta name=\"author\" content=\"Administrador\" \/>\n<meta name=\"twitter:card\" content=\"summary_large_image\" \/>\n<meta name=\"twitter:label1\" content=\"Escrito por\" \/>\n\t<meta name=\"twitter:data1\" content=\"Administrador\" \/>\n<script type=\"application\/ld+json\" class=\"yoast-schema-graph\">{\"@context\":\"https:\/\/schema.org\",\"@graph\":[{\"@type\":\"WebPage\",\"@id\":\"https:\/\/www.asajacyl.com\/palencia\/asaja-palencia-informa\/noticias\/agropopular-lumbreras-se-emite-sabado-desde-san-martin-fromista\",\"url\":\"https:\/\/www.asajacyl.com\/palencia\/asaja-palencia-informa\/noticias\/agropopular-lumbreras-se-emite-sabado-desde-san-martin-fromista\",\"name\":\"El Agropopular de Lumbreras se emite el s\u00e1bado desde San Mart\u00edn de Fr\u00f3mista - ASAJA Palencia\",\"isPartOf\":{\"@id\":\"https:\/\/www.asajacyl.com\/palencia\/#website\"},\"primaryImageOfPage\":{\"@id\":\"https:\/\/www.asajacyl.com\/palencia\/asaja-palencia-informa\/noticias\/agropopular-lumbreras-se-emite-sabado-desde-san-martin-fromista#primaryimage\"},\"image\":{\"@id\":\"https:\/\/www.asajacyl.com\/palencia\/asaja-palencia-informa\/noticias\/agropopular-lumbreras-se-emite-sabado-desde-san-martin-fromista#primaryimage\"},\"thumbnailUrl\":\"https:\/\/www.asajacyl.com\/palencia\/wp-content\/uploads\/sites\/3\/2019\/05\/foto-san-martin-fr\u00f3mista.jpg\",\"datePublished\":\"2019-05-01T12:20:18+00:00\",\"dateModified\":\"2019-05-17T06:31:38+00:00\",\"author\":{\"@id\":\"https:\/\/www.asajacyl.com\/palencia\/#\/schema\/person\/3ab17aeb03527485c317557fae64aab1\"},\"description\":\"El programa de radio Agropopular de Cope se emitir\u00e1 finalmente desde Fr\u00f3mista, este s\u00e1bado, despu\u00e9s de que la deficiente conexi\u00f3n a internet haya impedido\",\"breadcrumb\":{\"@id\":\"https:\/\/www.asajacyl.com\/palencia\/asaja-palencia-informa\/noticias\/agropopular-lumbreras-se-emite-sabado-desde-san-martin-fromista#breadcrumb\"},\"inLanguage\":\"es\",\"potentialAction\":[{\"@type\":\"ReadAction\",\"target\":[\"https:\/\/www.asajacyl.com\/palencia\/asaja-palencia-informa\/noticias\/agropopular-lumbreras-se-emite-sabado-desde-san-martin-fromista\"]}]},{\"@type\":\"ImageObject\",\"inLanguage\":\"es\",\"@id\":\"https:\/\/www.asajacyl.com\/palencia\/asaja-palencia-informa\/noticias\/agropopular-lumbreras-se-emite-sabado-desde-san-martin-fromista#primaryimage\",\"url\":\"https:\/\/www.asajacyl.com\/palencia\/wp-content\/uploads\/sites\/3\/2019\/05\/foto-san-martin-fr\u00f3mista.jpg\",\"contentUrl\":\"https:\/\/www.asajacyl.com\/palencia\/wp-content\/uploads\/sites\/3\/2019\/05\/foto-san-martin-fr\u00f3mista.jpg\",\"width\":1328,\"height\":863},{\"@type\":\"BreadcrumbList\",\"@id\":\"https:\/\/www.asajacyl.com\/palencia\/asaja-palencia-informa\/noticias\/agropopular-lumbreras-se-emite-sabado-desde-san-martin-fromista#breadcrumb\",\"itemListElement\":[{\"@type\":\"ListItem\",\"position\":1,\"name\":\"Portada\",\"item\":\"https:\/\/www.asajacyl.com\/palencia\/\"},{\"@type\":\"ListItem\",\"position\":2,\"name\":\"El Agropopular de Lumbreras se emite el s\u00e1bado desde San Mart\u00edn de Fr\u00f3mista\"}]},{\"@type\":\"WebSite\",\"@id\":\"https:\/\/www.asajacyl.com\/palencia\/#website\",\"url\":\"https:\/\/www.asajacyl.com\/palencia\/\",\"name\":\"ASAJA Palencia\",\"description\":\"Otro sitio m\u00e1s de Provincias ASAJA Castilla y Le\u00f3n\",\"potentialAction\":[{\"@type\":\"SearchAction\",\"target\":{\"@type\":\"EntryPoint\",\"urlTemplate\":\"https:\/\/www.asajacyl.com\/palencia\/?s={search_term_string}\"},\"query-input\":{\"@type\":\"PropertyValueSpecification\",\"valueRequired\":true,\"valueName\":\"search_term_string\"}}],\"inLanguage\":\"es\"},{\"@type\":\"Person\",\"@id\":\"https:\/\/www.asajacyl.com\/palencia\/#\/schema\/person\/3ab17aeb03527485c317557fae64aab1\",\"name\":\"Administrador\",\"image\":{\"@type\":\"ImageObject\",\"inLanguage\":\"es\",\"@id\":\"https:\/\/www.asajacyl.com\/palencia\/#\/schema\/person\/image\/\",\"url\":\"https:\/\/secure.gravatar.com\/avatar\/517384810d242ca9e38c180f3c9fb973?s=96&d=mm&r=g\",\"contentUrl\":\"https:\/\/secure.gravatar.com\/avatar\/517384810d242ca9e38c180f3c9fb973?s=96&d=mm&r=g\",\"caption\":\"Administrador\"},\"url\":\"https:\/\/www.asajacyl.com\/palencia\/author\/carlosrm\"}]}<\/script>\n<!-- \/ Yoast SEO plugin. -->","yoast_head_json":{"title":"El Agropopular de Lumbreras se emite el s\u00e1bado desde San Mart\u00edn de Fr\u00f3mista - ASAJA Palencia","description":"El programa de radio Agropopular de Cope se emitir\u00e1 finalmente desde Fr\u00f3mista, este s\u00e1bado, despu\u00e9s de que la deficiente conexi\u00f3n a internet haya impedido","robots":{"index":"index","follow":"follow","max-snippet":"max-snippet:-1","max-image-preview":"max-image-preview:large","max-video-preview":"max-video-preview:-1"},"canonical":"https:\/\/www.asajacyl.com\/palencia\/asaja-palencia-informa\/noticias\/agropopular-lumbreras-se-emite-sabado-desde-san-martin-fromista","og_locale":"es_ES","og_type":"article","og_title":"El Agropopular de Lumbreras se emite el s\u00e1bado desde San Mart\u00edn de Fr\u00f3mista - ASAJA Palencia","og_description":"El programa de radio Agropopular de Cope se emitir\u00e1 finalmente desde Fr\u00f3mista, este s\u00e1bado, despu\u00e9s de que la deficiente conexi\u00f3n a internet haya impedido","og_url":"https:\/\/www.asajacyl.com\/palencia\/asaja-palencia-informa\/noticias\/agropopular-lumbreras-se-emite-sabado-desde-san-martin-fromista","og_site_name":"ASAJA Palencia","article_published_time":"2019-05-01T12:20:18+00:00","article_modified_time":"2019-05-17T06:31:38+00:00","og_image":[{"width":1328,"height":863,"url":"https:\/\/www.asajacyl.com\/palencia\/wp-content\/uploads\/sites\/3\/2019\/05\/foto-san-martin-fr\u00f3mista.jpg","type":"image\/jpeg"}],"author":"Administrador","twitter_card":"summary_large_image","twitter_misc":{"Escrito por":"Administrador"},"schema":{"@context":"https:\/\/schema.org","@graph":[{"@type":"WebPage","@id":"https:\/\/www.asajacyl.com\/palencia\/asaja-palencia-informa\/noticias\/agropopular-lumbreras-se-emite-sabado-desde-san-martin-fromista","url":"https:\/\/www.asajacyl.com\/palencia\/asaja-palencia-informa\/noticias\/agropopular-lumbreras-se-emite-sabado-desde-san-martin-fromista","name":"El Agropopular de Lumbreras se emite el s\u00e1bado desde San Mart\u00edn de Fr\u00f3mista - ASAJA Palencia","isPartOf":{"@id":"https:\/\/www.asajacyl.com\/palencia\/#website"},"primaryImageOfPage":{"@id":"https:\/\/www.asajacyl.com\/palencia\/asaja-palencia-informa\/noticias\/agropopular-lumbreras-se-emite-sabado-desde-san-martin-fromista#primaryimage"},"image":{"@id":"https:\/\/www.asajacyl.com\/palencia\/asaja-palencia-informa\/noticias\/agropopular-lumbreras-se-emite-sabado-desde-san-martin-fromista#primaryimage"},"thumbnailUrl":"https:\/\/www.asajacyl.com\/palencia\/wp-content\/uploads\/sites\/3\/2019\/05\/foto-san-martin-fr\u00f3mista.jpg","datePublished":"2019-05-01T12:20:18+00:00","dateModified":"2019-05-17T06:31:38+00:00","author":{"@id":"https:\/\/www.asajacyl.com\/palencia\/#\/schema\/person\/3ab17aeb03527485c317557fae64aab1"},"description":"El programa de radio Agropopular de Cope se emitir\u00e1 finalmente desde Fr\u00f3mista, este s\u00e1bado, despu\u00e9s de que la deficiente conexi\u00f3n a internet haya impedido","breadcrumb":{"@id":"https:\/\/www.asajacyl.com\/palencia\/asaja-palencia-informa\/noticias\/agropopular-lumbreras-se-emite-sabado-desde-san-martin-fromista#breadcrumb"},"inLanguage":"es","potentialAction":[{"@type":"ReadAction","target":["https:\/\/www.asajacyl.com\/palencia\/asaja-palencia-informa\/noticias\/agropopular-lumbreras-se-emite-sabado-desde-san-martin-fromista"]}]},{"@type":"ImageObject","inLanguage":"es","@id":"https:\/\/www.asajacyl.com\/palencia\/asaja-palencia-informa\/noticias\/agropopular-lumbreras-se-emite-sabado-desde-san-martin-fromista#primaryimage","url":"https:\/\/www.asajacyl.com\/palencia\/wp-content\/uploads\/sites\/3\/2019\/05\/foto-san-martin-fr\u00f3mista.jpg","contentUrl":"https:\/\/www.asajacyl.com\/palencia\/wp-content\/uploads\/sites\/3\/2019\/05\/foto-san-martin-fr\u00f3mista.jpg","width":1328,"height":863},{"@type":"BreadcrumbList","@id":"https:\/\/www.asajacyl.com\/palencia\/asaja-palencia-informa\/noticias\/agropopular-lumbreras-se-emite-sabado-desde-san-martin-fromista#breadcrumb","itemListElement":[{"@type":"ListItem","position":1,"name":"Portada","item":"https:\/\/www.asajacyl.com\/palencia\/"},{"@type":"ListItem","position":2,"name":"El Agropopular de Lumbreras se emite el s\u00e1bado desde San Mart\u00edn de Fr\u00f3mista"}]},{"@type":"WebSite","@id":"https:\/\/www.asajacyl.com\/palencia\/#website","url":"https:\/\/www.asajacyl.com\/palencia\/","name":"ASAJA Palencia","description":"Otro sitio m\u00e1s de Provincias ASAJA Castilla y Le\u00f3n","potentialAction":[{"@type":"SearchAction","target":{"@type":"EntryPoint","urlTemplate":"https:\/\/www.asajacyl.com\/palencia\/?s={search_term_string}"},"query-input":{"@type":"PropertyValueSpecification","valueRequired":true,"valueName":"search_term_string"}}],"inLanguage":"es"},{"@type":"Person","@id":"https:\/\/www.asajacyl.com\/palencia\/#\/schema\/person\/3ab17aeb03527485c317557fae64aab1","name":"Administrador","image":{"@type":"ImageObject","inLanguage":"es","@id":"https:\/\/www.asajacyl.com\/palencia\/#\/schema\/person\/image\/","url":"https:\/\/secure.gravatar.com\/avatar\/517384810d242ca9e38c180f3c9fb973?s=96&d=mm&r=g","contentUrl":"https:\/\/secure.gravatar.com\/avatar\/517384810d242ca9e38c180f3c9fb973?s=96&d=mm&r=g","caption":"Administrador"},"url":"https:\/\/www.asajacyl.com\/palencia\/author\/carlosrm"}]}},"_links":{"self":[{"href":"https:\/\/www.asajacyl.com\/palencia\/wp-json\/wp\/v2\/posts\/6204"}],"collection":[{"href":"https:\/\/www.asajacyl.com\/palencia\/wp-json\/wp\/v2\/posts"}],"about":[{"href":"https:\/\/www.asajacyl.com\/palencia\/wp-json\/wp\/v2\/types\/post"}],"author":[{"embeddable":true,"href":"https:\/\/www.asajacyl.com\/palencia\/wp-json\/wp\/v2\/users\/9"}],"replies":[{"embeddable":true,"href":"https:\/\/www.asajacyl.com\/palencia\/wp-json\/wp\/v2\/comments?post=6204"}],"version-history":[{"count":1,"href":"https:\/\/www.asajacyl.com\/palencia\/wp-json\/wp\/v2\/posts\/6204\/revisions"}],"predecessor-version":[{"id":6206,"href":"https:\/\/www.asajacyl.com\/palencia\/wp-json\/wp\/v2\/posts\/6204\/revisions\/6206"}],"wp:featuredmedia":[{"embeddable":true,"href":"https:\/\/www.asajacyl.com\/palencia\/wp-json\/wp\/v2\/media\/6205"}],"wp:attachment":[{"href":"https:\/\/www.asajacyl.com\/palencia\/wp-json\/wp\/v2\/media?parent=6204"}],"wp:term":[{"taxonomy":"category","embeddable":true,"href":"https:\/\/www.asajacyl.com\/palencia\/wp-json\/wp\/v2\/categories?post=6204"},{"taxonomy":"post_tag","embeddable":true,"href":"https:\/\/www.asajacyl.com\/palencia\/wp-json\/wp\/v2\/tags?post=6204"}],"curies":[{"name":"wp","href":"https:\/\/api.w.org\/{rel}","templated":true}]}}