{"id":6276,"date":"2019-05-31T12:31:36","date_gmt":"2019-05-31T10:31:36","guid":{"rendered":"https:\/\/www.asajacyl.com\/palencia\/?p=6276"},"modified":"2019-05-31T12:36:38","modified_gmt":"2019-05-31T10:36:38","slug":"fendguinos-2019-se-celebra-6-junio-cervatos-la-cueza","status":"publish","type":"post","link":"https:\/\/www.asajacyl.com\/palencia\/asaja-palencia-informa\/noticias\/fendguinos-2019-se-celebra-6-junio-cervatos-la-cueza","title":{"rendered":"Fendtg\u00fcinos 2019 se celebra el 6 de junio en Cervatos de la Cueza"},"content":{"rendered":"<p>Fendtg\u00fcinos 2019 ya tiene fecha y lugar de celebraci\u00f3n. Este a\u00f1o la mayor fiesta de Fendt se desplaza a Cervatos de la Cueza, en Palencia, y se celebrar\u00e1 el pr\u00f3ximo 6 de junio.<\/p>\n<p>Fendtg\u00fcinos cumple su octava edici\u00f3n y ha elegido esta localidad para celebrarlo, muy pr\u00f3xima a Carri\u00f3n de los Condes y a la capital palentina.<\/p>\n<p>Zona escogida por su alta profesionalizaci\u00f3n en el cultivo del cereal, as\u00ed como su cercan\u00eda con otras regiones especializadas en otros tipos de cultivo, Cervatos es por m\u00e9ritos geogr\u00e1ficos y agr\u00edcolas propios un punto privilegiado en el que demostrar la l\u00ednea completa de Fendt<\/p>\n<p>Cosechadoras, maquinaria de forraje, pulverizadores, empacadoras, &#8230; y por supuesto tractores, trabajar\u00e1n en la finca de 26 hect\u00e1reas en la que el equipo de Fendt ya est\u00e1 poniendo a punto para la gran cita.<\/p>\n<p>Una edici\u00f3n m\u00e1s, las marcas m\u00e1s prestigiosas del sector apuestan por participar en Fendtg\u00fcinos y demostrar lo que sus productos pueden ofrecer al asociarse con una marca Premium por excelencia como es Fendt.<\/p>\n<p><a href=\"https:\/\/www.asajacyl.com\/palencia\/wp-content\/uploads\/sites\/3\/2019\/05\/foto-fendguinos-2.jpg\"><img loading=\"lazy\" decoding=\"async\" class=\"alignnone size-medium wp-image-6277\" src=\"https:\/\/www.asajacyl.com\/palencia\/wp-content\/uploads\/sites\/3\/2019\/05\/foto-fendguinos-2-300x200.jpg\" alt=\"\" width=\"300\" height=\"200\" srcset=\"https:\/\/www.asajacyl.com\/palencia\/wp-content\/uploads\/sites\/3\/2019\/05\/foto-fendguinos-2-300x200.jpg 300w, https:\/\/www.asajacyl.com\/palencia\/wp-content\/uploads\/sites\/3\/2019\/05\/foto-fendguinos-2-768x512.jpg 768w, https:\/\/www.asajacyl.com\/palencia\/wp-content\/uploads\/sites\/3\/2019\/05\/foto-fendguinos-2-696x464.jpg 696w, https:\/\/www.asajacyl.com\/palencia\/wp-content\/uploads\/sites\/3\/2019\/05\/foto-fendguinos-2-630x420.jpg 630w, https:\/\/www.asajacyl.com\/palencia\/wp-content\/uploads\/sites\/3\/2019\/05\/foto-fendguinos-2.jpg 800w\" sizes=\"(max-width: 300px) 100vw, 300px\" \/><\/a><\/p>\n","protected":false},"excerpt":{"rendered":"<p>Fendtg\u00fcinos 2019 ya tiene fecha y lugar de celebraci\u00f3n. Este a\u00f1o la mayor fiesta de Fendt se desplaza a Cervatos de la Cueza, en Palencia, y se celebrar\u00e1 el pr\u00f3ximo 6 de junio. Fendtg\u00fcinos cumple su octava edici\u00f3n y ha elegido esta localidad para celebrarlo, muy pr\u00f3xima a Carri\u00f3n de los Condes y a la [&hellip;]<\/p>\n","protected":false},"author":9,"featured_media":6277,"comment_status":"open","ping_status":"open","sticky":false,"template":"","format":"standard","meta":{"footnotes":""},"categories":[28],"tags":[],"yoast_head":"<!-- This site is optimized with the Yoast SEO plugin v24.5 - https:\/\/yoast.com\/wordpress\/plugins\/seo\/ -->\n<title>Fendtg\u00fcinos 2019 se celebra el 6 de junio en Cervatos de la Cueza - ASAJA Palencia<\/title>\n<meta name=\"description\" content=\"Fendtg\u00fcinos 2019 ya tiene fecha y lugar de celebraci\u00f3n. Este a\u00f1o la mayor fiesta de Fendt se desplaza a Cervatos de la Cueza, en Palencia, y se celebrar\u00e1\" \/>\n<meta name=\"robots\" content=\"index, follow, max-snippet:-1, max-image-preview:large, max-video-preview:-1\" \/>\n<link rel=\"canonical\" href=\"https:\/\/www.asajacyl.com\/palencia\/asaja-palencia-informa\/noticias\/fendguinos-2019-se-celebra-6-junio-cervatos-la-cueza\" \/>\n<meta property=\"og:locale\" content=\"es_ES\" \/>\n<meta property=\"og:type\" content=\"article\" \/>\n<meta property=\"og:title\" content=\"Fendtg\u00fcinos 2019 se celebra el 6 de junio en Cervatos de la Cueza - ASAJA Palencia\" \/>\n<meta property=\"og:description\" content=\"Fendtg\u00fcinos 2019 ya tiene fecha y lugar de celebraci\u00f3n. Este a\u00f1o la mayor fiesta de Fendt se desplaza a Cervatos de la Cueza, en Palencia, y se celebrar\u00e1\" \/>\n<meta property=\"og:url\" content=\"https:\/\/www.asajacyl.com\/palencia\/asaja-palencia-informa\/noticias\/fendguinos-2019-se-celebra-6-junio-cervatos-la-cueza\" \/>\n<meta property=\"og:site_name\" content=\"ASAJA Palencia\" \/>\n<meta property=\"article:published_time\" content=\"2019-05-31T10:31:36+00:00\" \/>\n<meta property=\"article:modified_time\" content=\"2019-05-31T10:36:38+00:00\" \/>\n<meta property=\"og:image\" content=\"https:\/\/www.asajacyl.com\/palencia\/wp-content\/uploads\/sites\/3\/2019\/05\/foto-fendguinos-2.jpg\" \/>\n\t<meta property=\"og:image:width\" content=\"800\" \/>\n\t<meta property=\"og:image:height\" content=\"533\" \/>\n\t<meta property=\"og:image:type\" content=\"image\/jpeg\" \/>\n<meta name=\"author\" content=\"Administrador\" \/>\n<meta name=\"twitter:card\" content=\"summary_large_image\" \/>\n<meta name=\"twitter:label1\" content=\"Escrito por\" \/>\n\t<meta name=\"twitter:data1\" content=\"Administrador\" \/>\n\t<meta name=\"twitter:label2\" content=\"Tiempo de lectura\" \/>\n\t<meta name=\"twitter:data2\" content=\"1 minuto\" \/>\n<script type=\"application\/ld+json\" class=\"yoast-schema-graph\">{\"@context\":\"https:\/\/schema.org\",\"@graph\":[{\"@type\":\"WebPage\",\"@id\":\"https:\/\/www.asajacyl.com\/palencia\/asaja-palencia-informa\/noticias\/fendguinos-2019-se-celebra-6-junio-cervatos-la-cueza\",\"url\":\"https:\/\/www.asajacyl.com\/palencia\/asaja-palencia-informa\/noticias\/fendguinos-2019-se-celebra-6-junio-cervatos-la-cueza\",\"name\":\"Fendtg\u00fcinos 2019 se celebra el 6 de junio en Cervatos de la Cueza - ASAJA Palencia\",\"isPartOf\":{\"@id\":\"https:\/\/www.asajacyl.com\/palencia\/#website\"},\"primaryImageOfPage\":{\"@id\":\"https:\/\/www.asajacyl.com\/palencia\/asaja-palencia-informa\/noticias\/fendguinos-2019-se-celebra-6-junio-cervatos-la-cueza#primaryimage\"},\"image\":{\"@id\":\"https:\/\/www.asajacyl.com\/palencia\/asaja-palencia-informa\/noticias\/fendguinos-2019-se-celebra-6-junio-cervatos-la-cueza#primaryimage\"},\"thumbnailUrl\":\"https:\/\/www.asajacyl.com\/palencia\/wp-content\/uploads\/sites\/3\/2019\/05\/foto-fendguinos-2.jpg\",\"datePublished\":\"2019-05-31T10:31:36+00:00\",\"dateModified\":\"2019-05-31T10:36:38+00:00\",\"author\":{\"@id\":\"https:\/\/www.asajacyl.com\/palencia\/#\/schema\/person\/3ab17aeb03527485c317557fae64aab1\"},\"description\":\"Fendtg\u00fcinos 2019 ya tiene fecha y lugar de celebraci\u00f3n. Este a\u00f1o la mayor fiesta de Fendt se desplaza a Cervatos de la Cueza, en Palencia, y se celebrar\u00e1\",\"breadcrumb\":{\"@id\":\"https:\/\/www.asajacyl.com\/palencia\/asaja-palencia-informa\/noticias\/fendguinos-2019-se-celebra-6-junio-cervatos-la-cueza#breadcrumb\"},\"inLanguage\":\"es\",\"potentialAction\":[{\"@type\":\"ReadAction\",\"target\":[\"https:\/\/www.asajacyl.com\/palencia\/asaja-palencia-informa\/noticias\/fendguinos-2019-se-celebra-6-junio-cervatos-la-cueza\"]}]},{\"@type\":\"ImageObject\",\"inLanguage\":\"es\",\"@id\":\"https:\/\/www.asajacyl.com\/palencia\/asaja-palencia-informa\/noticias\/fendguinos-2019-se-celebra-6-junio-cervatos-la-cueza#primaryimage\",\"url\":\"https:\/\/www.asajacyl.com\/palencia\/wp-content\/uploads\/sites\/3\/2019\/05\/foto-fendguinos-2.jpg\",\"contentUrl\":\"https:\/\/www.asajacyl.com\/palencia\/wp-content\/uploads\/sites\/3\/2019\/05\/foto-fendguinos-2.jpg\",\"width\":800,\"height\":533},{\"@type\":\"BreadcrumbList\",\"@id\":\"https:\/\/www.asajacyl.com\/palencia\/asaja-palencia-informa\/noticias\/fendguinos-2019-se-celebra-6-junio-cervatos-la-cueza#breadcrumb\",\"itemListElement\":[{\"@type\":\"ListItem\",\"position\":1,\"name\":\"Portada\",\"item\":\"https:\/\/www.asajacyl.com\/palencia\/\"},{\"@type\":\"ListItem\",\"position\":2,\"name\":\"Fendtg\u00fcinos 2019 se celebra el 6 de junio en Cervatos de la Cueza\"}]},{\"@type\":\"WebSite\",\"@id\":\"https:\/\/www.asajacyl.com\/palencia\/#website\",\"url\":\"https:\/\/www.asajacyl.com\/palencia\/\",\"name\":\"ASAJA Palencia\",\"description\":\"Otro sitio m\u00e1s de Provincias ASAJA Castilla y Le\u00f3n\",\"potentialAction\":[{\"@type\":\"SearchAction\",\"target\":{\"@type\":\"EntryPoint\",\"urlTemplate\":\"https:\/\/www.asajacyl.com\/palencia\/?s={search_term_string}\"},\"query-input\":{\"@type\":\"PropertyValueSpecification\",\"valueRequired\":true,\"valueName\":\"search_term_string\"}}],\"inLanguage\":\"es\"},{\"@type\":\"Person\",\"@id\":\"https:\/\/www.asajacyl.com\/palencia\/#\/schema\/person\/3ab17aeb03527485c317557fae64aab1\",\"name\":\"Administrador\",\"image\":{\"@type\":\"ImageObject\",\"inLanguage\":\"es\",\"@id\":\"https:\/\/www.asajacyl.com\/palencia\/#\/schema\/person\/image\/\",\"url\":\"https:\/\/secure.gravatar.com\/avatar\/517384810d242ca9e38c180f3c9fb973?s=96&d=mm&r=g\",\"contentUrl\":\"https:\/\/secure.gravatar.com\/avatar\/517384810d242ca9e38c180f3c9fb973?s=96&d=mm&r=g\",\"caption\":\"Administrador\"},\"url\":\"https:\/\/www.asajacyl.com\/palencia\/author\/carlosrm\"}]}<\/script>\n<!-- \/ Yoast SEO plugin. -->","yoast_head_json":{"title":"Fendtg\u00fcinos 2019 se celebra el 6 de junio en Cervatos de la Cueza - ASAJA Palencia","description":"Fendtg\u00fcinos 2019 ya tiene fecha y lugar de celebraci\u00f3n. Este a\u00f1o la mayor fiesta de Fendt se desplaza a Cervatos de la Cueza, en Palencia, y se celebrar\u00e1","robots":{"index":"index","follow":"follow","max-snippet":"max-snippet:-1","max-image-preview":"max-image-preview:large","max-video-preview":"max-video-preview:-1"},"canonical":"https:\/\/www.asajacyl.com\/palencia\/asaja-palencia-informa\/noticias\/fendguinos-2019-se-celebra-6-junio-cervatos-la-cueza","og_locale":"es_ES","og_type":"article","og_title":"Fendtg\u00fcinos 2019 se celebra el 6 de junio en Cervatos de la Cueza - ASAJA Palencia","og_description":"Fendtg\u00fcinos 2019 ya tiene fecha y lugar de celebraci\u00f3n. Este a\u00f1o la mayor fiesta de Fendt se desplaza a Cervatos de la Cueza, en Palencia, y se celebrar\u00e1","og_url":"https:\/\/www.asajacyl.com\/palencia\/asaja-palencia-informa\/noticias\/fendguinos-2019-se-celebra-6-junio-cervatos-la-cueza","og_site_name":"ASAJA Palencia","article_published_time":"2019-05-31T10:31:36+00:00","article_modified_time":"2019-05-31T10:36:38+00:00","og_image":[{"width":800,"height":533,"url":"https:\/\/www.asajacyl.com\/palencia\/wp-content\/uploads\/sites\/3\/2019\/05\/foto-fendguinos-2.jpg","type":"image\/jpeg"}],"author":"Administrador","twitter_card":"summary_large_image","twitter_misc":{"Escrito por":"Administrador","Tiempo de lectura":"1 minuto"},"schema":{"@context":"https:\/\/schema.org","@graph":[{"@type":"WebPage","@id":"https:\/\/www.asajacyl.com\/palencia\/asaja-palencia-informa\/noticias\/fendguinos-2019-se-celebra-6-junio-cervatos-la-cueza","url":"https:\/\/www.asajacyl.com\/palencia\/asaja-palencia-informa\/noticias\/fendguinos-2019-se-celebra-6-junio-cervatos-la-cueza","name":"Fendtg\u00fcinos 2019 se celebra el 6 de junio en Cervatos de la Cueza - ASAJA Palencia","isPartOf":{"@id":"https:\/\/www.asajacyl.com\/palencia\/#website"},"primaryImageOfPage":{"@id":"https:\/\/www.asajacyl.com\/palencia\/asaja-palencia-informa\/noticias\/fendguinos-2019-se-celebra-6-junio-cervatos-la-cueza#primaryimage"},"image":{"@id":"https:\/\/www.asajacyl.com\/palencia\/asaja-palencia-informa\/noticias\/fendguinos-2019-se-celebra-6-junio-cervatos-la-cueza#primaryimage"},"thumbnailUrl":"https:\/\/www.asajacyl.com\/palencia\/wp-content\/uploads\/sites\/3\/2019\/05\/foto-fendguinos-2.jpg","datePublished":"2019-05-31T10:31:36+00:00","dateModified":"2019-05-31T10:36:38+00:00","author":{"@id":"https:\/\/www.asajacyl.com\/palencia\/#\/schema\/person\/3ab17aeb03527485c317557fae64aab1"},"description":"Fendtg\u00fcinos 2019 ya tiene fecha y lugar de celebraci\u00f3n. Este a\u00f1o la mayor fiesta de Fendt se desplaza a Cervatos de la Cueza, en Palencia, y se celebrar\u00e1","breadcrumb":{"@id":"https:\/\/www.asajacyl.com\/palencia\/asaja-palencia-informa\/noticias\/fendguinos-2019-se-celebra-6-junio-cervatos-la-cueza#breadcrumb"},"inLanguage":"es","potentialAction":[{"@type":"ReadAction","target":["https:\/\/www.asajacyl.com\/palencia\/asaja-palencia-informa\/noticias\/fendguinos-2019-se-celebra-6-junio-cervatos-la-cueza"]}]},{"@type":"ImageObject","inLanguage":"es","@id":"https:\/\/www.asajacyl.com\/palencia\/asaja-palencia-informa\/noticias\/fendguinos-2019-se-celebra-6-junio-cervatos-la-cueza#primaryimage","url":"https:\/\/www.asajacyl.com\/palencia\/wp-content\/uploads\/sites\/3\/2019\/05\/foto-fendguinos-2.jpg","contentUrl":"https:\/\/www.asajacyl.com\/palencia\/wp-content\/uploads\/sites\/3\/2019\/05\/foto-fendguinos-2.jpg","width":800,"height":533},{"@type":"BreadcrumbList","@id":"https:\/\/www.asajacyl.com\/palencia\/asaja-palencia-informa\/noticias\/fendguinos-2019-se-celebra-6-junio-cervatos-la-cueza#breadcrumb","itemListElement":[{"@type":"ListItem","position":1,"name":"Portada","item":"https:\/\/www.asajacyl.com\/palencia\/"},{"@type":"ListItem","position":2,"name":"Fendtg\u00fcinos 2019 se celebra el 6 de junio en Cervatos de la Cueza"}]},{"@type":"WebSite","@id":"https:\/\/www.asajacyl.com\/palencia\/#website","url":"https:\/\/www.asajacyl.com\/palencia\/","name":"ASAJA Palencia","description":"Otro sitio m\u00e1s de Provincias ASAJA Castilla y Le\u00f3n","potentialAction":[{"@type":"SearchAction","target":{"@type":"EntryPoint","urlTemplate":"https:\/\/www.asajacyl.com\/palencia\/?s={search_term_string}"},"query-input":{"@type":"PropertyValueSpecification","valueRequired":true,"valueName":"search_term_string"}}],"inLanguage":"es"},{"@type":"Person","@id":"https:\/\/www.asajacyl.com\/palencia\/#\/schema\/person\/3ab17aeb03527485c317557fae64aab1","name":"Administrador","image":{"@type":"ImageObject","inLanguage":"es","@id":"https:\/\/www.asajacyl.com\/palencia\/#\/schema\/person\/image\/","url":"https:\/\/secure.gravatar.com\/avatar\/517384810d242ca9e38c180f3c9fb973?s=96&d=mm&r=g","contentUrl":"https:\/\/secure.gravatar.com\/avatar\/517384810d242ca9e38c180f3c9fb973?s=96&d=mm&r=g","caption":"Administrador"},"url":"https:\/\/www.asajacyl.com\/palencia\/author\/carlosrm"}]}},"_links":{"self":[{"href":"https:\/\/www.asajacyl.com\/palencia\/wp-json\/wp\/v2\/posts\/6276"}],"collection":[{"href":"https:\/\/www.asajacyl.com\/palencia\/wp-json\/wp\/v2\/posts"}],"about":[{"href":"https:\/\/www.asajacyl.com\/palencia\/wp-json\/wp\/v2\/types\/post"}],"author":[{"embeddable":true,"href":"https:\/\/www.asajacyl.com\/palencia\/wp-json\/wp\/v2\/users\/9"}],"replies":[{"embeddable":true,"href":"https:\/\/www.asajacyl.com\/palencia\/wp-json\/wp\/v2\/comments?post=6276"}],"version-history":[{"count":3,"href":"https:\/\/www.asajacyl.com\/palencia\/wp-json\/wp\/v2\/posts\/6276\/revisions"}],"predecessor-version":[{"id":6280,"href":"https:\/\/www.asajacyl.com\/palencia\/wp-json\/wp\/v2\/posts\/6276\/revisions\/6280"}],"wp:featuredmedia":[{"embeddable":true,"href":"https:\/\/www.asajacyl.com\/palencia\/wp-json\/wp\/v2\/media\/6277"}],"wp:attachment":[{"href":"https:\/\/www.asajacyl.com\/palencia\/wp-json\/wp\/v2\/media?parent=6276"}],"wp:term":[{"taxonomy":"category","embeddable":true,"href":"https:\/\/www.asajacyl.com\/palencia\/wp-json\/wp\/v2\/categories?post=6276"},{"taxonomy":"post_tag","embeddable":true,"href":"https:\/\/www.asajacyl.com\/palencia\/wp-json\/wp\/v2\/tags?post=6276"}],"curies":[{"name":"wp","href":"https:\/\/api.w.org\/{rel}","templated":true}]}}