{"id":6375,"date":"2019-07-02T13:42:41","date_gmt":"2019-07-02T11:42:41","guid":{"rendered":"https:\/\/www.asajacyl.com\/palencia\/?p=6375"},"modified":"2020-01-08T14:46:20","modified_gmt":"2020-01-08T13:46:20","slug":"asaja-se-opone-la-propuesta-del-ministerio-reducir-porcentaje-produccion-asegurable-herbaceos","status":"publish","type":"post","link":"https:\/\/www.asajacyl.com\/palencia\/asaja-palencia-informa\/asaja-se-opone-la-propuesta-del-ministerio-reducir-porcentaje-produccion-asegurable-herbaceos","title":{"rendered":"ASAJA se opone a la propuesta del Ministerio de reducir el porcentaje de producci\u00f3n asegurable en herb\u00e1ceos"},"content":{"rendered":"<h4>Enesa baraja eliminar el garantizado del 80 por ciento, siendo Castilla y Le\u00f3n la comunidad donde m\u00e1s se contrata<\/h4>\n<p>Ma\u00f1ana mi\u00e9rcoles se reunir\u00e1 en la sede de la Entidad Estatal de Seguros Agrarios (ENESA), dependiente del Ministerio de Agricultura, el grupo de normativa del seguro de cultivos herb\u00e1ceos extensivos, en la que se definen las condiciones del seguro para la pr\u00f3xima sementera. Seg\u00fan ha podido saber ASAJA, ENESA est\u00e1 decidida a reducir las coberturas del seguro de herb\u00e1ceos de secano, eliminando la posibilidad de suscribir p\u00f3liza para el 80 por ciento de las producciones estimadas, la cobertura m\u00e1xima hasta ahora admitida.<\/p>\n<p>ASAJA est\u00e1 totalmente en desacuerdo con la desaparici\u00f3n de este garantizado del 80 por ciento por diversos motivos. En primer lugar, est\u00e1 instaurado y funcionando, sin que haya ning\u00fan problema t\u00e9cnico que justifique hacer cambios. En segundo lugar, en Castilla y Le\u00f3n es donde m\u00e1s se contrata, concretamente un 74% de la superficie contratada en este garantizado est\u00e1 en nuestra regi\u00f3n. Por \u00faltimo, la OPA considera que los argumentos alegados por Agroseguro y ENESA para introducir este cambio -que se han pagado excesivos siniestros de este seguro- \u201ces endeble. Para realizar los c\u00e1lculos, utilizan un hist\u00f3rico de s\u00f3lo tres a\u00f1os y no hay que olvidar que la sequ\u00eda m\u00e1s importante desde 1992 tuvo lugar en 2017. Con esa circunstancia excepcional en un hist\u00f3rico de tres a\u00f1os es normal que las cuentas no salgan\u201d, subraya ASAJA, que pide que se extrapolen los datos a un hist\u00f3rico m\u00e1s prolongado y objetivo.<\/p>\n<p>De este modo, los agricultores afectados tendr\u00edan que conformarse con poder garantizar con su seguro solo el 70 por ciento de su producci\u00f3n estimada. Estar\u00edamos hablando de cientos de afectados, dado que el seguro de herb\u00e1ceos de secano tiene una alta implantaci\u00f3n en nuestra regi\u00f3n, donde adem\u00e1s es mayoritaria la contrataci\u00f3n de la cobertura de sequ\u00eda. Para comprender la trascendencia que tiene para la comunidad aut\u00f3noma, basta apuntar que m\u00e1s de la mitad de la superficie asegurada de cereal de toda Espa\u00f1a pertenece a Castilla y Le\u00f3n.<\/p>\n<p>No es esta la \u00fanica noticia negativa que podr\u00eda confirmarse en la reuni\u00f3n de ma\u00f1ana. Este a\u00f1o corresponde revisar los rendimientos individuales de los agricultores, pr\u00e1ctica que ENESA realiza cada dos a\u00f1os. En Castilla y Le\u00f3n el rendimiento se ver\u00e1 reducido un 0,92% de media.<\/p>\n<p>Adem\u00e1s, el coste de aseguramiento se incrementar\u00e1 en diversos cultivos como algarrobas, lentejas, yeros, garbanzos, habas secas, veza y colza, pudiendo oscilar las subidas entre el 10% y el 40% y afectando pr\u00e1cticamente a todas las comarcas en el caso de la colza, y a algunas menos en el caso de las leguminosas. Para el resto de cultivos, se mantendr\u00e1 el precio base existente actualmente, pero aun as\u00ed se producir\u00e1n subidas del coste ya que \u00e9ste depende de diversos factores, por lo que se espera un encarecimiento medio regional de casi un 3%.<\/p>\n<p>Por otra parte, la idea de Enesa y Agroseguro es que la bonificaci\u00f3n hasta ahora existente desaparecer\u00e1, cre\u00e1ndose una nueva de un 5% para aquellos que aseguraron el a\u00f1o anterior y realicen la contrataci\u00f3n antes del 30 de septiembre en el caso de colza, camelina y lino, y antes del d\u00eda 15 de noviembre en el resto de cultivos.<\/p>\n<p><a href=\"https:\/\/www.asajacyl.com\/palencia\/wp-content\/uploads\/sites\/3\/2019\/07\/foto-cosecha.jpg\"><img loading=\"lazy\" decoding=\"async\" class=\"alignnone size-medium wp-image-6376\" src=\"https:\/\/www.asajacyl.com\/palencia\/wp-content\/uploads\/sites\/3\/2019\/07\/foto-cosecha-300x93.jpg\" alt=\"\" width=\"300\" height=\"93\" srcset=\"https:\/\/www.asajacyl.com\/palencia\/wp-content\/uploads\/sites\/3\/2019\/07\/foto-cosecha-300x93.jpg 300w, https:\/\/www.asajacyl.com\/palencia\/wp-content\/uploads\/sites\/3\/2019\/07\/foto-cosecha-768x239.jpg 768w, https:\/\/www.asajacyl.com\/palencia\/wp-content\/uploads\/sites\/3\/2019\/07\/foto-cosecha-1024x318.jpg 1024w, https:\/\/www.asajacyl.com\/palencia\/wp-content\/uploads\/sites\/3\/2019\/07\/foto-cosecha-696x216.jpg 696w, https:\/\/www.asajacyl.com\/palencia\/wp-content\/uploads\/sites\/3\/2019\/07\/foto-cosecha-1068x332.jpg 1068w, https:\/\/www.asajacyl.com\/palencia\/wp-content\/uploads\/sites\/3\/2019\/07\/foto-cosecha.jpg 1091w\" sizes=\"(max-width: 300px) 100vw, 300px\" \/><\/a><\/p>\n","protected":false},"excerpt":{"rendered":"<p>Enesa baraja eliminar el garantizado del 80 por ciento, siendo Castilla y Le\u00f3n la comunidad donde m\u00e1s se contrata Ma\u00f1ana mi\u00e9rcoles se reunir\u00e1 en la sede de la Entidad Estatal de Seguros Agrarios (ENESA), dependiente del Ministerio de Agricultura, el grupo de normativa del seguro de cultivos herb\u00e1ceos extensivos, en la que se definen las [&hellip;]<\/p>\n","protected":false},"author":9,"featured_media":6376,"comment_status":"open","ping_status":"open","sticky":false,"template":"","format":"standard","meta":{"footnotes":""},"categories":[9,28],"tags":[],"yoast_head":"<!-- This site is optimized with the Yoast SEO plugin v24.5 - https:\/\/yoast.com\/wordpress\/plugins\/seo\/ -->\n<title>ASAJA se opone a la propuesta del Ministerio de reducir el porcentaje de producci\u00f3n asegurable en herb\u00e1ceos - ASAJA Palencia<\/title>\n<meta name=\"description\" content=\"Enesa baraja eliminar el garantizado del 80 por ciento, siendo Castilla y Le\u00f3n la comunidad donde m\u00e1s se contrata Ma\u00f1ana mi\u00e9rcoles se reunir\u00e1 en la sede\" \/>\n<meta name=\"robots\" content=\"index, follow, max-snippet:-1, max-image-preview:large, max-video-preview:-1\" \/>\n<link rel=\"canonical\" href=\"https:\/\/www.asajacyl.com\/palencia\/asaja-palencia-informa\/asaja-se-opone-la-propuesta-del-ministerio-reducir-porcentaje-produccion-asegurable-herbaceos\" \/>\n<meta property=\"og:locale\" content=\"es_ES\" \/>\n<meta property=\"og:type\" content=\"article\" \/>\n<meta property=\"og:title\" content=\"ASAJA se opone a la propuesta del Ministerio de reducir el porcentaje de producci\u00f3n asegurable en herb\u00e1ceos - ASAJA Palencia\" \/>\n<meta property=\"og:description\" content=\"Enesa baraja eliminar el garantizado del 80 por ciento, siendo Castilla y Le\u00f3n la comunidad donde m\u00e1s se contrata Ma\u00f1ana mi\u00e9rcoles se reunir\u00e1 en la sede\" \/>\n<meta property=\"og:url\" content=\"https:\/\/www.asajacyl.com\/palencia\/asaja-palencia-informa\/asaja-se-opone-la-propuesta-del-ministerio-reducir-porcentaje-produccion-asegurable-herbaceos\" \/>\n<meta property=\"og:site_name\" content=\"ASAJA Palencia\" \/>\n<meta property=\"article:published_time\" content=\"2019-07-02T11:42:41+00:00\" \/>\n<meta property=\"article:modified_time\" content=\"2020-01-08T13:46:20+00:00\" \/>\n<meta property=\"og:image\" content=\"https:\/\/www.asajacyl.com\/palencia\/wp-content\/uploads\/sites\/3\/2019\/07\/foto-cosecha.jpg\" \/>\n\t<meta property=\"og:image:width\" content=\"1091\" \/>\n\t<meta property=\"og:image:height\" content=\"339\" \/>\n\t<meta property=\"og:image:type\" content=\"image\/jpeg\" \/>\n<meta name=\"author\" content=\"Administrador\" \/>\n<meta name=\"twitter:card\" content=\"summary_large_image\" \/>\n<meta name=\"twitter:label1\" content=\"Escrito por\" \/>\n\t<meta name=\"twitter:data1\" content=\"Administrador\" \/>\n\t<meta name=\"twitter:label2\" content=\"Tiempo de lectura\" \/>\n\t<meta name=\"twitter:data2\" content=\"3 minutos\" \/>\n<script type=\"application\/ld+json\" class=\"yoast-schema-graph\">{\"@context\":\"https:\/\/schema.org\",\"@graph\":[{\"@type\":\"WebPage\",\"@id\":\"https:\/\/www.asajacyl.com\/palencia\/asaja-palencia-informa\/asaja-se-opone-la-propuesta-del-ministerio-reducir-porcentaje-produccion-asegurable-herbaceos\",\"url\":\"https:\/\/www.asajacyl.com\/palencia\/asaja-palencia-informa\/asaja-se-opone-la-propuesta-del-ministerio-reducir-porcentaje-produccion-asegurable-herbaceos\",\"name\":\"ASAJA se opone a la propuesta del Ministerio de reducir el porcentaje de producci\u00f3n asegurable en herb\u00e1ceos - ASAJA Palencia\",\"isPartOf\":{\"@id\":\"https:\/\/www.asajacyl.com\/palencia\/#website\"},\"primaryImageOfPage\":{\"@id\":\"https:\/\/www.asajacyl.com\/palencia\/asaja-palencia-informa\/asaja-se-opone-la-propuesta-del-ministerio-reducir-porcentaje-produccion-asegurable-herbaceos#primaryimage\"},\"image\":{\"@id\":\"https:\/\/www.asajacyl.com\/palencia\/asaja-palencia-informa\/asaja-se-opone-la-propuesta-del-ministerio-reducir-porcentaje-produccion-asegurable-herbaceos#primaryimage\"},\"thumbnailUrl\":\"https:\/\/www.asajacyl.com\/palencia\/wp-content\/uploads\/sites\/3\/2019\/07\/foto-cosecha.jpg\",\"datePublished\":\"2019-07-02T11:42:41+00:00\",\"dateModified\":\"2020-01-08T13:46:20+00:00\",\"author\":{\"@id\":\"https:\/\/www.asajacyl.com\/palencia\/#\/schema\/person\/3ab17aeb03527485c317557fae64aab1\"},\"description\":\"Enesa baraja eliminar el garantizado del 80 por ciento, siendo Castilla y Le\u00f3n la comunidad donde m\u00e1s se contrata Ma\u00f1ana mi\u00e9rcoles se reunir\u00e1 en la sede\",\"breadcrumb\":{\"@id\":\"https:\/\/www.asajacyl.com\/palencia\/asaja-palencia-informa\/asaja-se-opone-la-propuesta-del-ministerio-reducir-porcentaje-produccion-asegurable-herbaceos#breadcrumb\"},\"inLanguage\":\"es\",\"potentialAction\":[{\"@type\":\"ReadAction\",\"target\":[\"https:\/\/www.asajacyl.com\/palencia\/asaja-palencia-informa\/asaja-se-opone-la-propuesta-del-ministerio-reducir-porcentaje-produccion-asegurable-herbaceos\"]}]},{\"@type\":\"ImageObject\",\"inLanguage\":\"es\",\"@id\":\"https:\/\/www.asajacyl.com\/palencia\/asaja-palencia-informa\/asaja-se-opone-la-propuesta-del-ministerio-reducir-porcentaje-produccion-asegurable-herbaceos#primaryimage\",\"url\":\"https:\/\/www.asajacyl.com\/palencia\/wp-content\/uploads\/sites\/3\/2019\/07\/foto-cosecha.jpg\",\"contentUrl\":\"https:\/\/www.asajacyl.com\/palencia\/wp-content\/uploads\/sites\/3\/2019\/07\/foto-cosecha.jpg\",\"width\":1091,\"height\":339},{\"@type\":\"BreadcrumbList\",\"@id\":\"https:\/\/www.asajacyl.com\/palencia\/asaja-palencia-informa\/asaja-se-opone-la-propuesta-del-ministerio-reducir-porcentaje-produccion-asegurable-herbaceos#breadcrumb\",\"itemListElement\":[{\"@type\":\"ListItem\",\"position\":1,\"name\":\"Portada\",\"item\":\"https:\/\/www.asajacyl.com\/palencia\/\"},{\"@type\":\"ListItem\",\"position\":2,\"name\":\"ASAJA se opone a la propuesta del Ministerio de reducir el porcentaje de producci\u00f3n asegurable en herb\u00e1ceos\"}]},{\"@type\":\"WebSite\",\"@id\":\"https:\/\/www.asajacyl.com\/palencia\/#website\",\"url\":\"https:\/\/www.asajacyl.com\/palencia\/\",\"name\":\"ASAJA Palencia\",\"description\":\"Otro sitio m\u00e1s de Provincias ASAJA Castilla y Le\u00f3n\",\"potentialAction\":[{\"@type\":\"SearchAction\",\"target\":{\"@type\":\"EntryPoint\",\"urlTemplate\":\"https:\/\/www.asajacyl.com\/palencia\/?s={search_term_string}\"},\"query-input\":{\"@type\":\"PropertyValueSpecification\",\"valueRequired\":true,\"valueName\":\"search_term_string\"}}],\"inLanguage\":\"es\"},{\"@type\":\"Person\",\"@id\":\"https:\/\/www.asajacyl.com\/palencia\/#\/schema\/person\/3ab17aeb03527485c317557fae64aab1\",\"name\":\"Administrador\",\"image\":{\"@type\":\"ImageObject\",\"inLanguage\":\"es\",\"@id\":\"https:\/\/www.asajacyl.com\/palencia\/#\/schema\/person\/image\/\",\"url\":\"https:\/\/secure.gravatar.com\/avatar\/517384810d242ca9e38c180f3c9fb973?s=96&d=mm&r=g\",\"contentUrl\":\"https:\/\/secure.gravatar.com\/avatar\/517384810d242ca9e38c180f3c9fb973?s=96&d=mm&r=g\",\"caption\":\"Administrador\"},\"url\":\"https:\/\/www.asajacyl.com\/palencia\/author\/carlosrm\"}]}<\/script>\n<!-- \/ Yoast SEO plugin. -->","yoast_head_json":{"title":"ASAJA se opone a la propuesta del Ministerio de reducir el porcentaje de producci\u00f3n asegurable en herb\u00e1ceos - ASAJA Palencia","description":"Enesa baraja eliminar el garantizado del 80 por ciento, siendo Castilla y Le\u00f3n la comunidad donde m\u00e1s se contrata Ma\u00f1ana mi\u00e9rcoles se reunir\u00e1 en la sede","robots":{"index":"index","follow":"follow","max-snippet":"max-snippet:-1","max-image-preview":"max-image-preview:large","max-video-preview":"max-video-preview:-1"},"canonical":"https:\/\/www.asajacyl.com\/palencia\/asaja-palencia-informa\/asaja-se-opone-la-propuesta-del-ministerio-reducir-porcentaje-produccion-asegurable-herbaceos","og_locale":"es_ES","og_type":"article","og_title":"ASAJA se opone a la propuesta del Ministerio de reducir el porcentaje de producci\u00f3n asegurable en herb\u00e1ceos - ASAJA Palencia","og_description":"Enesa baraja eliminar el garantizado del 80 por ciento, siendo Castilla y Le\u00f3n la comunidad donde m\u00e1s se contrata Ma\u00f1ana mi\u00e9rcoles se reunir\u00e1 en la sede","og_url":"https:\/\/www.asajacyl.com\/palencia\/asaja-palencia-informa\/asaja-se-opone-la-propuesta-del-ministerio-reducir-porcentaje-produccion-asegurable-herbaceos","og_site_name":"ASAJA Palencia","article_published_time":"2019-07-02T11:42:41+00:00","article_modified_time":"2020-01-08T13:46:20+00:00","og_image":[{"width":1091,"height":339,"url":"https:\/\/www.asajacyl.com\/palencia\/wp-content\/uploads\/sites\/3\/2019\/07\/foto-cosecha.jpg","type":"image\/jpeg"}],"author":"Administrador","twitter_card":"summary_large_image","twitter_misc":{"Escrito por":"Administrador","Tiempo de lectura":"3 minutos"},"schema":{"@context":"https:\/\/schema.org","@graph":[{"@type":"WebPage","@id":"https:\/\/www.asajacyl.com\/palencia\/asaja-palencia-informa\/asaja-se-opone-la-propuesta-del-ministerio-reducir-porcentaje-produccion-asegurable-herbaceos","url":"https:\/\/www.asajacyl.com\/palencia\/asaja-palencia-informa\/asaja-se-opone-la-propuesta-del-ministerio-reducir-porcentaje-produccion-asegurable-herbaceos","name":"ASAJA se opone a la propuesta del Ministerio de reducir el porcentaje de producci\u00f3n asegurable en herb\u00e1ceos - ASAJA Palencia","isPartOf":{"@id":"https:\/\/www.asajacyl.com\/palencia\/#website"},"primaryImageOfPage":{"@id":"https:\/\/www.asajacyl.com\/palencia\/asaja-palencia-informa\/asaja-se-opone-la-propuesta-del-ministerio-reducir-porcentaje-produccion-asegurable-herbaceos#primaryimage"},"image":{"@id":"https:\/\/www.asajacyl.com\/palencia\/asaja-palencia-informa\/asaja-se-opone-la-propuesta-del-ministerio-reducir-porcentaje-produccion-asegurable-herbaceos#primaryimage"},"thumbnailUrl":"https:\/\/www.asajacyl.com\/palencia\/wp-content\/uploads\/sites\/3\/2019\/07\/foto-cosecha.jpg","datePublished":"2019-07-02T11:42:41+00:00","dateModified":"2020-01-08T13:46:20+00:00","author":{"@id":"https:\/\/www.asajacyl.com\/palencia\/#\/schema\/person\/3ab17aeb03527485c317557fae64aab1"},"description":"Enesa baraja eliminar el garantizado del 80 por ciento, siendo Castilla y Le\u00f3n la comunidad donde m\u00e1s se contrata Ma\u00f1ana mi\u00e9rcoles se reunir\u00e1 en la sede","breadcrumb":{"@id":"https:\/\/www.asajacyl.com\/palencia\/asaja-palencia-informa\/asaja-se-opone-la-propuesta-del-ministerio-reducir-porcentaje-produccion-asegurable-herbaceos#breadcrumb"},"inLanguage":"es","potentialAction":[{"@type":"ReadAction","target":["https:\/\/www.asajacyl.com\/palencia\/asaja-palencia-informa\/asaja-se-opone-la-propuesta-del-ministerio-reducir-porcentaje-produccion-asegurable-herbaceos"]}]},{"@type":"ImageObject","inLanguage":"es","@id":"https:\/\/www.asajacyl.com\/palencia\/asaja-palencia-informa\/asaja-se-opone-la-propuesta-del-ministerio-reducir-porcentaje-produccion-asegurable-herbaceos#primaryimage","url":"https:\/\/www.asajacyl.com\/palencia\/wp-content\/uploads\/sites\/3\/2019\/07\/foto-cosecha.jpg","contentUrl":"https:\/\/www.asajacyl.com\/palencia\/wp-content\/uploads\/sites\/3\/2019\/07\/foto-cosecha.jpg","width":1091,"height":339},{"@type":"BreadcrumbList","@id":"https:\/\/www.asajacyl.com\/palencia\/asaja-palencia-informa\/asaja-se-opone-la-propuesta-del-ministerio-reducir-porcentaje-produccion-asegurable-herbaceos#breadcrumb","itemListElement":[{"@type":"ListItem","position":1,"name":"Portada","item":"https:\/\/www.asajacyl.com\/palencia\/"},{"@type":"ListItem","position":2,"name":"ASAJA se opone a la propuesta del Ministerio de reducir el porcentaje de producci\u00f3n asegurable en herb\u00e1ceos"}]},{"@type":"WebSite","@id":"https:\/\/www.asajacyl.com\/palencia\/#website","url":"https:\/\/www.asajacyl.com\/palencia\/","name":"ASAJA Palencia","description":"Otro sitio m\u00e1s de Provincias ASAJA Castilla y Le\u00f3n","potentialAction":[{"@type":"SearchAction","target":{"@type":"EntryPoint","urlTemplate":"https:\/\/www.asajacyl.com\/palencia\/?s={search_term_string}"},"query-input":{"@type":"PropertyValueSpecification","valueRequired":true,"valueName":"search_term_string"}}],"inLanguage":"es"},{"@type":"Person","@id":"https:\/\/www.asajacyl.com\/palencia\/#\/schema\/person\/3ab17aeb03527485c317557fae64aab1","name":"Administrador","image":{"@type":"ImageObject","inLanguage":"es","@id":"https:\/\/www.asajacyl.com\/palencia\/#\/schema\/person\/image\/","url":"https:\/\/secure.gravatar.com\/avatar\/517384810d242ca9e38c180f3c9fb973?s=96&d=mm&r=g","contentUrl":"https:\/\/secure.gravatar.com\/avatar\/517384810d242ca9e38c180f3c9fb973?s=96&d=mm&r=g","caption":"Administrador"},"url":"https:\/\/www.asajacyl.com\/palencia\/author\/carlosrm"}]}},"_links":{"self":[{"href":"https:\/\/www.asajacyl.com\/palencia\/wp-json\/wp\/v2\/posts\/6375"}],"collection":[{"href":"https:\/\/www.asajacyl.com\/palencia\/wp-json\/wp\/v2\/posts"}],"about":[{"href":"https:\/\/www.asajacyl.com\/palencia\/wp-json\/wp\/v2\/types\/post"}],"author":[{"embeddable":true,"href":"https:\/\/www.asajacyl.com\/palencia\/wp-json\/wp\/v2\/users\/9"}],"replies":[{"embeddable":true,"href":"https:\/\/www.asajacyl.com\/palencia\/wp-json\/wp\/v2\/comments?post=6375"}],"version-history":[{"count":1,"href":"https:\/\/www.asajacyl.com\/palencia\/wp-json\/wp\/v2\/posts\/6375\/revisions"}],"predecessor-version":[{"id":6377,"href":"https:\/\/www.asajacyl.com\/palencia\/wp-json\/wp\/v2\/posts\/6375\/revisions\/6377"}],"wp:featuredmedia":[{"embeddable":true,"href":"https:\/\/www.asajacyl.com\/palencia\/wp-json\/wp\/v2\/media\/6376"}],"wp:attachment":[{"href":"https:\/\/www.asajacyl.com\/palencia\/wp-json\/wp\/v2\/media?parent=6375"}],"wp:term":[{"taxonomy":"category","embeddable":true,"href":"https:\/\/www.asajacyl.com\/palencia\/wp-json\/wp\/v2\/categories?post=6375"},{"taxonomy":"post_tag","embeddable":true,"href":"https:\/\/www.asajacyl.com\/palencia\/wp-json\/wp\/v2\/tags?post=6375"}],"curies":[{"name":"wp","href":"https:\/\/api.w.org\/{rel}","templated":true}]}}