{"id":6479,"date":"2019-09-14T11:32:31","date_gmt":"2019-09-14T09:32:31","guid":{"rendered":"https:\/\/www.asajacyl.com\/palencia\/?p=6479"},"modified":"2020-01-08T14:49:58","modified_gmt":"2020-01-08T13:49:58","slug":"asaja-critica-triunfalismo-las-administraciones-ante-la-plaga-topillos","status":"publish","type":"post","link":"https:\/\/www.asajacyl.com\/palencia\/sin-categoria\/asaja-critica-triunfalismo-las-administraciones-ante-la-plaga-topillos","title":{"rendered":"ASAJA critica el triunfalismo de las administraciones ante la plaga de topillos"},"content":{"rendered":"<p><strong>Las medidas adoptadas son rid\u00edculas frente a la dimensi\u00f3n de la plaga, que ya se ha instaurado en toda la provincia<\/strong><\/p>\n<p>Son ya varios los comunicados emitidos por la Junta de Castilla y Le\u00f3n en referencia a la gesti\u00f3n que se est\u00e1 haciendo de la plaga de topillos y desde ASAJA-Palencia queremos puntualizar o mostrar nuestro desacuerdo con diversas cuestiones planteadas que han llevado a las administraciones a un triunfalismo desmedido ante una plaga que, en las zonas en que se origin\u00f3, remite por s\u00ed misma, no por las actuaciones realizadas, y que se ha extendido por toda la provincia de Palencia.<\/p>\n<p>A continuaci\u00f3n enumeramos diversas afirmaciones llevadas a cabo por la Consejer\u00eda de Agricultura, Ganader\u00eda y Desarrollo Rural:<\/p>\n<ul>\n<li><em>Se ha informado de que en Palencia se ha actuado con \u201cmedios mec\u00e1nicos en las cunetas de los caminos, carreteras y v\u00edas ferroviarias\u201d en 777 kil\u00f3metros<\/em>. Lo que parece es que se ha actuado en las carreteras, que es por donde se mueve la poblaci\u00f3n en general, es decir, se est\u00e1 intentando hacer ver que se hace algo pero \u00bfse hace realmente? La respuesta es no. Quisi\u00e9ramos saber en cu\u00e1ntos kil\u00f3metros de caminos se ha actuado en nuestra provincia y de cu\u00e1ntos municipios. Decimos caminos porque los caminos tienen dos cunetas y queda muy bien doblar la longitud de lo que se est\u00e1 haciendo para que parezca mucho ante la opini\u00f3n p\u00fablica pero la realidad es la que es.<\/li>\n<\/ul>\n<p>&nbsp;<\/p>\n<ul>\n<li><em>Constantemente se hace referencia a la denominada lucha biol\u00f3gica. Seg\u00fan la Consejer\u00eda \u201cen aquellos municipios en los que se ha aumentado la presencia de rapaces se ha podido verificar una disminuci\u00f3n sustancial de este roedor\u201d.<\/em> Ya que tienen datos de esas disminuciones deber\u00edan ofrecerse a la opini\u00f3n p\u00fablica y romper el secretismo que se lleva utilizando m\u00e1s de una d\u00e9cada con el problema de los topillos. No nos digan que ha disminuido, concreten cu\u00e1nto y de paso expliquen c\u00f3mo es que en Autillo de Campos, municipio donde se presentaron las medidas que se comenzaban a tomar, la propia Consejer\u00eda reconoce que es \u201cuna de las zonas m\u00e1s afectadas por la presencia de este peque\u00f1o roedor\u201d cuando all\u00ed est\u00e1n las cajas nido. Lo cierto es que los agricultores, que son los que est\u00e1n en el campo de forma continua y mejor lo conocen, no han detectado menor presencia de topillos donde existen las cajas nido. Del mismo modo, en diversas publicaciones se ha hecho referencia a alguna localidad que dispone de cajas nido para rapaces como ejemplo de gesti\u00f3n de los topillos y se ha indicado que este a\u00f1o no ten\u00edan plaga de topillos pero no se hace referencia a que las localidades lim\u00edtrofes que no tienen cajas nido tampoco la tienen. Est\u00e1 claro que las rapaces capturan topillos, al igual que capturan otras especies, pero no se puede dar a entender que por el hecho de existir rapaces no habr\u00e1 plaga de topillos. La realidad es tozuda y est\u00e1 claro que la poblaci\u00f3n de topillos aumenta m\u00e1s r\u00e1pido de lo que pueden comer las aves.<\/li>\n<\/ul>\n<p>&nbsp;<\/p>\n<ul>\n<li><em>Se ha hablado de \u201cla limpieza de cad\u00e1veres de topillos en las infraestructuras de la Confederaci\u00f3n Hidrogr\u00e1fica del Duero\u201d. El 6 de agosto, la CHD indicaba que la acumulaci\u00f3n de topillos en el r\u00edo Valdeginate, en su cruce con la carretera nacional N-610, \u201cya estaba solucionada\u201d.<\/em> El r\u00edo Valdeginate se seca en \u00e9pocas estivales de forma natural y \u00e9sa fue la soluci\u00f3n, se sec\u00f3 todo y se form\u00f3 una especie de plasta de topillos en descomposici\u00f3n. Al no correr agua parece que ya est\u00e1 solucionado el problema pero, \u00bfqu\u00e9 ocurre cuando vuelve a haber agua en el Valdeginate? Que nuevamente hay cad\u00e1veres de topillos porque tiene sus m\u00e1rgenes infestadas de ellos. Por otra parte, se hace ver que es un caso puntual pero, es tal la maleza existente en el propio curso del r\u00edo, por la dejadez de la CHD, que no se puede recorrer buscando m\u00e1s porque s\u00f3lo se ven plantas y no r\u00edo. Hay que recordar que el r\u00edo Valdeginate vierte sus aguas al Carri\u00f3n y \u00e9ste al Pisuerga, que el dicho recuerda que pasa por Valladolid y tambi\u00e9n hay que hacer menci\u00f3n a que diversos cient\u00edficos han indicado que la prevalencia de tularemia en los topillos supera el 30% cuando hay altas poblaciones por lo que esos cad\u00e1veres son una fuente de tularemia.<\/li>\n<\/ul>\n<p>&nbsp;<\/p>\n<ul>\n<li><em>Se hace menci\u00f3n continuamente al \u201cvolteo o arado del suelo agr\u00edcola para la destrucci\u00f3n de huras y disminuci\u00f3n de la poblaci\u00f3n de topillos situada en zona agr\u00edcola\u201d.<\/em> Casualmente el oto\u00f1o pasado se ar\u00f3 un alt\u00edsimo porcentaje de superficie en nuestra provincia y esta medida no ha sido efectiva por una sencilla raz\u00f3n. Los topillos habitan en las infraestructuras (cunetas, arroyos, linderos\u2026), arando se les dificulta la vida dentro de las parcelas y se eliminar\u00e1 a una parte pero al d\u00eda siguiente vuelven a entrar y a colonizar la parcela. No hay m\u00e1s que ver que los da\u00f1os en las parcelas comienzan desde el borde hacia dentro. Adem\u00e1s, para arar tienen que darse unas condiciones climatol\u00f3gicas que no siempre se dan en nuestra provincia y menos en verano, que es cuando se ha promovido esta iniciativa.<\/li>\n<\/ul>\n<p>&nbsp;<\/p>\n<ul>\n<li><em>Se indica que se han fijado unos \u201ccriterios de prioridad de acci\u00f3n teniendo en cuenta el nivel de presencia de topillo campesino de cada zona<\/em>\u201d. Estar\u00eda bien conocer no s\u00f3lo los criterios establecidos sino el nivel de presencia medido en cada zona. Desde hace doce a\u00f1os el Instituto Tecnol\u00f3gico Agrario de Castilla y Le\u00f3n monitoriza las poblaciones de topillos existentes pero el hecho es que no tenemos ning\u00fan dato o estudios sobre el tema.<\/li>\n<\/ul>\n<p>&nbsp;<\/p>\n<ul>\n<li><em>Seg\u00fan comentan, \u201ctodas las medidas, actuaciones y recomendaciones que se vienen poniendo en marcha por la Consejer\u00eda son analizadas y aprobadas por el Comit\u00e9 Cient\u00edfico de Roedores<\/em>. En dicho ente no se deja participar a las organizaciones de agricultores, m\u00e1ximos perjudicados por los topillos, y el propio BOCyL indica que \u201cla informaci\u00f3n gestionada por la comisi\u00f3n tiene car\u00e1cter confidencial y sus miembros est\u00e1n obligados a guardar secreto\u201d. \u00bfPor qu\u00e9 tanto secretismo con este tema? \u00bfPor qu\u00e9 no escuchan a los principales afectados?<\/li>\n<\/ul>\n<p>&nbsp;<\/p>\n<ul>\n<li><em>Se habla de que \u201clos servicios sanitarios, coordinados por la Consejer\u00eda de Sanidad, est\u00e1n realizando una labor de difusi\u00f3n [\u2026] incluyendo un tr\u00edptico que recoge todas las medidas\u201d.<\/em> Dicho tr\u00edptico habla de las liebres<sup>(1)<\/sup> que, efectivamente, son una de las fuentes posibles de tularemia pero \u00bfes que todav\u00eda alguien cuestiona que la tularemia que aparece en nuestros pueblos tiene como causa a los topillos? Hasta estudios cient\u00edficos lo confirman pero nuestra Administraci\u00f3n se vanagloria de protegernos de las liebres en una \u00e9poca en que, para m\u00e1s inri, no se pueden cazar.<\/li>\n<\/ul>\n<p>&nbsp;<\/p>\n<ul>\n<li><em>El 19 de agosto nos comunicaron que se \u201cha podido confirmar que est\u00e1n siendo efectivas las medidas puestas en marcha para la eliminaci\u00f3n mec\u00e1nica de huras en reservorios y v\u00edas de dispersi\u00f3n\u201d, que se \u201cest\u00e1 actuando de manera contundente contra el repunte poblacional de este roedor\u201d y que existe una \u201cestrategia de lucha continua e integral\u201d.<\/em> Se conoce que las poblaciones de topillos colapsan por s\u00ed mismas y seguramente sea por la tularemia, que infecta a un elevado n\u00famero de estos animales. Este a\u00f1o, cuando se han realizado las actuaciones las poblaciones de topillos, ya estaban bajando o en m\u00ednimos en aquellos lugares donde se origin\u00f3 la plaga, los agricultores comentaban que ya casi no se ve\u00edan. \u00bfAcaso piensan que pasando una motoniveladora por las cunetas de las carreteras se acaba con la plaga? Y de ser as\u00ed, \u00bfpor qu\u00e9 se ha tardado m\u00e1s de cuatro meses en comenzar a actuar?<\/li>\n<\/ul>\n<p>&nbsp;<\/p>\n<ul>\n<li><em>El 3 de septiembre se traslad\u00f3 a la sociedad la \u201cr\u00e1pida y eficaz respuesta de todas las administraciones\u201d.<\/em> Esto es un enga\u00f1o a la sociedad, cuando ASAJA llevaba meses avisando de la existencia de elevadas poblaciones de topillos a las que se nos respond\u00eda que no era as\u00ed y adem\u00e1s se trataba de rat\u00f3n com\u00fan. No s\u00f3lo no se ha actuado de forma r\u00e1pida sino que se ha obviado el problema hasta que han aparecido casos de tularemia (el primer caso se hizo oficial el 3 de julio).<\/li>\n<\/ul>\n<p>&nbsp;<\/p>\n<ul>\n<li>Se ha banalizado la tularemia haciendo ver que se cura f\u00e1cilmente tomando unas pastillas. La tularemia es todo menos una enfermedad leve, la persona que la sufre tendr\u00e1 dolores en ciertos momentos durante a\u00f1os y en la mayor parte de los casos habr\u00e1 pasado una \u00e9poca de fiebres alt\u00edsimas y fuertes dolores en las articulaciones. A d\u00eda de hoy hay 39 casos oficiales, todos en Palencia, y otros 40 en estudio pero nadie tiene en cuenta a aquellas personas que se infectan y no acuden al m\u00e9dico ni a aquellos que se infectan y a los que las pruebas no detectan como positivos, pero casualmente se curan tomando la misma medicaci\u00f3n que se receta en los casos de tularemia. \u00bfPor qu\u00e9 no nos dicen el n\u00famero de pacientes a los que se ha recetado ciprofloxacina? Es cierto que dicho medicamento sirve para otras infecciones pero ser\u00eda muy sencillo comparar la proporci\u00f3n de recetas de pacientes de Palencia frente a los de otras provincias donde la tularemia a\u00fan no ha llegado.<\/li>\n<\/ul>\n<p>&nbsp;<\/p>\n<ul>\n<li>Adem\u00e1s, se pasa por encima de los da\u00f1os en los cultivos. Se alega que existe un seguro cuando hasta que no hay un da\u00f1o del 20% no entra en funcionamiento. No hay que olvidar que han existido explotaciones con unos da\u00f1os de aproximadamente un 20% y este porcentaje es una reducci\u00f3n en los ingresos que en el beneficio es mucho mayor, habi\u00e9ndose dado el caso incluso de tener p\u00e9rdidas. No se puede tolerar tener esas p\u00e9rdidas de forma c\u00edclica por la existencia de los topillos. Son ya doce a\u00f1os soportando esta situaci\u00f3n y no se est\u00e1 haciendo nada efectivo.<\/li>\n<\/ul>\n<p>&nbsp;<\/p>\n<ul>\n<li>Para aquel que no lo sepa, es t\u00edpica la quema de la Laguna de la Nava al inicio del oto\u00f1o<sup>(2)<\/sup> y todos tenemos que ver c\u00f3mo se quema un humedal reconocido como de importancia internacional a\u00f1o tras a\u00f1o, seguramente con un loable motivo, mientras se proh\u00edbe al sector agrario la quema de cunetas y linderas para controlar los topillos, ya que un tribunal ha considerado que su eficacia no est\u00e1 demostrada cient\u00edficamente. Por otra parte, parece que a las empresas dedicadas a la producci\u00f3n de fitosanitarios parece que el tema no les preocupa y despu\u00e9s de doce a\u00f1os seguimos sin tener alg\u00fan tipo de materia activa espec\u00edfica que acabe con los topillos sin da\u00f1ar a sus depredadores.<\/li>\n<\/ul>\n<p>Adem\u00e1s de los da\u00f1os que puedan realizar en los cultivos existentes a\u00fan en el campo, como puede ser alfalfa, girasol, remolacha y patata. Los topillos se han extendido por todo el mapa provincial y la inc\u00f3gnita existente es qu\u00e9 pasar\u00e1 en la pr\u00f3xima sementera. Creemos que se deber\u00edan realizar estudios donde se probaran diferentes medidas de forma real en el campo, sin miedo a que las quemas controladas de cunetas y linderas puedan ser la soluci\u00f3n, y se viera su efectividad. No hay que olvidar que esta lucha no s\u00f3lo es contra los topillos sino tambi\u00e9n contra la consecuente tularemia.<\/p>\n<p>ASAJA siempre ha estado y estar\u00e1 presta a colaborar en lo que haga falta pero, hasta ahora, creemos que las administraciones no escuchan la voz de los agricultores, que son los principales perjudicados, tanto por la p\u00e9rdida de sus producciones y por tanto de la econom\u00eda de su familia, como por la enfermedad de la tularemia.<\/p>\n<p><a href=\"https:\/\/www.asajacyl.com\/palencia\/wp-content\/uploads\/sites\/3\/2019\/09\/foto-topillo-girasol-y-poste-en-autillo.jpg\"><img loading=\"lazy\" decoding=\"async\" class=\"size-large wp-image-6483 aligncenter\" src=\"https:\/\/www.asajacyl.com\/palencia\/wp-content\/uploads\/sites\/3\/2019\/09\/foto-topillo-girasol-y-poste-en-autillo-1024x768.jpg\" alt=\"\" width=\"696\" height=\"522\" srcset=\"https:\/\/www.asajacyl.com\/palencia\/wp-content\/uploads\/sites\/3\/2019\/09\/foto-topillo-girasol-y-poste-en-autillo-1024x768.jpg 1024w, https:\/\/www.asajacyl.com\/palencia\/wp-content\/uploads\/sites\/3\/2019\/09\/foto-topillo-girasol-y-poste-en-autillo-300x225.jpg 300w, https:\/\/www.asajacyl.com\/palencia\/wp-content\/uploads\/sites\/3\/2019\/09\/foto-topillo-girasol-y-poste-en-autillo-768x576.jpg 768w, https:\/\/www.asajacyl.com\/palencia\/wp-content\/uploads\/sites\/3\/2019\/09\/foto-topillo-girasol-y-poste-en-autillo-80x60.jpg 80w, https:\/\/www.asajacyl.com\/palencia\/wp-content\/uploads\/sites\/3\/2019\/09\/foto-topillo-girasol-y-poste-en-autillo-696x522.jpg 696w, https:\/\/www.asajacyl.com\/palencia\/wp-content\/uploads\/sites\/3\/2019\/09\/foto-topillo-girasol-y-poste-en-autillo-1068x801.jpg 1068w, https:\/\/www.asajacyl.com\/palencia\/wp-content\/uploads\/sites\/3\/2019\/09\/foto-topillo-girasol-y-poste-en-autillo-560x420.jpg 560w, https:\/\/www.asajacyl.com\/palencia\/wp-content\/uploads\/sites\/3\/2019\/09\/foto-topillo-girasol-y-poste-en-autillo.jpg 1299w\" sizes=\"(max-width: 696px) 100vw, 696px\" \/><\/a>Autillo de Campos (05\/09\/2019). Lugar en el que se realiz\u00f3 la presentaci\u00f3n de las medidas de la Consejer\u00eda. El girasol que falta en la parcela ha sido comido por los topillos cuando comenzaba a brotar. Se puede ver el efecto nulo de la caja nido existente sobre los da\u00f1os que hay en sus proximidades. Cuando el girasol se hace grande, en general deja de ser apetecible para los topillos.<\/p>\n<p><a href=\"https:\/\/www.asajacyl.com\/palencia\/wp-content\/uploads\/sites\/3\/2019\/09\/foto-1-BUENAVISTA-DE-VALDAVIA.jpg\"><img loading=\"lazy\" decoding=\"async\" class=\"size-full wp-image-6522 aligncenter\" src=\"https:\/\/www.asajacyl.com\/palencia\/wp-content\/uploads\/sites\/3\/2019\/09\/foto-1-BUENAVISTA-DE-VALDAVIA.jpg\" alt=\"\" width=\"1000\" height=\"750\" srcset=\"https:\/\/www.asajacyl.com\/palencia\/wp-content\/uploads\/sites\/3\/2019\/09\/foto-1-BUENAVISTA-DE-VALDAVIA.jpg 1000w, https:\/\/www.asajacyl.com\/palencia\/wp-content\/uploads\/sites\/3\/2019\/09\/foto-1-BUENAVISTA-DE-VALDAVIA-300x225.jpg 300w, https:\/\/www.asajacyl.com\/palencia\/wp-content\/uploads\/sites\/3\/2019\/09\/foto-1-BUENAVISTA-DE-VALDAVIA-768x576.jpg 768w, https:\/\/www.asajacyl.com\/palencia\/wp-content\/uploads\/sites\/3\/2019\/09\/foto-1-BUENAVISTA-DE-VALDAVIA-80x60.jpg 80w, https:\/\/www.asajacyl.com\/palencia\/wp-content\/uploads\/sites\/3\/2019\/09\/foto-1-BUENAVISTA-DE-VALDAVIA-696x522.jpg 696w, https:\/\/www.asajacyl.com\/palencia\/wp-content\/uploads\/sites\/3\/2019\/09\/foto-1-BUENAVISTA-DE-VALDAVIA-560x420.jpg 560w\" sizes=\"(max-width: 1000px) 100vw, 1000px\" \/><\/a>Buenavista de Valdavia (30\/08\/2019). Este jard\u00edn est\u00e1 lleno de huras, que tambi\u00e9n se pueden ver en los arroyos y cunetas del municipio as\u00ed como en el propio casco urbano.<\/p>\n<p><a href=\"https:\/\/www.asajacyl.com\/palencia\/wp-content\/uploads\/sites\/3\/2019\/09\/foto-3-autillo-CAJAS-NIDO-1-2.jpg\"><img loading=\"lazy\" decoding=\"async\" class=\"size-full wp-image-6523 aligncenter\" src=\"https:\/\/www.asajacyl.com\/palencia\/wp-content\/uploads\/sites\/3\/2019\/09\/foto-3-autillo-CAJAS-NIDO-1-2.jpg\" alt=\"\" width=\"756\" height=\"1008\" srcset=\"https:\/\/www.asajacyl.com\/palencia\/wp-content\/uploads\/sites\/3\/2019\/09\/foto-3-autillo-CAJAS-NIDO-1-2.jpg 756w, https:\/\/www.asajacyl.com\/palencia\/wp-content\/uploads\/sites\/3\/2019\/09\/foto-3-autillo-CAJAS-NIDO-1-2-225x300.jpg 225w, https:\/\/www.asajacyl.com\/palencia\/wp-content\/uploads\/sites\/3\/2019\/09\/foto-3-autillo-CAJAS-NIDO-1-2-696x928.jpg 696w, https:\/\/www.asajacyl.com\/palencia\/wp-content\/uploads\/sites\/3\/2019\/09\/foto-3-autillo-CAJAS-NIDO-1-2-315x420.jpg 315w\" sizes=\"(max-width: 756px) 100vw, 756px\" \/><\/a>Autillo de Campos (05\/09\/2019). Rastrojo de cereal plagado de huras y vigilado por una caja nido.<\/p>\n<p><a href=\"https:\/\/www.asajacyl.com\/palencia\/wp-content\/uploads\/sites\/3\/2019\/09\/foto-4-amusco-CANAL-DE-PALENCIA-2-2.jpg\"><img loading=\"lazy\" decoding=\"async\" class=\"size-full wp-image-6524 aligncenter\" src=\"https:\/\/www.asajacyl.com\/palencia\/wp-content\/uploads\/sites\/3\/2019\/09\/foto-4-amusco-CANAL-DE-PALENCIA-2-2.jpg\" alt=\"\" width=\"756\" height=\"1008\" srcset=\"https:\/\/www.asajacyl.com\/palencia\/wp-content\/uploads\/sites\/3\/2019\/09\/foto-4-amusco-CANAL-DE-PALENCIA-2-2.jpg 756w, https:\/\/www.asajacyl.com\/palencia\/wp-content\/uploads\/sites\/3\/2019\/09\/foto-4-amusco-CANAL-DE-PALENCIA-2-2-225x300.jpg 225w, https:\/\/www.asajacyl.com\/palencia\/wp-content\/uploads\/sites\/3\/2019\/09\/foto-4-amusco-CANAL-DE-PALENCIA-2-2-696x928.jpg 696w, https:\/\/www.asajacyl.com\/palencia\/wp-content\/uploads\/sites\/3\/2019\/09\/foto-4-amusco-CANAL-DE-PALENCIA-2-2-315x420.jpg 315w\" sizes=\"(max-width: 756px) 100vw, 756px\" \/><\/a>Amusco (05\/09\/2019). Canal de Palencia con cad\u00e1veres de topillos flotando en su superficie.<\/p>\n<p><a href=\"https:\/\/www.asajacyl.com\/palencia\/wp-content\/uploads\/sites\/3\/2019\/09\/foto-5-CANTORAL-DE-LA-PE\u00d1A.jpg\"><img loading=\"lazy\" decoding=\"async\" class=\"size-full wp-image-6525 aligncenter\" src=\"https:\/\/www.asajacyl.com\/palencia\/wp-content\/uploads\/sites\/3\/2019\/09\/foto-5-CANTORAL-DE-LA-PE\u00d1A.jpg\" alt=\"\" width=\"1000\" height=\"750\" srcset=\"https:\/\/www.asajacyl.com\/palencia\/wp-content\/uploads\/sites\/3\/2019\/09\/foto-5-CANTORAL-DE-LA-PE\u00d1A.jpg 1000w, https:\/\/www.asajacyl.com\/palencia\/wp-content\/uploads\/sites\/3\/2019\/09\/foto-5-CANTORAL-DE-LA-PE\u00d1A-300x225.jpg 300w, https:\/\/www.asajacyl.com\/palencia\/wp-content\/uploads\/sites\/3\/2019\/09\/foto-5-CANTORAL-DE-LA-PE\u00d1A-768x576.jpg 768w, https:\/\/www.asajacyl.com\/palencia\/wp-content\/uploads\/sites\/3\/2019\/09\/foto-5-CANTORAL-DE-LA-PE\u00d1A-80x60.jpg 80w, https:\/\/www.asajacyl.com\/palencia\/wp-content\/uploads\/sites\/3\/2019\/09\/foto-5-CANTORAL-DE-LA-PE\u00d1A-696x522.jpg 696w, https:\/\/www.asajacyl.com\/palencia\/wp-content\/uploads\/sites\/3\/2019\/09\/foto-5-CANTORAL-DE-LA-PE\u00d1A-560x420.jpg 560w\" sizes=\"(max-width: 1000px) 100vw, 1000px\" \/><\/a>Cantoral de la Pe\u00f1a (30\/08\/2019). Prado de monta\u00f1a infestado de huras de topillos. Tambi\u00e9n a la comarca de Cervera han llegado los topillos.<\/p>\n<p><a href=\"https:\/\/www.asajacyl.com\/palencia\/wp-content\/uploads\/sites\/3\/2019\/09\/foto-6-amusco-DA\u00d1OS-EN-ALFALFA-NUEVA-2.jpg\"><img loading=\"lazy\" decoding=\"async\" class=\"size-full wp-image-6526 aligncenter\" src=\"https:\/\/www.asajacyl.com\/palencia\/wp-content\/uploads\/sites\/3\/2019\/09\/foto-6-amusco-DA\u00d1OS-EN-ALFALFA-NUEVA-2.jpg\" alt=\"\" width=\"1000\" height=\"750\" srcset=\"https:\/\/www.asajacyl.com\/palencia\/wp-content\/uploads\/sites\/3\/2019\/09\/foto-6-amusco-DA\u00d1OS-EN-ALFALFA-NUEVA-2.jpg 1000w, https:\/\/www.asajacyl.com\/palencia\/wp-content\/uploads\/sites\/3\/2019\/09\/foto-6-amusco-DA\u00d1OS-EN-ALFALFA-NUEVA-2-300x225.jpg 300w, https:\/\/www.asajacyl.com\/palencia\/wp-content\/uploads\/sites\/3\/2019\/09\/foto-6-amusco-DA\u00d1OS-EN-ALFALFA-NUEVA-2-768x576.jpg 768w, https:\/\/www.asajacyl.com\/palencia\/wp-content\/uploads\/sites\/3\/2019\/09\/foto-6-amusco-DA\u00d1OS-EN-ALFALFA-NUEVA-2-80x60.jpg 80w, https:\/\/www.asajacyl.com\/palencia\/wp-content\/uploads\/sites\/3\/2019\/09\/foto-6-amusco-DA\u00d1OS-EN-ALFALFA-NUEVA-2-696x522.jpg 696w, https:\/\/www.asajacyl.com\/palencia\/wp-content\/uploads\/sites\/3\/2019\/09\/foto-6-amusco-DA\u00d1OS-EN-ALFALFA-NUEVA-2-560x420.jpg 560w\" sizes=\"(max-width: 1000px) 100vw, 1000px\" \/><\/a>Amusco (05\/09\/2019). En esta parcela se ha pasado el ch\u00edsel dos veces, se ha rotocultivado y se ha sembrado de alfalfa diez d\u00edas antes de tomar la fotograf\u00eda. Se puede haber acabado con los topillos de la parcela pero la cuneta est\u00e1 llena de huras y r\u00e1pidamente se introducen en la parcela.<\/p>\n<p><a href=\"https:\/\/www.asajacyl.com\/palencia\/wp-content\/uploads\/sites\/3\/2019\/09\/foto-7-autillo-DA\u00d1OS-EN-GIRASOL-2-2.jpg\"><img loading=\"lazy\" decoding=\"async\" class=\"size-full wp-image-6527 aligncenter\" src=\"https:\/\/www.asajacyl.com\/palencia\/wp-content\/uploads\/sites\/3\/2019\/09\/foto-7-autillo-DA\u00d1OS-EN-GIRASOL-2-2.jpg\" alt=\"\" width=\"1008\" height=\"756\" srcset=\"https:\/\/www.asajacyl.com\/palencia\/wp-content\/uploads\/sites\/3\/2019\/09\/foto-7-autillo-DA\u00d1OS-EN-GIRASOL-2-2.jpg 1008w, https:\/\/www.asajacyl.com\/palencia\/wp-content\/uploads\/sites\/3\/2019\/09\/foto-7-autillo-DA\u00d1OS-EN-GIRASOL-2-2-300x225.jpg 300w, https:\/\/www.asajacyl.com\/palencia\/wp-content\/uploads\/sites\/3\/2019\/09\/foto-7-autillo-DA\u00d1OS-EN-GIRASOL-2-2-768x576.jpg 768w, https:\/\/www.asajacyl.com\/palencia\/wp-content\/uploads\/sites\/3\/2019\/09\/foto-7-autillo-DA\u00d1OS-EN-GIRASOL-2-2-80x60.jpg 80w, https:\/\/www.asajacyl.com\/palencia\/wp-content\/uploads\/sites\/3\/2019\/09\/foto-7-autillo-DA\u00d1OS-EN-GIRASOL-2-2-696x522.jpg 696w, https:\/\/www.asajacyl.com\/palencia\/wp-content\/uploads\/sites\/3\/2019\/09\/foto-7-autillo-DA\u00d1OS-EN-GIRASOL-2-2-560x420.jpg 560w\" sizes=\"(max-width: 1008px) 100vw, 1008px\" \/><\/a>Autillo de Campos (05\/09\/2019). Fotograf\u00eda del lugar exacto donde se realiz\u00f3 la presentaci\u00f3n por parte de la Consejer\u00eda de las medidas para erradicar la plaga. El girasol ha sido comido por los topillos en los bordes de la parcela. Cuando se ha pasado la motoniveladora ya no exist\u00eda poblaci\u00f3n de topillos destacable. Al fondo se pueden ver tres cajas nido.<\/p>\n<p><a href=\"https:\/\/www.asajacyl.com\/palencia\/wp-content\/uploads\/sites\/3\/2019\/09\/foto-8-fuentes-DA\u00d1OS-EN-REMOLACHA-2.jpg\"><img loading=\"lazy\" decoding=\"async\" class=\"size-full wp-image-6528 aligncenter\" src=\"https:\/\/www.asajacyl.com\/palencia\/wp-content\/uploads\/sites\/3\/2019\/09\/foto-8-fuentes-DA\u00d1OS-EN-REMOLACHA-2.jpg\" alt=\"\" width=\"1008\" height=\"756\" srcset=\"https:\/\/www.asajacyl.com\/palencia\/wp-content\/uploads\/sites\/3\/2019\/09\/foto-8-fuentes-DA\u00d1OS-EN-REMOLACHA-2.jpg 1008w, https:\/\/www.asajacyl.com\/palencia\/wp-content\/uploads\/sites\/3\/2019\/09\/foto-8-fuentes-DA\u00d1OS-EN-REMOLACHA-2-300x225.jpg 300w, https:\/\/www.asajacyl.com\/palencia\/wp-content\/uploads\/sites\/3\/2019\/09\/foto-8-fuentes-DA\u00d1OS-EN-REMOLACHA-2-768x576.jpg 768w, https:\/\/www.asajacyl.com\/palencia\/wp-content\/uploads\/sites\/3\/2019\/09\/foto-8-fuentes-DA\u00d1OS-EN-REMOLACHA-2-80x60.jpg 80w, https:\/\/www.asajacyl.com\/palencia\/wp-content\/uploads\/sites\/3\/2019\/09\/foto-8-fuentes-DA\u00d1OS-EN-REMOLACHA-2-696x522.jpg 696w, https:\/\/www.asajacyl.com\/palencia\/wp-content\/uploads\/sites\/3\/2019\/09\/foto-8-fuentes-DA\u00d1OS-EN-REMOLACHA-2-560x420.jpg 560w\" sizes=\"(max-width: 1008px) 100vw, 1008px\" \/><\/a>Fuentes de Nava (05\/09\/2019). Remolacha da\u00f1ada por los topillos. Es una inc\u00f3gnita saber qu\u00e9 pasar\u00e1 ahora que se deja de regar la remolacha y hasta el momento de que se recolecte.<\/p>\n<p><a href=\"https:\/\/www.asajacyl.com\/palencia\/wp-content\/uploads\/sites\/3\/2019\/09\/foto-9-PERAZANCAS.jpg\"><img loading=\"lazy\" decoding=\"async\" class=\"size-full wp-image-6529 aligncenter\" src=\"https:\/\/www.asajacyl.com\/palencia\/wp-content\/uploads\/sites\/3\/2019\/09\/foto-9-PERAZANCAS.jpg\" alt=\"\" width=\"1000\" height=\"750\" srcset=\"https:\/\/www.asajacyl.com\/palencia\/wp-content\/uploads\/sites\/3\/2019\/09\/foto-9-PERAZANCAS.jpg 1000w, https:\/\/www.asajacyl.com\/palencia\/wp-content\/uploads\/sites\/3\/2019\/09\/foto-9-PERAZANCAS-300x225.jpg 300w, https:\/\/www.asajacyl.com\/palencia\/wp-content\/uploads\/sites\/3\/2019\/09\/foto-9-PERAZANCAS-768x576.jpg 768w, https:\/\/www.asajacyl.com\/palencia\/wp-content\/uploads\/sites\/3\/2019\/09\/foto-9-PERAZANCAS-80x60.jpg 80w, https:\/\/www.asajacyl.com\/palencia\/wp-content\/uploads\/sites\/3\/2019\/09\/foto-9-PERAZANCAS-696x522.jpg 696w, https:\/\/www.asajacyl.com\/palencia\/wp-content\/uploads\/sites\/3\/2019\/09\/foto-9-PERAZANCAS-560x420.jpg 560w\" sizes=\"(max-width: 1000px) 100vw, 1000px\" \/><\/a>Perazancas (05\/09\/2019). Rastrojo de cereal con presencia notable de huras de topillos.<\/p>\n<p><a href=\"https:\/\/www.asajacyl.com\/palencia\/wp-content\/uploads\/sites\/3\/2019\/09\/foto-10-R\u00cdO-VALDEGINATE-6-3.jpg\"><img loading=\"lazy\" decoding=\"async\" class=\"size-full wp-image-6531 aligncenter\" src=\"https:\/\/www.asajacyl.com\/palencia\/wp-content\/uploads\/sites\/3\/2019\/09\/foto-10-R\u00cdO-VALDEGINATE-6-3.jpg\" alt=\"\" width=\"756\" height=\"1008\" srcset=\"https:\/\/www.asajacyl.com\/palencia\/wp-content\/uploads\/sites\/3\/2019\/09\/foto-10-R\u00cdO-VALDEGINATE-6-3.jpg 756w, https:\/\/www.asajacyl.com\/palencia\/wp-content\/uploads\/sites\/3\/2019\/09\/foto-10-R\u00cdO-VALDEGINATE-6-3-225x300.jpg 225w, https:\/\/www.asajacyl.com\/palencia\/wp-content\/uploads\/sites\/3\/2019\/09\/foto-10-R\u00cdO-VALDEGINATE-6-3-696x928.jpg 696w, https:\/\/www.asajacyl.com\/palencia\/wp-content\/uploads\/sites\/3\/2019\/09\/foto-10-R\u00cdO-VALDEGINATE-6-3-315x420.jpg 315w\" sizes=\"(max-width: 756px) 100vw, 756px\" \/><\/a>R\u00edo Valdeginate (05\/09\/2019). Cad\u00e1veres de topillos flotan en el r\u00edo mientras se descomponen. Se puede observar la absoluta falta de limpieza del r\u00edo pese a lo que se ha transmitido por parte de la CHD.<\/p>\n<p><a href=\"https:\/\/www.asajacyl.com\/palencia\/wp-content\/uploads\/sites\/3\/2019\/09\/foto-11-SANTERV\u00c1S-DE-LA-VEGA-3.jpg\"><img loading=\"lazy\" decoding=\"async\" class=\"size-full wp-image-6532 aligncenter\" src=\"https:\/\/www.asajacyl.com\/palencia\/wp-content\/uploads\/sites\/3\/2019\/09\/foto-11-SANTERV\u00c1S-DE-LA-VEGA-3.jpg\" alt=\"\" width=\"1000\" height=\"750\" srcset=\"https:\/\/www.asajacyl.com\/palencia\/wp-content\/uploads\/sites\/3\/2019\/09\/foto-11-SANTERV\u00c1S-DE-LA-VEGA-3.jpg 1000w, https:\/\/www.asajacyl.com\/palencia\/wp-content\/uploads\/sites\/3\/2019\/09\/foto-11-SANTERV\u00c1S-DE-LA-VEGA-3-300x225.jpg 300w, https:\/\/www.asajacyl.com\/palencia\/wp-content\/uploads\/sites\/3\/2019\/09\/foto-11-SANTERV\u00c1S-DE-LA-VEGA-3-768x576.jpg 768w, https:\/\/www.asajacyl.com\/palencia\/wp-content\/uploads\/sites\/3\/2019\/09\/foto-11-SANTERV\u00c1S-DE-LA-VEGA-3-80x60.jpg 80w, https:\/\/www.asajacyl.com\/palencia\/wp-content\/uploads\/sites\/3\/2019\/09\/foto-11-SANTERV\u00c1S-DE-LA-VEGA-3-696x522.jpg 696w, https:\/\/www.asajacyl.com\/palencia\/wp-content\/uploads\/sites\/3\/2019\/09\/foto-11-SANTERV\u00c1S-DE-LA-VEGA-3-560x420.jpg 560w\" sizes=\"(max-width: 1000px) 100vw, 1000px\" \/><\/a>Santerv\u00e1s de la Vega (30\/08\/2019). Rastrojo de cereal con alta presencia de huras de topillos. S\u00ed, en la comarca de Salda\u00f1a tambi\u00e9n hay muchos topillos.<\/p>\n<p><a href=\"https:\/\/www.asajacyl.com\/palencia\/wp-content\/uploads\/sites\/3\/2019\/09\/foto-12-SANTILLANA-DE-CAMPOS-1-2.jpg\"><img loading=\"lazy\" decoding=\"async\" class=\"size-full wp-image-6533 aligncenter\" src=\"https:\/\/www.asajacyl.com\/palencia\/wp-content\/uploads\/sites\/3\/2019\/09\/foto-12-SANTILLANA-DE-CAMPOS-1-2.jpg\" alt=\"\" width=\"818\" height=\"578\" srcset=\"https:\/\/www.asajacyl.com\/palencia\/wp-content\/uploads\/sites\/3\/2019\/09\/foto-12-SANTILLANA-DE-CAMPOS-1-2.jpg 818w, https:\/\/www.asajacyl.com\/palencia\/wp-content\/uploads\/sites\/3\/2019\/09\/foto-12-SANTILLANA-DE-CAMPOS-1-2-300x212.jpg 300w, https:\/\/www.asajacyl.com\/palencia\/wp-content\/uploads\/sites\/3\/2019\/09\/foto-12-SANTILLANA-DE-CAMPOS-1-2-768x543.jpg 768w, https:\/\/www.asajacyl.com\/palencia\/wp-content\/uploads\/sites\/3\/2019\/09\/foto-12-SANTILLANA-DE-CAMPOS-1-2-696x492.jpg 696w, https:\/\/www.asajacyl.com\/palencia\/wp-content\/uploads\/sites\/3\/2019\/09\/foto-12-SANTILLANA-DE-CAMPOS-1-2-594x420.jpg 594w\" sizes=\"(max-width: 818px) 100vw, 818px\" \/><\/a>Santillana de Campos (30\/08\/2019). Alfalfa infestada de huras de topillos. Al fondo se pueden ver dos cajas nido.<\/p>\n<p><a href=\"https:\/\/www.asajacyl.com\/palencia\/wp-content\/uploads\/sites\/3\/2019\/09\/foto-13-villarramiel.jpg\"><img loading=\"lazy\" decoding=\"async\" class=\"size-full wp-image-6534 aligncenter\" src=\"https:\/\/www.asajacyl.com\/palencia\/wp-content\/uploads\/sites\/3\/2019\/09\/foto-13-villarramiel.jpg\" alt=\"\" width=\"1000\" height=\"750\" srcset=\"https:\/\/www.asajacyl.com\/palencia\/wp-content\/uploads\/sites\/3\/2019\/09\/foto-13-villarramiel.jpg 1000w, https:\/\/www.asajacyl.com\/palencia\/wp-content\/uploads\/sites\/3\/2019\/09\/foto-13-villarramiel-300x225.jpg 300w, https:\/\/www.asajacyl.com\/palencia\/wp-content\/uploads\/sites\/3\/2019\/09\/foto-13-villarramiel-768x576.jpg 768w, https:\/\/www.asajacyl.com\/palencia\/wp-content\/uploads\/sites\/3\/2019\/09\/foto-13-villarramiel-80x60.jpg 80w, https:\/\/www.asajacyl.com\/palencia\/wp-content\/uploads\/sites\/3\/2019\/09\/foto-13-villarramiel-696x522.jpg 696w, https:\/\/www.asajacyl.com\/palencia\/wp-content\/uploads\/sites\/3\/2019\/09\/foto-13-villarramiel-560x420.jpg 560w\" sizes=\"(max-width: 1000px) 100vw, 1000px\" \/><\/a>Villarramiel (05\/09\/2019). Arroyo horadado por multitud de huras de topillo, sobre \u00e9l dos cajas nido. El rastrojo de cereal ten\u00eda alta presencia de huras de topillos.<\/p>\n<p><a href=\"https:\/\/www.asajacyl.com\/palencia\/wp-content\/uploads\/sites\/3\/2019\/09\/foto-14-FUENTES-DE-NAVA-3.jpg\"><img loading=\"lazy\" decoding=\"async\" class=\"alignnone size-large wp-image-6546\" src=\"https:\/\/www.asajacyl.com\/palencia\/wp-content\/uploads\/sites\/3\/2019\/09\/foto-14-FUENTES-DE-NAVA-3-1024x768.jpg\" alt=\"\" width=\"696\" height=\"522\" srcset=\"https:\/\/www.asajacyl.com\/palencia\/wp-content\/uploads\/sites\/3\/2019\/09\/foto-14-FUENTES-DE-NAVA-3.jpg 1024w, https:\/\/www.asajacyl.com\/palencia\/wp-content\/uploads\/sites\/3\/2019\/09\/foto-14-FUENTES-DE-NAVA-3-300x225.jpg 300w, https:\/\/www.asajacyl.com\/palencia\/wp-content\/uploads\/sites\/3\/2019\/09\/foto-14-FUENTES-DE-NAVA-3-768x576.jpg 768w, https:\/\/www.asajacyl.com\/palencia\/wp-content\/uploads\/sites\/3\/2019\/09\/foto-14-FUENTES-DE-NAVA-3-80x60.jpg 80w, https:\/\/www.asajacyl.com\/palencia\/wp-content\/uploads\/sites\/3\/2019\/09\/foto-14-FUENTES-DE-NAVA-3-696x522.jpg 696w, https:\/\/www.asajacyl.com\/palencia\/wp-content\/uploads\/sites\/3\/2019\/09\/foto-14-FUENTES-DE-NAVA-3-560x420.jpg 560w\" sizes=\"(max-width: 696px) 100vw, 696px\" \/><\/a><\/p>\n<p>Fuentes de Nava (21\/06\/2019). Trigo con un da\u00f1o cercano al 100% tras com\u00e9rselo los topillos. Las \u201cr\u00e1pidas\u201d, \u201ceficaces\u201d, \u201cpioneras\u201d y \u201cdecididas\u201d medidas de las Administraciones no llegaron a tiempo de salvar los cereales de la provincia, cosechados antes de que siquiera pensaran en hacer algo.<\/p>\n<p><a href=\"https:\/\/www.asajacyl.com\/palencia\/wp-content\/uploads\/sites\/3\/2019\/09\/foto-15-VILLANUEVA-DEL-REBOLLAR-3.jpg\"><img loading=\"lazy\" decoding=\"async\" class=\"alignnone size-large wp-image-6547\" src=\"https:\/\/www.asajacyl.com\/palencia\/wp-content\/uploads\/sites\/3\/2019\/09\/foto-15-VILLANUEVA-DEL-REBOLLAR-3-576x1024.jpg\" alt=\"\" width=\"576\" height=\"1024\" srcset=\"https:\/\/www.asajacyl.com\/palencia\/wp-content\/uploads\/sites\/3\/2019\/09\/foto-15-VILLANUEVA-DEL-REBOLLAR-3.jpg 576w, https:\/\/www.asajacyl.com\/palencia\/wp-content\/uploads\/sites\/3\/2019\/09\/foto-15-VILLANUEVA-DEL-REBOLLAR-3-169x300.jpg 169w, https:\/\/www.asajacyl.com\/palencia\/wp-content\/uploads\/sites\/3\/2019\/09\/foto-15-VILLANUEVA-DEL-REBOLLAR-3-236x420.jpg 236w\" sizes=\"(max-width: 576px) 100vw, 576px\" \/><\/a><\/p>\n<p>Villanueva del Rebollar (05\/08\/2019). Huras de topillos en la cuneta bajo los da\u00f1os que est\u00e1n generando en el girasol.<\/p>\n<p><a href=\"https:\/\/www.asajacyl.com\/palencia\/wp-content\/uploads\/sites\/3\/2019\/09\/foto-16-NESTAR-3.jpg\"><img loading=\"lazy\" decoding=\"async\" class=\"alignnone size-large wp-image-6548\" src=\"https:\/\/www.asajacyl.com\/palencia\/wp-content\/uploads\/sites\/3\/2019\/09\/foto-16-NESTAR-3-768x1024.jpg\" alt=\"\" width=\"696\" height=\"928\" srcset=\"https:\/\/www.asajacyl.com\/palencia\/wp-content\/uploads\/sites\/3\/2019\/09\/foto-16-NESTAR-3.jpg 768w, https:\/\/www.asajacyl.com\/palencia\/wp-content\/uploads\/sites\/3\/2019\/09\/foto-16-NESTAR-3-225x300.jpg 225w, https:\/\/www.asajacyl.com\/palencia\/wp-content\/uploads\/sites\/3\/2019\/09\/foto-16-NESTAR-3-696x928.jpg 696w, https:\/\/www.asajacyl.com\/palencia\/wp-content\/uploads\/sites\/3\/2019\/09\/foto-16-NESTAR-3-315x420.jpg 315w\" sizes=\"(max-width: 696px) 100vw, 696px\" \/><\/a><\/p>\n<p>Nestar (20\/08\/2019). Galer\u00edas realizadas por los topillos en una pradera de monta\u00f1a, los topillos ya est\u00e1n implantados en toda la provincia.<\/p>\n<p><a href=\"https:\/\/www.asajacyl.com\/palencia\/wp-content\/uploads\/sites\/3\/2019\/09\/foto-17-GRIJERA-3.jpg\"><img loading=\"lazy\" decoding=\"async\" class=\"alignnone size-large wp-image-6549\" src=\"https:\/\/www.asajacyl.com\/palencia\/wp-content\/uploads\/sites\/3\/2019\/09\/foto-17-GRIJERA-3-768x1024.jpg\" alt=\"\" width=\"696\" height=\"928\" srcset=\"https:\/\/www.asajacyl.com\/palencia\/wp-content\/uploads\/sites\/3\/2019\/09\/foto-17-GRIJERA-3.jpg 768w, https:\/\/www.asajacyl.com\/palencia\/wp-content\/uploads\/sites\/3\/2019\/09\/foto-17-GRIJERA-3-225x300.jpg 225w, https:\/\/www.asajacyl.com\/palencia\/wp-content\/uploads\/sites\/3\/2019\/09\/foto-17-GRIJERA-3-696x928.jpg 696w, https:\/\/www.asajacyl.com\/palencia\/wp-content\/uploads\/sites\/3\/2019\/09\/foto-17-GRIJERA-3-315x420.jpg 315w\" sizes=\"(max-width: 696px) 100vw, 696px\" \/><\/a><\/p>\n<p>Grijera (20\/08\/2019). Borde de una de las \u00faltimas parcelas de cereal recolectadas en la provincia de Palencia. Se pueden ver las huras de topillos mientras este cereal a\u00fan no ten\u00eda da\u00f1os ni presencia alta de topillos. Hasta la comarca de Aguilar tambi\u00e9n han llegado los topillos.<\/p>\n<figure id=\"attachment_6540\" aria-describedby=\"caption-attachment-6540\" style=\"width: 992px\" class=\"wp-caption aligncenter\"><a href=\"https:\/\/www.asajacyl.com\/palencia\/wp-content\/uploads\/sites\/3\/2019\/09\/foto-19-la-vid-IMG_20190821_124347-2.jpg\"><img loading=\"lazy\" decoding=\"async\" class=\"size-full wp-image-6540\" src=\"https:\/\/www.asajacyl.com\/palencia\/wp-content\/uploads\/sites\/3\/2019\/09\/foto-19-la-vid-IMG_20190821_124347-2.jpg\" alt=\"\" width=\"992\" height=\"744\" srcset=\"https:\/\/www.asajacyl.com\/palencia\/wp-content\/uploads\/sites\/3\/2019\/09\/foto-19-la-vid-IMG_20190821_124347-2.jpg 992w, https:\/\/www.asajacyl.com\/palencia\/wp-content\/uploads\/sites\/3\/2019\/09\/foto-19-la-vid-IMG_20190821_124347-2-300x225.jpg 300w, https:\/\/www.asajacyl.com\/palencia\/wp-content\/uploads\/sites\/3\/2019\/09\/foto-19-la-vid-IMG_20190821_124347-2-768x576.jpg 768w, https:\/\/www.asajacyl.com\/palencia\/wp-content\/uploads\/sites\/3\/2019\/09\/foto-19-la-vid-IMG_20190821_124347-2-80x60.jpg 80w, https:\/\/www.asajacyl.com\/palencia\/wp-content\/uploads\/sites\/3\/2019\/09\/foto-19-la-vid-IMG_20190821_124347-2-696x522.jpg 696w, https:\/\/www.asajacyl.com\/palencia\/wp-content\/uploads\/sites\/3\/2019\/09\/foto-19-la-vid-IMG_20190821_124347-2-560x420.jpg 560w\" sizes=\"(max-width: 992px) 100vw, 992px\" \/><\/a><figcaption id=\"caption-attachment-6540\" class=\"wp-caption-text\"><span style=\"font-size: 12pt\">La Vid de Ojeda (21\/08\/2019). Patatas comidas por topillos. El da\u00f1o estaba en unos diez metros en los bordes de toda la parcela.<\/span><\/figcaption><\/figure>\n<figure id=\"attachment_6539\" aria-describedby=\"caption-attachment-6539\" style=\"width: 992px\" class=\"wp-caption aligncenter\"><a href=\"https:\/\/www.asajacyl.com\/palencia\/wp-content\/uploads\/sites\/3\/2019\/09\/foto-18-herrera-IMG_20190821_112335-2.jpg\"><img loading=\"lazy\" decoding=\"async\" class=\"size-full wp-image-6539\" src=\"https:\/\/www.asajacyl.com\/palencia\/wp-content\/uploads\/sites\/3\/2019\/09\/foto-18-herrera-IMG_20190821_112335-2.jpg\" alt=\"\" width=\"992\" height=\"744\" srcset=\"https:\/\/www.asajacyl.com\/palencia\/wp-content\/uploads\/sites\/3\/2019\/09\/foto-18-herrera-IMG_20190821_112335-2.jpg 992w, https:\/\/www.asajacyl.com\/palencia\/wp-content\/uploads\/sites\/3\/2019\/09\/foto-18-herrera-IMG_20190821_112335-2-300x225.jpg 300w, https:\/\/www.asajacyl.com\/palencia\/wp-content\/uploads\/sites\/3\/2019\/09\/foto-18-herrera-IMG_20190821_112335-2-768x576.jpg 768w, https:\/\/www.asajacyl.com\/palencia\/wp-content\/uploads\/sites\/3\/2019\/09\/foto-18-herrera-IMG_20190821_112335-2-80x60.jpg 80w, https:\/\/www.asajacyl.com\/palencia\/wp-content\/uploads\/sites\/3\/2019\/09\/foto-18-herrera-IMG_20190821_112335-2-696x522.jpg 696w, https:\/\/www.asajacyl.com\/palencia\/wp-content\/uploads\/sites\/3\/2019\/09\/foto-18-herrera-IMG_20190821_112335-2-560x420.jpg 560w\" sizes=\"(max-width: 992px) 100vw, 992px\" \/><\/a><figcaption id=\"caption-attachment-6539\" class=\"wp-caption-text\"><span style=\"font-family: verdana, geneva, sans-serif;font-size: 12pt\">Herrera de Pisuerga (21\/08\/2019). Alfalfa sembrada en mayo con da\u00f1os importantes por topillos. La comarca de Boedo-Ojeda tambi\u00e9n est\u00e1 afectada por los topillos.<\/span><\/figcaption><\/figure>\n<p><a href=\"https:\/\/www.asajacyl.com\/palencia\/wp-content\/uploads\/sites\/3\/2019\/09\/foto-20-espinosa-IMG_20190910_130417-2.jpg\"><img loading=\"lazy\" decoding=\"async\" class=\"size-full wp-image-6541 aligncenter\" src=\"https:\/\/www.asajacyl.com\/palencia\/wp-content\/uploads\/sites\/3\/2019\/09\/foto-20-espinosa-IMG_20190910_130417-2.jpg\" alt=\"\" width=\"1000\" height=\"750\" srcset=\"https:\/\/www.asajacyl.com\/palencia\/wp-content\/uploads\/sites\/3\/2019\/09\/foto-20-espinosa-IMG_20190910_130417-2.jpg 1000w, https:\/\/www.asajacyl.com\/palencia\/wp-content\/uploads\/sites\/3\/2019\/09\/foto-20-espinosa-IMG_20190910_130417-2-300x225.jpg 300w, https:\/\/www.asajacyl.com\/palencia\/wp-content\/uploads\/sites\/3\/2019\/09\/foto-20-espinosa-IMG_20190910_130417-2-768x576.jpg 768w, https:\/\/www.asajacyl.com\/palencia\/wp-content\/uploads\/sites\/3\/2019\/09\/foto-20-espinosa-IMG_20190910_130417-2-80x60.jpg 80w, https:\/\/www.asajacyl.com\/palencia\/wp-content\/uploads\/sites\/3\/2019\/09\/foto-20-espinosa-IMG_20190910_130417-2-696x522.jpg 696w, https:\/\/www.asajacyl.com\/palencia\/wp-content\/uploads\/sites\/3\/2019\/09\/foto-20-espinosa-IMG_20190910_130417-2-560x420.jpg 560w\" sizes=\"(max-width: 1000px) 100vw, 1000px\" \/><\/a>Espinosa de Cerrato (10\/09\/2019). En la foto se puede ver el borde de una parcela completamente horadado por las huras de los topillos. Cada vez aparecen m\u00e1s huras en las parcelas de este municipio de El Cerrato. Ninguna comarca palentina se libra de los topillos.<\/p>\n<p><a href=\"https:\/\/www.asajacyl.com\/palencia\/wp-content\/uploads\/sites\/3\/2019\/09\/foto-21-canal-de-palencia-IMG_20190910_115052-2.jpg\"><img loading=\"lazy\" decoding=\"async\" class=\"size-full wp-image-6542 aligncenter\" src=\"https:\/\/www.asajacyl.com\/palencia\/wp-content\/uploads\/sites\/3\/2019\/09\/foto-21-canal-de-palencia-IMG_20190910_115052-2.jpg\" alt=\"\" width=\"750\" height=\"1000\" srcset=\"https:\/\/www.asajacyl.com\/palencia\/wp-content\/uploads\/sites\/3\/2019\/09\/foto-21-canal-de-palencia-IMG_20190910_115052-2.jpg 750w, https:\/\/www.asajacyl.com\/palencia\/wp-content\/uploads\/sites\/3\/2019\/09\/foto-21-canal-de-palencia-IMG_20190910_115052-2-225x300.jpg 225w, https:\/\/www.asajacyl.com\/palencia\/wp-content\/uploads\/sites\/3\/2019\/09\/foto-21-canal-de-palencia-IMG_20190910_115052-2-696x928.jpg 696w, https:\/\/www.asajacyl.com\/palencia\/wp-content\/uploads\/sites\/3\/2019\/09\/foto-21-canal-de-palencia-IMG_20190910_115052-2-315x420.jpg 315w\" sizes=\"(max-width: 750px) 100vw, 750px\" \/><\/a>Villalob\u00f3n (10\/09\/2019), Canal de Palencia. Topillos en descomposici\u00f3n y multitud de restos de cad\u00e1veres en la barra que sobresale del agua. Los patos ven el espect\u00e1culo con cierta normalidad.<\/p>\n<p>&nbsp;<\/p>\n<p>&nbsp;<\/p>\n","protected":false},"excerpt":{"rendered":"<p>Las medidas adoptadas son rid\u00edculas frente a la dimensi\u00f3n de la plaga, que ya se ha instaurado en toda la provincia Son ya varios los comunicados emitidos por la Junta de Castilla y Le\u00f3n en referencia a la gesti\u00f3n que se est\u00e1 haciendo de la plaga de topillos y desde ASAJA-Palencia queremos puntualizar o mostrar [&hellip;]<\/p>\n","protected":false},"author":9,"featured_media":6483,"comment_status":"open","ping_status":"open","sticky":false,"template":"","format":"standard","meta":{"footnotes":""},"categories":[9,28,1],"tags":[],"yoast_head":"<!-- This site is optimized with the Yoast SEO plugin v24.5 - https:\/\/yoast.com\/wordpress\/plugins\/seo\/ -->\n<title>ASAJA critica el triunfalismo de las administraciones ante la plaga de topillos - ASAJA Palencia<\/title>\n<meta name=\"description\" content=\"Las medidas adoptadas son rid\u00edculas frente a la dimensi\u00f3n de la plaga, que ya se ha instaurado en toda la provincia Son ya varios los comunicados emitidos\" \/>\n<meta name=\"robots\" content=\"index, follow, max-snippet:-1, max-image-preview:large, max-video-preview:-1\" \/>\n<link rel=\"canonical\" href=\"https:\/\/www.asajacyl.com\/palencia\/sin-categoria\/asaja-critica-triunfalismo-las-administraciones-ante-la-plaga-topillos\" \/>\n<meta property=\"og:locale\" content=\"es_ES\" \/>\n<meta property=\"og:type\" content=\"article\" \/>\n<meta property=\"og:title\" content=\"ASAJA critica el triunfalismo de las administraciones ante la plaga de topillos - ASAJA Palencia\" \/>\n<meta property=\"og:description\" content=\"Las medidas adoptadas son rid\u00edculas frente a la dimensi\u00f3n de la plaga, que ya se ha instaurado en toda la provincia Son ya varios los comunicados emitidos\" \/>\n<meta property=\"og:url\" content=\"https:\/\/www.asajacyl.com\/palencia\/sin-categoria\/asaja-critica-triunfalismo-las-administraciones-ante-la-plaga-topillos\" \/>\n<meta property=\"og:site_name\" content=\"ASAJA Palencia\" \/>\n<meta property=\"article:published_time\" content=\"2019-09-14T09:32:31+00:00\" \/>\n<meta property=\"article:modified_time\" content=\"2020-01-08T13:49:58+00:00\" \/>\n<meta property=\"og:image\" content=\"https:\/\/www.asajacyl.com\/palencia\/wp-content\/uploads\/sites\/3\/2019\/09\/foto-topillo-girasol-y-poste-en-autillo.jpg\" \/>\n\t<meta property=\"og:image:width\" content=\"1299\" \/>\n\t<meta property=\"og:image:height\" content=\"974\" \/>\n\t<meta property=\"og:image:type\" content=\"image\/jpeg\" \/>\n<meta name=\"author\" content=\"Administrador\" \/>\n<meta name=\"twitter:card\" content=\"summary_large_image\" \/>\n<meta name=\"twitter:label1\" content=\"Escrito por\" \/>\n\t<meta name=\"twitter:data1\" content=\"Administrador\" \/>\n\t<meta name=\"twitter:label2\" content=\"Tiempo de lectura\" \/>\n\t<meta name=\"twitter:data2\" content=\"14 minutos\" \/>\n<script type=\"application\/ld+json\" class=\"yoast-schema-graph\">{\"@context\":\"https:\/\/schema.org\",\"@graph\":[{\"@type\":\"WebPage\",\"@id\":\"https:\/\/www.asajacyl.com\/palencia\/sin-categoria\/asaja-critica-triunfalismo-las-administraciones-ante-la-plaga-topillos\",\"url\":\"https:\/\/www.asajacyl.com\/palencia\/sin-categoria\/asaja-critica-triunfalismo-las-administraciones-ante-la-plaga-topillos\",\"name\":\"ASAJA critica el triunfalismo de las administraciones ante la plaga de topillos - ASAJA Palencia\",\"isPartOf\":{\"@id\":\"https:\/\/www.asajacyl.com\/palencia\/#website\"},\"primaryImageOfPage\":{\"@id\":\"https:\/\/www.asajacyl.com\/palencia\/sin-categoria\/asaja-critica-triunfalismo-las-administraciones-ante-la-plaga-topillos#primaryimage\"},\"image\":{\"@id\":\"https:\/\/www.asajacyl.com\/palencia\/sin-categoria\/asaja-critica-triunfalismo-las-administraciones-ante-la-plaga-topillos#primaryimage\"},\"thumbnailUrl\":\"https:\/\/www.asajacyl.com\/palencia\/wp-content\/uploads\/sites\/3\/2019\/09\/foto-topillo-girasol-y-poste-en-autillo.jpg\",\"datePublished\":\"2019-09-14T09:32:31+00:00\",\"dateModified\":\"2020-01-08T13:49:58+00:00\",\"author\":{\"@id\":\"https:\/\/www.asajacyl.com\/palencia\/#\/schema\/person\/3ab17aeb03527485c317557fae64aab1\"},\"description\":\"Las medidas adoptadas son rid\u00edculas frente a la dimensi\u00f3n de la plaga, que ya se ha instaurado en toda la provincia Son ya varios los comunicados emitidos\",\"breadcrumb\":{\"@id\":\"https:\/\/www.asajacyl.com\/palencia\/sin-categoria\/asaja-critica-triunfalismo-las-administraciones-ante-la-plaga-topillos#breadcrumb\"},\"inLanguage\":\"es\",\"potentialAction\":[{\"@type\":\"ReadAction\",\"target\":[\"https:\/\/www.asajacyl.com\/palencia\/sin-categoria\/asaja-critica-triunfalismo-las-administraciones-ante-la-plaga-topillos\"]}]},{\"@type\":\"ImageObject\",\"inLanguage\":\"es\",\"@id\":\"https:\/\/www.asajacyl.com\/palencia\/sin-categoria\/asaja-critica-triunfalismo-las-administraciones-ante-la-plaga-topillos#primaryimage\",\"url\":\"https:\/\/www.asajacyl.com\/palencia\/wp-content\/uploads\/sites\/3\/2019\/09\/foto-topillo-girasol-y-poste-en-autillo.jpg\",\"contentUrl\":\"https:\/\/www.asajacyl.com\/palencia\/wp-content\/uploads\/sites\/3\/2019\/09\/foto-topillo-girasol-y-poste-en-autillo.jpg\",\"width\":1299,\"height\":974},{\"@type\":\"BreadcrumbList\",\"@id\":\"https:\/\/www.asajacyl.com\/palencia\/sin-categoria\/asaja-critica-triunfalismo-las-administraciones-ante-la-plaga-topillos#breadcrumb\",\"itemListElement\":[{\"@type\":\"ListItem\",\"position\":1,\"name\":\"Portada\",\"item\":\"https:\/\/www.asajacyl.com\/palencia\/\"},{\"@type\":\"ListItem\",\"position\":2,\"name\":\"ASAJA critica el triunfalismo de las administraciones ante la plaga de topillos\"}]},{\"@type\":\"WebSite\",\"@id\":\"https:\/\/www.asajacyl.com\/palencia\/#website\",\"url\":\"https:\/\/www.asajacyl.com\/palencia\/\",\"name\":\"ASAJA Palencia\",\"description\":\"Otro sitio m\u00e1s de Provincias ASAJA Castilla y Le\u00f3n\",\"potentialAction\":[{\"@type\":\"SearchAction\",\"target\":{\"@type\":\"EntryPoint\",\"urlTemplate\":\"https:\/\/www.asajacyl.com\/palencia\/?s={search_term_string}\"},\"query-input\":{\"@type\":\"PropertyValueSpecification\",\"valueRequired\":true,\"valueName\":\"search_term_string\"}}],\"inLanguage\":\"es\"},{\"@type\":\"Person\",\"@id\":\"https:\/\/www.asajacyl.com\/palencia\/#\/schema\/person\/3ab17aeb03527485c317557fae64aab1\",\"name\":\"Administrador\",\"image\":{\"@type\":\"ImageObject\",\"inLanguage\":\"es\",\"@id\":\"https:\/\/www.asajacyl.com\/palencia\/#\/schema\/person\/image\/\",\"url\":\"https:\/\/secure.gravatar.com\/avatar\/517384810d242ca9e38c180f3c9fb973?s=96&d=mm&r=g\",\"contentUrl\":\"https:\/\/secure.gravatar.com\/avatar\/517384810d242ca9e38c180f3c9fb973?s=96&d=mm&r=g\",\"caption\":\"Administrador\"},\"url\":\"https:\/\/www.asajacyl.com\/palencia\/author\/carlosrm\"}]}<\/script>\n<!-- \/ Yoast SEO plugin. -->","yoast_head_json":{"title":"ASAJA critica el triunfalismo de las administraciones ante la plaga de topillos - ASAJA Palencia","description":"Las medidas adoptadas son rid\u00edculas frente a la dimensi\u00f3n de la plaga, que ya se ha instaurado en toda la provincia Son ya varios los comunicados emitidos","robots":{"index":"index","follow":"follow","max-snippet":"max-snippet:-1","max-image-preview":"max-image-preview:large","max-video-preview":"max-video-preview:-1"},"canonical":"https:\/\/www.asajacyl.com\/palencia\/sin-categoria\/asaja-critica-triunfalismo-las-administraciones-ante-la-plaga-topillos","og_locale":"es_ES","og_type":"article","og_title":"ASAJA critica el triunfalismo de las administraciones ante la plaga de topillos - ASAJA Palencia","og_description":"Las medidas adoptadas son rid\u00edculas frente a la dimensi\u00f3n de la plaga, que ya se ha instaurado en toda la provincia Son ya varios los comunicados emitidos","og_url":"https:\/\/www.asajacyl.com\/palencia\/sin-categoria\/asaja-critica-triunfalismo-las-administraciones-ante-la-plaga-topillos","og_site_name":"ASAJA Palencia","article_published_time":"2019-09-14T09:32:31+00:00","article_modified_time":"2020-01-08T13:49:58+00:00","og_image":[{"width":1299,"height":974,"url":"https:\/\/www.asajacyl.com\/palencia\/wp-content\/uploads\/sites\/3\/2019\/09\/foto-topillo-girasol-y-poste-en-autillo.jpg","type":"image\/jpeg"}],"author":"Administrador","twitter_card":"summary_large_image","twitter_misc":{"Escrito por":"Administrador","Tiempo de lectura":"14 minutos"},"schema":{"@context":"https:\/\/schema.org","@graph":[{"@type":"WebPage","@id":"https:\/\/www.asajacyl.com\/palencia\/sin-categoria\/asaja-critica-triunfalismo-las-administraciones-ante-la-plaga-topillos","url":"https:\/\/www.asajacyl.com\/palencia\/sin-categoria\/asaja-critica-triunfalismo-las-administraciones-ante-la-plaga-topillos","name":"ASAJA critica el triunfalismo de las administraciones ante la plaga de topillos - ASAJA Palencia","isPartOf":{"@id":"https:\/\/www.asajacyl.com\/palencia\/#website"},"primaryImageOfPage":{"@id":"https:\/\/www.asajacyl.com\/palencia\/sin-categoria\/asaja-critica-triunfalismo-las-administraciones-ante-la-plaga-topillos#primaryimage"},"image":{"@id":"https:\/\/www.asajacyl.com\/palencia\/sin-categoria\/asaja-critica-triunfalismo-las-administraciones-ante-la-plaga-topillos#primaryimage"},"thumbnailUrl":"https:\/\/www.asajacyl.com\/palencia\/wp-content\/uploads\/sites\/3\/2019\/09\/foto-topillo-girasol-y-poste-en-autillo.jpg","datePublished":"2019-09-14T09:32:31+00:00","dateModified":"2020-01-08T13:49:58+00:00","author":{"@id":"https:\/\/www.asajacyl.com\/palencia\/#\/schema\/person\/3ab17aeb03527485c317557fae64aab1"},"description":"Las medidas adoptadas son rid\u00edculas frente a la dimensi\u00f3n de la plaga, que ya se ha instaurado en toda la provincia Son ya varios los comunicados emitidos","breadcrumb":{"@id":"https:\/\/www.asajacyl.com\/palencia\/sin-categoria\/asaja-critica-triunfalismo-las-administraciones-ante-la-plaga-topillos#breadcrumb"},"inLanguage":"es","potentialAction":[{"@type":"ReadAction","target":["https:\/\/www.asajacyl.com\/palencia\/sin-categoria\/asaja-critica-triunfalismo-las-administraciones-ante-la-plaga-topillos"]}]},{"@type":"ImageObject","inLanguage":"es","@id":"https:\/\/www.asajacyl.com\/palencia\/sin-categoria\/asaja-critica-triunfalismo-las-administraciones-ante-la-plaga-topillos#primaryimage","url":"https:\/\/www.asajacyl.com\/palencia\/wp-content\/uploads\/sites\/3\/2019\/09\/foto-topillo-girasol-y-poste-en-autillo.jpg","contentUrl":"https:\/\/www.asajacyl.com\/palencia\/wp-content\/uploads\/sites\/3\/2019\/09\/foto-topillo-girasol-y-poste-en-autillo.jpg","width":1299,"height":974},{"@type":"BreadcrumbList","@id":"https:\/\/www.asajacyl.com\/palencia\/sin-categoria\/asaja-critica-triunfalismo-las-administraciones-ante-la-plaga-topillos#breadcrumb","itemListElement":[{"@type":"ListItem","position":1,"name":"Portada","item":"https:\/\/www.asajacyl.com\/palencia\/"},{"@type":"ListItem","position":2,"name":"ASAJA critica el triunfalismo de las administraciones ante la plaga de topillos"}]},{"@type":"WebSite","@id":"https:\/\/www.asajacyl.com\/palencia\/#website","url":"https:\/\/www.asajacyl.com\/palencia\/","name":"ASAJA Palencia","description":"Otro sitio m\u00e1s de Provincias ASAJA Castilla y Le\u00f3n","potentialAction":[{"@type":"SearchAction","target":{"@type":"EntryPoint","urlTemplate":"https:\/\/www.asajacyl.com\/palencia\/?s={search_term_string}"},"query-input":{"@type":"PropertyValueSpecification","valueRequired":true,"valueName":"search_term_string"}}],"inLanguage":"es"},{"@type":"Person","@id":"https:\/\/www.asajacyl.com\/palencia\/#\/schema\/person\/3ab17aeb03527485c317557fae64aab1","name":"Administrador","image":{"@type":"ImageObject","inLanguage":"es","@id":"https:\/\/www.asajacyl.com\/palencia\/#\/schema\/person\/image\/","url":"https:\/\/secure.gravatar.com\/avatar\/517384810d242ca9e38c180f3c9fb973?s=96&d=mm&r=g","contentUrl":"https:\/\/secure.gravatar.com\/avatar\/517384810d242ca9e38c180f3c9fb973?s=96&d=mm&r=g","caption":"Administrador"},"url":"https:\/\/www.asajacyl.com\/palencia\/author\/carlosrm"}]}},"_links":{"self":[{"href":"https:\/\/www.asajacyl.com\/palencia\/wp-json\/wp\/v2\/posts\/6479"}],"collection":[{"href":"https:\/\/www.asajacyl.com\/palencia\/wp-json\/wp\/v2\/posts"}],"about":[{"href":"https:\/\/www.asajacyl.com\/palencia\/wp-json\/wp\/v2\/types\/post"}],"author":[{"embeddable":true,"href":"https:\/\/www.asajacyl.com\/palencia\/wp-json\/wp\/v2\/users\/9"}],"replies":[{"embeddable":true,"href":"https:\/\/www.asajacyl.com\/palencia\/wp-json\/wp\/v2\/comments?post=6479"}],"version-history":[{"count":9,"href":"https:\/\/www.asajacyl.com\/palencia\/wp-json\/wp\/v2\/posts\/6479\/revisions"}],"predecessor-version":[{"id":6550,"href":"https:\/\/www.asajacyl.com\/palencia\/wp-json\/wp\/v2\/posts\/6479\/revisions\/6550"}],"wp:featuredmedia":[{"embeddable":true,"href":"https:\/\/www.asajacyl.com\/palencia\/wp-json\/wp\/v2\/media\/6483"}],"wp:attachment":[{"href":"https:\/\/www.asajacyl.com\/palencia\/wp-json\/wp\/v2\/media?parent=6479"}],"wp:term":[{"taxonomy":"category","embeddable":true,"href":"https:\/\/www.asajacyl.com\/palencia\/wp-json\/wp\/v2\/categories?post=6479"},{"taxonomy":"post_tag","embeddable":true,"href":"https:\/\/www.asajacyl.com\/palencia\/wp-json\/wp\/v2\/tags?post=6479"}],"curies":[{"name":"wp","href":"https:\/\/api.w.org\/{rel}","templated":true}]}}