{"id":6551,"date":"2019-09-18T14:22:38","date_gmt":"2019-09-18T12:22:38","guid":{"rendered":"https:\/\/www.asajacyl.com\/palencia\/?p=6551"},"modified":"2019-09-19T08:29:53","modified_gmt":"2019-09-19T06:29:53","slug":"aumentan-05-rango-precios-maximos-minimos-2020","status":"publish","type":"post","link":"https:\/\/www.asajacyl.com\/palencia\/servicios-socio\/circulares\/aumentan-05-rango-precios-maximos-minimos-2020","title":{"rendered":"Aumentan en un 0,5 % los precios de aprovechamiento de pastos"},"content":{"rendered":"<p><strong>Los precios m\u00e1ximos y m\u00ednimos para el aprovechamiento de pastos de ordenaci\u00f3n com\u00fan en las zonas ganaderas de la provincia se incrementan en un 0,5% para el 2020. Hay que recordar que el efecto del aumento de esta horquilla es limitado, ya que, en \u00faltima instancia, corresponde los ayuntamientos y las juntas agropecuarias locales establecer los precios finales. En la reuni\u00f3n del\u00a0 Consejo Provincial Agrario, celebrado esta ma\u00f1ana, se han acordado tambi\u00e9n las fechas tope para la recolecci\u00f3n de la cosecha en funci\u00f3n de los diferentes tipos de cultivos durante el pr\u00f3ximo a\u00f1o, en las zonas ganaderas de la provincia<\/strong><\/p>\n<p>El consejero de Agricultura Ganader\u00eda y Desarrollo Rural, Jes\u00fas Julio Carnero, ha pasado a saludar a los miembros reunidos, hoy, en el Consejo Agrario Provincial, que ha estado presidido por el delegado territorial de la Junta, Jos\u00e9 Antonio Rubio Mielgo.<\/p>\n<p>Para establecer el rango de precios m\u00e1ximos y m\u00ednimos es preceptivo el informe del Consejo Agrario Provincial, que ha acordado incrementar en un 0,5% los precios actuales, que permanec\u00edan congelados desde el a\u00f1o 2015. Finalmente, las diferentes juntas agropecuarias locales y los ayuntamientos ser\u00e1n los encargados de fijar las cantidades dentro de los l\u00edmites de estos rangos, que se han decidido modificar.<\/p>\n<p>La provincia de Palencia se divide en tres zonas ganaderas, norte, sur e intermedia. Los precios acordados para cada una son los siguientes:<\/p>\n<p>&nbsp;<\/p>\n<table width=\"437\">\n<tbody>\n<tr>\n<td width=\"77\">PRECIO<\/td>\n<td width=\"114\">ZONA NORTE<\/td>\n<td width=\"153\">ZONA INTERMEDIA<\/td>\n<td width=\"93\">ZONA SUR<\/td>\n<\/tr>\n<tr>\n<td width=\"77\">M\u00cdNIMO<\/td>\n<td width=\"114\">1,28 \u20ac\/Ha<\/td>\n<td width=\"153\">1,70 \u20ac\/Ha<\/td>\n<td width=\"93\">2,47 \u20ac\/Ha<\/td>\n<\/tr>\n<tr>\n<td width=\"77\">M\u00c1XIMO<\/td>\n<td width=\"114\">2,99 \u20ac\/Ha<\/td>\n<td width=\"153\">3,41 \u20ac\/Ha<\/td>\n<td width=\"93\">5,35 \u20ac\/Ha<\/td>\n<\/tr>\n<\/tbody>\n<\/table>\n<p>&nbsp;<\/p>\n<p>&nbsp;<\/p>\n","protected":false},"excerpt":{"rendered":"<p>Los precios m\u00e1ximos y m\u00ednimos para el aprovechamiento de pastos de ordenaci\u00f3n com\u00fan en las zonas ganaderas de la provincia se incrementan en un 0,5% para el 2020. Hay que recordar que el efecto del aumento de esta horquilla es limitado, ya que, en \u00faltima instancia, corresponde los ayuntamientos y las juntas agropecuarias locales establecer [&hellip;]<\/p>\n","protected":false},"author":9,"featured_media":1176,"comment_status":"open","ping_status":"open","sticky":false,"template":"","format":"standard","meta":{"footnotes":""},"categories":[38],"tags":[],"yoast_head":"<!-- This site is optimized with the Yoast SEO plugin v24.5 - https:\/\/yoast.com\/wordpress\/plugins\/seo\/ -->\n<title>Aumentan en un 0,5 % los precios de aprovechamiento de pastos - ASAJA Palencia<\/title>\n<meta name=\"description\" content=\"Los precios m\u00e1ximos y m\u00ednimos para el aprovechamiento de pastos de ordenaci\u00f3n com\u00fan en las zonas ganaderas de la provincia se incrementan en un 0,5% para\" \/>\n<meta name=\"robots\" content=\"index, follow, max-snippet:-1, max-image-preview:large, max-video-preview:-1\" \/>\n<link rel=\"canonical\" href=\"https:\/\/www.asajacyl.com\/palencia\/servicios-socio\/circulares\/aumentan-05-rango-precios-maximos-minimos-2020\" \/>\n<meta property=\"og:locale\" content=\"es_ES\" \/>\n<meta property=\"og:type\" content=\"article\" \/>\n<meta property=\"og:title\" content=\"Aumentan en un 0,5 % los precios de aprovechamiento de pastos - ASAJA Palencia\" \/>\n<meta property=\"og:description\" content=\"Los precios m\u00e1ximos y m\u00ednimos para el aprovechamiento de pastos de ordenaci\u00f3n com\u00fan en las zonas ganaderas de la provincia se incrementan en un 0,5% para\" \/>\n<meta property=\"og:url\" content=\"https:\/\/www.asajacyl.com\/palencia\/servicios-socio\/circulares\/aumentan-05-rango-precios-maximos-minimos-2020\" \/>\n<meta property=\"og:site_name\" content=\"ASAJA Palencia\" \/>\n<meta property=\"article:published_time\" content=\"2019-09-18T12:22:38+00:00\" \/>\n<meta property=\"article:modified_time\" content=\"2019-09-19T06:29:53+00:00\" \/>\n<meta property=\"og:image\" content=\"https:\/\/www.asajacyl.com\/palencia\/wp-content\/uploads\/sites\/3\/2017\/11\/im_predefinida_1920x1080.jpg\" \/>\n\t<meta property=\"og:image:width\" content=\"1920\" \/>\n\t<meta property=\"og:image:height\" content=\"1080\" \/>\n\t<meta property=\"og:image:type\" content=\"image\/jpeg\" \/>\n<meta name=\"author\" content=\"Administrador\" \/>\n<meta name=\"twitter:card\" content=\"summary_large_image\" \/>\n<meta name=\"twitter:label1\" content=\"Escrito por\" \/>\n\t<meta name=\"twitter:data1\" content=\"Administrador\" \/>\n\t<meta name=\"twitter:label2\" content=\"Tiempo de lectura\" \/>\n\t<meta name=\"twitter:data2\" content=\"1 minuto\" \/>\n<script type=\"application\/ld+json\" class=\"yoast-schema-graph\">{\"@context\":\"https:\/\/schema.org\",\"@graph\":[{\"@type\":\"WebPage\",\"@id\":\"https:\/\/www.asajacyl.com\/palencia\/servicios-socio\/circulares\/aumentan-05-rango-precios-maximos-minimos-2020\",\"url\":\"https:\/\/www.asajacyl.com\/palencia\/servicios-socio\/circulares\/aumentan-05-rango-precios-maximos-minimos-2020\",\"name\":\"Aumentan en un 0,5 % los precios de aprovechamiento de pastos - ASAJA Palencia\",\"isPartOf\":{\"@id\":\"https:\/\/www.asajacyl.com\/palencia\/#website\"},\"primaryImageOfPage\":{\"@id\":\"https:\/\/www.asajacyl.com\/palencia\/servicios-socio\/circulares\/aumentan-05-rango-precios-maximos-minimos-2020#primaryimage\"},\"image\":{\"@id\":\"https:\/\/www.asajacyl.com\/palencia\/servicios-socio\/circulares\/aumentan-05-rango-precios-maximos-minimos-2020#primaryimage\"},\"thumbnailUrl\":\"\",\"datePublished\":\"2019-09-18T12:22:38+00:00\",\"dateModified\":\"2019-09-19T06:29:53+00:00\",\"author\":{\"@id\":\"https:\/\/www.asajacyl.com\/palencia\/#\/schema\/person\/3ab17aeb03527485c317557fae64aab1\"},\"description\":\"Los precios m\u00e1ximos y m\u00ednimos para el aprovechamiento de pastos de ordenaci\u00f3n com\u00fan en las zonas ganaderas de la provincia se incrementan en un 0,5% para\",\"breadcrumb\":{\"@id\":\"https:\/\/www.asajacyl.com\/palencia\/servicios-socio\/circulares\/aumentan-05-rango-precios-maximos-minimos-2020#breadcrumb\"},\"inLanguage\":\"es\",\"potentialAction\":[{\"@type\":\"ReadAction\",\"target\":[\"https:\/\/www.asajacyl.com\/palencia\/servicios-socio\/circulares\/aumentan-05-rango-precios-maximos-minimos-2020\"]}]},{\"@type\":\"ImageObject\",\"inLanguage\":\"es\",\"@id\":\"https:\/\/www.asajacyl.com\/palencia\/servicios-socio\/circulares\/aumentan-05-rango-precios-maximos-minimos-2020#primaryimage\",\"url\":\"\",\"contentUrl\":\"\"},{\"@type\":\"BreadcrumbList\",\"@id\":\"https:\/\/www.asajacyl.com\/palencia\/servicios-socio\/circulares\/aumentan-05-rango-precios-maximos-minimos-2020#breadcrumb\",\"itemListElement\":[{\"@type\":\"ListItem\",\"position\":1,\"name\":\"Portada\",\"item\":\"https:\/\/www.asajacyl.com\/palencia\/\"},{\"@type\":\"ListItem\",\"position\":2,\"name\":\"Aumentan en un 0,5 % los precios de aprovechamiento de pastos\"}]},{\"@type\":\"WebSite\",\"@id\":\"https:\/\/www.asajacyl.com\/palencia\/#website\",\"url\":\"https:\/\/www.asajacyl.com\/palencia\/\",\"name\":\"ASAJA Palencia\",\"description\":\"Otro sitio m\u00e1s de Provincias ASAJA Castilla y Le\u00f3n\",\"potentialAction\":[{\"@type\":\"SearchAction\",\"target\":{\"@type\":\"EntryPoint\",\"urlTemplate\":\"https:\/\/www.asajacyl.com\/palencia\/?s={search_term_string}\"},\"query-input\":{\"@type\":\"PropertyValueSpecification\",\"valueRequired\":true,\"valueName\":\"search_term_string\"}}],\"inLanguage\":\"es\"},{\"@type\":\"Person\",\"@id\":\"https:\/\/www.asajacyl.com\/palencia\/#\/schema\/person\/3ab17aeb03527485c317557fae64aab1\",\"name\":\"Administrador\",\"image\":{\"@type\":\"ImageObject\",\"inLanguage\":\"es\",\"@id\":\"https:\/\/www.asajacyl.com\/palencia\/#\/schema\/person\/image\/\",\"url\":\"https:\/\/secure.gravatar.com\/avatar\/517384810d242ca9e38c180f3c9fb973?s=96&d=mm&r=g\",\"contentUrl\":\"https:\/\/secure.gravatar.com\/avatar\/517384810d242ca9e38c180f3c9fb973?s=96&d=mm&r=g\",\"caption\":\"Administrador\"},\"url\":\"https:\/\/www.asajacyl.com\/palencia\/author\/carlosrm\"}]}<\/script>\n<!-- \/ Yoast SEO plugin. -->","yoast_head_json":{"title":"Aumentan en un 0,5 % los precios de aprovechamiento de pastos - ASAJA Palencia","description":"Los precios m\u00e1ximos y m\u00ednimos para el aprovechamiento de pastos de ordenaci\u00f3n com\u00fan en las zonas ganaderas de la provincia se incrementan en un 0,5% para","robots":{"index":"index","follow":"follow","max-snippet":"max-snippet:-1","max-image-preview":"max-image-preview:large","max-video-preview":"max-video-preview:-1"},"canonical":"https:\/\/www.asajacyl.com\/palencia\/servicios-socio\/circulares\/aumentan-05-rango-precios-maximos-minimos-2020","og_locale":"es_ES","og_type":"article","og_title":"Aumentan en un 0,5 % los precios de aprovechamiento de pastos - ASAJA Palencia","og_description":"Los precios m\u00e1ximos y m\u00ednimos para el aprovechamiento de pastos de ordenaci\u00f3n com\u00fan en las zonas ganaderas de la provincia se incrementan en un 0,5% para","og_url":"https:\/\/www.asajacyl.com\/palencia\/servicios-socio\/circulares\/aumentan-05-rango-precios-maximos-minimos-2020","og_site_name":"ASAJA Palencia","article_published_time":"2019-09-18T12:22:38+00:00","article_modified_time":"2019-09-19T06:29:53+00:00","og_image":[{"width":1920,"height":1080,"url":"https:\/\/www.asajacyl.com\/palencia\/wp-content\/uploads\/sites\/3\/2017\/11\/im_predefinida_1920x1080.jpg","type":"image\/jpeg"}],"author":"Administrador","twitter_card":"summary_large_image","twitter_misc":{"Escrito por":"Administrador","Tiempo de lectura":"1 minuto"},"schema":{"@context":"https:\/\/schema.org","@graph":[{"@type":"WebPage","@id":"https:\/\/www.asajacyl.com\/palencia\/servicios-socio\/circulares\/aumentan-05-rango-precios-maximos-minimos-2020","url":"https:\/\/www.asajacyl.com\/palencia\/servicios-socio\/circulares\/aumentan-05-rango-precios-maximos-minimos-2020","name":"Aumentan en un 0,5 % los precios de aprovechamiento de pastos - ASAJA Palencia","isPartOf":{"@id":"https:\/\/www.asajacyl.com\/palencia\/#website"},"primaryImageOfPage":{"@id":"https:\/\/www.asajacyl.com\/palencia\/servicios-socio\/circulares\/aumentan-05-rango-precios-maximos-minimos-2020#primaryimage"},"image":{"@id":"https:\/\/www.asajacyl.com\/palencia\/servicios-socio\/circulares\/aumentan-05-rango-precios-maximos-minimos-2020#primaryimage"},"thumbnailUrl":"","datePublished":"2019-09-18T12:22:38+00:00","dateModified":"2019-09-19T06:29:53+00:00","author":{"@id":"https:\/\/www.asajacyl.com\/palencia\/#\/schema\/person\/3ab17aeb03527485c317557fae64aab1"},"description":"Los precios m\u00e1ximos y m\u00ednimos para el aprovechamiento de pastos de ordenaci\u00f3n com\u00fan en las zonas ganaderas de la provincia se incrementan en un 0,5% para","breadcrumb":{"@id":"https:\/\/www.asajacyl.com\/palencia\/servicios-socio\/circulares\/aumentan-05-rango-precios-maximos-minimos-2020#breadcrumb"},"inLanguage":"es","potentialAction":[{"@type":"ReadAction","target":["https:\/\/www.asajacyl.com\/palencia\/servicios-socio\/circulares\/aumentan-05-rango-precios-maximos-minimos-2020"]}]},{"@type":"ImageObject","inLanguage":"es","@id":"https:\/\/www.asajacyl.com\/palencia\/servicios-socio\/circulares\/aumentan-05-rango-precios-maximos-minimos-2020#primaryimage","url":"","contentUrl":""},{"@type":"BreadcrumbList","@id":"https:\/\/www.asajacyl.com\/palencia\/servicios-socio\/circulares\/aumentan-05-rango-precios-maximos-minimos-2020#breadcrumb","itemListElement":[{"@type":"ListItem","position":1,"name":"Portada","item":"https:\/\/www.asajacyl.com\/palencia\/"},{"@type":"ListItem","position":2,"name":"Aumentan en un 0,5 % los precios de aprovechamiento de pastos"}]},{"@type":"WebSite","@id":"https:\/\/www.asajacyl.com\/palencia\/#website","url":"https:\/\/www.asajacyl.com\/palencia\/","name":"ASAJA Palencia","description":"Otro sitio m\u00e1s de Provincias ASAJA Castilla y Le\u00f3n","potentialAction":[{"@type":"SearchAction","target":{"@type":"EntryPoint","urlTemplate":"https:\/\/www.asajacyl.com\/palencia\/?s={search_term_string}"},"query-input":{"@type":"PropertyValueSpecification","valueRequired":true,"valueName":"search_term_string"}}],"inLanguage":"es"},{"@type":"Person","@id":"https:\/\/www.asajacyl.com\/palencia\/#\/schema\/person\/3ab17aeb03527485c317557fae64aab1","name":"Administrador","image":{"@type":"ImageObject","inLanguage":"es","@id":"https:\/\/www.asajacyl.com\/palencia\/#\/schema\/person\/image\/","url":"https:\/\/secure.gravatar.com\/avatar\/517384810d242ca9e38c180f3c9fb973?s=96&d=mm&r=g","contentUrl":"https:\/\/secure.gravatar.com\/avatar\/517384810d242ca9e38c180f3c9fb973?s=96&d=mm&r=g","caption":"Administrador"},"url":"https:\/\/www.asajacyl.com\/palencia\/author\/carlosrm"}]}},"_links":{"self":[{"href":"https:\/\/www.asajacyl.com\/palencia\/wp-json\/wp\/v2\/posts\/6551"}],"collection":[{"href":"https:\/\/www.asajacyl.com\/palencia\/wp-json\/wp\/v2\/posts"}],"about":[{"href":"https:\/\/www.asajacyl.com\/palencia\/wp-json\/wp\/v2\/types\/post"}],"author":[{"embeddable":true,"href":"https:\/\/www.asajacyl.com\/palencia\/wp-json\/wp\/v2\/users\/9"}],"replies":[{"embeddable":true,"href":"https:\/\/www.asajacyl.com\/palencia\/wp-json\/wp\/v2\/comments?post=6551"}],"version-history":[{"count":3,"href":"https:\/\/www.asajacyl.com\/palencia\/wp-json\/wp\/v2\/posts\/6551\/revisions"}],"predecessor-version":[{"id":6554,"href":"https:\/\/www.asajacyl.com\/palencia\/wp-json\/wp\/v2\/posts\/6551\/revisions\/6554"}],"wp:featuredmedia":[{"embeddable":true,"href":"https:\/\/www.asajacyl.com\/palencia\/wp-json\/"}],"wp:attachment":[{"href":"https:\/\/www.asajacyl.com\/palencia\/wp-json\/wp\/v2\/media?parent=6551"}],"wp:term":[{"taxonomy":"category","embeddable":true,"href":"https:\/\/www.asajacyl.com\/palencia\/wp-json\/wp\/v2\/categories?post=6551"},{"taxonomy":"post_tag","embeddable":true,"href":"https:\/\/www.asajacyl.com\/palencia\/wp-json\/wp\/v2\/tags?post=6551"}],"curies":[{"name":"wp","href":"https:\/\/api.w.org\/{rel}","templated":true}]}}