{"id":6558,"date":"2019-09-19T14:35:02","date_gmt":"2019-09-19T12:35:02","guid":{"rendered":"https:\/\/www.asajacyl.com\/palencia\/?p=6558"},"modified":"2019-09-19T14:35:02","modified_gmt":"2019-09-19T12:35:02","slug":"asaja-reclama-mas-presencia-del-campo-la-vida-parlamentaria","status":"publish","type":"post","link":"https:\/\/www.asajacyl.com\/palencia\/asaja-palencia-informa\/noticias\/asaja-reclama-mas-presencia-del-campo-la-vida-parlamentaria","title":{"rendered":"ASAJA reclama m\u00e1s presencia del campo en la vida parlamentaria"},"content":{"rendered":"<h4>Primera reuni\u00f3n del presidente de las Cortes de Castilla y Le\u00f3n con los responsables de la OPA<\/h4>\n<p>Primer encuentro de ASAJA Castilla y Le\u00f3n con el nuevo presidente de las Cortes de Castilla y Le\u00f3n, Luis Fuentes. En la reuni\u00f3n, el presidente de ASAJA, Donaciano Dujo, pidi\u00f3 a Luis Fuentes una mayor presencia en la actividad del Parlamento auton\u00f3mico de las organizaciones profesionales agrarias, como leg\u00edtimas representantes del sector. \u201cEs muy importante que se escuche la voz del campo en las Cortes, tanto en materias espec\u00edficamente agrarias y ganaderas, como en multitud de temas que repercuten en la vida de los pueblos\u201d, apunt\u00f3 Donaciano Dujo, que estuvo acompa\u00f1ado por el secretario general de la organizaci\u00f3n, Jos\u00e9 Antonio Turrado, y la gerente, Nuria Ruiz.<\/p>\n<p>Luis Fuentes fue receptivo a las peticiones de ASAJA, y la reuni\u00f3n se desarroll\u00f3 en un clima de \u201centendimiento y cordialidad\u201d, en la que ambas partes mostraron su firme voluntad de estrechar la\u00a0colaboraci\u00f3n entre la instituci\u00f3n parlamentaria y el sector agrario y ganadero. Adem\u00e1s, se comprometi\u00f3 a que los contactos con ASAJA prosigan a lo largo de la legislatura, para continuar sondeando el an\u00e1lisis de la situaci\u00f3n del sector agrario en la Comunidad.<\/p>\n<p>Por su parte, ASAJA se ofrece para trabajar en las Cortes con la propia instituci\u00f3n y con los grupos pol\u00edticos que la conforman, y lo hace como una organizaci\u00f3n legitimada por la representatividad obtenida en las elecciones agrarias (organizaci\u00f3n m\u00e1s representativa en Castilla y Le\u00f3n), organizaci\u00f3n profesional y por lo tanto independiente de partidos pol\u00edticos y de ideolog\u00edas, netamente reivindicativa, responsable, seria y solvente.<\/p>\n<p>ASAJA considera que su amplio conocimiento de la agricultura y ganader\u00eda, del medio rural y del medio ambiente, puede hacer aportaciones \u00fatiles para el trabajo legislativo y de control que ejerce el Parlamento auton\u00f3mico. Entre otros puntos, el presidente de la OPA sugiri\u00f3 que se celebre en las Cortes, al menos una vez al a\u00f1o, una reuni\u00f3n monogr\u00e1fica de la situaci\u00f3n general del sector, en la que se contase con la presencia de los representantes de las organizaciones profesionales agrarias para recabar su informaci\u00f3n y opini\u00f3n.<\/p>\n<p>Igualmente, la OPA solicit\u00f3 que en las comisiones m\u00e1s vinculadas con el sector (Agricultura, Ganader\u00eda y Desarrollo Rural\/ Fomento y Medio Ambiente), cuando se aborden diversas cuestiones de cierta relevancia, se deber\u00eda de aprobar la comparecencia de los representantes de las organizaciones agrarias para dar a conocer su opini\u00f3n y propuestas. \u201cDeber\u00eda de ser preceptivo en el caso de aprobaci\u00f3n de leyes que nos afecten de manera especial\u201d, recalca ASAJA. Hay que recordar que esto se ha hecho en muy escasas ocasiones desde la creaci\u00f3n de las Cortes de Castilla y Le\u00f3n.<a href=\"https:\/\/www.asajacyl.com\/palencia\/wp-content\/uploads\/sites\/3\/2019\/09\/cortes-buena-1.jpg\"><img loading=\"lazy\" decoding=\"async\" class=\"alignnone size-large wp-image-6559\" src=\"https:\/\/www.asajacyl.com\/palencia\/wp-content\/uploads\/sites\/3\/2019\/09\/cortes-buena-1-1024x684.jpg\" alt=\"\" width=\"696\" height=\"465\" srcset=\"https:\/\/www.asajacyl.com\/palencia\/wp-content\/uploads\/sites\/3\/2019\/09\/cortes-buena-1-1024x684.jpg 1024w, https:\/\/www.asajacyl.com\/palencia\/wp-content\/uploads\/sites\/3\/2019\/09\/cortes-buena-1-300x200.jpg 300w, https:\/\/www.asajacyl.com\/palencia\/wp-content\/uploads\/sites\/3\/2019\/09\/cortes-buena-1-768x513.jpg 768w, https:\/\/www.asajacyl.com\/palencia\/wp-content\/uploads\/sites\/3\/2019\/09\/cortes-buena-1-696x465.jpg 696w, https:\/\/www.asajacyl.com\/palencia\/wp-content\/uploads\/sites\/3\/2019\/09\/cortes-buena-1-1068x713.jpg 1068w, https:\/\/www.asajacyl.com\/palencia\/wp-content\/uploads\/sites\/3\/2019\/09\/cortes-buena-1-629x420.jpg 629w, https:\/\/www.asajacyl.com\/palencia\/wp-content\/uploads\/sites\/3\/2019\/09\/cortes-buena-1.jpg 1504w\" sizes=\"(max-width: 696px) 100vw, 696px\" \/><\/a><\/p>\n<p><strong>Todo lo que repercute en el campo<\/strong><\/p>\n<p><img loading=\"lazy\" decoding=\"async\" class=\"size-medium wp-image-15488 alignright td-animation-stack-type0-2\" src=\"https:\/\/www.asajacyl.com\/wp-content\/uploads\/2019\/09\/cortes-0-300x198.jpg\" alt=\"\" width=\"300\" height=\"198\" \/>ASAJA, como organizaci\u00f3n profesional agraria m\u00e1s representativa, aboga por una interlocuci\u00f3n amplia en materia de agricultura, ganader\u00eda, medioambiente y desarrollo rural, que involucre a gobiernos, instituciones y entidades con intereses generales o sectoriales que repercutan en nuestros representados, los agricultores y los ganaderos. En este sentido, respecto al Gobierno auton\u00f3mico, existe una interlocuci\u00f3n reglada con la Consejer\u00eda de Agricultura, Ganader\u00eda y Desarrollo Rural, establecida en la Ley Agraria de Castilla y Le\u00f3n, pero no existe una interlocuci\u00f3n con el resto de las consejer\u00edas, al no formar parte del denominado Di\u00e1logo Social. Para ASAJA, los agentes del denominado Di\u00e1logo Social no representan los intereses de campo y del medio rural, o al menos no lo representan con la legitimidad que lo hacen las organizaciones profesionales agrarias.<\/p>\n<p>Aunque nuestra representaci\u00f3n sectorial est\u00e1 bien definida, como representantes que nos consideramos del medio rural y de medio ambiente, nos interesan todas las pol\u00edticas que lleva a cabo la Junta sobre el territorio, abarcando pues todas las \u00e1reas de gobierno, tanto las \u00e1reas econ\u00f3micas como las que tienen un car\u00e1cter m\u00e1s social. A modo de ejemplo, nos interesan los temas de empleo por nuestra condici\u00f3n de aut\u00f3nomos y a su vez empleadores en muchos casos, nos interesan los temas sanitarios por el abandono de la sanidad rural, nos interesan los temas de educaci\u00f3n por las dificultades para una ense\u00f1anza de calidad en el medio rural, y nos interesan las comunicaciones por el aislamiento de nuestros pueblos al no tener transporte p\u00fablico de calidad y no llegar las nuevas tecnolog\u00edas. En materia de pol\u00edtica exterior, el campo se ve afectado como pocos sectores por los presupuestos y las decisiones pol\u00edticas en el seno de la Uni\u00f3n Europea, y por acuerdos de libre mercado mundial.<\/p>\n","protected":false},"excerpt":{"rendered":"<p>Primera reuni\u00f3n del presidente de las Cortes de Castilla y Le\u00f3n con los responsables de la OPA Primer encuentro de ASAJA Castilla y Le\u00f3n con el nuevo presidente de las Cortes de Castilla y Le\u00f3n, Luis Fuentes. En la reuni\u00f3n, el presidente de ASAJA, Donaciano Dujo, pidi\u00f3 a Luis Fuentes una mayor presencia en la [&hellip;]<\/p>\n","protected":false},"author":9,"featured_media":6559,"comment_status":"open","ping_status":"open","sticky":false,"template":"","format":"standard","meta":{"footnotes":""},"categories":[28],"tags":[],"yoast_head":"<!-- This site is optimized with the Yoast SEO plugin v24.5 - https:\/\/yoast.com\/wordpress\/plugins\/seo\/ -->\n<title>ASAJA reclama m\u00e1s presencia del campo en la vida parlamentaria - ASAJA Palencia<\/title>\n<meta name=\"description\" content=\"Primera reuni\u00f3n del presidente de las Cortes de Castilla y Le\u00f3n con los responsables de la OPA Primer encuentro de ASAJA Castilla y Le\u00f3n con el nuevo\" \/>\n<meta name=\"robots\" content=\"index, follow, max-snippet:-1, max-image-preview:large, max-video-preview:-1\" \/>\n<link rel=\"canonical\" href=\"https:\/\/www.asajacyl.com\/palencia\/asaja-palencia-informa\/noticias\/asaja-reclama-mas-presencia-del-campo-la-vida-parlamentaria\" \/>\n<meta property=\"og:locale\" content=\"es_ES\" \/>\n<meta property=\"og:type\" content=\"article\" \/>\n<meta property=\"og:title\" content=\"ASAJA reclama m\u00e1s presencia del campo en la vida parlamentaria - ASAJA Palencia\" \/>\n<meta property=\"og:description\" content=\"Primera reuni\u00f3n del presidente de las Cortes de Castilla y Le\u00f3n con los responsables de la OPA Primer encuentro de ASAJA Castilla y Le\u00f3n con el nuevo\" \/>\n<meta property=\"og:url\" content=\"https:\/\/www.asajacyl.com\/palencia\/asaja-palencia-informa\/noticias\/asaja-reclama-mas-presencia-del-campo-la-vida-parlamentaria\" \/>\n<meta property=\"og:site_name\" content=\"ASAJA Palencia\" \/>\n<meta property=\"article:published_time\" content=\"2019-09-19T12:35:02+00:00\" \/>\n<meta property=\"og:image\" content=\"https:\/\/www.asajacyl.com\/palencia\/wp-content\/uploads\/sites\/3\/2019\/09\/cortes-buena-1.jpg\" \/>\n\t<meta property=\"og:image:width\" content=\"1504\" \/>\n\t<meta property=\"og:image:height\" content=\"1004\" \/>\n\t<meta property=\"og:image:type\" content=\"image\/jpeg\" \/>\n<meta name=\"author\" content=\"Administrador\" \/>\n<meta name=\"twitter:card\" content=\"summary_large_image\" \/>\n<meta name=\"twitter:label1\" content=\"Escrito por\" \/>\n\t<meta name=\"twitter:data1\" content=\"Administrador\" \/>\n\t<meta name=\"twitter:label2\" content=\"Tiempo de lectura\" \/>\n\t<meta name=\"twitter:data2\" content=\"4 minutos\" \/>\n<script type=\"application\/ld+json\" class=\"yoast-schema-graph\">{\"@context\":\"https:\/\/schema.org\",\"@graph\":[{\"@type\":\"WebPage\",\"@id\":\"https:\/\/www.asajacyl.com\/palencia\/asaja-palencia-informa\/noticias\/asaja-reclama-mas-presencia-del-campo-la-vida-parlamentaria\",\"url\":\"https:\/\/www.asajacyl.com\/palencia\/asaja-palencia-informa\/noticias\/asaja-reclama-mas-presencia-del-campo-la-vida-parlamentaria\",\"name\":\"ASAJA reclama m\u00e1s presencia del campo en la vida parlamentaria - ASAJA Palencia\",\"isPartOf\":{\"@id\":\"https:\/\/www.asajacyl.com\/palencia\/#website\"},\"primaryImageOfPage\":{\"@id\":\"https:\/\/www.asajacyl.com\/palencia\/asaja-palencia-informa\/noticias\/asaja-reclama-mas-presencia-del-campo-la-vida-parlamentaria#primaryimage\"},\"image\":{\"@id\":\"https:\/\/www.asajacyl.com\/palencia\/asaja-palencia-informa\/noticias\/asaja-reclama-mas-presencia-del-campo-la-vida-parlamentaria#primaryimage\"},\"thumbnailUrl\":\"https:\/\/www.asajacyl.com\/palencia\/wp-content\/uploads\/sites\/3\/2019\/09\/cortes-buena-1.jpg\",\"datePublished\":\"2019-09-19T12:35:02+00:00\",\"author\":{\"@id\":\"https:\/\/www.asajacyl.com\/palencia\/#\/schema\/person\/3ab17aeb03527485c317557fae64aab1\"},\"description\":\"Primera reuni\u00f3n del presidente de las Cortes de Castilla y Le\u00f3n con los responsables de la OPA Primer encuentro de ASAJA Castilla y Le\u00f3n con el nuevo\",\"breadcrumb\":{\"@id\":\"https:\/\/www.asajacyl.com\/palencia\/asaja-palencia-informa\/noticias\/asaja-reclama-mas-presencia-del-campo-la-vida-parlamentaria#breadcrumb\"},\"inLanguage\":\"es\",\"potentialAction\":[{\"@type\":\"ReadAction\",\"target\":[\"https:\/\/www.asajacyl.com\/palencia\/asaja-palencia-informa\/noticias\/asaja-reclama-mas-presencia-del-campo-la-vida-parlamentaria\"]}]},{\"@type\":\"ImageObject\",\"inLanguage\":\"es\",\"@id\":\"https:\/\/www.asajacyl.com\/palencia\/asaja-palencia-informa\/noticias\/asaja-reclama-mas-presencia-del-campo-la-vida-parlamentaria#primaryimage\",\"url\":\"https:\/\/www.asajacyl.com\/palencia\/wp-content\/uploads\/sites\/3\/2019\/09\/cortes-buena-1.jpg\",\"contentUrl\":\"https:\/\/www.asajacyl.com\/palencia\/wp-content\/uploads\/sites\/3\/2019\/09\/cortes-buena-1.jpg\",\"width\":1504,\"height\":1004},{\"@type\":\"BreadcrumbList\",\"@id\":\"https:\/\/www.asajacyl.com\/palencia\/asaja-palencia-informa\/noticias\/asaja-reclama-mas-presencia-del-campo-la-vida-parlamentaria#breadcrumb\",\"itemListElement\":[{\"@type\":\"ListItem\",\"position\":1,\"name\":\"Portada\",\"item\":\"https:\/\/www.asajacyl.com\/palencia\/\"},{\"@type\":\"ListItem\",\"position\":2,\"name\":\"ASAJA reclama m\u00e1s presencia del campo en la vida parlamentaria\"}]},{\"@type\":\"WebSite\",\"@id\":\"https:\/\/www.asajacyl.com\/palencia\/#website\",\"url\":\"https:\/\/www.asajacyl.com\/palencia\/\",\"name\":\"ASAJA Palencia\",\"description\":\"Otro sitio m\u00e1s de Provincias ASAJA Castilla y Le\u00f3n\",\"potentialAction\":[{\"@type\":\"SearchAction\",\"target\":{\"@type\":\"EntryPoint\",\"urlTemplate\":\"https:\/\/www.asajacyl.com\/palencia\/?s={search_term_string}\"},\"query-input\":{\"@type\":\"PropertyValueSpecification\",\"valueRequired\":true,\"valueName\":\"search_term_string\"}}],\"inLanguage\":\"es\"},{\"@type\":\"Person\",\"@id\":\"https:\/\/www.asajacyl.com\/palencia\/#\/schema\/person\/3ab17aeb03527485c317557fae64aab1\",\"name\":\"Administrador\",\"image\":{\"@type\":\"ImageObject\",\"inLanguage\":\"es\",\"@id\":\"https:\/\/www.asajacyl.com\/palencia\/#\/schema\/person\/image\/\",\"url\":\"https:\/\/secure.gravatar.com\/avatar\/517384810d242ca9e38c180f3c9fb973?s=96&d=mm&r=g\",\"contentUrl\":\"https:\/\/secure.gravatar.com\/avatar\/517384810d242ca9e38c180f3c9fb973?s=96&d=mm&r=g\",\"caption\":\"Administrador\"},\"url\":\"https:\/\/www.asajacyl.com\/palencia\/author\/carlosrm\"}]}<\/script>\n<!-- \/ Yoast SEO plugin. -->","yoast_head_json":{"title":"ASAJA reclama m\u00e1s presencia del campo en la vida parlamentaria - ASAJA Palencia","description":"Primera reuni\u00f3n del presidente de las Cortes de Castilla y Le\u00f3n con los responsables de la OPA Primer encuentro de ASAJA Castilla y Le\u00f3n con el nuevo","robots":{"index":"index","follow":"follow","max-snippet":"max-snippet:-1","max-image-preview":"max-image-preview:large","max-video-preview":"max-video-preview:-1"},"canonical":"https:\/\/www.asajacyl.com\/palencia\/asaja-palencia-informa\/noticias\/asaja-reclama-mas-presencia-del-campo-la-vida-parlamentaria","og_locale":"es_ES","og_type":"article","og_title":"ASAJA reclama m\u00e1s presencia del campo en la vida parlamentaria - ASAJA Palencia","og_description":"Primera reuni\u00f3n del presidente de las Cortes de Castilla y Le\u00f3n con los responsables de la OPA Primer encuentro de ASAJA Castilla y Le\u00f3n con el nuevo","og_url":"https:\/\/www.asajacyl.com\/palencia\/asaja-palencia-informa\/noticias\/asaja-reclama-mas-presencia-del-campo-la-vida-parlamentaria","og_site_name":"ASAJA Palencia","article_published_time":"2019-09-19T12:35:02+00:00","og_image":[{"width":1504,"height":1004,"url":"https:\/\/www.asajacyl.com\/palencia\/wp-content\/uploads\/sites\/3\/2019\/09\/cortes-buena-1.jpg","type":"image\/jpeg"}],"author":"Administrador","twitter_card":"summary_large_image","twitter_misc":{"Escrito por":"Administrador","Tiempo de lectura":"4 minutos"},"schema":{"@context":"https:\/\/schema.org","@graph":[{"@type":"WebPage","@id":"https:\/\/www.asajacyl.com\/palencia\/asaja-palencia-informa\/noticias\/asaja-reclama-mas-presencia-del-campo-la-vida-parlamentaria","url":"https:\/\/www.asajacyl.com\/palencia\/asaja-palencia-informa\/noticias\/asaja-reclama-mas-presencia-del-campo-la-vida-parlamentaria","name":"ASAJA reclama m\u00e1s presencia del campo en la vida parlamentaria - ASAJA Palencia","isPartOf":{"@id":"https:\/\/www.asajacyl.com\/palencia\/#website"},"primaryImageOfPage":{"@id":"https:\/\/www.asajacyl.com\/palencia\/asaja-palencia-informa\/noticias\/asaja-reclama-mas-presencia-del-campo-la-vida-parlamentaria#primaryimage"},"image":{"@id":"https:\/\/www.asajacyl.com\/palencia\/asaja-palencia-informa\/noticias\/asaja-reclama-mas-presencia-del-campo-la-vida-parlamentaria#primaryimage"},"thumbnailUrl":"https:\/\/www.asajacyl.com\/palencia\/wp-content\/uploads\/sites\/3\/2019\/09\/cortes-buena-1.jpg","datePublished":"2019-09-19T12:35:02+00:00","author":{"@id":"https:\/\/www.asajacyl.com\/palencia\/#\/schema\/person\/3ab17aeb03527485c317557fae64aab1"},"description":"Primera reuni\u00f3n del presidente de las Cortes de Castilla y Le\u00f3n con los responsables de la OPA Primer encuentro de ASAJA Castilla y Le\u00f3n con el nuevo","breadcrumb":{"@id":"https:\/\/www.asajacyl.com\/palencia\/asaja-palencia-informa\/noticias\/asaja-reclama-mas-presencia-del-campo-la-vida-parlamentaria#breadcrumb"},"inLanguage":"es","potentialAction":[{"@type":"ReadAction","target":["https:\/\/www.asajacyl.com\/palencia\/asaja-palencia-informa\/noticias\/asaja-reclama-mas-presencia-del-campo-la-vida-parlamentaria"]}]},{"@type":"ImageObject","inLanguage":"es","@id":"https:\/\/www.asajacyl.com\/palencia\/asaja-palencia-informa\/noticias\/asaja-reclama-mas-presencia-del-campo-la-vida-parlamentaria#primaryimage","url":"https:\/\/www.asajacyl.com\/palencia\/wp-content\/uploads\/sites\/3\/2019\/09\/cortes-buena-1.jpg","contentUrl":"https:\/\/www.asajacyl.com\/palencia\/wp-content\/uploads\/sites\/3\/2019\/09\/cortes-buena-1.jpg","width":1504,"height":1004},{"@type":"BreadcrumbList","@id":"https:\/\/www.asajacyl.com\/palencia\/asaja-palencia-informa\/noticias\/asaja-reclama-mas-presencia-del-campo-la-vida-parlamentaria#breadcrumb","itemListElement":[{"@type":"ListItem","position":1,"name":"Portada","item":"https:\/\/www.asajacyl.com\/palencia\/"},{"@type":"ListItem","position":2,"name":"ASAJA reclama m\u00e1s presencia del campo en la vida parlamentaria"}]},{"@type":"WebSite","@id":"https:\/\/www.asajacyl.com\/palencia\/#website","url":"https:\/\/www.asajacyl.com\/palencia\/","name":"ASAJA Palencia","description":"Otro sitio m\u00e1s de Provincias ASAJA Castilla y Le\u00f3n","potentialAction":[{"@type":"SearchAction","target":{"@type":"EntryPoint","urlTemplate":"https:\/\/www.asajacyl.com\/palencia\/?s={search_term_string}"},"query-input":{"@type":"PropertyValueSpecification","valueRequired":true,"valueName":"search_term_string"}}],"inLanguage":"es"},{"@type":"Person","@id":"https:\/\/www.asajacyl.com\/palencia\/#\/schema\/person\/3ab17aeb03527485c317557fae64aab1","name":"Administrador","image":{"@type":"ImageObject","inLanguage":"es","@id":"https:\/\/www.asajacyl.com\/palencia\/#\/schema\/person\/image\/","url":"https:\/\/secure.gravatar.com\/avatar\/517384810d242ca9e38c180f3c9fb973?s=96&d=mm&r=g","contentUrl":"https:\/\/secure.gravatar.com\/avatar\/517384810d242ca9e38c180f3c9fb973?s=96&d=mm&r=g","caption":"Administrador"},"url":"https:\/\/www.asajacyl.com\/palencia\/author\/carlosrm"}]}},"_links":{"self":[{"href":"https:\/\/www.asajacyl.com\/palencia\/wp-json\/wp\/v2\/posts\/6558"}],"collection":[{"href":"https:\/\/www.asajacyl.com\/palencia\/wp-json\/wp\/v2\/posts"}],"about":[{"href":"https:\/\/www.asajacyl.com\/palencia\/wp-json\/wp\/v2\/types\/post"}],"author":[{"embeddable":true,"href":"https:\/\/www.asajacyl.com\/palencia\/wp-json\/wp\/v2\/users\/9"}],"replies":[{"embeddable":true,"href":"https:\/\/www.asajacyl.com\/palencia\/wp-json\/wp\/v2\/comments?post=6558"}],"version-history":[{"count":1,"href":"https:\/\/www.asajacyl.com\/palencia\/wp-json\/wp\/v2\/posts\/6558\/revisions"}],"predecessor-version":[{"id":6560,"href":"https:\/\/www.asajacyl.com\/palencia\/wp-json\/wp\/v2\/posts\/6558\/revisions\/6560"}],"wp:featuredmedia":[{"embeddable":true,"href":"https:\/\/www.asajacyl.com\/palencia\/wp-json\/wp\/v2\/media\/6559"}],"wp:attachment":[{"href":"https:\/\/www.asajacyl.com\/palencia\/wp-json\/wp\/v2\/media?parent=6558"}],"wp:term":[{"taxonomy":"category","embeddable":true,"href":"https:\/\/www.asajacyl.com\/palencia\/wp-json\/wp\/v2\/categories?post=6558"},{"taxonomy":"post_tag","embeddable":true,"href":"https:\/\/www.asajacyl.com\/palencia\/wp-json\/wp\/v2\/tags?post=6558"}],"curies":[{"name":"wp","href":"https:\/\/api.w.org\/{rel}","templated":true}]}}