{"id":6623,"date":"2019-10-03T14:25:52","date_gmt":"2019-10-03T12:25:52","guid":{"rendered":"https:\/\/www.asajacyl.com\/palencia\/?p=6623"},"modified":"2019-10-03T14:25:52","modified_gmt":"2019-10-03T12:25:52","slug":"la-situacion-del-vacuno-protagonista-la-reunion-la-sectorial-asaja","status":"publish","type":"post","link":"https:\/\/www.asajacyl.com\/palencia\/servicios-socio\/circulares\/la-situacion-del-vacuno-protagonista-la-reunion-la-sectorial-asaja","title":{"rendered":"La situaci\u00f3n del vacuno, protagonista de la reuni\u00f3n de la sectorial de ASAJA"},"content":{"rendered":"<p><strong>La multa a las industrias l\u00e1cteas, la recogida de pl\u00e1sticos, la campa\u00f1a para el fomento de consumo y la normativa de purines, entre los principales asuntos<\/strong><\/p>\n<p>La sectorial de vacuno de ASAJA Palencia se reun\u00eda esta semana para abordar asuntos como la multa impuesta por la Comisi\u00f3n Nacional de los Mercados y la Competencia a las principales industrias l\u00e1cteas por intercambiar informaci\u00f3n y pactar precios de la leche, estrategias que limitan la capacidad y libertad de elecci\u00f3n por parte de los ganaderos, e incrementa la dependencia de los productores a la industria, distorsionando el mercado.<\/p>\n<p>La recogida de pl\u00e1sticos de uso ganadero fue otro de los temas que se trataron durante el encuentro, un proyecto que a pesar del gran inter\u00e9s medioambiental que reviste y del tiempo transcurrido desde que se iniciaron las reuniones, no acaba de materializarse. La Diputaci\u00f3n, responsable del proyecto que ha respaldado ASAJA desde el principio, ha anunciado la inminente puesta en marcha de este servicio.<\/p>\n<p>Por otro lado, los miembros de la sectorial fueron informados de la inversi\u00f3n que van a realizar los ganaderos de leche de la provincia en colaboraci\u00f3n con la InLac para promover el consumo de l\u00e1cteos. En este sentido, recordar que desde 2012 los ganaderos y la industria aportan una cantidad seg\u00fan los litros producidos, fundamentalmente para la promoci\u00f3n del consumo de l\u00e1cteos, con el objetivo de poner en valor la actividad del sector.<\/p>\n<p>Otro de los asuntos que centr\u00f3 el inter\u00e9s de los participantes en la reuni\u00f3n se refiere a la adaptaci\u00f3n de la maquinaria para la aplicaci\u00f3n de purines. Las dificultades que est\u00e1n encontrando los ganaderos para adecuarse a la nueva normativa, con problemas t\u00e9cnicos e incluso el atasco de las m\u00e1quinas, requiri\u00f3 una pr\u00f3rroga de un a\u00f1o, un plazo que finaliza en enero de 2020, fecha a partir de la cual estar\u00e1 prohibido esparcir purines en ca\u00f1\u00f3n y en abanico, y tendr\u00e1 que aplicarse en bandas sobre el terreno o con un m\u00e9todo de inyecci\u00f3n.<\/p>\n<p>Adem\u00e1s la mesa de vacuno debati\u00f3 sobre la actual situaci\u00f3n del sector, los censos y producciones, los precios y otros asuntos como el registro de productores de residuos peligrosos \u2013que est\u00e1 vigente desde el pasado a\u00f1o- y la tasa necesaria para la inscripci\u00f3n en el mismo.<\/p>\n","protected":false},"excerpt":{"rendered":"<p>La multa a las industrias l\u00e1cteas, la recogida de pl\u00e1sticos, la campa\u00f1a para el fomento de consumo y la normativa de purines, entre los principales asuntos La sectorial de vacuno de ASAJA Palencia se reun\u00eda esta semana para abordar asuntos como la multa impuesta por la Comisi\u00f3n Nacional de los Mercados y la Competencia a [&hellip;]<\/p>\n","protected":false},"author":9,"featured_media":1176,"comment_status":"open","ping_status":"open","sticky":false,"template":"","format":"standard","meta":{"footnotes":""},"categories":[38],"tags":[],"yoast_head":"<!-- This site is optimized with the Yoast SEO plugin v24.5 - https:\/\/yoast.com\/wordpress\/plugins\/seo\/ -->\n<title>La situaci\u00f3n del vacuno, protagonista de la reuni\u00f3n de la sectorial de ASAJA - ASAJA Palencia<\/title>\n<meta name=\"description\" content=\"La multa a las industrias l\u00e1cteas, la recogida de pl\u00e1sticos, la campa\u00f1a para el fomento de consumo y la normativa de purines, entre los principales\" \/>\n<meta name=\"robots\" content=\"index, follow, max-snippet:-1, max-image-preview:large, max-video-preview:-1\" \/>\n<link rel=\"canonical\" href=\"https:\/\/www.asajacyl.com\/palencia\/servicios-socio\/circulares\/la-situacion-del-vacuno-protagonista-la-reunion-la-sectorial-asaja\" \/>\n<meta property=\"og:locale\" content=\"es_ES\" \/>\n<meta property=\"og:type\" content=\"article\" \/>\n<meta property=\"og:title\" content=\"La situaci\u00f3n del vacuno, protagonista de la reuni\u00f3n de la sectorial de ASAJA - ASAJA Palencia\" \/>\n<meta property=\"og:description\" content=\"La multa a las industrias l\u00e1cteas, la recogida de pl\u00e1sticos, la campa\u00f1a para el fomento de consumo y la normativa de purines, entre los principales\" \/>\n<meta property=\"og:url\" content=\"https:\/\/www.asajacyl.com\/palencia\/servicios-socio\/circulares\/la-situacion-del-vacuno-protagonista-la-reunion-la-sectorial-asaja\" \/>\n<meta property=\"og:site_name\" content=\"ASAJA Palencia\" \/>\n<meta property=\"article:published_time\" content=\"2019-10-03T12:25:52+00:00\" \/>\n<meta property=\"og:image\" content=\"https:\/\/www.asajacyl.com\/palencia\/wp-content\/uploads\/sites\/3\/2017\/11\/im_predefinida_1920x1080.jpg\" \/>\n\t<meta property=\"og:image:width\" content=\"1920\" \/>\n\t<meta property=\"og:image:height\" content=\"1080\" \/>\n\t<meta property=\"og:image:type\" content=\"image\/jpeg\" \/>\n<meta name=\"author\" content=\"Administrador\" \/>\n<meta name=\"twitter:card\" content=\"summary_large_image\" \/>\n<meta name=\"twitter:label1\" content=\"Escrito por\" \/>\n\t<meta name=\"twitter:data1\" content=\"Administrador\" \/>\n\t<meta name=\"twitter:label2\" content=\"Tiempo de lectura\" \/>\n\t<meta name=\"twitter:data2\" content=\"2 minutos\" \/>\n<script type=\"application\/ld+json\" class=\"yoast-schema-graph\">{\"@context\":\"https:\/\/schema.org\",\"@graph\":[{\"@type\":\"WebPage\",\"@id\":\"https:\/\/www.asajacyl.com\/palencia\/servicios-socio\/circulares\/la-situacion-del-vacuno-protagonista-la-reunion-la-sectorial-asaja\",\"url\":\"https:\/\/www.asajacyl.com\/palencia\/servicios-socio\/circulares\/la-situacion-del-vacuno-protagonista-la-reunion-la-sectorial-asaja\",\"name\":\"La situaci\u00f3n del vacuno, protagonista de la reuni\u00f3n de la sectorial de ASAJA - ASAJA Palencia\",\"isPartOf\":{\"@id\":\"https:\/\/www.asajacyl.com\/palencia\/#website\"},\"primaryImageOfPage\":{\"@id\":\"https:\/\/www.asajacyl.com\/palencia\/servicios-socio\/circulares\/la-situacion-del-vacuno-protagonista-la-reunion-la-sectorial-asaja#primaryimage\"},\"image\":{\"@id\":\"https:\/\/www.asajacyl.com\/palencia\/servicios-socio\/circulares\/la-situacion-del-vacuno-protagonista-la-reunion-la-sectorial-asaja#primaryimage\"},\"thumbnailUrl\":\"\",\"datePublished\":\"2019-10-03T12:25:52+00:00\",\"author\":{\"@id\":\"https:\/\/www.asajacyl.com\/palencia\/#\/schema\/person\/3ab17aeb03527485c317557fae64aab1\"},\"description\":\"La multa a las industrias l\u00e1cteas, la recogida de pl\u00e1sticos, la campa\u00f1a para el fomento de consumo y la normativa de purines, entre los principales\",\"breadcrumb\":{\"@id\":\"https:\/\/www.asajacyl.com\/palencia\/servicios-socio\/circulares\/la-situacion-del-vacuno-protagonista-la-reunion-la-sectorial-asaja#breadcrumb\"},\"inLanguage\":\"es\",\"potentialAction\":[{\"@type\":\"ReadAction\",\"target\":[\"https:\/\/www.asajacyl.com\/palencia\/servicios-socio\/circulares\/la-situacion-del-vacuno-protagonista-la-reunion-la-sectorial-asaja\"]}]},{\"@type\":\"ImageObject\",\"inLanguage\":\"es\",\"@id\":\"https:\/\/www.asajacyl.com\/palencia\/servicios-socio\/circulares\/la-situacion-del-vacuno-protagonista-la-reunion-la-sectorial-asaja#primaryimage\",\"url\":\"\",\"contentUrl\":\"\"},{\"@type\":\"BreadcrumbList\",\"@id\":\"https:\/\/www.asajacyl.com\/palencia\/servicios-socio\/circulares\/la-situacion-del-vacuno-protagonista-la-reunion-la-sectorial-asaja#breadcrumb\",\"itemListElement\":[{\"@type\":\"ListItem\",\"position\":1,\"name\":\"Portada\",\"item\":\"https:\/\/www.asajacyl.com\/palencia\/\"},{\"@type\":\"ListItem\",\"position\":2,\"name\":\"La situaci\u00f3n del vacuno, protagonista de la reuni\u00f3n de la sectorial de ASAJA\"}]},{\"@type\":\"WebSite\",\"@id\":\"https:\/\/www.asajacyl.com\/palencia\/#website\",\"url\":\"https:\/\/www.asajacyl.com\/palencia\/\",\"name\":\"ASAJA Palencia\",\"description\":\"Otro sitio m\u00e1s de Provincias ASAJA Castilla y Le\u00f3n\",\"potentialAction\":[{\"@type\":\"SearchAction\",\"target\":{\"@type\":\"EntryPoint\",\"urlTemplate\":\"https:\/\/www.asajacyl.com\/palencia\/?s={search_term_string}\"},\"query-input\":{\"@type\":\"PropertyValueSpecification\",\"valueRequired\":true,\"valueName\":\"search_term_string\"}}],\"inLanguage\":\"es\"},{\"@type\":\"Person\",\"@id\":\"https:\/\/www.asajacyl.com\/palencia\/#\/schema\/person\/3ab17aeb03527485c317557fae64aab1\",\"name\":\"Administrador\",\"image\":{\"@type\":\"ImageObject\",\"inLanguage\":\"es\",\"@id\":\"https:\/\/www.asajacyl.com\/palencia\/#\/schema\/person\/image\/\",\"url\":\"https:\/\/secure.gravatar.com\/avatar\/517384810d242ca9e38c180f3c9fb973?s=96&d=mm&r=g\",\"contentUrl\":\"https:\/\/secure.gravatar.com\/avatar\/517384810d242ca9e38c180f3c9fb973?s=96&d=mm&r=g\",\"caption\":\"Administrador\"},\"url\":\"https:\/\/www.asajacyl.com\/palencia\/author\/carlosrm\"}]}<\/script>\n<!-- \/ Yoast SEO plugin. -->","yoast_head_json":{"title":"La situaci\u00f3n del vacuno, protagonista de la reuni\u00f3n de la sectorial de ASAJA - ASAJA Palencia","description":"La multa a las industrias l\u00e1cteas, la recogida de pl\u00e1sticos, la campa\u00f1a para el fomento de consumo y la normativa de purines, entre los principales","robots":{"index":"index","follow":"follow","max-snippet":"max-snippet:-1","max-image-preview":"max-image-preview:large","max-video-preview":"max-video-preview:-1"},"canonical":"https:\/\/www.asajacyl.com\/palencia\/servicios-socio\/circulares\/la-situacion-del-vacuno-protagonista-la-reunion-la-sectorial-asaja","og_locale":"es_ES","og_type":"article","og_title":"La situaci\u00f3n del vacuno, protagonista de la reuni\u00f3n de la sectorial de ASAJA - ASAJA Palencia","og_description":"La multa a las industrias l\u00e1cteas, la recogida de pl\u00e1sticos, la campa\u00f1a para el fomento de consumo y la normativa de purines, entre los principales","og_url":"https:\/\/www.asajacyl.com\/palencia\/servicios-socio\/circulares\/la-situacion-del-vacuno-protagonista-la-reunion-la-sectorial-asaja","og_site_name":"ASAJA Palencia","article_published_time":"2019-10-03T12:25:52+00:00","og_image":[{"width":1920,"height":1080,"url":"https:\/\/www.asajacyl.com\/palencia\/wp-content\/uploads\/sites\/3\/2017\/11\/im_predefinida_1920x1080.jpg","type":"image\/jpeg"}],"author":"Administrador","twitter_card":"summary_large_image","twitter_misc":{"Escrito por":"Administrador","Tiempo de lectura":"2 minutos"},"schema":{"@context":"https:\/\/schema.org","@graph":[{"@type":"WebPage","@id":"https:\/\/www.asajacyl.com\/palencia\/servicios-socio\/circulares\/la-situacion-del-vacuno-protagonista-la-reunion-la-sectorial-asaja","url":"https:\/\/www.asajacyl.com\/palencia\/servicios-socio\/circulares\/la-situacion-del-vacuno-protagonista-la-reunion-la-sectorial-asaja","name":"La situaci\u00f3n del vacuno, protagonista de la reuni\u00f3n de la sectorial de ASAJA - ASAJA Palencia","isPartOf":{"@id":"https:\/\/www.asajacyl.com\/palencia\/#website"},"primaryImageOfPage":{"@id":"https:\/\/www.asajacyl.com\/palencia\/servicios-socio\/circulares\/la-situacion-del-vacuno-protagonista-la-reunion-la-sectorial-asaja#primaryimage"},"image":{"@id":"https:\/\/www.asajacyl.com\/palencia\/servicios-socio\/circulares\/la-situacion-del-vacuno-protagonista-la-reunion-la-sectorial-asaja#primaryimage"},"thumbnailUrl":"","datePublished":"2019-10-03T12:25:52+00:00","author":{"@id":"https:\/\/www.asajacyl.com\/palencia\/#\/schema\/person\/3ab17aeb03527485c317557fae64aab1"},"description":"La multa a las industrias l\u00e1cteas, la recogida de pl\u00e1sticos, la campa\u00f1a para el fomento de consumo y la normativa de purines, entre los principales","breadcrumb":{"@id":"https:\/\/www.asajacyl.com\/palencia\/servicios-socio\/circulares\/la-situacion-del-vacuno-protagonista-la-reunion-la-sectorial-asaja#breadcrumb"},"inLanguage":"es","potentialAction":[{"@type":"ReadAction","target":["https:\/\/www.asajacyl.com\/palencia\/servicios-socio\/circulares\/la-situacion-del-vacuno-protagonista-la-reunion-la-sectorial-asaja"]}]},{"@type":"ImageObject","inLanguage":"es","@id":"https:\/\/www.asajacyl.com\/palencia\/servicios-socio\/circulares\/la-situacion-del-vacuno-protagonista-la-reunion-la-sectorial-asaja#primaryimage","url":"","contentUrl":""},{"@type":"BreadcrumbList","@id":"https:\/\/www.asajacyl.com\/palencia\/servicios-socio\/circulares\/la-situacion-del-vacuno-protagonista-la-reunion-la-sectorial-asaja#breadcrumb","itemListElement":[{"@type":"ListItem","position":1,"name":"Portada","item":"https:\/\/www.asajacyl.com\/palencia\/"},{"@type":"ListItem","position":2,"name":"La situaci\u00f3n del vacuno, protagonista de la reuni\u00f3n de la sectorial de ASAJA"}]},{"@type":"WebSite","@id":"https:\/\/www.asajacyl.com\/palencia\/#website","url":"https:\/\/www.asajacyl.com\/palencia\/","name":"ASAJA Palencia","description":"Otro sitio m\u00e1s de Provincias ASAJA Castilla y Le\u00f3n","potentialAction":[{"@type":"SearchAction","target":{"@type":"EntryPoint","urlTemplate":"https:\/\/www.asajacyl.com\/palencia\/?s={search_term_string}"},"query-input":{"@type":"PropertyValueSpecification","valueRequired":true,"valueName":"search_term_string"}}],"inLanguage":"es"},{"@type":"Person","@id":"https:\/\/www.asajacyl.com\/palencia\/#\/schema\/person\/3ab17aeb03527485c317557fae64aab1","name":"Administrador","image":{"@type":"ImageObject","inLanguage":"es","@id":"https:\/\/www.asajacyl.com\/palencia\/#\/schema\/person\/image\/","url":"https:\/\/secure.gravatar.com\/avatar\/517384810d242ca9e38c180f3c9fb973?s=96&d=mm&r=g","contentUrl":"https:\/\/secure.gravatar.com\/avatar\/517384810d242ca9e38c180f3c9fb973?s=96&d=mm&r=g","caption":"Administrador"},"url":"https:\/\/www.asajacyl.com\/palencia\/author\/carlosrm"}]}},"_links":{"self":[{"href":"https:\/\/www.asajacyl.com\/palencia\/wp-json\/wp\/v2\/posts\/6623"}],"collection":[{"href":"https:\/\/www.asajacyl.com\/palencia\/wp-json\/wp\/v2\/posts"}],"about":[{"href":"https:\/\/www.asajacyl.com\/palencia\/wp-json\/wp\/v2\/types\/post"}],"author":[{"embeddable":true,"href":"https:\/\/www.asajacyl.com\/palencia\/wp-json\/wp\/v2\/users\/9"}],"replies":[{"embeddable":true,"href":"https:\/\/www.asajacyl.com\/palencia\/wp-json\/wp\/v2\/comments?post=6623"}],"version-history":[{"count":1,"href":"https:\/\/www.asajacyl.com\/palencia\/wp-json\/wp\/v2\/posts\/6623\/revisions"}],"predecessor-version":[{"id":6624,"href":"https:\/\/www.asajacyl.com\/palencia\/wp-json\/wp\/v2\/posts\/6623\/revisions\/6624"}],"wp:featuredmedia":[{"embeddable":true,"href":"https:\/\/www.asajacyl.com\/palencia\/wp-json\/"}],"wp:attachment":[{"href":"https:\/\/www.asajacyl.com\/palencia\/wp-json\/wp\/v2\/media?parent=6623"}],"wp:term":[{"taxonomy":"category","embeddable":true,"href":"https:\/\/www.asajacyl.com\/palencia\/wp-json\/wp\/v2\/categories?post=6623"},{"taxonomy":"post_tag","embeddable":true,"href":"https:\/\/www.asajacyl.com\/palencia\/wp-json\/wp\/v2\/tags?post=6623"}],"curies":[{"name":"wp","href":"https:\/\/api.w.org\/{rel}","templated":true}]}}