{"id":7069,"date":"2020-01-30T14:38:48","date_gmt":"2020-01-30T13:38:48","guid":{"rendered":"https:\/\/www.asajacyl.com\/palencia\/?p=7069"},"modified":"2020-05-14T14:17:32","modified_gmt":"2020-05-14T12:17:32","slug":"miles-agricultores-protestan-pedir-precios-justos-control-la-fauna-salvaje-fin-los-ataques-al-sector","status":"publish","type":"post","link":"https:\/\/www.asajacyl.com\/palencia\/sin-categoria\/miles-agricultores-protestan-pedir-precios-justos-control-la-fauna-salvaje-fin-los-ataques-al-sector","title":{"rendered":"Miles de agricultores protestan para pedir precios justos, control de la fauna salvaje y el fin de los ataques al sector"},"content":{"rendered":"<h4>Los manifestantes exigieron ante la Delegaci\u00f3n de la Junta y la Subdelegaci\u00f3n del Gobierno el control de la fauna salvaje y el fin de los ataques y la criminalizaci\u00f3n que sufren los profesionales del sector<\/h4>\n<p>&nbsp;<\/p>\n<p>De multitudinaria se puede calificar la protesta celebrada a mediod\u00eda de hoy por las calles palentinas. El hartazgo del sector primario fue el principal argumento para manifestarse ante la Junta de Castilla y Le\u00f3n y la Subdelegaci\u00f3n del Gobierno durante una movilizaci\u00f3n que arranc\u00f3 de la Plaza de Le\u00f3n y finaliz\u00f3 en la Plaza Mayor. La marcha estuvo encabezada por los dirigentes de las organizaciones agrarias convocantes, ASAJA, UPA y COAG, que portaban una pancarta en la que pod\u00eda leerse \u00abPrecios dignos y respecto al mundo rural\u00bb.<\/p>\n<p>Uno de los principales argumentos de la protesta fue la falta de precios justos que sufren los agricultores y ganaderos, lo que ha provocado una p\u00e9rdida de renta agraria cercana al 9 por ciento en el \u00faltimo a\u00f1o. As\u00ed lo expres\u00f3 Honorato Meneses, presidente de ASAJA Palencia, durante su intervenci\u00f3n en la puerta del Ayuntamiento, quien exigi\u00f3 poner coto al incremento de los alt\u00edsimos costes de producci\u00f3n como fitosantiarios, fertilizantes o gas\u00f3leo, lo que provoca que las explotaciones no alcancen los m\u00ednimos niveles de rentabilidad, lo que provoca el cierre y la falta de incentivo para que los j\u00f3venes se incorporen a la actividad. Adem\u00e1s exigi\u00f3 control en las importaciones y normas de etiquetado obligatorio para que los consumidores dispongan de toda la informaci\u00f3n acerca del origen y el proceso productivo, as\u00ed como la regulaci\u00f3n frente al abuso de posici\u00f3n de dominio de la industria y distribuci\u00f3n agroalimentarias.<\/p>\n<p>Otro argumento que protagoniz\u00f3 la movilizaci\u00f3n fue el de la fauna salvaje \u00abque nos echa del campo\u00bb. En este sentido los agricultores y ganaderos piden el control riguroso de las poblaciones de especies silvestres que se alimentan del ganado y los cultivos, como lobos, ciervos, corzos, jabal\u00edes, topillos y conejos, entre otros. Quieren la declaraci\u00f3n de plaga para el jabal\u00ed y el conejo y que Medio Ambiente asuma plenamente la responsabilidad patrimonial de todos los da\u00f1os y perjuicios que provoca, as\u00ed como medidas eficaces para la erradicaci\u00f3n de la plaga de topillos.<\/p>\n<p>Frente a los ataques y la criminalizaci\u00f3n que sufren por parte de movimientos fundamentalistas radicales e incluso responsables pol\u00edticos, los profesionales del sector agrario reivindicaron el papel que desempe\u00f1an en la sociedad como productores de alimentos y agentes activos frente a la crisis clim\u00e1tica y la despoblaci\u00f3n. En este sentido hicieron un llamamiento a las administraciones para que defiendan ante la sociedad la labor que realizan d\u00eda a d\u00eda para proporcionar alimentos seguros y dotar de vida a la Espa\u00f1a Vaciada. \u00abResulta una aut\u00e9ntica aberraci\u00f3n escuchar argumentos como que las vacas son m\u00e1s culpables del camio clim\u00e1tico que los aviones o las industrias. Nada se dice de la contribuci\u00f3n de agricultores y ganaderos en la absorci\u00f3n de gases de efecto invernadero, ya que las plantas que cultivamos convierten el CO2 en energ\u00eda, la ganader\u00eda previene incendios. Al final somos uno de los sectores que menos contribuye al calentamiento global\u00bb.<\/p>\n<p><a href=\"https:\/\/www.asajacyl.com\/palencia\/wp-content\/uploads\/sites\/3\/2020\/01\/foto-manifestaci\u00f3n-horizontal.jpg\"><img loading=\"lazy\" decoding=\"async\" class=\"alignnone size-large wp-image-7071\" src=\"https:\/\/www.asajacyl.com\/palencia\/wp-content\/uploads\/sites\/3\/2020\/01\/foto-manifestaci\u00f3n-horizontal-1024x303.jpg\" alt=\"\" width=\"696\" height=\"206\" srcset=\"https:\/\/www.asajacyl.com\/palencia\/wp-content\/uploads\/sites\/3\/2020\/01\/foto-manifestaci\u00f3n-horizontal-1024x303.jpg 1024w, https:\/\/www.asajacyl.com\/palencia\/wp-content\/uploads\/sites\/3\/2020\/01\/foto-manifestaci\u00f3n-horizontal-300x89.jpg 300w, https:\/\/www.asajacyl.com\/palencia\/wp-content\/uploads\/sites\/3\/2020\/01\/foto-manifestaci\u00f3n-horizontal-768x227.jpg 768w, https:\/\/www.asajacyl.com\/palencia\/wp-content\/uploads\/sites\/3\/2020\/01\/foto-manifestaci\u00f3n-horizontal-696x206.jpg 696w, https:\/\/www.asajacyl.com\/palencia\/wp-content\/uploads\/sites\/3\/2020\/01\/foto-manifestaci\u00f3n-horizontal-1068x316.jpg 1068w, https:\/\/www.asajacyl.com\/palencia\/wp-content\/uploads\/sites\/3\/2020\/01\/foto-manifestaci\u00f3n-horizontal.jpg 1092w\" sizes=\"(max-width: 696px) 100vw, 696px\" \/><\/a><\/p>\n","protected":false},"excerpt":{"rendered":"<p>Los manifestantes exigieron ante la Delegaci\u00f3n de la Junta y la Subdelegaci\u00f3n del Gobierno el control de la fauna salvaje y el fin de los ataques y la criminalizaci\u00f3n que sufren los profesionales del sector &nbsp; De multitudinaria se puede calificar la protesta celebrada a mediod\u00eda de hoy por las calles palentinas. El hartazgo del [&hellip;]<\/p>\n","protected":false},"author":9,"featured_media":7071,"comment_status":"open","ping_status":"open","sticky":false,"template":"","format":"standard","meta":{"footnotes":""},"categories":[28,1],"tags":[],"yoast_head":"<!-- This site is optimized with the Yoast SEO plugin v24.5 - https:\/\/yoast.com\/wordpress\/plugins\/seo\/ -->\n<title>Miles de agricultores protestan para pedir precios justos, control de la fauna salvaje y el fin de los ataques al sector - ASAJA Palencia<\/title>\n<meta name=\"description\" content=\"Los manifestantes exigieron ante la Delegaci\u00f3n de la Junta y la Subdelegaci\u00f3n del Gobierno el control de la fauna salvaje y el fin de los ataques y la\" \/>\n<meta name=\"robots\" content=\"index, follow, max-snippet:-1, max-image-preview:large, max-video-preview:-1\" \/>\n<link rel=\"canonical\" href=\"https:\/\/www.asajacyl.com\/palencia\/sin-categoria\/miles-agricultores-protestan-pedir-precios-justos-control-la-fauna-salvaje-fin-los-ataques-al-sector\" \/>\n<meta property=\"og:locale\" content=\"es_ES\" \/>\n<meta property=\"og:type\" content=\"article\" \/>\n<meta property=\"og:title\" content=\"Miles de agricultores protestan para pedir precios justos, control de la fauna salvaje y el fin de los ataques al sector - ASAJA Palencia\" \/>\n<meta property=\"og:description\" content=\"Los manifestantes exigieron ante la Delegaci\u00f3n de la Junta y la Subdelegaci\u00f3n del Gobierno el control de la fauna salvaje y el fin de los ataques y la\" \/>\n<meta property=\"og:url\" content=\"https:\/\/www.asajacyl.com\/palencia\/sin-categoria\/miles-agricultores-protestan-pedir-precios-justos-control-la-fauna-salvaje-fin-los-ataques-al-sector\" \/>\n<meta property=\"og:site_name\" content=\"ASAJA Palencia\" \/>\n<meta property=\"article:published_time\" content=\"2020-01-30T13:38:48+00:00\" \/>\n<meta property=\"article:modified_time\" content=\"2020-05-14T12:17:32+00:00\" \/>\n<meta property=\"og:image\" content=\"https:\/\/www.asajacyl.com\/palencia\/wp-content\/uploads\/sites\/3\/2020\/01\/foto-manifestaci\u00f3n-horizontal.jpg\" \/>\n\t<meta property=\"og:image:width\" content=\"1092\" \/>\n\t<meta property=\"og:image:height\" content=\"323\" \/>\n\t<meta property=\"og:image:type\" content=\"image\/jpeg\" \/>\n<meta name=\"author\" content=\"Administrador\" \/>\n<meta name=\"twitter:card\" content=\"summary_large_image\" \/>\n<meta name=\"twitter:label1\" content=\"Escrito por\" \/>\n\t<meta name=\"twitter:data1\" content=\"Administrador\" \/>\n\t<meta name=\"twitter:label2\" content=\"Tiempo de lectura\" \/>\n\t<meta name=\"twitter:data2\" content=\"3 minutos\" \/>\n<script type=\"application\/ld+json\" class=\"yoast-schema-graph\">{\"@context\":\"https:\/\/schema.org\",\"@graph\":[{\"@type\":\"WebPage\",\"@id\":\"https:\/\/www.asajacyl.com\/palencia\/sin-categoria\/miles-agricultores-protestan-pedir-precios-justos-control-la-fauna-salvaje-fin-los-ataques-al-sector\",\"url\":\"https:\/\/www.asajacyl.com\/palencia\/sin-categoria\/miles-agricultores-protestan-pedir-precios-justos-control-la-fauna-salvaje-fin-los-ataques-al-sector\",\"name\":\"Miles de agricultores protestan para pedir precios justos, control de la fauna salvaje y el fin de los ataques al sector - ASAJA Palencia\",\"isPartOf\":{\"@id\":\"https:\/\/www.asajacyl.com\/palencia\/#website\"},\"primaryImageOfPage\":{\"@id\":\"https:\/\/www.asajacyl.com\/palencia\/sin-categoria\/miles-agricultores-protestan-pedir-precios-justos-control-la-fauna-salvaje-fin-los-ataques-al-sector#primaryimage\"},\"image\":{\"@id\":\"https:\/\/www.asajacyl.com\/palencia\/sin-categoria\/miles-agricultores-protestan-pedir-precios-justos-control-la-fauna-salvaje-fin-los-ataques-al-sector#primaryimage\"},\"thumbnailUrl\":\"https:\/\/www.asajacyl.com\/palencia\/wp-content\/uploads\/sites\/3\/2020\/01\/foto-manifestaci\u00f3n-horizontal.jpg\",\"datePublished\":\"2020-01-30T13:38:48+00:00\",\"dateModified\":\"2020-05-14T12:17:32+00:00\",\"author\":{\"@id\":\"https:\/\/www.asajacyl.com\/palencia\/#\/schema\/person\/3ab17aeb03527485c317557fae64aab1\"},\"description\":\"Los manifestantes exigieron ante la Delegaci\u00f3n de la Junta y la Subdelegaci\u00f3n del Gobierno el control de la fauna salvaje y el fin de los ataques y la\",\"breadcrumb\":{\"@id\":\"https:\/\/www.asajacyl.com\/palencia\/sin-categoria\/miles-agricultores-protestan-pedir-precios-justos-control-la-fauna-salvaje-fin-los-ataques-al-sector#breadcrumb\"},\"inLanguage\":\"es\",\"potentialAction\":[{\"@type\":\"ReadAction\",\"target\":[\"https:\/\/www.asajacyl.com\/palencia\/sin-categoria\/miles-agricultores-protestan-pedir-precios-justos-control-la-fauna-salvaje-fin-los-ataques-al-sector\"]}]},{\"@type\":\"ImageObject\",\"inLanguage\":\"es\",\"@id\":\"https:\/\/www.asajacyl.com\/palencia\/sin-categoria\/miles-agricultores-protestan-pedir-precios-justos-control-la-fauna-salvaje-fin-los-ataques-al-sector#primaryimage\",\"url\":\"https:\/\/www.asajacyl.com\/palencia\/wp-content\/uploads\/sites\/3\/2020\/01\/foto-manifestaci\u00f3n-horizontal.jpg\",\"contentUrl\":\"https:\/\/www.asajacyl.com\/palencia\/wp-content\/uploads\/sites\/3\/2020\/01\/foto-manifestaci\u00f3n-horizontal.jpg\",\"width\":1092,\"height\":323},{\"@type\":\"BreadcrumbList\",\"@id\":\"https:\/\/www.asajacyl.com\/palencia\/sin-categoria\/miles-agricultores-protestan-pedir-precios-justos-control-la-fauna-salvaje-fin-los-ataques-al-sector#breadcrumb\",\"itemListElement\":[{\"@type\":\"ListItem\",\"position\":1,\"name\":\"Portada\",\"item\":\"https:\/\/www.asajacyl.com\/palencia\/\"},{\"@type\":\"ListItem\",\"position\":2,\"name\":\"Miles de agricultores protestan para pedir precios justos, control de la fauna salvaje y el fin de los ataques al sector\"}]},{\"@type\":\"WebSite\",\"@id\":\"https:\/\/www.asajacyl.com\/palencia\/#website\",\"url\":\"https:\/\/www.asajacyl.com\/palencia\/\",\"name\":\"ASAJA Palencia\",\"description\":\"Otro sitio m\u00e1s de Provincias ASAJA Castilla y Le\u00f3n\",\"potentialAction\":[{\"@type\":\"SearchAction\",\"target\":{\"@type\":\"EntryPoint\",\"urlTemplate\":\"https:\/\/www.asajacyl.com\/palencia\/?s={search_term_string}\"},\"query-input\":{\"@type\":\"PropertyValueSpecification\",\"valueRequired\":true,\"valueName\":\"search_term_string\"}}],\"inLanguage\":\"es\"},{\"@type\":\"Person\",\"@id\":\"https:\/\/www.asajacyl.com\/palencia\/#\/schema\/person\/3ab17aeb03527485c317557fae64aab1\",\"name\":\"Administrador\",\"image\":{\"@type\":\"ImageObject\",\"inLanguage\":\"es\",\"@id\":\"https:\/\/www.asajacyl.com\/palencia\/#\/schema\/person\/image\/\",\"url\":\"https:\/\/secure.gravatar.com\/avatar\/517384810d242ca9e38c180f3c9fb973?s=96&d=mm&r=g\",\"contentUrl\":\"https:\/\/secure.gravatar.com\/avatar\/517384810d242ca9e38c180f3c9fb973?s=96&d=mm&r=g\",\"caption\":\"Administrador\"},\"url\":\"https:\/\/www.asajacyl.com\/palencia\/author\/carlosrm\"}]}<\/script>\n<!-- \/ Yoast SEO plugin. -->","yoast_head_json":{"title":"Miles de agricultores protestan para pedir precios justos, control de la fauna salvaje y el fin de los ataques al sector - ASAJA Palencia","description":"Los manifestantes exigieron ante la Delegaci\u00f3n de la Junta y la Subdelegaci\u00f3n del Gobierno el control de la fauna salvaje y el fin de los ataques y la","robots":{"index":"index","follow":"follow","max-snippet":"max-snippet:-1","max-image-preview":"max-image-preview:large","max-video-preview":"max-video-preview:-1"},"canonical":"https:\/\/www.asajacyl.com\/palencia\/sin-categoria\/miles-agricultores-protestan-pedir-precios-justos-control-la-fauna-salvaje-fin-los-ataques-al-sector","og_locale":"es_ES","og_type":"article","og_title":"Miles de agricultores protestan para pedir precios justos, control de la fauna salvaje y el fin de los ataques al sector - ASAJA Palencia","og_description":"Los manifestantes exigieron ante la Delegaci\u00f3n de la Junta y la Subdelegaci\u00f3n del Gobierno el control de la fauna salvaje y el fin de los ataques y la","og_url":"https:\/\/www.asajacyl.com\/palencia\/sin-categoria\/miles-agricultores-protestan-pedir-precios-justos-control-la-fauna-salvaje-fin-los-ataques-al-sector","og_site_name":"ASAJA Palencia","article_published_time":"2020-01-30T13:38:48+00:00","article_modified_time":"2020-05-14T12:17:32+00:00","og_image":[{"width":1092,"height":323,"url":"https:\/\/www.asajacyl.com\/palencia\/wp-content\/uploads\/sites\/3\/2020\/01\/foto-manifestaci\u00f3n-horizontal.jpg","type":"image\/jpeg"}],"author":"Administrador","twitter_card":"summary_large_image","twitter_misc":{"Escrito por":"Administrador","Tiempo de lectura":"3 minutos"},"schema":{"@context":"https:\/\/schema.org","@graph":[{"@type":"WebPage","@id":"https:\/\/www.asajacyl.com\/palencia\/sin-categoria\/miles-agricultores-protestan-pedir-precios-justos-control-la-fauna-salvaje-fin-los-ataques-al-sector","url":"https:\/\/www.asajacyl.com\/palencia\/sin-categoria\/miles-agricultores-protestan-pedir-precios-justos-control-la-fauna-salvaje-fin-los-ataques-al-sector","name":"Miles de agricultores protestan para pedir precios justos, control de la fauna salvaje y el fin de los ataques al sector - ASAJA Palencia","isPartOf":{"@id":"https:\/\/www.asajacyl.com\/palencia\/#website"},"primaryImageOfPage":{"@id":"https:\/\/www.asajacyl.com\/palencia\/sin-categoria\/miles-agricultores-protestan-pedir-precios-justos-control-la-fauna-salvaje-fin-los-ataques-al-sector#primaryimage"},"image":{"@id":"https:\/\/www.asajacyl.com\/palencia\/sin-categoria\/miles-agricultores-protestan-pedir-precios-justos-control-la-fauna-salvaje-fin-los-ataques-al-sector#primaryimage"},"thumbnailUrl":"https:\/\/www.asajacyl.com\/palencia\/wp-content\/uploads\/sites\/3\/2020\/01\/foto-manifestaci\u00f3n-horizontal.jpg","datePublished":"2020-01-30T13:38:48+00:00","dateModified":"2020-05-14T12:17:32+00:00","author":{"@id":"https:\/\/www.asajacyl.com\/palencia\/#\/schema\/person\/3ab17aeb03527485c317557fae64aab1"},"description":"Los manifestantes exigieron ante la Delegaci\u00f3n de la Junta y la Subdelegaci\u00f3n del Gobierno el control de la fauna salvaje y el fin de los ataques y la","breadcrumb":{"@id":"https:\/\/www.asajacyl.com\/palencia\/sin-categoria\/miles-agricultores-protestan-pedir-precios-justos-control-la-fauna-salvaje-fin-los-ataques-al-sector#breadcrumb"},"inLanguage":"es","potentialAction":[{"@type":"ReadAction","target":["https:\/\/www.asajacyl.com\/palencia\/sin-categoria\/miles-agricultores-protestan-pedir-precios-justos-control-la-fauna-salvaje-fin-los-ataques-al-sector"]}]},{"@type":"ImageObject","inLanguage":"es","@id":"https:\/\/www.asajacyl.com\/palencia\/sin-categoria\/miles-agricultores-protestan-pedir-precios-justos-control-la-fauna-salvaje-fin-los-ataques-al-sector#primaryimage","url":"https:\/\/www.asajacyl.com\/palencia\/wp-content\/uploads\/sites\/3\/2020\/01\/foto-manifestaci\u00f3n-horizontal.jpg","contentUrl":"https:\/\/www.asajacyl.com\/palencia\/wp-content\/uploads\/sites\/3\/2020\/01\/foto-manifestaci\u00f3n-horizontal.jpg","width":1092,"height":323},{"@type":"BreadcrumbList","@id":"https:\/\/www.asajacyl.com\/palencia\/sin-categoria\/miles-agricultores-protestan-pedir-precios-justos-control-la-fauna-salvaje-fin-los-ataques-al-sector#breadcrumb","itemListElement":[{"@type":"ListItem","position":1,"name":"Portada","item":"https:\/\/www.asajacyl.com\/palencia\/"},{"@type":"ListItem","position":2,"name":"Miles de agricultores protestan para pedir precios justos, control de la fauna salvaje y el fin de los ataques al sector"}]},{"@type":"WebSite","@id":"https:\/\/www.asajacyl.com\/palencia\/#website","url":"https:\/\/www.asajacyl.com\/palencia\/","name":"ASAJA Palencia","description":"Otro sitio m\u00e1s de Provincias ASAJA Castilla y Le\u00f3n","potentialAction":[{"@type":"SearchAction","target":{"@type":"EntryPoint","urlTemplate":"https:\/\/www.asajacyl.com\/palencia\/?s={search_term_string}"},"query-input":{"@type":"PropertyValueSpecification","valueRequired":true,"valueName":"search_term_string"}}],"inLanguage":"es"},{"@type":"Person","@id":"https:\/\/www.asajacyl.com\/palencia\/#\/schema\/person\/3ab17aeb03527485c317557fae64aab1","name":"Administrador","image":{"@type":"ImageObject","inLanguage":"es","@id":"https:\/\/www.asajacyl.com\/palencia\/#\/schema\/person\/image\/","url":"https:\/\/secure.gravatar.com\/avatar\/517384810d242ca9e38c180f3c9fb973?s=96&d=mm&r=g","contentUrl":"https:\/\/secure.gravatar.com\/avatar\/517384810d242ca9e38c180f3c9fb973?s=96&d=mm&r=g","caption":"Administrador"},"url":"https:\/\/www.asajacyl.com\/palencia\/author\/carlosrm"}]}},"_links":{"self":[{"href":"https:\/\/www.asajacyl.com\/palencia\/wp-json\/wp\/v2\/posts\/7069"}],"collection":[{"href":"https:\/\/www.asajacyl.com\/palencia\/wp-json\/wp\/v2\/posts"}],"about":[{"href":"https:\/\/www.asajacyl.com\/palencia\/wp-json\/wp\/v2\/types\/post"}],"author":[{"embeddable":true,"href":"https:\/\/www.asajacyl.com\/palencia\/wp-json\/wp\/v2\/users\/9"}],"replies":[{"embeddable":true,"href":"https:\/\/www.asajacyl.com\/palencia\/wp-json\/wp\/v2\/comments?post=7069"}],"version-history":[{"count":2,"href":"https:\/\/www.asajacyl.com\/palencia\/wp-json\/wp\/v2\/posts\/7069\/revisions"}],"predecessor-version":[{"id":7072,"href":"https:\/\/www.asajacyl.com\/palencia\/wp-json\/wp\/v2\/posts\/7069\/revisions\/7072"}],"wp:featuredmedia":[{"embeddable":true,"href":"https:\/\/www.asajacyl.com\/palencia\/wp-json\/wp\/v2\/media\/7071"}],"wp:attachment":[{"href":"https:\/\/www.asajacyl.com\/palencia\/wp-json\/wp\/v2\/media?parent=7069"}],"wp:term":[{"taxonomy":"category","embeddable":true,"href":"https:\/\/www.asajacyl.com\/palencia\/wp-json\/wp\/v2\/categories?post=7069"},{"taxonomy":"post_tag","embeddable":true,"href":"https:\/\/www.asajacyl.com\/palencia\/wp-json\/wp\/v2\/tags?post=7069"}],"curies":[{"name":"wp","href":"https:\/\/api.w.org\/{rel}","templated":true}]}}