{"id":7432,"date":"2020-06-10T13:46:15","date_gmt":"2020-06-10T11:46:15","guid":{"rendered":"https:\/\/www.asajacyl.com\/palencia\/?p=7432"},"modified":"2020-06-10T13:46:15","modified_gmt":"2020-06-10T11:46:15","slug":"medidas-extraordinarias-sector-del-vino-frente-la-crisis-mercado","status":"publish","type":"post","link":"https:\/\/www.asajacyl.com\/palencia\/servicios-socio\/circulares\/medidas-extraordinarias-sector-del-vino-frente-la-crisis-mercado","title":{"rendered":"Medidas extraordinarias en el sector del vino para hacer frente a la crisis de mercado"},"content":{"rendered":"<h2>El Ministerio ha aprobado una serie de medidas dirigidas al sector del vino, para paliar el freno de la demanda ocasionado por la pandemia. De ellas, la poda en verde es la \u00fanica que est\u00e1 al alcance de los viticultores no elaboradores.<\/h2>\n<p><img loading=\"lazy\" decoding=\"async\" class=\"size-medium wp-image-9448 alignright td-animation-stack-type0-2\" src=\"https:\/\/www.asajacyl.com\/wp-content\/uploads\/2017\/11\/vinedocigales-300x225.jpg\" alt=\"M\u00e1s dinero pero tambi\u00e9n m\u00e1s requisitos en la nueva convocatoria de las ayudas a planes de vi\u00f1edo\" width=\"300\" height=\"225\" \/>Hoy se publica el Real Decreto por el que se adoptan medidas extraordinarias en el sector del vino para hacer frente a la crisis de mercado causada por la pandemia del covid-19. \u00a0Se ponen en marcha ayudas a la destilaci\u00f3n de crisis para la campa\u00f1a 2019\/2020 y ayudas al almacenamiento privado de vino, y adem\u00e1s se adapta la aplicaci\u00f3n de la cosecha en verde con efectos exclusivos para esta campa\u00f1a.<\/p>\n<p>Estas medidas van acompa\u00f1adas de otras de regulaci\u00f3n del mercado como limitaciones de rendimientos m\u00e1ximos de uva por hect\u00e1rea y de un posible incremento del volumen de alcohol exigido en los subproductos resultantes de la elaboraci\u00f3n del vino.<\/p>\n<p>Los Servicios T\u00e9cnicos de ASAJA subrayan que, de estas medidas<strong>, la \u00fanica que est\u00e1 al alcance de los viticultores que no son a la vez elaboradores es la cosecha en verde,<\/strong>\u00a0cuyas condiciones se resumen a continuaci\u00f3n.<\/p>\n<ol>\n<li>Se entiende por cosecha en verde la destrucci\u00f3n o eliminaci\u00f3n total de los racimos de uvas cuando todav\u00eda est\u00e1n inmaduros, de manera que se reduzca a cero el rendimiento de la parcela, sin que puedan existir uvas sin vendimiar en la parcela de vi\u00f1edo objeto de la ayuda.<\/li>\n<li><strong>Pueden solicitarla los viticultores a t\u00edtulo individual para parcelas completas<\/strong>, inscritas en la Denominaci\u00f3n de Origen a la que corresponden. La parcela debe tener una dimensi\u00f3n m\u00ednima de 0,3 hect\u00e1reas.<\/li>\n<li>Se excluyen las vi\u00f1as que no se hayan plantado antes de tres campa\u00f1as anteriores a la 2019\/2020.<\/li>\n<li>La ayuda consistir\u00e1: a) En una compensaci\u00f3n por la p\u00e9rdida de ingresos calculada como el 60% del valor medio de la uva de las tres \u00faltimas campa\u00f1as en el \u00e1mbito territorial donde se ubique la parcela de vi\u00f1edo objeto de la cosecha en verde, que la comunidad aut\u00f3noma deber\u00e1 definir. El valor medio de la uva al que se aplicar\u00e1 el porcentaje citado deber\u00e1 coincidir, en coherencia, con el valor medio de la uva que sirve de base para el c\u00e1lculo de la compensaci\u00f3n a viticultores por p\u00e9rdidas de ingresos para la ayuda a la reestructuraci\u00f3n y reconversi\u00f3n de vi\u00f1edos.\u00a0b) El 60% de los costes directos de destrucci\u00f3n o eliminaci\u00f3n de los racimos de uva, que fijar\u00e1 la comunidad aut\u00f3noma y que podr\u00e1 realizarse con medios propios o por una empresa y por m\u00e9todos manuales, mec\u00e1nicos o qu\u00edmicos.<\/li>\n<li><strong>Plazo de solicitud: 23 de junio.<\/strong><\/li>\n<li>Documentaci\u00f3n: a) Solicitud con los datos personales y la identificaci\u00f3n de las parcelas. b) Rendimiento medio de las parcelas en las tres \u00faltimas campa\u00f1as. c) Forma de realizar la destrucci\u00f3n de la producci\u00f3n.<\/li>\n<li>Documentaci\u00f3n adicional que estime la comunidad aut\u00f3noma.<\/li>\n<\/ol>\n<p>Hay que puntualizar que este informe es un peque\u00f1o resumen de la normativa publicada en el BOE de hoy. Para conocer todos los detalles, as\u00ed como cuestiones relevantes seg\u00fan cada caso y posibles adaptaciones que desarrolle la Consejer\u00eda de Agricultura y Ganader\u00eda de Castilla y Le\u00f3n,\u00a0<strong>recomendamos a los viticultores que pidan cita en las oficinas de ASAJA<\/strong>.<\/p>\n","protected":false},"excerpt":{"rendered":"<p>El Ministerio ha aprobado una serie de medidas dirigidas al sector del vino, para paliar el freno de la demanda ocasionado por la pandemia. De ellas, la poda en verde es la \u00fanica que est\u00e1 al alcance de los viticultores no elaboradores. Hoy se publica el Real Decreto por el que se adoptan medidas extraordinarias [&hellip;]<\/p>\n","protected":false},"author":9,"featured_media":1176,"comment_status":"open","ping_status":"open","sticky":false,"template":"","format":"standard","meta":{"footnotes":""},"categories":[38],"tags":[],"yoast_head":"<!-- This site is optimized with the Yoast SEO plugin v24.5 - https:\/\/yoast.com\/wordpress\/plugins\/seo\/ -->\n<title>Medidas extraordinarias en el sector del vino para hacer frente a la crisis de mercado - ASAJA Palencia<\/title>\n<meta name=\"description\" content=\"El Ministerio ha aprobado una serie de medidas dirigidas al sector del vino, para paliar el freno de la demanda ocasionado por la pandemia. De ellas, la\" \/>\n<meta name=\"robots\" content=\"index, follow, max-snippet:-1, max-image-preview:large, max-video-preview:-1\" \/>\n<link rel=\"canonical\" href=\"https:\/\/www.asajacyl.com\/palencia\/servicios-socio\/circulares\/medidas-extraordinarias-sector-del-vino-frente-la-crisis-mercado\" \/>\n<meta property=\"og:locale\" content=\"es_ES\" \/>\n<meta property=\"og:type\" content=\"article\" \/>\n<meta property=\"og:title\" content=\"Medidas extraordinarias en el sector del vino para hacer frente a la crisis de mercado - ASAJA Palencia\" \/>\n<meta property=\"og:description\" content=\"El Ministerio ha aprobado una serie de medidas dirigidas al sector del vino, para paliar el freno de la demanda ocasionado por la pandemia. De ellas, la\" \/>\n<meta property=\"og:url\" content=\"https:\/\/www.asajacyl.com\/palencia\/servicios-socio\/circulares\/medidas-extraordinarias-sector-del-vino-frente-la-crisis-mercado\" \/>\n<meta property=\"og:site_name\" content=\"ASAJA Palencia\" \/>\n<meta property=\"article:published_time\" content=\"2020-06-10T11:46:15+00:00\" \/>\n<meta property=\"og:image\" content=\"https:\/\/www.asajacyl.com\/palencia\/wp-content\/uploads\/sites\/3\/2017\/11\/im_predefinida_1920x1080.jpg\" \/>\n\t<meta property=\"og:image:width\" content=\"1920\" \/>\n\t<meta property=\"og:image:height\" content=\"1080\" \/>\n\t<meta property=\"og:image:type\" content=\"image\/jpeg\" \/>\n<meta name=\"author\" content=\"Administrador\" \/>\n<meta name=\"twitter:card\" content=\"summary_large_image\" \/>\n<meta name=\"twitter:label1\" content=\"Escrito por\" \/>\n\t<meta name=\"twitter:data1\" content=\"Administrador\" \/>\n\t<meta name=\"twitter:label2\" content=\"Tiempo de lectura\" \/>\n\t<meta name=\"twitter:data2\" content=\"3 minutos\" \/>\n<script type=\"application\/ld+json\" class=\"yoast-schema-graph\">{\"@context\":\"https:\/\/schema.org\",\"@graph\":[{\"@type\":\"WebPage\",\"@id\":\"https:\/\/www.asajacyl.com\/palencia\/servicios-socio\/circulares\/medidas-extraordinarias-sector-del-vino-frente-la-crisis-mercado\",\"url\":\"https:\/\/www.asajacyl.com\/palencia\/servicios-socio\/circulares\/medidas-extraordinarias-sector-del-vino-frente-la-crisis-mercado\",\"name\":\"Medidas extraordinarias en el sector del vino para hacer frente a la crisis de mercado - ASAJA Palencia\",\"isPartOf\":{\"@id\":\"https:\/\/www.asajacyl.com\/palencia\/#website\"},\"primaryImageOfPage\":{\"@id\":\"https:\/\/www.asajacyl.com\/palencia\/servicios-socio\/circulares\/medidas-extraordinarias-sector-del-vino-frente-la-crisis-mercado#primaryimage\"},\"image\":{\"@id\":\"https:\/\/www.asajacyl.com\/palencia\/servicios-socio\/circulares\/medidas-extraordinarias-sector-del-vino-frente-la-crisis-mercado#primaryimage\"},\"thumbnailUrl\":\"\",\"datePublished\":\"2020-06-10T11:46:15+00:00\",\"author\":{\"@id\":\"https:\/\/www.asajacyl.com\/palencia\/#\/schema\/person\/3ab17aeb03527485c317557fae64aab1\"},\"description\":\"El Ministerio ha aprobado una serie de medidas dirigidas al sector del vino, para paliar el freno de la demanda ocasionado por la pandemia. De ellas, la\",\"breadcrumb\":{\"@id\":\"https:\/\/www.asajacyl.com\/palencia\/servicios-socio\/circulares\/medidas-extraordinarias-sector-del-vino-frente-la-crisis-mercado#breadcrumb\"},\"inLanguage\":\"es\",\"potentialAction\":[{\"@type\":\"ReadAction\",\"target\":[\"https:\/\/www.asajacyl.com\/palencia\/servicios-socio\/circulares\/medidas-extraordinarias-sector-del-vino-frente-la-crisis-mercado\"]}]},{\"@type\":\"ImageObject\",\"inLanguage\":\"es\",\"@id\":\"https:\/\/www.asajacyl.com\/palencia\/servicios-socio\/circulares\/medidas-extraordinarias-sector-del-vino-frente-la-crisis-mercado#primaryimage\",\"url\":\"\",\"contentUrl\":\"\"},{\"@type\":\"BreadcrumbList\",\"@id\":\"https:\/\/www.asajacyl.com\/palencia\/servicios-socio\/circulares\/medidas-extraordinarias-sector-del-vino-frente-la-crisis-mercado#breadcrumb\",\"itemListElement\":[{\"@type\":\"ListItem\",\"position\":1,\"name\":\"Portada\",\"item\":\"https:\/\/www.asajacyl.com\/palencia\/\"},{\"@type\":\"ListItem\",\"position\":2,\"name\":\"Medidas extraordinarias en el sector del vino para hacer frente a la crisis de mercado\"}]},{\"@type\":\"WebSite\",\"@id\":\"https:\/\/www.asajacyl.com\/palencia\/#website\",\"url\":\"https:\/\/www.asajacyl.com\/palencia\/\",\"name\":\"ASAJA Palencia\",\"description\":\"Otro sitio m\u00e1s de Provincias ASAJA Castilla y Le\u00f3n\",\"potentialAction\":[{\"@type\":\"SearchAction\",\"target\":{\"@type\":\"EntryPoint\",\"urlTemplate\":\"https:\/\/www.asajacyl.com\/palencia\/?s={search_term_string}\"},\"query-input\":{\"@type\":\"PropertyValueSpecification\",\"valueRequired\":true,\"valueName\":\"search_term_string\"}}],\"inLanguage\":\"es\"},{\"@type\":\"Person\",\"@id\":\"https:\/\/www.asajacyl.com\/palencia\/#\/schema\/person\/3ab17aeb03527485c317557fae64aab1\",\"name\":\"Administrador\",\"image\":{\"@type\":\"ImageObject\",\"inLanguage\":\"es\",\"@id\":\"https:\/\/www.asajacyl.com\/palencia\/#\/schema\/person\/image\/\",\"url\":\"https:\/\/secure.gravatar.com\/avatar\/517384810d242ca9e38c180f3c9fb973?s=96&d=mm&r=g\",\"contentUrl\":\"https:\/\/secure.gravatar.com\/avatar\/517384810d242ca9e38c180f3c9fb973?s=96&d=mm&r=g\",\"caption\":\"Administrador\"},\"url\":\"https:\/\/www.asajacyl.com\/palencia\/author\/carlosrm\"}]}<\/script>\n<!-- \/ Yoast SEO plugin. -->","yoast_head_json":{"title":"Medidas extraordinarias en el sector del vino para hacer frente a la crisis de mercado - ASAJA Palencia","description":"El Ministerio ha aprobado una serie de medidas dirigidas al sector del vino, para paliar el freno de la demanda ocasionado por la pandemia. De ellas, la","robots":{"index":"index","follow":"follow","max-snippet":"max-snippet:-1","max-image-preview":"max-image-preview:large","max-video-preview":"max-video-preview:-1"},"canonical":"https:\/\/www.asajacyl.com\/palencia\/servicios-socio\/circulares\/medidas-extraordinarias-sector-del-vino-frente-la-crisis-mercado","og_locale":"es_ES","og_type":"article","og_title":"Medidas extraordinarias en el sector del vino para hacer frente a la crisis de mercado - ASAJA Palencia","og_description":"El Ministerio ha aprobado una serie de medidas dirigidas al sector del vino, para paliar el freno de la demanda ocasionado por la pandemia. De ellas, la","og_url":"https:\/\/www.asajacyl.com\/palencia\/servicios-socio\/circulares\/medidas-extraordinarias-sector-del-vino-frente-la-crisis-mercado","og_site_name":"ASAJA Palencia","article_published_time":"2020-06-10T11:46:15+00:00","og_image":[{"width":1920,"height":1080,"url":"https:\/\/www.asajacyl.com\/palencia\/wp-content\/uploads\/sites\/3\/2017\/11\/im_predefinida_1920x1080.jpg","type":"image\/jpeg"}],"author":"Administrador","twitter_card":"summary_large_image","twitter_misc":{"Escrito por":"Administrador","Tiempo de lectura":"3 minutos"},"schema":{"@context":"https:\/\/schema.org","@graph":[{"@type":"WebPage","@id":"https:\/\/www.asajacyl.com\/palencia\/servicios-socio\/circulares\/medidas-extraordinarias-sector-del-vino-frente-la-crisis-mercado","url":"https:\/\/www.asajacyl.com\/palencia\/servicios-socio\/circulares\/medidas-extraordinarias-sector-del-vino-frente-la-crisis-mercado","name":"Medidas extraordinarias en el sector del vino para hacer frente a la crisis de mercado - ASAJA Palencia","isPartOf":{"@id":"https:\/\/www.asajacyl.com\/palencia\/#website"},"primaryImageOfPage":{"@id":"https:\/\/www.asajacyl.com\/palencia\/servicios-socio\/circulares\/medidas-extraordinarias-sector-del-vino-frente-la-crisis-mercado#primaryimage"},"image":{"@id":"https:\/\/www.asajacyl.com\/palencia\/servicios-socio\/circulares\/medidas-extraordinarias-sector-del-vino-frente-la-crisis-mercado#primaryimage"},"thumbnailUrl":"","datePublished":"2020-06-10T11:46:15+00:00","author":{"@id":"https:\/\/www.asajacyl.com\/palencia\/#\/schema\/person\/3ab17aeb03527485c317557fae64aab1"},"description":"El Ministerio ha aprobado una serie de medidas dirigidas al sector del vino, para paliar el freno de la demanda ocasionado por la pandemia. De ellas, la","breadcrumb":{"@id":"https:\/\/www.asajacyl.com\/palencia\/servicios-socio\/circulares\/medidas-extraordinarias-sector-del-vino-frente-la-crisis-mercado#breadcrumb"},"inLanguage":"es","potentialAction":[{"@type":"ReadAction","target":["https:\/\/www.asajacyl.com\/palencia\/servicios-socio\/circulares\/medidas-extraordinarias-sector-del-vino-frente-la-crisis-mercado"]}]},{"@type":"ImageObject","inLanguage":"es","@id":"https:\/\/www.asajacyl.com\/palencia\/servicios-socio\/circulares\/medidas-extraordinarias-sector-del-vino-frente-la-crisis-mercado#primaryimage","url":"","contentUrl":""},{"@type":"BreadcrumbList","@id":"https:\/\/www.asajacyl.com\/palencia\/servicios-socio\/circulares\/medidas-extraordinarias-sector-del-vino-frente-la-crisis-mercado#breadcrumb","itemListElement":[{"@type":"ListItem","position":1,"name":"Portada","item":"https:\/\/www.asajacyl.com\/palencia\/"},{"@type":"ListItem","position":2,"name":"Medidas extraordinarias en el sector del vino para hacer frente a la crisis de mercado"}]},{"@type":"WebSite","@id":"https:\/\/www.asajacyl.com\/palencia\/#website","url":"https:\/\/www.asajacyl.com\/palencia\/","name":"ASAJA Palencia","description":"Otro sitio m\u00e1s de Provincias ASAJA Castilla y Le\u00f3n","potentialAction":[{"@type":"SearchAction","target":{"@type":"EntryPoint","urlTemplate":"https:\/\/www.asajacyl.com\/palencia\/?s={search_term_string}"},"query-input":{"@type":"PropertyValueSpecification","valueRequired":true,"valueName":"search_term_string"}}],"inLanguage":"es"},{"@type":"Person","@id":"https:\/\/www.asajacyl.com\/palencia\/#\/schema\/person\/3ab17aeb03527485c317557fae64aab1","name":"Administrador","image":{"@type":"ImageObject","inLanguage":"es","@id":"https:\/\/www.asajacyl.com\/palencia\/#\/schema\/person\/image\/","url":"https:\/\/secure.gravatar.com\/avatar\/517384810d242ca9e38c180f3c9fb973?s=96&d=mm&r=g","contentUrl":"https:\/\/secure.gravatar.com\/avatar\/517384810d242ca9e38c180f3c9fb973?s=96&d=mm&r=g","caption":"Administrador"},"url":"https:\/\/www.asajacyl.com\/palencia\/author\/carlosrm"}]}},"_links":{"self":[{"href":"https:\/\/www.asajacyl.com\/palencia\/wp-json\/wp\/v2\/posts\/7432"}],"collection":[{"href":"https:\/\/www.asajacyl.com\/palencia\/wp-json\/wp\/v2\/posts"}],"about":[{"href":"https:\/\/www.asajacyl.com\/palencia\/wp-json\/wp\/v2\/types\/post"}],"author":[{"embeddable":true,"href":"https:\/\/www.asajacyl.com\/palencia\/wp-json\/wp\/v2\/users\/9"}],"replies":[{"embeddable":true,"href":"https:\/\/www.asajacyl.com\/palencia\/wp-json\/wp\/v2\/comments?post=7432"}],"version-history":[{"count":1,"href":"https:\/\/www.asajacyl.com\/palencia\/wp-json\/wp\/v2\/posts\/7432\/revisions"}],"predecessor-version":[{"id":7433,"href":"https:\/\/www.asajacyl.com\/palencia\/wp-json\/wp\/v2\/posts\/7432\/revisions\/7433"}],"wp:featuredmedia":[{"embeddable":true,"href":"https:\/\/www.asajacyl.com\/palencia\/wp-json\/"}],"wp:attachment":[{"href":"https:\/\/www.asajacyl.com\/palencia\/wp-json\/wp\/v2\/media?parent=7432"}],"wp:term":[{"taxonomy":"category","embeddable":true,"href":"https:\/\/www.asajacyl.com\/palencia\/wp-json\/wp\/v2\/categories?post=7432"},{"taxonomy":"post_tag","embeddable":true,"href":"https:\/\/www.asajacyl.com\/palencia\/wp-json\/wp\/v2\/tags?post=7432"}],"curies":[{"name":"wp","href":"https:\/\/api.w.org\/{rel}","templated":true}]}}