{"id":7535,"date":"2020-08-02T00:28:20","date_gmt":"2020-08-01T22:28:20","guid":{"rendered":"https:\/\/www.asajacyl.com\/palencia\/?p=7535"},"modified":"2020-12-15T13:19:37","modified_gmt":"2020-12-15T12:19:37","slug":"asaja-denuncia-una-injustificada-caida-del-30-precio-del-aceite-girasol","status":"publish","type":"post","link":"https:\/\/www.asajacyl.com\/palencia\/sin-categoria\/asaja-denuncia-una-injustificada-caida-del-30-precio-del-aceite-girasol","title":{"rendered":"ASAJA DENUNCIA UNA INJUSTIFICADA CA\u00cdDA DEL 30%  EN EL PRECIO DEL ACEITE DE GIRASOL"},"content":{"rendered":"<p><strong>Mientras, las importaciones de aceite de palma se incrementan hasta suponer m\u00e1s del doble del aceite de girasol que producimos<\/strong><\/p>\n<p>ASAJA ha denunciado una dr\u00e1stica ca\u00edda del 30% en el precio del aceite de girasol alto oleico con respecto a la campa\u00f1a anterior por motivos que, seg\u00fan ha declarado la organizaci\u00f3n agraria, son totalmente injustificados. A pesar del cierre del canal HORECA, el consumo de aceite de girasol ha mantenido la tendencia alcista que lleva registr\u00e1ndose en los \u00faltimos a\u00f1os.<\/p>\n<p>Seg\u00fan las cotizaciones de la Lonja de Sevilla a fecha 28 de julio de 2020, las pipas de girasol alto oleico se sit\u00faan en unos 340 euros por tonelada, cuando el pasado a\u00f1o alcanzaban en estas fechas los 466 \u20ac\/tn.<\/p>\n<p>El vicepresidente de ASAJA nacional y presidente del grupo de trabajo de oleaginosas y proteaginosas del Copa-Cogeca, Pedro Gallardo, ha explicado que las importaciones masivas de aceites vegetales est\u00e1n perjudicando gravemente al sector productor. \u201cLa industria agroalimentaria espa\u00f1ola, bajo la mirada pasiva de las Administraciones p\u00fablicas, est\u00e1 dejando de lado a unos agricultores que, cuando se declaraba el estado de alarma pasaron de colapsar las carreteras a desinfectar las calles de coronavirus y a trabajar para evitar el desabastecimiento en los lineales de los supermercados\u201d. Un malestar que se ha generalizado entre los agricultores porque, \u201ca cambio, est\u00e1n sufriendo la presi\u00f3n de la industria agroalimentaria y recibiendo unos precios del girasol inaceptables y completamente injustificados\u201d.<\/p>\n<p>Por ello, desde la organizaci\u00f3n agraria no descartan continuar con el proceso de movilizaciones, endurecer las reivindicaciones y dirigir las protestas no solo a la Administraci\u00f3n, sino tambi\u00e9n hacia a los que consideran responsables de esta situaci\u00f3n.<\/p>\n<p>Gallardo ha subrayado que \u201cmientras en el a\u00f1o 2000, en Espa\u00f1a, se importaban 70.000 toneladas de aceite de palma, en la actualidad se alcanzan los 1,8 millones de toneladas, con una inadmisible pasividad e inacci\u00f3n de las Administraciones. Hemos pasado a importar m\u00e1s del doble de aceite de palma que aceite de girasol producimos. Y todo ello ha provocado que en los supermercados nos encontremos las mismas galletas y los mismos helados que hace 20 a\u00f1os, pero ahora elaborados en un 95% con aceite de palma\u201d. Algo mal estaremos haciendo, ya que \u201cpa\u00edses como Francia, importan una d\u00e9cima parte de este aceite a pesar de contar con una poblaci\u00f3n mayor, apoyando as\u00ed a los agricultores y producciones nacionales\u201d.<\/p>\n<p>En este sentido, <strong>ASAJA ha pedido que se renuncie al aceite de palma en nuestra industria, as\u00ed como a las importaciones de girasol de terceros pa\u00edses que no cumplen con la misma normativa de producci\u00f3n europea<\/strong>, pues el consumidor est\u00e1 dispuesto a pagar algo m\u00e1s por productos de mayor calidad, valor a\u00f1adido y con las garant\u00edas de seguridad alimentaria que ofrecen los aceites espa\u00f1oles de oliva y girasol.<\/p>\n<p>Adem\u00e1s de la industria agroalimentaria, la organizaci\u00f3n agraria ha hecho tambi\u00e9n un llamamiento a los consumidores para que demanden alimentos sostenibles frente a las importaciones extracomunitarias que no cumplen con las mismas exigencias de producci\u00f3n. En este sentido, Gallardo ha recordado que \u201cel aceite de girasol espa\u00f1ol es el m\u00e1s sostenible del mundo, pues es en Europa el \u00fanico lugar donde no se permite el uso de neonicotinoides, unos insecticidas que s\u00ed est\u00e1n permitidos en las producciones que importamos de Canad\u00e1, Ucrania, Rusia o Bielorrusia\u201d.<\/p>\n<p>Ante este escenario, ASAJA ha pedido un mayor compromiso de todos con el sector productor de girasol espa\u00f1ol que, adem\u00e1s, tiene gran importancia desde el punto de vista ambiental, pues act\u00faa como cortafuegos en el periodo estival, favorece la polinizaci\u00f3n, ya que la floraci\u00f3n se produce en pleno verano, y propicia una rotaci\u00f3n eficaz con la eliminaci\u00f3n de malas hierbas.<\/p>\n<p><strong>Castilla y Le\u00f3n<\/strong><\/p>\n<p>En Castilla y Le\u00f3n preocupa especialmente esta tendencia en los precios, constatada primero en el sur de Espa\u00f1a, donde ya se est\u00e1 cosechando. Castilla y Le\u00f3n es la comunidad aut\u00f3noma con m\u00e1s producci\u00f3n de girasol, seguida por Andaluc\u00eda y Castilla-La Mancha: entre las tres, aportan cerca del 95 por ciento de la superficie de girasol nacional.<\/p>\n<p>Este a\u00f1o habr\u00eda en Castilla y Le\u00f3n cerca de 270.000 hect\u00e1reas de girasol, cifra inferior a la del a\u00f1o pasado (296.000 ha). Por provincias, tiene m\u00e1s peso en Burgos (66.281), seguida por Valladolid (42.185), Palencia (40.099), Soria (37.276), Segovia (27.016), Zamora (24.733), Salamanca (15.547), Le\u00f3n (12.439) y \u00c1vila (3.733).<\/p>\n","protected":false},"excerpt":{"rendered":"<p>Mientras, las importaciones de aceite de palma se incrementan hasta suponer m\u00e1s del doble del aceite de girasol que producimos ASAJA ha denunciado una dr\u00e1stica ca\u00edda del 30% en el precio del aceite de girasol alto oleico con respecto a la campa\u00f1a anterior por motivos que, seg\u00fan ha declarado la organizaci\u00f3n agraria, son totalmente injustificados. [&hellip;]<\/p>\n","protected":false},"author":9,"featured_media":5427,"comment_status":"open","ping_status":"open","sticky":false,"template":"","format":"standard","meta":{"footnotes":""},"categories":[28,1],"tags":[],"yoast_head":"<!-- This site is optimized with the Yoast SEO plugin v24.5 - https:\/\/yoast.com\/wordpress\/plugins\/seo\/ -->\n<title>ASAJA DENUNCIA UNA INJUSTIFICADA CA\u00cdDA DEL 30% EN EL PRECIO DEL ACEITE DE GIRASOL - ASAJA Palencia<\/title>\n<meta name=\"description\" content=\"Mientras, las importaciones de aceite de palma se incrementan hasta suponer m\u00e1s del doble del aceite de girasol que producimos ASAJA ha denunciado una\" \/>\n<meta name=\"robots\" content=\"index, follow, max-snippet:-1, max-image-preview:large, max-video-preview:-1\" \/>\n<link rel=\"canonical\" href=\"https:\/\/www.asajacyl.com\/palencia\/sin-categoria\/asaja-denuncia-una-injustificada-caida-del-30-precio-del-aceite-girasol\" \/>\n<meta property=\"og:locale\" content=\"es_ES\" \/>\n<meta property=\"og:type\" content=\"article\" \/>\n<meta property=\"og:title\" content=\"ASAJA DENUNCIA UNA INJUSTIFICADA CA\u00cdDA DEL 30% EN EL PRECIO DEL ACEITE DE GIRASOL - ASAJA Palencia\" \/>\n<meta property=\"og:description\" content=\"Mientras, las importaciones de aceite de palma se incrementan hasta suponer m\u00e1s del doble del aceite de girasol que producimos ASAJA ha denunciado una\" \/>\n<meta property=\"og:url\" content=\"https:\/\/www.asajacyl.com\/palencia\/sin-categoria\/asaja-denuncia-una-injustificada-caida-del-30-precio-del-aceite-girasol\" \/>\n<meta property=\"og:site_name\" content=\"ASAJA Palencia\" \/>\n<meta property=\"article:published_time\" content=\"2020-08-01T22:28:20+00:00\" \/>\n<meta property=\"article:modified_time\" content=\"2020-12-15T12:19:37+00:00\" \/>\n<meta property=\"og:image\" content=\"https:\/\/www.asajacyl.com\/palencia\/wp-content\/uploads\/sites\/3\/2018\/09\/Captura.jpg\" \/>\n\t<meta property=\"og:image:width\" content=\"1241\" \/>\n\t<meta property=\"og:image:height\" content=\"426\" \/>\n\t<meta property=\"og:image:type\" content=\"image\/jpeg\" \/>\n<meta name=\"author\" content=\"Administrador\" \/>\n<meta name=\"twitter:card\" content=\"summary_large_image\" \/>\n<meta name=\"twitter:label1\" content=\"Escrito por\" \/>\n\t<meta name=\"twitter:data1\" content=\"Administrador\" \/>\n\t<meta name=\"twitter:label2\" content=\"Tiempo de lectura\" \/>\n\t<meta name=\"twitter:data2\" content=\"4 minutos\" \/>\n<script type=\"application\/ld+json\" class=\"yoast-schema-graph\">{\"@context\":\"https:\/\/schema.org\",\"@graph\":[{\"@type\":\"WebPage\",\"@id\":\"https:\/\/www.asajacyl.com\/palencia\/sin-categoria\/asaja-denuncia-una-injustificada-caida-del-30-precio-del-aceite-girasol\",\"url\":\"https:\/\/www.asajacyl.com\/palencia\/sin-categoria\/asaja-denuncia-una-injustificada-caida-del-30-precio-del-aceite-girasol\",\"name\":\"ASAJA DENUNCIA UNA INJUSTIFICADA CA\u00cdDA DEL 30% EN EL PRECIO DEL ACEITE DE GIRASOL - ASAJA Palencia\",\"isPartOf\":{\"@id\":\"https:\/\/www.asajacyl.com\/palencia\/#website\"},\"primaryImageOfPage\":{\"@id\":\"https:\/\/www.asajacyl.com\/palencia\/sin-categoria\/asaja-denuncia-una-injustificada-caida-del-30-precio-del-aceite-girasol#primaryimage\"},\"image\":{\"@id\":\"https:\/\/www.asajacyl.com\/palencia\/sin-categoria\/asaja-denuncia-una-injustificada-caida-del-30-precio-del-aceite-girasol#primaryimage\"},\"thumbnailUrl\":\"https:\/\/www.asajacyl.com\/palencia\/wp-content\/uploads\/sites\/3\/2018\/09\/Captura.jpg\",\"datePublished\":\"2020-08-01T22:28:20+00:00\",\"dateModified\":\"2020-12-15T12:19:37+00:00\",\"author\":{\"@id\":\"https:\/\/www.asajacyl.com\/palencia\/#\/schema\/person\/3ab17aeb03527485c317557fae64aab1\"},\"description\":\"Mientras, las importaciones de aceite de palma se incrementan hasta suponer m\u00e1s del doble del aceite de girasol que producimos ASAJA ha denunciado una\",\"breadcrumb\":{\"@id\":\"https:\/\/www.asajacyl.com\/palencia\/sin-categoria\/asaja-denuncia-una-injustificada-caida-del-30-precio-del-aceite-girasol#breadcrumb\"},\"inLanguage\":\"es\",\"potentialAction\":[{\"@type\":\"ReadAction\",\"target\":[\"https:\/\/www.asajacyl.com\/palencia\/sin-categoria\/asaja-denuncia-una-injustificada-caida-del-30-precio-del-aceite-girasol\"]}]},{\"@type\":\"ImageObject\",\"inLanguage\":\"es\",\"@id\":\"https:\/\/www.asajacyl.com\/palencia\/sin-categoria\/asaja-denuncia-una-injustificada-caida-del-30-precio-del-aceite-girasol#primaryimage\",\"url\":\"https:\/\/www.asajacyl.com\/palencia\/wp-content\/uploads\/sites\/3\/2018\/09\/Captura.jpg\",\"contentUrl\":\"https:\/\/www.asajacyl.com\/palencia\/wp-content\/uploads\/sites\/3\/2018\/09\/Captura.jpg\",\"width\":1241,\"height\":426},{\"@type\":\"BreadcrumbList\",\"@id\":\"https:\/\/www.asajacyl.com\/palencia\/sin-categoria\/asaja-denuncia-una-injustificada-caida-del-30-precio-del-aceite-girasol#breadcrumb\",\"itemListElement\":[{\"@type\":\"ListItem\",\"position\":1,\"name\":\"Portada\",\"item\":\"https:\/\/www.asajacyl.com\/palencia\/\"},{\"@type\":\"ListItem\",\"position\":2,\"name\":\"ASAJA DENUNCIA UNA INJUSTIFICADA CA\u00cdDA DEL 30% EN EL PRECIO DEL ACEITE DE GIRASOL\"}]},{\"@type\":\"WebSite\",\"@id\":\"https:\/\/www.asajacyl.com\/palencia\/#website\",\"url\":\"https:\/\/www.asajacyl.com\/palencia\/\",\"name\":\"ASAJA Palencia\",\"description\":\"Otro sitio m\u00e1s de Provincias ASAJA Castilla y Le\u00f3n\",\"potentialAction\":[{\"@type\":\"SearchAction\",\"target\":{\"@type\":\"EntryPoint\",\"urlTemplate\":\"https:\/\/www.asajacyl.com\/palencia\/?s={search_term_string}\"},\"query-input\":{\"@type\":\"PropertyValueSpecification\",\"valueRequired\":true,\"valueName\":\"search_term_string\"}}],\"inLanguage\":\"es\"},{\"@type\":\"Person\",\"@id\":\"https:\/\/www.asajacyl.com\/palencia\/#\/schema\/person\/3ab17aeb03527485c317557fae64aab1\",\"name\":\"Administrador\",\"image\":{\"@type\":\"ImageObject\",\"inLanguage\":\"es\",\"@id\":\"https:\/\/www.asajacyl.com\/palencia\/#\/schema\/person\/image\/\",\"url\":\"https:\/\/secure.gravatar.com\/avatar\/517384810d242ca9e38c180f3c9fb973?s=96&d=mm&r=g\",\"contentUrl\":\"https:\/\/secure.gravatar.com\/avatar\/517384810d242ca9e38c180f3c9fb973?s=96&d=mm&r=g\",\"caption\":\"Administrador\"},\"url\":\"https:\/\/www.asajacyl.com\/palencia\/author\/carlosrm\"}]}<\/script>\n<!-- \/ Yoast SEO plugin. -->","yoast_head_json":{"title":"ASAJA DENUNCIA UNA INJUSTIFICADA CA\u00cdDA DEL 30% EN EL PRECIO DEL ACEITE DE GIRASOL - ASAJA Palencia","description":"Mientras, las importaciones de aceite de palma se incrementan hasta suponer m\u00e1s del doble del aceite de girasol que producimos ASAJA ha denunciado una","robots":{"index":"index","follow":"follow","max-snippet":"max-snippet:-1","max-image-preview":"max-image-preview:large","max-video-preview":"max-video-preview:-1"},"canonical":"https:\/\/www.asajacyl.com\/palencia\/sin-categoria\/asaja-denuncia-una-injustificada-caida-del-30-precio-del-aceite-girasol","og_locale":"es_ES","og_type":"article","og_title":"ASAJA DENUNCIA UNA INJUSTIFICADA CA\u00cdDA DEL 30% EN EL PRECIO DEL ACEITE DE GIRASOL - ASAJA Palencia","og_description":"Mientras, las importaciones de aceite de palma se incrementan hasta suponer m\u00e1s del doble del aceite de girasol que producimos ASAJA ha denunciado una","og_url":"https:\/\/www.asajacyl.com\/palencia\/sin-categoria\/asaja-denuncia-una-injustificada-caida-del-30-precio-del-aceite-girasol","og_site_name":"ASAJA Palencia","article_published_time":"2020-08-01T22:28:20+00:00","article_modified_time":"2020-12-15T12:19:37+00:00","og_image":[{"width":1241,"height":426,"url":"https:\/\/www.asajacyl.com\/palencia\/wp-content\/uploads\/sites\/3\/2018\/09\/Captura.jpg","type":"image\/jpeg"}],"author":"Administrador","twitter_card":"summary_large_image","twitter_misc":{"Escrito por":"Administrador","Tiempo de lectura":"4 minutos"},"schema":{"@context":"https:\/\/schema.org","@graph":[{"@type":"WebPage","@id":"https:\/\/www.asajacyl.com\/palencia\/sin-categoria\/asaja-denuncia-una-injustificada-caida-del-30-precio-del-aceite-girasol","url":"https:\/\/www.asajacyl.com\/palencia\/sin-categoria\/asaja-denuncia-una-injustificada-caida-del-30-precio-del-aceite-girasol","name":"ASAJA DENUNCIA UNA INJUSTIFICADA CA\u00cdDA DEL 30% EN EL PRECIO DEL ACEITE DE GIRASOL - ASAJA Palencia","isPartOf":{"@id":"https:\/\/www.asajacyl.com\/palencia\/#website"},"primaryImageOfPage":{"@id":"https:\/\/www.asajacyl.com\/palencia\/sin-categoria\/asaja-denuncia-una-injustificada-caida-del-30-precio-del-aceite-girasol#primaryimage"},"image":{"@id":"https:\/\/www.asajacyl.com\/palencia\/sin-categoria\/asaja-denuncia-una-injustificada-caida-del-30-precio-del-aceite-girasol#primaryimage"},"thumbnailUrl":"https:\/\/www.asajacyl.com\/palencia\/wp-content\/uploads\/sites\/3\/2018\/09\/Captura.jpg","datePublished":"2020-08-01T22:28:20+00:00","dateModified":"2020-12-15T12:19:37+00:00","author":{"@id":"https:\/\/www.asajacyl.com\/palencia\/#\/schema\/person\/3ab17aeb03527485c317557fae64aab1"},"description":"Mientras, las importaciones de aceite de palma se incrementan hasta suponer m\u00e1s del doble del aceite de girasol que producimos ASAJA ha denunciado una","breadcrumb":{"@id":"https:\/\/www.asajacyl.com\/palencia\/sin-categoria\/asaja-denuncia-una-injustificada-caida-del-30-precio-del-aceite-girasol#breadcrumb"},"inLanguage":"es","potentialAction":[{"@type":"ReadAction","target":["https:\/\/www.asajacyl.com\/palencia\/sin-categoria\/asaja-denuncia-una-injustificada-caida-del-30-precio-del-aceite-girasol"]}]},{"@type":"ImageObject","inLanguage":"es","@id":"https:\/\/www.asajacyl.com\/palencia\/sin-categoria\/asaja-denuncia-una-injustificada-caida-del-30-precio-del-aceite-girasol#primaryimage","url":"https:\/\/www.asajacyl.com\/palencia\/wp-content\/uploads\/sites\/3\/2018\/09\/Captura.jpg","contentUrl":"https:\/\/www.asajacyl.com\/palencia\/wp-content\/uploads\/sites\/3\/2018\/09\/Captura.jpg","width":1241,"height":426},{"@type":"BreadcrumbList","@id":"https:\/\/www.asajacyl.com\/palencia\/sin-categoria\/asaja-denuncia-una-injustificada-caida-del-30-precio-del-aceite-girasol#breadcrumb","itemListElement":[{"@type":"ListItem","position":1,"name":"Portada","item":"https:\/\/www.asajacyl.com\/palencia\/"},{"@type":"ListItem","position":2,"name":"ASAJA DENUNCIA UNA INJUSTIFICADA CA\u00cdDA DEL 30% EN EL PRECIO DEL ACEITE DE GIRASOL"}]},{"@type":"WebSite","@id":"https:\/\/www.asajacyl.com\/palencia\/#website","url":"https:\/\/www.asajacyl.com\/palencia\/","name":"ASAJA Palencia","description":"Otro sitio m\u00e1s de Provincias ASAJA Castilla y Le\u00f3n","potentialAction":[{"@type":"SearchAction","target":{"@type":"EntryPoint","urlTemplate":"https:\/\/www.asajacyl.com\/palencia\/?s={search_term_string}"},"query-input":{"@type":"PropertyValueSpecification","valueRequired":true,"valueName":"search_term_string"}}],"inLanguage":"es"},{"@type":"Person","@id":"https:\/\/www.asajacyl.com\/palencia\/#\/schema\/person\/3ab17aeb03527485c317557fae64aab1","name":"Administrador","image":{"@type":"ImageObject","inLanguage":"es","@id":"https:\/\/www.asajacyl.com\/palencia\/#\/schema\/person\/image\/","url":"https:\/\/secure.gravatar.com\/avatar\/517384810d242ca9e38c180f3c9fb973?s=96&d=mm&r=g","contentUrl":"https:\/\/secure.gravatar.com\/avatar\/517384810d242ca9e38c180f3c9fb973?s=96&d=mm&r=g","caption":"Administrador"},"url":"https:\/\/www.asajacyl.com\/palencia\/author\/carlosrm"}]}},"_links":{"self":[{"href":"https:\/\/www.asajacyl.com\/palencia\/wp-json\/wp\/v2\/posts\/7535"}],"collection":[{"href":"https:\/\/www.asajacyl.com\/palencia\/wp-json\/wp\/v2\/posts"}],"about":[{"href":"https:\/\/www.asajacyl.com\/palencia\/wp-json\/wp\/v2\/types\/post"}],"author":[{"embeddable":true,"href":"https:\/\/www.asajacyl.com\/palencia\/wp-json\/wp\/v2\/users\/9"}],"replies":[{"embeddable":true,"href":"https:\/\/www.asajacyl.com\/palencia\/wp-json\/wp\/v2\/comments?post=7535"}],"version-history":[{"count":3,"href":"https:\/\/www.asajacyl.com\/palencia\/wp-json\/wp\/v2\/posts\/7535\/revisions"}],"predecessor-version":[{"id":7539,"href":"https:\/\/www.asajacyl.com\/palencia\/wp-json\/wp\/v2\/posts\/7535\/revisions\/7539"}],"wp:featuredmedia":[{"embeddable":true,"href":"https:\/\/www.asajacyl.com\/palencia\/wp-json\/wp\/v2\/media\/5427"}],"wp:attachment":[{"href":"https:\/\/www.asajacyl.com\/palencia\/wp-json\/wp\/v2\/media?parent=7535"}],"wp:term":[{"taxonomy":"category","embeddable":true,"href":"https:\/\/www.asajacyl.com\/palencia\/wp-json\/wp\/v2\/categories?post=7535"},{"taxonomy":"post_tag","embeddable":true,"href":"https:\/\/www.asajacyl.com\/palencia\/wp-json\/wp\/v2\/tags?post=7535"}],"curies":[{"name":"wp","href":"https:\/\/api.w.org\/{rel}","templated":true}]}}