{"id":7672,"date":"2020-10-15T12:12:59","date_gmt":"2020-10-15T10:12:59","guid":{"rendered":"https:\/\/www.asajacyl.com\/palencia\/?p=7672"},"modified":"2020-10-15T12:13:00","modified_gmt":"2020-10-15T10:13:00","slug":"la-crisis-por-la-covid-no-debe-paralizar-los-avances-de-la-mujer-como-protagonista-del-mundo-rural","status":"publish","type":"post","link":"https:\/\/www.asajacyl.com\/palencia\/asaja-palencia-informa\/noticias\/la-crisis-por-la-covid-no-debe-paralizar-los-avances-de-la-mujer-como-protagonista-del-mundo-rural","title":{"rendered":"La crisis por la covid no debe paralizar los avances de la mujer como protagonista del mundo rural"},"content":{"rendered":"\n<p><strong>Para ASAJA es fundamental que la crisis econ\u00f3mica que vivimos a consecuencia de la covid no paralice ni ponga obst\u00e1culos a\u00f1adidos a que la mujer siga dando pasos s\u00f3lidos en su avance al frente de proyectos profesionales y empresariales en el mundo rural.<\/strong><\/p>\n\n\n\n<p>Hoy, 15 de octubre, se celebra el D\u00eda internacional de la mujer rural. En este 2020 se cumple m\u00e1s que nunca los motivos por los que la ONU decidi\u00f3 dedicar una fecha a la mujer rural: reconocer su funci\u00f3n y contribuci\u00f3n decisivas a la promoci\u00f3n del desarrollo agr\u00edcola y rural. La pandemia ha puesto a prueba las redes de colaboraci\u00f3n vecinal de unos pueblos con pocos habitantes y servicios escasos, y las mujeres han estado y est\u00e1n en primera l\u00ednea contribuyendo a que se sostenga actividad, asistencia y apoyo. Hay ejemplos que han saltado a la opini\u00f3n p\u00fablica en estos meses, como la elaboraci\u00f3n de equipos de protecci\u00f3n por parte de voluntarias de diferentes pueblos, pero tambi\u00e9n ejemplos diarios de colaboraci\u00f3n que no se conocen: desde acompa\u00f1ar a vecinos con problemas de movilidad al m\u00e9dico, ayudar a hacer tr\u00e1mites telef\u00f3nicos y online, recoger y acercar alimentos y recetas, etc.<\/p>\n\n\n\n<p>Siendo todas estas tareas esenciales en el momento que vivimos, para&nbsp;<strong>ASAJA es fundamental que la crisis econ\u00f3mica no paralice ni ponga obst\u00e1culos a\u00f1adidos a que la mujer siga dando pasos s\u00f3lidos en su avance al frente de proyectos profesionales y empresariales en el mundo rural<\/strong>. Hace solo unos meses, se conoc\u00edan los datos de la \u00faltima convocatoria de incorporaciones al sector agroganadero, 286 eran mujeres, un 32,4 por ciento del total, casi diez puntos por encima a la proporci\u00f3n que se manten\u00eda en la \u00faltima d\u00e9cada (solo un 22% eran mujeres). Otro dato significativo y que se recoge en una reciente encuesta elaborada desde la Consejer\u00eda de Agricultura, ganader\u00eda y Desarrollo Rural, es que cuanto m\u00e1s peque\u00f1a es la localidad donde residen, mayor es el porcentaje de mujeres que se dedican al sector agrario, lo que prueba que&nbsp;<strong>el campo es un sector que resiste y crea empleo en los entornos m\u00e1s complicados<\/strong>, como es el medio rural. Un dato para tener muy en cuenta a la hora de apoyar medidas enfocadas al sostenimiento de poblaci\u00f3n.<\/p>\n\n\n\n<p>\u201cLa capacidad de trabajo, resistencia demostrada y ganas de avanzar y abrir caminos hacen presagiar un gran futuro para las mujeres en un sector agrario y ganadero cada vez m\u00e1s exigente y sostenible\u201d, apunta ASAJA, que apunta que\u00a0<strong>es obligaci\u00f3n de las administraciones trazar medidas de apoyo para que las mujeres rurales puedan desarrollar todo su potencial<\/strong>. La venta directa de productos, normativa que en estos momentos se prepara en Castilla y Le\u00f3n, pueden abrir caminos para mujeres que desean comercializar directamente su producci\u00f3n. Tambi\u00e9n es fundamental que se garantice una cobertura de internet r\u00e1pida y eficiente en todo el territorio, herramienta esencial tanto por motivos profesionales como personales. Por \u00faltimo, es muy importante que se les ofrezca cualquier tipo de asesoramiento y formaci\u00f3n especializada y continuada que requieran para que sus proyectos de emprendimiento sintonicen con el mercado y tengan \u00e9xito, algo en lo que desde las oficinas de ASAJA se est\u00e1 trabajando.<\/p>\n\n\n\n<figure class=\"wp-block-image size-large\"><img loading=\"lazy\" decoding=\"async\" width=\"1024\" height=\"1024\" src=\"https:\/\/www.asajacyl.com\/palencia\/wp-content\/uploads\/sites\/3\/2020\/10\/mujer-rural-1024x1024.png\" alt=\"\" class=\"wp-image-7673\" srcset=\"https:\/\/www.asajacyl.com\/palencia\/wp-content\/uploads\/sites\/3\/2020\/10\/mujer-rural-1024x1024.png 1024w, https:\/\/www.asajacyl.com\/palencia\/wp-content\/uploads\/sites\/3\/2020\/10\/mujer-rural-300x300.png 300w, https:\/\/www.asajacyl.com\/palencia\/wp-content\/uploads\/sites\/3\/2020\/10\/mujer-rural-150x150.png 150w, https:\/\/www.asajacyl.com\/palencia\/wp-content\/uploads\/sites\/3\/2020\/10\/mujer-rural-768x768.png 768w, https:\/\/www.asajacyl.com\/palencia\/wp-content\/uploads\/sites\/3\/2020\/10\/mujer-rural-696x696.png 696w, https:\/\/www.asajacyl.com\/palencia\/wp-content\/uploads\/sites\/3\/2020\/10\/mujer-rural-1068x1068.png 1068w, https:\/\/www.asajacyl.com\/palencia\/wp-content\/uploads\/sites\/3\/2020\/10\/mujer-rural-420x420.png 420w, https:\/\/www.asajacyl.com\/palencia\/wp-content\/uploads\/sites\/3\/2020\/10\/mujer-rural.png 1080w\" sizes=\"(max-width: 1024px) 100vw, 1024px\" \/><\/figure>\n\n\n\n<p><\/p>\n","protected":false},"excerpt":{"rendered":"<p>Para ASAJA es fundamental que la crisis econ\u00f3mica que vivimos a consecuencia de la covid no paralice ni ponga obst\u00e1culos a\u00f1adidos a que la mujer siga dando pasos s\u00f3lidos en su avance al frente de proyectos profesionales y empresariales en el mundo rural. Hoy, 15 de octubre, se celebra el D\u00eda internacional de la mujer [&hellip;]<\/p>\n","protected":false},"author":9,"featured_media":7673,"comment_status":"open","ping_status":"open","sticky":false,"template":"","format":"standard","meta":{"footnotes":""},"categories":[28],"tags":[],"yoast_head":"<!-- This site is optimized with the Yoast SEO plugin v24.5 - https:\/\/yoast.com\/wordpress\/plugins\/seo\/ -->\n<title>La crisis por la covid no debe paralizar los avances de la mujer como protagonista del mundo rural - ASAJA Palencia<\/title>\n<meta name=\"description\" content=\"Para ASAJA es fundamental que la crisis econ\u00f3mica que vivimos a consecuencia de la covid no paralice ni ponga obst\u00e1culos a\u00f1adidos a que la mujer siga\" \/>\n<meta name=\"robots\" content=\"index, follow, max-snippet:-1, max-image-preview:large, max-video-preview:-1\" \/>\n<link rel=\"canonical\" href=\"https:\/\/www.asajacyl.com\/palencia\/asaja-palencia-informa\/noticias\/la-crisis-por-la-covid-no-debe-paralizar-los-avances-de-la-mujer-como-protagonista-del-mundo-rural\" \/>\n<meta property=\"og:locale\" content=\"es_ES\" \/>\n<meta property=\"og:type\" content=\"article\" \/>\n<meta property=\"og:title\" content=\"La crisis por la covid no debe paralizar los avances de la mujer como protagonista del mundo rural - ASAJA Palencia\" \/>\n<meta property=\"og:description\" content=\"Para ASAJA es fundamental que la crisis econ\u00f3mica que vivimos a consecuencia de la covid no paralice ni ponga obst\u00e1culos a\u00f1adidos a que la mujer siga\" \/>\n<meta property=\"og:url\" content=\"https:\/\/www.asajacyl.com\/palencia\/asaja-palencia-informa\/noticias\/la-crisis-por-la-covid-no-debe-paralizar-los-avances-de-la-mujer-como-protagonista-del-mundo-rural\" \/>\n<meta property=\"og:site_name\" content=\"ASAJA Palencia\" \/>\n<meta property=\"article:published_time\" content=\"2020-10-15T10:12:59+00:00\" \/>\n<meta property=\"article:modified_time\" content=\"2020-10-15T10:13:00+00:00\" \/>\n<meta property=\"og:image\" content=\"https:\/\/www.asajacyl.com\/palencia\/wp-content\/uploads\/sites\/3\/2020\/10\/mujer-rural.png\" \/>\n\t<meta property=\"og:image:width\" content=\"1080\" \/>\n\t<meta property=\"og:image:height\" content=\"1080\" \/>\n\t<meta property=\"og:image:type\" content=\"image\/png\" \/>\n<meta name=\"author\" content=\"Administrador\" \/>\n<meta name=\"twitter:card\" content=\"summary_large_image\" \/>\n<meta name=\"twitter:label1\" content=\"Escrito por\" \/>\n\t<meta name=\"twitter:data1\" content=\"Administrador\" \/>\n\t<meta name=\"twitter:label2\" content=\"Tiempo de lectura\" \/>\n\t<meta name=\"twitter:data2\" content=\"3 minutos\" \/>\n<script type=\"application\/ld+json\" class=\"yoast-schema-graph\">{\"@context\":\"https:\/\/schema.org\",\"@graph\":[{\"@type\":\"WebPage\",\"@id\":\"https:\/\/www.asajacyl.com\/palencia\/asaja-palencia-informa\/noticias\/la-crisis-por-la-covid-no-debe-paralizar-los-avances-de-la-mujer-como-protagonista-del-mundo-rural\",\"url\":\"https:\/\/www.asajacyl.com\/palencia\/asaja-palencia-informa\/noticias\/la-crisis-por-la-covid-no-debe-paralizar-los-avances-de-la-mujer-como-protagonista-del-mundo-rural\",\"name\":\"La crisis por la covid no debe paralizar los avances de la mujer como protagonista del mundo rural - ASAJA Palencia\",\"isPartOf\":{\"@id\":\"https:\/\/www.asajacyl.com\/palencia\/#website\"},\"primaryImageOfPage\":{\"@id\":\"https:\/\/www.asajacyl.com\/palencia\/asaja-palencia-informa\/noticias\/la-crisis-por-la-covid-no-debe-paralizar-los-avances-de-la-mujer-como-protagonista-del-mundo-rural#primaryimage\"},\"image\":{\"@id\":\"https:\/\/www.asajacyl.com\/palencia\/asaja-palencia-informa\/noticias\/la-crisis-por-la-covid-no-debe-paralizar-los-avances-de-la-mujer-como-protagonista-del-mundo-rural#primaryimage\"},\"thumbnailUrl\":\"https:\/\/www.asajacyl.com\/palencia\/wp-content\/uploads\/sites\/3\/2020\/10\/mujer-rural.png\",\"datePublished\":\"2020-10-15T10:12:59+00:00\",\"dateModified\":\"2020-10-15T10:13:00+00:00\",\"author\":{\"@id\":\"https:\/\/www.asajacyl.com\/palencia\/#\/schema\/person\/3ab17aeb03527485c317557fae64aab1\"},\"description\":\"Para ASAJA es fundamental que la crisis econ\u00f3mica que vivimos a consecuencia de la covid no paralice ni ponga obst\u00e1culos a\u00f1adidos a que la mujer siga\",\"breadcrumb\":{\"@id\":\"https:\/\/www.asajacyl.com\/palencia\/asaja-palencia-informa\/noticias\/la-crisis-por-la-covid-no-debe-paralizar-los-avances-de-la-mujer-como-protagonista-del-mundo-rural#breadcrumb\"},\"inLanguage\":\"es\",\"potentialAction\":[{\"@type\":\"ReadAction\",\"target\":[\"https:\/\/www.asajacyl.com\/palencia\/asaja-palencia-informa\/noticias\/la-crisis-por-la-covid-no-debe-paralizar-los-avances-de-la-mujer-como-protagonista-del-mundo-rural\"]}]},{\"@type\":\"ImageObject\",\"inLanguage\":\"es\",\"@id\":\"https:\/\/www.asajacyl.com\/palencia\/asaja-palencia-informa\/noticias\/la-crisis-por-la-covid-no-debe-paralizar-los-avances-de-la-mujer-como-protagonista-del-mundo-rural#primaryimage\",\"url\":\"https:\/\/www.asajacyl.com\/palencia\/wp-content\/uploads\/sites\/3\/2020\/10\/mujer-rural.png\",\"contentUrl\":\"https:\/\/www.asajacyl.com\/palencia\/wp-content\/uploads\/sites\/3\/2020\/10\/mujer-rural.png\",\"width\":1080,\"height\":1080},{\"@type\":\"BreadcrumbList\",\"@id\":\"https:\/\/www.asajacyl.com\/palencia\/asaja-palencia-informa\/noticias\/la-crisis-por-la-covid-no-debe-paralizar-los-avances-de-la-mujer-como-protagonista-del-mundo-rural#breadcrumb\",\"itemListElement\":[{\"@type\":\"ListItem\",\"position\":1,\"name\":\"Portada\",\"item\":\"https:\/\/www.asajacyl.com\/palencia\/\"},{\"@type\":\"ListItem\",\"position\":2,\"name\":\"La crisis por la covid no debe paralizar los avances de la mujer como protagonista del mundo rural\"}]},{\"@type\":\"WebSite\",\"@id\":\"https:\/\/www.asajacyl.com\/palencia\/#website\",\"url\":\"https:\/\/www.asajacyl.com\/palencia\/\",\"name\":\"ASAJA Palencia\",\"description\":\"Otro sitio m\u00e1s de Provincias ASAJA Castilla y Le\u00f3n\",\"potentialAction\":[{\"@type\":\"SearchAction\",\"target\":{\"@type\":\"EntryPoint\",\"urlTemplate\":\"https:\/\/www.asajacyl.com\/palencia\/?s={search_term_string}\"},\"query-input\":{\"@type\":\"PropertyValueSpecification\",\"valueRequired\":true,\"valueName\":\"search_term_string\"}}],\"inLanguage\":\"es\"},{\"@type\":\"Person\",\"@id\":\"https:\/\/www.asajacyl.com\/palencia\/#\/schema\/person\/3ab17aeb03527485c317557fae64aab1\",\"name\":\"Administrador\",\"image\":{\"@type\":\"ImageObject\",\"inLanguage\":\"es\",\"@id\":\"https:\/\/www.asajacyl.com\/palencia\/#\/schema\/person\/image\/\",\"url\":\"https:\/\/secure.gravatar.com\/avatar\/517384810d242ca9e38c180f3c9fb973?s=96&d=mm&r=g\",\"contentUrl\":\"https:\/\/secure.gravatar.com\/avatar\/517384810d242ca9e38c180f3c9fb973?s=96&d=mm&r=g\",\"caption\":\"Administrador\"},\"url\":\"https:\/\/www.asajacyl.com\/palencia\/author\/carlosrm\"}]}<\/script>\n<!-- \/ Yoast SEO plugin. -->","yoast_head_json":{"title":"La crisis por la covid no debe paralizar los avances de la mujer como protagonista del mundo rural - ASAJA Palencia","description":"Para ASAJA es fundamental que la crisis econ\u00f3mica que vivimos a consecuencia de la covid no paralice ni ponga obst\u00e1culos a\u00f1adidos a que la mujer siga","robots":{"index":"index","follow":"follow","max-snippet":"max-snippet:-1","max-image-preview":"max-image-preview:large","max-video-preview":"max-video-preview:-1"},"canonical":"https:\/\/www.asajacyl.com\/palencia\/asaja-palencia-informa\/noticias\/la-crisis-por-la-covid-no-debe-paralizar-los-avances-de-la-mujer-como-protagonista-del-mundo-rural","og_locale":"es_ES","og_type":"article","og_title":"La crisis por la covid no debe paralizar los avances de la mujer como protagonista del mundo rural - ASAJA Palencia","og_description":"Para ASAJA es fundamental que la crisis econ\u00f3mica que vivimos a consecuencia de la covid no paralice ni ponga obst\u00e1culos a\u00f1adidos a que la mujer siga","og_url":"https:\/\/www.asajacyl.com\/palencia\/asaja-palencia-informa\/noticias\/la-crisis-por-la-covid-no-debe-paralizar-los-avances-de-la-mujer-como-protagonista-del-mundo-rural","og_site_name":"ASAJA Palencia","article_published_time":"2020-10-15T10:12:59+00:00","article_modified_time":"2020-10-15T10:13:00+00:00","og_image":[{"width":1080,"height":1080,"url":"https:\/\/www.asajacyl.com\/palencia\/wp-content\/uploads\/sites\/3\/2020\/10\/mujer-rural.png","type":"image\/png"}],"author":"Administrador","twitter_card":"summary_large_image","twitter_misc":{"Escrito por":"Administrador","Tiempo de lectura":"3 minutos"},"schema":{"@context":"https:\/\/schema.org","@graph":[{"@type":"WebPage","@id":"https:\/\/www.asajacyl.com\/palencia\/asaja-palencia-informa\/noticias\/la-crisis-por-la-covid-no-debe-paralizar-los-avances-de-la-mujer-como-protagonista-del-mundo-rural","url":"https:\/\/www.asajacyl.com\/palencia\/asaja-palencia-informa\/noticias\/la-crisis-por-la-covid-no-debe-paralizar-los-avances-de-la-mujer-como-protagonista-del-mundo-rural","name":"La crisis por la covid no debe paralizar los avances de la mujer como protagonista del mundo rural - ASAJA Palencia","isPartOf":{"@id":"https:\/\/www.asajacyl.com\/palencia\/#website"},"primaryImageOfPage":{"@id":"https:\/\/www.asajacyl.com\/palencia\/asaja-palencia-informa\/noticias\/la-crisis-por-la-covid-no-debe-paralizar-los-avances-de-la-mujer-como-protagonista-del-mundo-rural#primaryimage"},"image":{"@id":"https:\/\/www.asajacyl.com\/palencia\/asaja-palencia-informa\/noticias\/la-crisis-por-la-covid-no-debe-paralizar-los-avances-de-la-mujer-como-protagonista-del-mundo-rural#primaryimage"},"thumbnailUrl":"https:\/\/www.asajacyl.com\/palencia\/wp-content\/uploads\/sites\/3\/2020\/10\/mujer-rural.png","datePublished":"2020-10-15T10:12:59+00:00","dateModified":"2020-10-15T10:13:00+00:00","author":{"@id":"https:\/\/www.asajacyl.com\/palencia\/#\/schema\/person\/3ab17aeb03527485c317557fae64aab1"},"description":"Para ASAJA es fundamental que la crisis econ\u00f3mica que vivimos a consecuencia de la covid no paralice ni ponga obst\u00e1culos a\u00f1adidos a que la mujer siga","breadcrumb":{"@id":"https:\/\/www.asajacyl.com\/palencia\/asaja-palencia-informa\/noticias\/la-crisis-por-la-covid-no-debe-paralizar-los-avances-de-la-mujer-como-protagonista-del-mundo-rural#breadcrumb"},"inLanguage":"es","potentialAction":[{"@type":"ReadAction","target":["https:\/\/www.asajacyl.com\/palencia\/asaja-palencia-informa\/noticias\/la-crisis-por-la-covid-no-debe-paralizar-los-avances-de-la-mujer-como-protagonista-del-mundo-rural"]}]},{"@type":"ImageObject","inLanguage":"es","@id":"https:\/\/www.asajacyl.com\/palencia\/asaja-palencia-informa\/noticias\/la-crisis-por-la-covid-no-debe-paralizar-los-avances-de-la-mujer-como-protagonista-del-mundo-rural#primaryimage","url":"https:\/\/www.asajacyl.com\/palencia\/wp-content\/uploads\/sites\/3\/2020\/10\/mujer-rural.png","contentUrl":"https:\/\/www.asajacyl.com\/palencia\/wp-content\/uploads\/sites\/3\/2020\/10\/mujer-rural.png","width":1080,"height":1080},{"@type":"BreadcrumbList","@id":"https:\/\/www.asajacyl.com\/palencia\/asaja-palencia-informa\/noticias\/la-crisis-por-la-covid-no-debe-paralizar-los-avances-de-la-mujer-como-protagonista-del-mundo-rural#breadcrumb","itemListElement":[{"@type":"ListItem","position":1,"name":"Portada","item":"https:\/\/www.asajacyl.com\/palencia\/"},{"@type":"ListItem","position":2,"name":"La crisis por la covid no debe paralizar los avances de la mujer como protagonista del mundo rural"}]},{"@type":"WebSite","@id":"https:\/\/www.asajacyl.com\/palencia\/#website","url":"https:\/\/www.asajacyl.com\/palencia\/","name":"ASAJA Palencia","description":"Otro sitio m\u00e1s de Provincias ASAJA Castilla y Le\u00f3n","potentialAction":[{"@type":"SearchAction","target":{"@type":"EntryPoint","urlTemplate":"https:\/\/www.asajacyl.com\/palencia\/?s={search_term_string}"},"query-input":{"@type":"PropertyValueSpecification","valueRequired":true,"valueName":"search_term_string"}}],"inLanguage":"es"},{"@type":"Person","@id":"https:\/\/www.asajacyl.com\/palencia\/#\/schema\/person\/3ab17aeb03527485c317557fae64aab1","name":"Administrador","image":{"@type":"ImageObject","inLanguage":"es","@id":"https:\/\/www.asajacyl.com\/palencia\/#\/schema\/person\/image\/","url":"https:\/\/secure.gravatar.com\/avatar\/517384810d242ca9e38c180f3c9fb973?s=96&d=mm&r=g","contentUrl":"https:\/\/secure.gravatar.com\/avatar\/517384810d242ca9e38c180f3c9fb973?s=96&d=mm&r=g","caption":"Administrador"},"url":"https:\/\/www.asajacyl.com\/palencia\/author\/carlosrm"}]}},"_links":{"self":[{"href":"https:\/\/www.asajacyl.com\/palencia\/wp-json\/wp\/v2\/posts\/7672"}],"collection":[{"href":"https:\/\/www.asajacyl.com\/palencia\/wp-json\/wp\/v2\/posts"}],"about":[{"href":"https:\/\/www.asajacyl.com\/palencia\/wp-json\/wp\/v2\/types\/post"}],"author":[{"embeddable":true,"href":"https:\/\/www.asajacyl.com\/palencia\/wp-json\/wp\/v2\/users\/9"}],"replies":[{"embeddable":true,"href":"https:\/\/www.asajacyl.com\/palencia\/wp-json\/wp\/v2\/comments?post=7672"}],"version-history":[{"count":1,"href":"https:\/\/www.asajacyl.com\/palencia\/wp-json\/wp\/v2\/posts\/7672\/revisions"}],"predecessor-version":[{"id":7674,"href":"https:\/\/www.asajacyl.com\/palencia\/wp-json\/wp\/v2\/posts\/7672\/revisions\/7674"}],"wp:featuredmedia":[{"embeddable":true,"href":"https:\/\/www.asajacyl.com\/palencia\/wp-json\/wp\/v2\/media\/7673"}],"wp:attachment":[{"href":"https:\/\/www.asajacyl.com\/palencia\/wp-json\/wp\/v2\/media?parent=7672"}],"wp:term":[{"taxonomy":"category","embeddable":true,"href":"https:\/\/www.asajacyl.com\/palencia\/wp-json\/wp\/v2\/categories?post=7672"},{"taxonomy":"post_tag","embeddable":true,"href":"https:\/\/www.asajacyl.com\/palencia\/wp-json\/wp\/v2\/tags?post=7672"}],"curies":[{"name":"wp","href":"https:\/\/api.w.org\/{rel}","templated":true}]}}