{"id":8133,"date":"2021-04-12T10:08:00","date_gmt":"2021-04-12T08:08:00","guid":{"rendered":"https:\/\/www.asajacyl.com\/palencia\/?p=8133"},"modified":"2021-04-08T15:34:32","modified_gmt":"2021-04-08T13:34:32","slug":"se-imponen-las-comunicaciones-electronicas-a-las-personas-juridicas","status":"publish","type":"post","link":"https:\/\/www.asajacyl.com\/palencia\/sin-categoria\/se-imponen-las-comunicaciones-electronicas-a-las-personas-juridicas","title":{"rendered":"Se imponen las comunicaciones electr\u00f3nicas a las personas jur\u00eddicas"},"content":{"rendered":"\n<p>La Ley del Procedimiento Administrativo Com\u00fan de las Administraciones P\u00fablicas regula la relaci\u00f3n entre los administrados y la Administraci\u00f3n y concretamente en su art\u00edculo 14 se indican distintas cuestiones importantes.<\/p>\n\n\n\n<p>En primer lugar se especifica que las personas jur\u00eddicas y las entidades sin personalidad jur\u00eddica (titularidades compartidas, comunidades de bienes o sociedades civiles, <a href=\"https:\/\/www.sede.fnmt.gob.es\/certificados\/certificado-de-representante\/entidad-sin-personalidad-juridica\">entre otras<\/a>) est\u00e1n obligadas a relacionarse a trav\u00e9s de medios electr\u00f3nicos con las Administraciones P\u00fablicas. Esto en la pr\u00e1ctica significa que para presentar cualquier solicitud se debe hacer utilizando el certificado digital en lugar de realizar la presentaci\u00f3n en papel en las oficinas de registro habilitadas.<\/p>\n\n\n\n<p>Adem\u00e1s se indica que las personas f\u00edsicas pueden elegir el medio de relaci\u00f3n con la Administraci\u00f3n, es decir usando medios electr\u00f3nicos o no. Esto tiene una trampa y es que en el mismo art\u00edculo se indica que la Administraci\u00f3n puede establecer la obligaci\u00f3n de utilizar los medios electr\u00f3nicos para \u00abdeterminados procedimientos y para ciertos colectivos de personas f\u00edsicas que por raz\u00f3n de su capacidad econ\u00f3mica, t\u00e9cnica, dedicaci\u00f3n profesional u otros motivos quede acreditado que tienen acceso y disponibilidad de los medios electr\u00f3nicos necesarios\u00bb.<\/p>\n\n\n\n<p>Por tanto, las personas f\u00edsicas se encuentran a la Administraci\u00f3n con la sart\u00e9n por el mango y el hecho de que en el sector no haya una capacidad t\u00e9cnica especial y de que no haya cobertura en muchas localidades de nuestra provincia no es algo que se haya tenido en cuenta en alguna normativa publicada recientemente.<\/p>\n\n\n\n<p>Aquellos interesados en obtener el certificado digital pueden ponerse en contacto con nuestras oficinas, donde les ayudaremos y explicaremos los pasos a dar para conseguirlo.<\/p>\n","protected":false},"excerpt":{"rendered":"<p>La Ley del Procedimiento Administrativo Com\u00fan de las Administraciones P\u00fablicas regula la relaci\u00f3n entre los administrados y la Administraci\u00f3n y concretamente en su art\u00edculo 14 se indican distintas cuestiones importantes. En primer lugar se especifica que las personas jur\u00eddicas y las entidades sin personalidad jur\u00eddica (titularidades compartidas, comunidades de bienes o sociedades civiles, entre otras) [&hellip;]<\/p>\n","protected":false},"author":9,"featured_media":7370,"comment_status":"open","ping_status":"open","sticky":false,"template":"","format":"standard","meta":{"footnotes":""},"categories":[9,38,29,28,1],"tags":[],"yoast_head":"<!-- This site is optimized with the Yoast SEO plugin v24.5 - https:\/\/yoast.com\/wordpress\/plugins\/seo\/ -->\n<title>Se imponen las comunicaciones electr\u00f3nicas a las personas jur\u00eddicas - ASAJA Palencia<\/title>\n<meta name=\"description\" content=\"La Ley del Procedimiento Administrativo Com\u00fan de las Administraciones P\u00fablicas regula la relaci\u00f3n entre los administrados y la Administraci\u00f3n y\" \/>\n<meta name=\"robots\" content=\"index, follow, max-snippet:-1, max-image-preview:large, max-video-preview:-1\" \/>\n<link rel=\"canonical\" href=\"https:\/\/www.asajacyl.com\/palencia\/sin-categoria\/se-imponen-las-comunicaciones-electronicas-a-las-personas-juridicas\" \/>\n<meta property=\"og:locale\" content=\"es_ES\" \/>\n<meta property=\"og:type\" content=\"article\" \/>\n<meta property=\"og:title\" content=\"Se imponen las comunicaciones electr\u00f3nicas a las personas jur\u00eddicas - ASAJA Palencia\" \/>\n<meta property=\"og:description\" content=\"La Ley del Procedimiento Administrativo Com\u00fan de las Administraciones P\u00fablicas regula la relaci\u00f3n entre los administrados y la Administraci\u00f3n y\" \/>\n<meta property=\"og:url\" content=\"https:\/\/www.asajacyl.com\/palencia\/sin-categoria\/se-imponen-las-comunicaciones-electronicas-a-las-personas-juridicas\" \/>\n<meta property=\"og:site_name\" content=\"ASAJA Palencia\" \/>\n<meta property=\"article:published_time\" content=\"2021-04-12T08:08:00+00:00\" \/>\n<meta property=\"og:image\" content=\"https:\/\/www.asajacyl.com\/palencia\/wp-content\/uploads\/sites\/3\/2020\/05\/foto-mascarilla.jpg\" \/>\n\t<meta property=\"og:image:width\" content=\"1920\" \/>\n\t<meta property=\"og:image:height\" content=\"720\" \/>\n\t<meta property=\"og:image:type\" content=\"image\/jpeg\" \/>\n<meta name=\"author\" content=\"Administrador\" \/>\n<meta name=\"twitter:card\" content=\"summary_large_image\" \/>\n<meta name=\"twitter:label1\" content=\"Escrito por\" \/>\n\t<meta name=\"twitter:data1\" content=\"Administrador\" \/>\n\t<meta name=\"twitter:label2\" content=\"Tiempo de lectura\" \/>\n\t<meta name=\"twitter:data2\" content=\"2 minutos\" \/>\n<script type=\"application\/ld+json\" class=\"yoast-schema-graph\">{\"@context\":\"https:\/\/schema.org\",\"@graph\":[{\"@type\":\"WebPage\",\"@id\":\"https:\/\/www.asajacyl.com\/palencia\/sin-categoria\/se-imponen-las-comunicaciones-electronicas-a-las-personas-juridicas\",\"url\":\"https:\/\/www.asajacyl.com\/palencia\/sin-categoria\/se-imponen-las-comunicaciones-electronicas-a-las-personas-juridicas\",\"name\":\"Se imponen las comunicaciones electr\u00f3nicas a las personas jur\u00eddicas - ASAJA Palencia\",\"isPartOf\":{\"@id\":\"https:\/\/www.asajacyl.com\/palencia\/#website\"},\"primaryImageOfPage\":{\"@id\":\"https:\/\/www.asajacyl.com\/palencia\/sin-categoria\/se-imponen-las-comunicaciones-electronicas-a-las-personas-juridicas#primaryimage\"},\"image\":{\"@id\":\"https:\/\/www.asajacyl.com\/palencia\/sin-categoria\/se-imponen-las-comunicaciones-electronicas-a-las-personas-juridicas#primaryimage\"},\"thumbnailUrl\":\"https:\/\/www.asajacyl.com\/palencia\/wp-content\/uploads\/sites\/3\/2020\/05\/foto-mascarilla.jpg\",\"datePublished\":\"2021-04-12T08:08:00+00:00\",\"author\":{\"@id\":\"https:\/\/www.asajacyl.com\/palencia\/#\/schema\/person\/3ab17aeb03527485c317557fae64aab1\"},\"description\":\"La Ley del Procedimiento Administrativo Com\u00fan de las Administraciones P\u00fablicas regula la relaci\u00f3n entre los administrados y la Administraci\u00f3n y\",\"breadcrumb\":{\"@id\":\"https:\/\/www.asajacyl.com\/palencia\/sin-categoria\/se-imponen-las-comunicaciones-electronicas-a-las-personas-juridicas#breadcrumb\"},\"inLanguage\":\"es\",\"potentialAction\":[{\"@type\":\"ReadAction\",\"target\":[\"https:\/\/www.asajacyl.com\/palencia\/sin-categoria\/se-imponen-las-comunicaciones-electronicas-a-las-personas-juridicas\"]}]},{\"@type\":\"ImageObject\",\"inLanguage\":\"es\",\"@id\":\"https:\/\/www.asajacyl.com\/palencia\/sin-categoria\/se-imponen-las-comunicaciones-electronicas-a-las-personas-juridicas#primaryimage\",\"url\":\"https:\/\/www.asajacyl.com\/palencia\/wp-content\/uploads\/sites\/3\/2020\/05\/foto-mascarilla.jpg\",\"contentUrl\":\"https:\/\/www.asajacyl.com\/palencia\/wp-content\/uploads\/sites\/3\/2020\/05\/foto-mascarilla.jpg\",\"width\":1920,\"height\":720},{\"@type\":\"BreadcrumbList\",\"@id\":\"https:\/\/www.asajacyl.com\/palencia\/sin-categoria\/se-imponen-las-comunicaciones-electronicas-a-las-personas-juridicas#breadcrumb\",\"itemListElement\":[{\"@type\":\"ListItem\",\"position\":1,\"name\":\"Portada\",\"item\":\"https:\/\/www.asajacyl.com\/palencia\/\"},{\"@type\":\"ListItem\",\"position\":2,\"name\":\"Se imponen las comunicaciones electr\u00f3nicas a las personas jur\u00eddicas\"}]},{\"@type\":\"WebSite\",\"@id\":\"https:\/\/www.asajacyl.com\/palencia\/#website\",\"url\":\"https:\/\/www.asajacyl.com\/palencia\/\",\"name\":\"ASAJA Palencia\",\"description\":\"Otro sitio m\u00e1s de Provincias ASAJA Castilla y Le\u00f3n\",\"potentialAction\":[{\"@type\":\"SearchAction\",\"target\":{\"@type\":\"EntryPoint\",\"urlTemplate\":\"https:\/\/www.asajacyl.com\/palencia\/?s={search_term_string}\"},\"query-input\":{\"@type\":\"PropertyValueSpecification\",\"valueRequired\":true,\"valueName\":\"search_term_string\"}}],\"inLanguage\":\"es\"},{\"@type\":\"Person\",\"@id\":\"https:\/\/www.asajacyl.com\/palencia\/#\/schema\/person\/3ab17aeb03527485c317557fae64aab1\",\"name\":\"Administrador\",\"image\":{\"@type\":\"ImageObject\",\"inLanguage\":\"es\",\"@id\":\"https:\/\/www.asajacyl.com\/palencia\/#\/schema\/person\/image\/\",\"url\":\"https:\/\/secure.gravatar.com\/avatar\/517384810d242ca9e38c180f3c9fb973?s=96&d=mm&r=g\",\"contentUrl\":\"https:\/\/secure.gravatar.com\/avatar\/517384810d242ca9e38c180f3c9fb973?s=96&d=mm&r=g\",\"caption\":\"Administrador\"},\"url\":\"https:\/\/www.asajacyl.com\/palencia\/author\/carlosrm\"}]}<\/script>\n<!-- \/ Yoast SEO plugin. -->","yoast_head_json":{"title":"Se imponen las comunicaciones electr\u00f3nicas a las personas jur\u00eddicas - ASAJA Palencia","description":"La Ley del Procedimiento Administrativo Com\u00fan de las Administraciones P\u00fablicas regula la relaci\u00f3n entre los administrados y la Administraci\u00f3n y","robots":{"index":"index","follow":"follow","max-snippet":"max-snippet:-1","max-image-preview":"max-image-preview:large","max-video-preview":"max-video-preview:-1"},"canonical":"https:\/\/www.asajacyl.com\/palencia\/sin-categoria\/se-imponen-las-comunicaciones-electronicas-a-las-personas-juridicas","og_locale":"es_ES","og_type":"article","og_title":"Se imponen las comunicaciones electr\u00f3nicas a las personas jur\u00eddicas - ASAJA Palencia","og_description":"La Ley del Procedimiento Administrativo Com\u00fan de las Administraciones P\u00fablicas regula la relaci\u00f3n entre los administrados y la Administraci\u00f3n y","og_url":"https:\/\/www.asajacyl.com\/palencia\/sin-categoria\/se-imponen-las-comunicaciones-electronicas-a-las-personas-juridicas","og_site_name":"ASAJA Palencia","article_published_time":"2021-04-12T08:08:00+00:00","og_image":[{"width":1920,"height":720,"url":"https:\/\/www.asajacyl.com\/palencia\/wp-content\/uploads\/sites\/3\/2020\/05\/foto-mascarilla.jpg","type":"image\/jpeg"}],"author":"Administrador","twitter_card":"summary_large_image","twitter_misc":{"Escrito por":"Administrador","Tiempo de lectura":"2 minutos"},"schema":{"@context":"https:\/\/schema.org","@graph":[{"@type":"WebPage","@id":"https:\/\/www.asajacyl.com\/palencia\/sin-categoria\/se-imponen-las-comunicaciones-electronicas-a-las-personas-juridicas","url":"https:\/\/www.asajacyl.com\/palencia\/sin-categoria\/se-imponen-las-comunicaciones-electronicas-a-las-personas-juridicas","name":"Se imponen las comunicaciones electr\u00f3nicas a las personas jur\u00eddicas - ASAJA Palencia","isPartOf":{"@id":"https:\/\/www.asajacyl.com\/palencia\/#website"},"primaryImageOfPage":{"@id":"https:\/\/www.asajacyl.com\/palencia\/sin-categoria\/se-imponen-las-comunicaciones-electronicas-a-las-personas-juridicas#primaryimage"},"image":{"@id":"https:\/\/www.asajacyl.com\/palencia\/sin-categoria\/se-imponen-las-comunicaciones-electronicas-a-las-personas-juridicas#primaryimage"},"thumbnailUrl":"https:\/\/www.asajacyl.com\/palencia\/wp-content\/uploads\/sites\/3\/2020\/05\/foto-mascarilla.jpg","datePublished":"2021-04-12T08:08:00+00:00","author":{"@id":"https:\/\/www.asajacyl.com\/palencia\/#\/schema\/person\/3ab17aeb03527485c317557fae64aab1"},"description":"La Ley del Procedimiento Administrativo Com\u00fan de las Administraciones P\u00fablicas regula la relaci\u00f3n entre los administrados y la Administraci\u00f3n y","breadcrumb":{"@id":"https:\/\/www.asajacyl.com\/palencia\/sin-categoria\/se-imponen-las-comunicaciones-electronicas-a-las-personas-juridicas#breadcrumb"},"inLanguage":"es","potentialAction":[{"@type":"ReadAction","target":["https:\/\/www.asajacyl.com\/palencia\/sin-categoria\/se-imponen-las-comunicaciones-electronicas-a-las-personas-juridicas"]}]},{"@type":"ImageObject","inLanguage":"es","@id":"https:\/\/www.asajacyl.com\/palencia\/sin-categoria\/se-imponen-las-comunicaciones-electronicas-a-las-personas-juridicas#primaryimage","url":"https:\/\/www.asajacyl.com\/palencia\/wp-content\/uploads\/sites\/3\/2020\/05\/foto-mascarilla.jpg","contentUrl":"https:\/\/www.asajacyl.com\/palencia\/wp-content\/uploads\/sites\/3\/2020\/05\/foto-mascarilla.jpg","width":1920,"height":720},{"@type":"BreadcrumbList","@id":"https:\/\/www.asajacyl.com\/palencia\/sin-categoria\/se-imponen-las-comunicaciones-electronicas-a-las-personas-juridicas#breadcrumb","itemListElement":[{"@type":"ListItem","position":1,"name":"Portada","item":"https:\/\/www.asajacyl.com\/palencia\/"},{"@type":"ListItem","position":2,"name":"Se imponen las comunicaciones electr\u00f3nicas a las personas jur\u00eddicas"}]},{"@type":"WebSite","@id":"https:\/\/www.asajacyl.com\/palencia\/#website","url":"https:\/\/www.asajacyl.com\/palencia\/","name":"ASAJA Palencia","description":"Otro sitio m\u00e1s de Provincias ASAJA Castilla y Le\u00f3n","potentialAction":[{"@type":"SearchAction","target":{"@type":"EntryPoint","urlTemplate":"https:\/\/www.asajacyl.com\/palencia\/?s={search_term_string}"},"query-input":{"@type":"PropertyValueSpecification","valueRequired":true,"valueName":"search_term_string"}}],"inLanguage":"es"},{"@type":"Person","@id":"https:\/\/www.asajacyl.com\/palencia\/#\/schema\/person\/3ab17aeb03527485c317557fae64aab1","name":"Administrador","image":{"@type":"ImageObject","inLanguage":"es","@id":"https:\/\/www.asajacyl.com\/palencia\/#\/schema\/person\/image\/","url":"https:\/\/secure.gravatar.com\/avatar\/517384810d242ca9e38c180f3c9fb973?s=96&d=mm&r=g","contentUrl":"https:\/\/secure.gravatar.com\/avatar\/517384810d242ca9e38c180f3c9fb973?s=96&d=mm&r=g","caption":"Administrador"},"url":"https:\/\/www.asajacyl.com\/palencia\/author\/carlosrm"}]}},"_links":{"self":[{"href":"https:\/\/www.asajacyl.com\/palencia\/wp-json\/wp\/v2\/posts\/8133"}],"collection":[{"href":"https:\/\/www.asajacyl.com\/palencia\/wp-json\/wp\/v2\/posts"}],"about":[{"href":"https:\/\/www.asajacyl.com\/palencia\/wp-json\/wp\/v2\/types\/post"}],"author":[{"embeddable":true,"href":"https:\/\/www.asajacyl.com\/palencia\/wp-json\/wp\/v2\/users\/9"}],"replies":[{"embeddable":true,"href":"https:\/\/www.asajacyl.com\/palencia\/wp-json\/wp\/v2\/comments?post=8133"}],"version-history":[{"count":1,"href":"https:\/\/www.asajacyl.com\/palencia\/wp-json\/wp\/v2\/posts\/8133\/revisions"}],"predecessor-version":[{"id":8134,"href":"https:\/\/www.asajacyl.com\/palencia\/wp-json\/wp\/v2\/posts\/8133\/revisions\/8134"}],"wp:featuredmedia":[{"embeddable":true,"href":"https:\/\/www.asajacyl.com\/palencia\/wp-json\/wp\/v2\/media\/7370"}],"wp:attachment":[{"href":"https:\/\/www.asajacyl.com\/palencia\/wp-json\/wp\/v2\/media?parent=8133"}],"wp:term":[{"taxonomy":"category","embeddable":true,"href":"https:\/\/www.asajacyl.com\/palencia\/wp-json\/wp\/v2\/categories?post=8133"},{"taxonomy":"post_tag","embeddable":true,"href":"https:\/\/www.asajacyl.com\/palencia\/wp-json\/wp\/v2\/tags?post=8133"}],"curies":[{"name":"wp","href":"https:\/\/api.w.org\/{rel}","templated":true}]}}