{"id":8305,"date":"2021-05-12T07:16:00","date_gmt":"2021-05-12T05:16:00","guid":{"rendered":"https:\/\/www.asajacyl.com\/palencia\/?p=8305"},"modified":"2021-05-11T09:26:26","modified_gmt":"2021-05-11T07:26:26","slug":"el-copa-recuerda-que-la-disponibilidad-de-fitosanitarios-es-cada-vez-mas-escasa","status":"publish","type":"post","link":"https:\/\/www.asajacyl.com\/palencia\/asaja-palencia-informa\/noticias\/el-copa-recuerda-que-la-disponibilidad-de-fitosanitarios-es-cada-vez-mas-escasa","title":{"rendered":"El COPA recuerda que la disponibilidad de fitosanitarios es cada vez m\u00e1s escasa"},"content":{"rendered":"\n<p>El 4 de mayo de 2021, el Intergrupo sobre Cambio Clim\u00e1tico, Biodiversidad y Desarrollo Sostenible del Parlamento Europeo organiz\u00f3 un seminario web para debatir las estrategias fiables de la UE en materia de productos fitosanitarios. El evento fue organizado por los eurodiputados Norbert Lins (PPE), Ulrike M\u00fcller (Renew Europe) y Sarah Wiener (Verdes\/ALE) con el apoyo del Copa y de la Cogeca. M\u00e1s all\u00e1 de las posturas pol\u00edticas, todos los oradores abordaron la necesidad de una sostenibilidad a largo plazo, adem\u00e1s de las herramientas tecnol\u00f3gicas y de estrategias comunitarias fiables y una mayor investigaci\u00f3n sobre<br>los productos fitosanitarios.<\/p>\n\n\n\n<p>Los eurodiputados Wiener, M\u00fcller y Lins se encargaron de la apertura del acto, en el que el Sr. Lins declar\u00f3: \u00abLa agricultura es parte de la soluci\u00f3n para una mayor protecci\u00f3n del clima y del medio ambiente, y no el problema. En cuanto al futuro de los productos fitosanitarios, todos deber\u00edamos estar de acuerdo con el principio: \u00a1tanto como sea necesario, tan poco como sea<br>posible! Y por eso la Gesti\u00f3n integrada de plagas es la herramienta clave: tenemos que dar a los agricultores la caja de herramientas necesaria\u00bb.<\/p>\n\n\n\n<p>La eurodiputada M\u00fcller a\u00f1adi\u00f3: \u00abReducir el uso de insumos y sus efectos negativos en el medio ambiente, al tiempo que se afronta el reto del cambio clim\u00e1tico, es un gran desaf\u00edo para los agricultores. Tenemos que establecer un marco que permita que la innovaci\u00f3n prospere de cara a dotar a los agricultores de los medios necesarios.\u00bb<\/p>\n\n\n\n<div class=\"wp-block-image\"><figure class=\"aligncenter size-large is-resized\"><img decoding=\"async\" src=\"https:\/\/www.asajacyl.com\/palencia\/wp-content\/uploads\/sites\/3\/2021\/05\/PEDRO-GALLARDO-edited.jpg\" alt=\"\" class=\"wp-image-8311\" width=\"572\" srcset=\"https:\/\/www.asajacyl.com\/palencia\/wp-content\/uploads\/sites\/3\/2021\/05\/PEDRO-GALLARDO-edited.jpg 779w, https:\/\/www.asajacyl.com\/palencia\/wp-content\/uploads\/sites\/3\/2021\/05\/PEDRO-GALLARDO-edited-300x245.jpg 300w, https:\/\/www.asajacyl.com\/palencia\/wp-content\/uploads\/sites\/3\/2021\/05\/PEDRO-GALLARDO-edited-768x628.jpg 768w, https:\/\/www.asajacyl.com\/palencia\/wp-content\/uploads\/sites\/3\/2021\/05\/PEDRO-GALLARDO-edited-696x569.jpg 696w, https:\/\/www.asajacyl.com\/palencia\/wp-content\/uploads\/sites\/3\/2021\/05\/PEDRO-GALLARDO-edited-514x420.jpg 514w\" sizes=\"(max-width: 779px) 100vw, 779px\" \/><figcaption>Pedro Gallardo. Vicepresidente del COPA y Presidente de ASAJA-C\u00e1diz.<\/figcaption><\/figure><\/div>\n\n\n\n<p>Pedro Gallardo, vicepresidente del COPA, explic\u00f3 durante su presentaci\u00f3n que \u00absi los europeos quieren tener un sector agr\u00edcola resiliente y capaz de adaptarse a los efectos del cambio clim\u00e1tico, lo m\u00e1s sencillo es que haya tantas opciones disponibles como sea posible. En la actualidad, lo que observo sobre el terreno es que las opciones disponibles son cada vez m\u00e1s escasas\u00bb. No obstante, a pesar del inter\u00e9s de los agricultores europeos por utilizar productos fitosanitarios de bajo riesgo y otras tecnolog\u00edas sostenibles, no parece que estos productos est\u00e9n disponibles. Todav\u00eda no es una realidad palpable. Es esencial que el Pacto Verde y la estrategia \u00abDe la granja a la mesa\u00bb tengan en cuenta esta dimensi\u00f3n operativa y se aseguren de estar anclados en un s\u00f3lido an\u00e1lisis de riesgos con base cient\u00edfica y en el principio de precauci\u00f3n\u00bb. <\/p>\n\n\n\n<p>Tanto en su calidad de consumidores como de proveedores de alimentos, los agricultores son los primeros interesados en disponer de unas condiciones de producci\u00f3n seguras para poder ofrecer productos de m\u00e1xima calidad con las m\u00e1ximas garant\u00edas sanitarias y a precios asequibles, adem\u00e1s de contribuir a la conservaci\u00f3n de nuestros suelos, a mantener la calidad de nuestras aguas y cuidar la diversidad de nuestra flora y fauna.<\/p>\n\n\n\n<p>El desarrollo de la actividad agraria se realiza en un entorno abierto y complejo, sujeto a numerosas variables previsibles e imprevisibles que condicionan la producci\u00f3n. Todo ello debe ser tenido en cuenta a la hora de plantear cualquier modificaci\u00f3n legislativa, objetivos espec\u00edficos o estudios de impacto sobre la situaci\u00f3n de la agricultura de la UE y el potencial futuro.<\/p>\n\n\n\n<p>Mediante la aplicaci\u00f3n de la Gesti\u00f3n integrada de plagas (GIP), los agricultores ya evitan un uso excesivo de plaguicidas qu\u00edmicos y se orientan cada vez m\u00e1s hacia sustancias de bajo riesgo y t\u00e9cnicas selectivas de protecci\u00f3n de los cultivos. Por lo tanto, la disponibilidad y el uso de herramientas de dicha Gesti\u00f3n integrada de plagas es clave para una producci\u00f3n agr\u00edcola sostenible en la UE, incluidos los productos qu\u00edmicos, los cuales, aun siendo considerados como el \u00faltimo recurso en la agricultura sostenible, donde sus porcentajes siguen disminuyendo d\u00eda a d\u00eda, seguir\u00e1n siendo un elemento esencial para una aplicaci\u00f3n exitosa de todo r\u00e9gimen de GIP.<\/p>\n","protected":false},"excerpt":{"rendered":"<p>El 4 de mayo de 2021, el Intergrupo sobre Cambio Clim\u00e1tico, Biodiversidad y Desarrollo Sostenible del Parlamento Europeo organiz\u00f3 un seminario web para debatir las estrategias fiables de la UE en materia de productos fitosanitarios. El evento fue organizado por los eurodiputados Norbert Lins (PPE), Ulrike M\u00fcller (Renew Europe) y Sarah Wiener (Verdes\/ALE) con el [&hellip;]<\/p>\n","protected":false},"author":9,"featured_media":8194,"comment_status":"open","ping_status":"open","sticky":false,"template":"","format":"standard","meta":{"footnotes":""},"categories":[9,29,28],"tags":[],"yoast_head":"<!-- This site is optimized with the Yoast SEO plugin v24.5 - https:\/\/yoast.com\/wordpress\/plugins\/seo\/ -->\n<title>El COPA recuerda que la disponibilidad de fitosanitarios es cada vez m\u00e1s escasa - ASAJA Palencia<\/title>\n<meta name=\"description\" content=\"El 4 de mayo de 2021, el Intergrupo sobre Cambio Clim\u00e1tico, Biodiversidad y Desarrollo Sostenible del Parlamento Europeo organiz\u00f3 un seminario web para\" \/>\n<meta name=\"robots\" content=\"index, follow, max-snippet:-1, max-image-preview:large, max-video-preview:-1\" \/>\n<link rel=\"canonical\" href=\"https:\/\/www.asajacyl.com\/palencia\/asaja-palencia-informa\/noticias\/el-copa-recuerda-que-la-disponibilidad-de-fitosanitarios-es-cada-vez-mas-escasa\" \/>\n<meta property=\"og:locale\" content=\"es_ES\" \/>\n<meta property=\"og:type\" content=\"article\" \/>\n<meta property=\"og:title\" content=\"El COPA recuerda que la disponibilidad de fitosanitarios es cada vez m\u00e1s escasa - ASAJA Palencia\" \/>\n<meta property=\"og:description\" content=\"El 4 de mayo de 2021, el Intergrupo sobre Cambio Clim\u00e1tico, Biodiversidad y Desarrollo Sostenible del Parlamento Europeo organiz\u00f3 un seminario web para\" \/>\n<meta property=\"og:url\" content=\"https:\/\/www.asajacyl.com\/palencia\/asaja-palencia-informa\/noticias\/el-copa-recuerda-que-la-disponibilidad-de-fitosanitarios-es-cada-vez-mas-escasa\" \/>\n<meta property=\"og:site_name\" content=\"ASAJA Palencia\" \/>\n<meta property=\"article:published_time\" content=\"2021-05-12T05:16:00+00:00\" \/>\n<meta property=\"og:image\" content=\"https:\/\/www.asajacyl.com\/palencia\/wp-content\/uploads\/sites\/3\/2021\/04\/COPACOGECA.jpg\" \/>\n\t<meta property=\"og:image:width\" content=\"1280\" \/>\n\t<meta property=\"og:image:height\" content=\"693\" \/>\n\t<meta property=\"og:image:type\" content=\"image\/jpeg\" \/>\n<meta name=\"author\" content=\"Administrador\" \/>\n<meta name=\"twitter:card\" content=\"summary_large_image\" \/>\n<meta name=\"twitter:label1\" content=\"Escrito por\" \/>\n\t<meta name=\"twitter:data1\" content=\"Administrador\" \/>\n\t<meta name=\"twitter:label2\" content=\"Tiempo de lectura\" \/>\n\t<meta name=\"twitter:data2\" content=\"3 minutos\" \/>\n<script type=\"application\/ld+json\" class=\"yoast-schema-graph\">{\"@context\":\"https:\/\/schema.org\",\"@graph\":[{\"@type\":\"WebPage\",\"@id\":\"https:\/\/www.asajacyl.com\/palencia\/asaja-palencia-informa\/noticias\/el-copa-recuerda-que-la-disponibilidad-de-fitosanitarios-es-cada-vez-mas-escasa\",\"url\":\"https:\/\/www.asajacyl.com\/palencia\/asaja-palencia-informa\/noticias\/el-copa-recuerda-que-la-disponibilidad-de-fitosanitarios-es-cada-vez-mas-escasa\",\"name\":\"El COPA recuerda que la disponibilidad de fitosanitarios es cada vez m\u00e1s escasa - ASAJA Palencia\",\"isPartOf\":{\"@id\":\"https:\/\/www.asajacyl.com\/palencia\/#website\"},\"primaryImageOfPage\":{\"@id\":\"https:\/\/www.asajacyl.com\/palencia\/asaja-palencia-informa\/noticias\/el-copa-recuerda-que-la-disponibilidad-de-fitosanitarios-es-cada-vez-mas-escasa#primaryimage\"},\"image\":{\"@id\":\"https:\/\/www.asajacyl.com\/palencia\/asaja-palencia-informa\/noticias\/el-copa-recuerda-que-la-disponibilidad-de-fitosanitarios-es-cada-vez-mas-escasa#primaryimage\"},\"thumbnailUrl\":\"https:\/\/www.asajacyl.com\/palencia\/wp-content\/uploads\/sites\/3\/2021\/04\/COPACOGECA.jpg\",\"datePublished\":\"2021-05-12T05:16:00+00:00\",\"author\":{\"@id\":\"https:\/\/www.asajacyl.com\/palencia\/#\/schema\/person\/3ab17aeb03527485c317557fae64aab1\"},\"description\":\"El 4 de mayo de 2021, el Intergrupo sobre Cambio Clim\u00e1tico, Biodiversidad y Desarrollo Sostenible del Parlamento Europeo organiz\u00f3 un seminario web para\",\"breadcrumb\":{\"@id\":\"https:\/\/www.asajacyl.com\/palencia\/asaja-palencia-informa\/noticias\/el-copa-recuerda-que-la-disponibilidad-de-fitosanitarios-es-cada-vez-mas-escasa#breadcrumb\"},\"inLanguage\":\"es\",\"potentialAction\":[{\"@type\":\"ReadAction\",\"target\":[\"https:\/\/www.asajacyl.com\/palencia\/asaja-palencia-informa\/noticias\/el-copa-recuerda-que-la-disponibilidad-de-fitosanitarios-es-cada-vez-mas-escasa\"]}]},{\"@type\":\"ImageObject\",\"inLanguage\":\"es\",\"@id\":\"https:\/\/www.asajacyl.com\/palencia\/asaja-palencia-informa\/noticias\/el-copa-recuerda-que-la-disponibilidad-de-fitosanitarios-es-cada-vez-mas-escasa#primaryimage\",\"url\":\"https:\/\/www.asajacyl.com\/palencia\/wp-content\/uploads\/sites\/3\/2021\/04\/COPACOGECA.jpg\",\"contentUrl\":\"https:\/\/www.asajacyl.com\/palencia\/wp-content\/uploads\/sites\/3\/2021\/04\/COPACOGECA.jpg\",\"width\":1280,\"height\":693},{\"@type\":\"BreadcrumbList\",\"@id\":\"https:\/\/www.asajacyl.com\/palencia\/asaja-palencia-informa\/noticias\/el-copa-recuerda-que-la-disponibilidad-de-fitosanitarios-es-cada-vez-mas-escasa#breadcrumb\",\"itemListElement\":[{\"@type\":\"ListItem\",\"position\":1,\"name\":\"Portada\",\"item\":\"https:\/\/www.asajacyl.com\/palencia\/\"},{\"@type\":\"ListItem\",\"position\":2,\"name\":\"El COPA recuerda que la disponibilidad de fitosanitarios es cada vez m\u00e1s escasa\"}]},{\"@type\":\"WebSite\",\"@id\":\"https:\/\/www.asajacyl.com\/palencia\/#website\",\"url\":\"https:\/\/www.asajacyl.com\/palencia\/\",\"name\":\"ASAJA Palencia\",\"description\":\"Otro sitio m\u00e1s de Provincias ASAJA Castilla y Le\u00f3n\",\"potentialAction\":[{\"@type\":\"SearchAction\",\"target\":{\"@type\":\"EntryPoint\",\"urlTemplate\":\"https:\/\/www.asajacyl.com\/palencia\/?s={search_term_string}\"},\"query-input\":{\"@type\":\"PropertyValueSpecification\",\"valueRequired\":true,\"valueName\":\"search_term_string\"}}],\"inLanguage\":\"es\"},{\"@type\":\"Person\",\"@id\":\"https:\/\/www.asajacyl.com\/palencia\/#\/schema\/person\/3ab17aeb03527485c317557fae64aab1\",\"name\":\"Administrador\",\"image\":{\"@type\":\"ImageObject\",\"inLanguage\":\"es\",\"@id\":\"https:\/\/www.asajacyl.com\/palencia\/#\/schema\/person\/image\/\",\"url\":\"https:\/\/secure.gravatar.com\/avatar\/517384810d242ca9e38c180f3c9fb973?s=96&d=mm&r=g\",\"contentUrl\":\"https:\/\/secure.gravatar.com\/avatar\/517384810d242ca9e38c180f3c9fb973?s=96&d=mm&r=g\",\"caption\":\"Administrador\"},\"url\":\"https:\/\/www.asajacyl.com\/palencia\/author\/carlosrm\"}]}<\/script>\n<!-- \/ Yoast SEO plugin. -->","yoast_head_json":{"title":"El COPA recuerda que la disponibilidad de fitosanitarios es cada vez m\u00e1s escasa - ASAJA Palencia","description":"El 4 de mayo de 2021, el Intergrupo sobre Cambio Clim\u00e1tico, Biodiversidad y Desarrollo Sostenible del Parlamento Europeo organiz\u00f3 un seminario web para","robots":{"index":"index","follow":"follow","max-snippet":"max-snippet:-1","max-image-preview":"max-image-preview:large","max-video-preview":"max-video-preview:-1"},"canonical":"https:\/\/www.asajacyl.com\/palencia\/asaja-palencia-informa\/noticias\/el-copa-recuerda-que-la-disponibilidad-de-fitosanitarios-es-cada-vez-mas-escasa","og_locale":"es_ES","og_type":"article","og_title":"El COPA recuerda que la disponibilidad de fitosanitarios es cada vez m\u00e1s escasa - ASAJA Palencia","og_description":"El 4 de mayo de 2021, el Intergrupo sobre Cambio Clim\u00e1tico, Biodiversidad y Desarrollo Sostenible del Parlamento Europeo organiz\u00f3 un seminario web para","og_url":"https:\/\/www.asajacyl.com\/palencia\/asaja-palencia-informa\/noticias\/el-copa-recuerda-que-la-disponibilidad-de-fitosanitarios-es-cada-vez-mas-escasa","og_site_name":"ASAJA Palencia","article_published_time":"2021-05-12T05:16:00+00:00","og_image":[{"width":1280,"height":693,"url":"https:\/\/www.asajacyl.com\/palencia\/wp-content\/uploads\/sites\/3\/2021\/04\/COPACOGECA.jpg","type":"image\/jpeg"}],"author":"Administrador","twitter_card":"summary_large_image","twitter_misc":{"Escrito por":"Administrador","Tiempo de lectura":"3 minutos"},"schema":{"@context":"https:\/\/schema.org","@graph":[{"@type":"WebPage","@id":"https:\/\/www.asajacyl.com\/palencia\/asaja-palencia-informa\/noticias\/el-copa-recuerda-que-la-disponibilidad-de-fitosanitarios-es-cada-vez-mas-escasa","url":"https:\/\/www.asajacyl.com\/palencia\/asaja-palencia-informa\/noticias\/el-copa-recuerda-que-la-disponibilidad-de-fitosanitarios-es-cada-vez-mas-escasa","name":"El COPA recuerda que la disponibilidad de fitosanitarios es cada vez m\u00e1s escasa - ASAJA Palencia","isPartOf":{"@id":"https:\/\/www.asajacyl.com\/palencia\/#website"},"primaryImageOfPage":{"@id":"https:\/\/www.asajacyl.com\/palencia\/asaja-palencia-informa\/noticias\/el-copa-recuerda-que-la-disponibilidad-de-fitosanitarios-es-cada-vez-mas-escasa#primaryimage"},"image":{"@id":"https:\/\/www.asajacyl.com\/palencia\/asaja-palencia-informa\/noticias\/el-copa-recuerda-que-la-disponibilidad-de-fitosanitarios-es-cada-vez-mas-escasa#primaryimage"},"thumbnailUrl":"https:\/\/www.asajacyl.com\/palencia\/wp-content\/uploads\/sites\/3\/2021\/04\/COPACOGECA.jpg","datePublished":"2021-05-12T05:16:00+00:00","author":{"@id":"https:\/\/www.asajacyl.com\/palencia\/#\/schema\/person\/3ab17aeb03527485c317557fae64aab1"},"description":"El 4 de mayo de 2021, el Intergrupo sobre Cambio Clim\u00e1tico, Biodiversidad y Desarrollo Sostenible del Parlamento Europeo organiz\u00f3 un seminario web para","breadcrumb":{"@id":"https:\/\/www.asajacyl.com\/palencia\/asaja-palencia-informa\/noticias\/el-copa-recuerda-que-la-disponibilidad-de-fitosanitarios-es-cada-vez-mas-escasa#breadcrumb"},"inLanguage":"es","potentialAction":[{"@type":"ReadAction","target":["https:\/\/www.asajacyl.com\/palencia\/asaja-palencia-informa\/noticias\/el-copa-recuerda-que-la-disponibilidad-de-fitosanitarios-es-cada-vez-mas-escasa"]}]},{"@type":"ImageObject","inLanguage":"es","@id":"https:\/\/www.asajacyl.com\/palencia\/asaja-palencia-informa\/noticias\/el-copa-recuerda-que-la-disponibilidad-de-fitosanitarios-es-cada-vez-mas-escasa#primaryimage","url":"https:\/\/www.asajacyl.com\/palencia\/wp-content\/uploads\/sites\/3\/2021\/04\/COPACOGECA.jpg","contentUrl":"https:\/\/www.asajacyl.com\/palencia\/wp-content\/uploads\/sites\/3\/2021\/04\/COPACOGECA.jpg","width":1280,"height":693},{"@type":"BreadcrumbList","@id":"https:\/\/www.asajacyl.com\/palencia\/asaja-palencia-informa\/noticias\/el-copa-recuerda-que-la-disponibilidad-de-fitosanitarios-es-cada-vez-mas-escasa#breadcrumb","itemListElement":[{"@type":"ListItem","position":1,"name":"Portada","item":"https:\/\/www.asajacyl.com\/palencia\/"},{"@type":"ListItem","position":2,"name":"El COPA recuerda que la disponibilidad de fitosanitarios es cada vez m\u00e1s escasa"}]},{"@type":"WebSite","@id":"https:\/\/www.asajacyl.com\/palencia\/#website","url":"https:\/\/www.asajacyl.com\/palencia\/","name":"ASAJA Palencia","description":"Otro sitio m\u00e1s de Provincias ASAJA Castilla y Le\u00f3n","potentialAction":[{"@type":"SearchAction","target":{"@type":"EntryPoint","urlTemplate":"https:\/\/www.asajacyl.com\/palencia\/?s={search_term_string}"},"query-input":{"@type":"PropertyValueSpecification","valueRequired":true,"valueName":"search_term_string"}}],"inLanguage":"es"},{"@type":"Person","@id":"https:\/\/www.asajacyl.com\/palencia\/#\/schema\/person\/3ab17aeb03527485c317557fae64aab1","name":"Administrador","image":{"@type":"ImageObject","inLanguage":"es","@id":"https:\/\/www.asajacyl.com\/palencia\/#\/schema\/person\/image\/","url":"https:\/\/secure.gravatar.com\/avatar\/517384810d242ca9e38c180f3c9fb973?s=96&d=mm&r=g","contentUrl":"https:\/\/secure.gravatar.com\/avatar\/517384810d242ca9e38c180f3c9fb973?s=96&d=mm&r=g","caption":"Administrador"},"url":"https:\/\/www.asajacyl.com\/palencia\/author\/carlosrm"}]}},"_links":{"self":[{"href":"https:\/\/www.asajacyl.com\/palencia\/wp-json\/wp\/v2\/posts\/8305"}],"collection":[{"href":"https:\/\/www.asajacyl.com\/palencia\/wp-json\/wp\/v2\/posts"}],"about":[{"href":"https:\/\/www.asajacyl.com\/palencia\/wp-json\/wp\/v2\/types\/post"}],"author":[{"embeddable":true,"href":"https:\/\/www.asajacyl.com\/palencia\/wp-json\/wp\/v2\/users\/9"}],"replies":[{"embeddable":true,"href":"https:\/\/www.asajacyl.com\/palencia\/wp-json\/wp\/v2\/comments?post=8305"}],"version-history":[{"count":3,"href":"https:\/\/www.asajacyl.com\/palencia\/wp-json\/wp\/v2\/posts\/8305\/revisions"}],"predecessor-version":[{"id":8312,"href":"https:\/\/www.asajacyl.com\/palencia\/wp-json\/wp\/v2\/posts\/8305\/revisions\/8312"}],"wp:featuredmedia":[{"embeddable":true,"href":"https:\/\/www.asajacyl.com\/palencia\/wp-json\/wp\/v2\/media\/8194"}],"wp:attachment":[{"href":"https:\/\/www.asajacyl.com\/palencia\/wp-json\/wp\/v2\/media?parent=8305"}],"wp:term":[{"taxonomy":"category","embeddable":true,"href":"https:\/\/www.asajacyl.com\/palencia\/wp-json\/wp\/v2\/categories?post=8305"},{"taxonomy":"post_tag","embeddable":true,"href":"https:\/\/www.asajacyl.com\/palencia\/wp-json\/wp\/v2\/tags?post=8305"}],"curies":[{"name":"wp","href":"https:\/\/api.w.org\/{rel}","templated":true}]}}