{"id":8313,"date":"2021-05-13T09:15:00","date_gmt":"2021-05-13T07:15:00","guid":{"rendered":"https:\/\/www.asajacyl.com\/palencia\/?p=8313"},"modified":"2021-05-11T09:26:01","modified_gmt":"2021-05-11T07:26:01","slug":"el-copa-insta-a-tomar-medidas-para-aprovechar-las-nuevas-tecnicas-genomicas","status":"publish","type":"post","link":"https:\/\/www.asajacyl.com\/palencia\/asaja-palencia-informa\/noticias\/el-copa-insta-a-tomar-medidas-para-aprovechar-las-nuevas-tecnicas-genomicas","title":{"rendered":"El COPA insta a tomar medidas para aprovechar las nuevas t\u00e9cnicas gen\u00f3micas"},"content":{"rendered":"\n<p><strong><em>Si la Comisi\u00f3n cree en su propio informe sobre las nuevas t\u00e9cnicas gen\u00f3micas, entonces debe tomar cartas en el asunto y r\u00e1pido que \u00a1el tiempo apremia!<\/em><\/strong><\/p>\n\n\n\n<p>El Copa y la Cogeca acogen con satisfacci\u00f3n las principales conclusiones del estudio solicitado por el Consejo Europeo en 2019 y realizado por la Comisi\u00f3n Europea sobre las nuevas t\u00e9cnicas gen\u00f3micas. Este informe aporta claridad cient\u00edfica a un debate esencial, sobre todo en lo que respecta a los ambiciosos objetivos fijados en la Estrategia \u00abDe la granja a la mesa\u00bb. Las nuevas t\u00e9cnicas gen\u00f3micas suponen verdaderos instrumentos que de forma concreta ayudan a dar soluci\u00f3n a los problemas clim\u00e1ticos, medioambientales y de seguridad alimentaria, tanto presentes como futuros, a los que nos enfrentamos en la Uni\u00f3n Europea. Para aportar coherencia a su planteamiento, la Comisi\u00f3n tendr\u00e1 que tomar medidas y r\u00e1pido con el fin de ponerse a la altura de sus competidores y que la aplicaci\u00f3n del Pacto Verde se realice de forma oportuna.<\/p>\n\n\n\n<p>Las conclusiones del estudio que la Comisi\u00f3n Europea acaba de publicar hoy sobre las nuevas t\u00e9cnicas gen\u00f3micas son claras. En primer lugar, este estudio revierte la sentencia del Tribunal de Justicia de las Comunidades Europeas y adopta un enfoque de \u00edndole f\u00e1ctica y con base en la ciencia en lo relativo a esta cuesti\u00f3n, del que la sentencia anterior carec\u00eda rotundamente. Para la Comisi\u00f3n Europea, estas nuevas t\u00e9cnicas tienen el potencial de contribuir a un sistema alimentario m\u00e1s sostenible, con razas m\u00e1s resistentes a las enfermedades y al cambio clim\u00e1tico, al tiempo que garantizan soluciones asequibles para agricultores y consumidores. La Comisi\u00f3n reconoce, asimismo, que estas nuevas t\u00e9cnicas no pueden ser consideradas bajo el mismo marco de hace 20 a\u00f1os establecido para los OMG u organismos modificados gen\u00e9ticamente.<\/p>\n\n\n\n<p>Seg\u00fan Thor Gunnar Kofoed, presidente del Grupo de Trabajo \u00abSemillas\u00bb del Copa-Cogeca: \u00abConsideramos que este estudio de la Comisi\u00f3n supone un verdadero punto de inflexi\u00f3n para los agricultores y las cooperativas agrarias. Estoy convencido, al igual que muchos colegas, de que podemos alcanzar algunos de los principales objetivos del Pacto Verde si en la UE tenemos acceso a t\u00e9cnicas sencillas y precisas de mutag\u00e9nesis. Los agricultores est\u00e1n dispuestos a comprometerse con los objetivos fijados por la Comisi\u00f3n Europea, ya que somos los primeros en vernos perjudicados por el cambio clim\u00e1tico.\u00bb<\/p>\n\n\n\n<div class=\"wp-block-image\"><figure class=\"aligncenter size-large is-resized\"><img loading=\"lazy\" decoding=\"async\" src=\"https:\/\/www.asajacyl.com\/palencia\/wp-content\/uploads\/sites\/3\/2021\/05\/THOR-GUNNAR-KOFOED.jpg\" alt=\"\" class=\"wp-image-8314\" width=\"786\" height=\"439\" srcset=\"https:\/\/www.asajacyl.com\/palencia\/wp-content\/uploads\/sites\/3\/2021\/05\/THOR-GUNNAR-KOFOED.jpg 900w, https:\/\/www.asajacyl.com\/palencia\/wp-content\/uploads\/sites\/3\/2021\/05\/THOR-GUNNAR-KOFOED-300x168.jpg 300w, https:\/\/www.asajacyl.com\/palencia\/wp-content\/uploads\/sites\/3\/2021\/05\/THOR-GUNNAR-KOFOED-768x429.jpg 768w, https:\/\/www.asajacyl.com\/palencia\/wp-content\/uploads\/sites\/3\/2021\/05\/THOR-GUNNAR-KOFOED-696x389.jpg 696w, https:\/\/www.asajacyl.com\/palencia\/wp-content\/uploads\/sites\/3\/2021\/05\/THOR-GUNNAR-KOFOED-751x420.jpg 751w\" sizes=\"(max-width: 786px) 100vw, 786px\" \/><figcaption>Thor Gunnar Kofoed, presidente del grupo de trabajo \u00abSemillas\u00bb del COPA-COGECA.<\/figcaption><\/figure><\/div>\n\n\n\n<p>Al comentar los pr\u00f3ximos pasos presentados por la Comisi\u00f3n con la publicaci\u00f3n de su estudio, el Sr. Kofoed declara que \u00abDebemos ser realistas\u037e este estudio es tan s\u00f3lo un primer paso tras a\u00f1os y a\u00f1os de debates. La Comisi\u00f3n tiene ahora la intenci\u00f3n de poner en marcha un proceso de consulta y una evaluaci\u00f3n de impacto al respecto, pero esto llevar\u00e1 tiempo. Ese mismo tiempo que no podremos tener a disposici\u00f3n para ponernos al d\u00eda con la competencia internacional o el progreso del Pacto Verde. A fin de cuentas, ser\u00e1n los agricultores quienes paguen el precio de la indecisi\u00f3n. Pido a la Comisi\u00f3n que se comprometa con m\u00e1s firmeza y rapidez si cree en las conclusiones de su propio informe.\u00bb<\/p>\n\n\n\n<p>El Copa y la Cogeca tambi\u00e9n est\u00e1n de acuerdo con el estudio de la Comisi\u00f3n al considerar que las nuevas t\u00e9cnicas gen\u00f3micas representan un conjunto variopinto de t\u00e9cnicas, que pueden conseguir resultados diferentes, al verse que algunos productos vegetales logrados mediante dichas t\u00e9cnicas resultan indistinguibles de las plantas obtenidas de forma convencional. Por ello, con la premura de tiempo que nos aqueja, instamos a la Comisi\u00f3n Europea, al Consejo y al Parlamento Europeo a que aprueben los ligeros cambios normativos necesarios para estas t\u00e9cnicas de obtenci\u00f3n precisas y bien definidas, con el fin de avanzar con celeridad en el \u00e1mbito de la obtenci\u00f3n vegetal a nivel europeo y poder hacer frente al cambio clim\u00e1tico.<\/p>\n\n\n\n<p><\/p>\n","protected":false},"excerpt":{"rendered":"<p>Si la Comisi\u00f3n cree en su propio informe sobre las nuevas t\u00e9cnicas gen\u00f3micas, entonces debe tomar cartas en el asunto y r\u00e1pido que \u00a1el tiempo apremia! El Copa y la Cogeca acogen con satisfacci\u00f3n las principales conclusiones del estudio solicitado por el Consejo Europeo en 2019 y realizado por la Comisi\u00f3n Europea sobre las nuevas [&hellip;]<\/p>\n","protected":false},"author":9,"featured_media":8194,"comment_status":"open","ping_status":"open","sticky":false,"template":"","format":"standard","meta":{"footnotes":""},"categories":[9,29,28],"tags":[],"yoast_head":"<!-- This site is optimized with the Yoast SEO plugin v24.5 - https:\/\/yoast.com\/wordpress\/plugins\/seo\/ -->\n<title>El COPA insta a tomar medidas para aprovechar las nuevas t\u00e9cnicas gen\u00f3micas - ASAJA Palencia<\/title>\n<meta name=\"description\" content=\"Si la Comisi\u00f3n cree en su propio informe sobre las nuevas t\u00e9cnicas gen\u00f3micas, entonces debe tomar cartas en el asunto y r\u00e1pido que \u00a1el tiempo apremia! El\" \/>\n<meta name=\"robots\" content=\"index, follow, max-snippet:-1, max-image-preview:large, max-video-preview:-1\" \/>\n<link rel=\"canonical\" href=\"https:\/\/www.asajacyl.com\/palencia\/asaja-palencia-informa\/noticias\/el-copa-insta-a-tomar-medidas-para-aprovechar-las-nuevas-tecnicas-genomicas\" \/>\n<meta property=\"og:locale\" content=\"es_ES\" \/>\n<meta property=\"og:type\" content=\"article\" \/>\n<meta property=\"og:title\" content=\"El COPA insta a tomar medidas para aprovechar las nuevas t\u00e9cnicas gen\u00f3micas - ASAJA Palencia\" \/>\n<meta property=\"og:description\" content=\"Si la Comisi\u00f3n cree en su propio informe sobre las nuevas t\u00e9cnicas gen\u00f3micas, entonces debe tomar cartas en el asunto y r\u00e1pido que \u00a1el tiempo apremia! El\" \/>\n<meta property=\"og:url\" content=\"https:\/\/www.asajacyl.com\/palencia\/asaja-palencia-informa\/noticias\/el-copa-insta-a-tomar-medidas-para-aprovechar-las-nuevas-tecnicas-genomicas\" \/>\n<meta property=\"og:site_name\" content=\"ASAJA Palencia\" \/>\n<meta property=\"article:published_time\" content=\"2021-05-13T07:15:00+00:00\" \/>\n<meta property=\"og:image\" content=\"https:\/\/www.asajacyl.com\/palencia\/wp-content\/uploads\/sites\/3\/2021\/04\/COPACOGECA.jpg\" \/>\n\t<meta property=\"og:image:width\" content=\"1280\" \/>\n\t<meta property=\"og:image:height\" content=\"693\" \/>\n\t<meta property=\"og:image:type\" content=\"image\/jpeg\" \/>\n<meta name=\"author\" content=\"Administrador\" \/>\n<meta name=\"twitter:card\" content=\"summary_large_image\" \/>\n<meta name=\"twitter:label1\" content=\"Escrito por\" \/>\n\t<meta name=\"twitter:data1\" content=\"Administrador\" \/>\n\t<meta name=\"twitter:label2\" content=\"Tiempo de lectura\" \/>\n\t<meta name=\"twitter:data2\" content=\"3 minutos\" \/>\n<script type=\"application\/ld+json\" class=\"yoast-schema-graph\">{\"@context\":\"https:\/\/schema.org\",\"@graph\":[{\"@type\":\"WebPage\",\"@id\":\"https:\/\/www.asajacyl.com\/palencia\/asaja-palencia-informa\/noticias\/el-copa-insta-a-tomar-medidas-para-aprovechar-las-nuevas-tecnicas-genomicas\",\"url\":\"https:\/\/www.asajacyl.com\/palencia\/asaja-palencia-informa\/noticias\/el-copa-insta-a-tomar-medidas-para-aprovechar-las-nuevas-tecnicas-genomicas\",\"name\":\"El COPA insta a tomar medidas para aprovechar las nuevas t\u00e9cnicas gen\u00f3micas - ASAJA Palencia\",\"isPartOf\":{\"@id\":\"https:\/\/www.asajacyl.com\/palencia\/#website\"},\"primaryImageOfPage\":{\"@id\":\"https:\/\/www.asajacyl.com\/palencia\/asaja-palencia-informa\/noticias\/el-copa-insta-a-tomar-medidas-para-aprovechar-las-nuevas-tecnicas-genomicas#primaryimage\"},\"image\":{\"@id\":\"https:\/\/www.asajacyl.com\/palencia\/asaja-palencia-informa\/noticias\/el-copa-insta-a-tomar-medidas-para-aprovechar-las-nuevas-tecnicas-genomicas#primaryimage\"},\"thumbnailUrl\":\"https:\/\/www.asajacyl.com\/palencia\/wp-content\/uploads\/sites\/3\/2021\/04\/COPACOGECA.jpg\",\"datePublished\":\"2021-05-13T07:15:00+00:00\",\"author\":{\"@id\":\"https:\/\/www.asajacyl.com\/palencia\/#\/schema\/person\/3ab17aeb03527485c317557fae64aab1\"},\"description\":\"Si la Comisi\u00f3n cree en su propio informe sobre las nuevas t\u00e9cnicas gen\u00f3micas, entonces debe tomar cartas en el asunto y r\u00e1pido que \u00a1el tiempo apremia! El\",\"breadcrumb\":{\"@id\":\"https:\/\/www.asajacyl.com\/palencia\/asaja-palencia-informa\/noticias\/el-copa-insta-a-tomar-medidas-para-aprovechar-las-nuevas-tecnicas-genomicas#breadcrumb\"},\"inLanguage\":\"es\",\"potentialAction\":[{\"@type\":\"ReadAction\",\"target\":[\"https:\/\/www.asajacyl.com\/palencia\/asaja-palencia-informa\/noticias\/el-copa-insta-a-tomar-medidas-para-aprovechar-las-nuevas-tecnicas-genomicas\"]}]},{\"@type\":\"ImageObject\",\"inLanguage\":\"es\",\"@id\":\"https:\/\/www.asajacyl.com\/palencia\/asaja-palencia-informa\/noticias\/el-copa-insta-a-tomar-medidas-para-aprovechar-las-nuevas-tecnicas-genomicas#primaryimage\",\"url\":\"https:\/\/www.asajacyl.com\/palencia\/wp-content\/uploads\/sites\/3\/2021\/04\/COPACOGECA.jpg\",\"contentUrl\":\"https:\/\/www.asajacyl.com\/palencia\/wp-content\/uploads\/sites\/3\/2021\/04\/COPACOGECA.jpg\",\"width\":1280,\"height\":693},{\"@type\":\"BreadcrumbList\",\"@id\":\"https:\/\/www.asajacyl.com\/palencia\/asaja-palencia-informa\/noticias\/el-copa-insta-a-tomar-medidas-para-aprovechar-las-nuevas-tecnicas-genomicas#breadcrumb\",\"itemListElement\":[{\"@type\":\"ListItem\",\"position\":1,\"name\":\"Portada\",\"item\":\"https:\/\/www.asajacyl.com\/palencia\/\"},{\"@type\":\"ListItem\",\"position\":2,\"name\":\"El COPA insta a tomar medidas para aprovechar las nuevas t\u00e9cnicas gen\u00f3micas\"}]},{\"@type\":\"WebSite\",\"@id\":\"https:\/\/www.asajacyl.com\/palencia\/#website\",\"url\":\"https:\/\/www.asajacyl.com\/palencia\/\",\"name\":\"ASAJA Palencia\",\"description\":\"Otro sitio m\u00e1s de Provincias ASAJA Castilla y Le\u00f3n\",\"potentialAction\":[{\"@type\":\"SearchAction\",\"target\":{\"@type\":\"EntryPoint\",\"urlTemplate\":\"https:\/\/www.asajacyl.com\/palencia\/?s={search_term_string}\"},\"query-input\":{\"@type\":\"PropertyValueSpecification\",\"valueRequired\":true,\"valueName\":\"search_term_string\"}}],\"inLanguage\":\"es\"},{\"@type\":\"Person\",\"@id\":\"https:\/\/www.asajacyl.com\/palencia\/#\/schema\/person\/3ab17aeb03527485c317557fae64aab1\",\"name\":\"Administrador\",\"image\":{\"@type\":\"ImageObject\",\"inLanguage\":\"es\",\"@id\":\"https:\/\/www.asajacyl.com\/palencia\/#\/schema\/person\/image\/\",\"url\":\"https:\/\/secure.gravatar.com\/avatar\/517384810d242ca9e38c180f3c9fb973?s=96&d=mm&r=g\",\"contentUrl\":\"https:\/\/secure.gravatar.com\/avatar\/517384810d242ca9e38c180f3c9fb973?s=96&d=mm&r=g\",\"caption\":\"Administrador\"},\"url\":\"https:\/\/www.asajacyl.com\/palencia\/author\/carlosrm\"}]}<\/script>\n<!-- \/ Yoast SEO plugin. -->","yoast_head_json":{"title":"El COPA insta a tomar medidas para aprovechar las nuevas t\u00e9cnicas gen\u00f3micas - ASAJA Palencia","description":"Si la Comisi\u00f3n cree en su propio informe sobre las nuevas t\u00e9cnicas gen\u00f3micas, entonces debe tomar cartas en el asunto y r\u00e1pido que \u00a1el tiempo apremia! El","robots":{"index":"index","follow":"follow","max-snippet":"max-snippet:-1","max-image-preview":"max-image-preview:large","max-video-preview":"max-video-preview:-1"},"canonical":"https:\/\/www.asajacyl.com\/palencia\/asaja-palencia-informa\/noticias\/el-copa-insta-a-tomar-medidas-para-aprovechar-las-nuevas-tecnicas-genomicas","og_locale":"es_ES","og_type":"article","og_title":"El COPA insta a tomar medidas para aprovechar las nuevas t\u00e9cnicas gen\u00f3micas - ASAJA Palencia","og_description":"Si la Comisi\u00f3n cree en su propio informe sobre las nuevas t\u00e9cnicas gen\u00f3micas, entonces debe tomar cartas en el asunto y r\u00e1pido que \u00a1el tiempo apremia! El","og_url":"https:\/\/www.asajacyl.com\/palencia\/asaja-palencia-informa\/noticias\/el-copa-insta-a-tomar-medidas-para-aprovechar-las-nuevas-tecnicas-genomicas","og_site_name":"ASAJA Palencia","article_published_time":"2021-05-13T07:15:00+00:00","og_image":[{"width":1280,"height":693,"url":"https:\/\/www.asajacyl.com\/palencia\/wp-content\/uploads\/sites\/3\/2021\/04\/COPACOGECA.jpg","type":"image\/jpeg"}],"author":"Administrador","twitter_card":"summary_large_image","twitter_misc":{"Escrito por":"Administrador","Tiempo de lectura":"3 minutos"},"schema":{"@context":"https:\/\/schema.org","@graph":[{"@type":"WebPage","@id":"https:\/\/www.asajacyl.com\/palencia\/asaja-palencia-informa\/noticias\/el-copa-insta-a-tomar-medidas-para-aprovechar-las-nuevas-tecnicas-genomicas","url":"https:\/\/www.asajacyl.com\/palencia\/asaja-palencia-informa\/noticias\/el-copa-insta-a-tomar-medidas-para-aprovechar-las-nuevas-tecnicas-genomicas","name":"El COPA insta a tomar medidas para aprovechar las nuevas t\u00e9cnicas gen\u00f3micas - ASAJA Palencia","isPartOf":{"@id":"https:\/\/www.asajacyl.com\/palencia\/#website"},"primaryImageOfPage":{"@id":"https:\/\/www.asajacyl.com\/palencia\/asaja-palencia-informa\/noticias\/el-copa-insta-a-tomar-medidas-para-aprovechar-las-nuevas-tecnicas-genomicas#primaryimage"},"image":{"@id":"https:\/\/www.asajacyl.com\/palencia\/asaja-palencia-informa\/noticias\/el-copa-insta-a-tomar-medidas-para-aprovechar-las-nuevas-tecnicas-genomicas#primaryimage"},"thumbnailUrl":"https:\/\/www.asajacyl.com\/palencia\/wp-content\/uploads\/sites\/3\/2021\/04\/COPACOGECA.jpg","datePublished":"2021-05-13T07:15:00+00:00","author":{"@id":"https:\/\/www.asajacyl.com\/palencia\/#\/schema\/person\/3ab17aeb03527485c317557fae64aab1"},"description":"Si la Comisi\u00f3n cree en su propio informe sobre las nuevas t\u00e9cnicas gen\u00f3micas, entonces debe tomar cartas en el asunto y r\u00e1pido que \u00a1el tiempo apremia! El","breadcrumb":{"@id":"https:\/\/www.asajacyl.com\/palencia\/asaja-palencia-informa\/noticias\/el-copa-insta-a-tomar-medidas-para-aprovechar-las-nuevas-tecnicas-genomicas#breadcrumb"},"inLanguage":"es","potentialAction":[{"@type":"ReadAction","target":["https:\/\/www.asajacyl.com\/palencia\/asaja-palencia-informa\/noticias\/el-copa-insta-a-tomar-medidas-para-aprovechar-las-nuevas-tecnicas-genomicas"]}]},{"@type":"ImageObject","inLanguage":"es","@id":"https:\/\/www.asajacyl.com\/palencia\/asaja-palencia-informa\/noticias\/el-copa-insta-a-tomar-medidas-para-aprovechar-las-nuevas-tecnicas-genomicas#primaryimage","url":"https:\/\/www.asajacyl.com\/palencia\/wp-content\/uploads\/sites\/3\/2021\/04\/COPACOGECA.jpg","contentUrl":"https:\/\/www.asajacyl.com\/palencia\/wp-content\/uploads\/sites\/3\/2021\/04\/COPACOGECA.jpg","width":1280,"height":693},{"@type":"BreadcrumbList","@id":"https:\/\/www.asajacyl.com\/palencia\/asaja-palencia-informa\/noticias\/el-copa-insta-a-tomar-medidas-para-aprovechar-las-nuevas-tecnicas-genomicas#breadcrumb","itemListElement":[{"@type":"ListItem","position":1,"name":"Portada","item":"https:\/\/www.asajacyl.com\/palencia\/"},{"@type":"ListItem","position":2,"name":"El COPA insta a tomar medidas para aprovechar las nuevas t\u00e9cnicas gen\u00f3micas"}]},{"@type":"WebSite","@id":"https:\/\/www.asajacyl.com\/palencia\/#website","url":"https:\/\/www.asajacyl.com\/palencia\/","name":"ASAJA Palencia","description":"Otro sitio m\u00e1s de Provincias ASAJA Castilla y Le\u00f3n","potentialAction":[{"@type":"SearchAction","target":{"@type":"EntryPoint","urlTemplate":"https:\/\/www.asajacyl.com\/palencia\/?s={search_term_string}"},"query-input":{"@type":"PropertyValueSpecification","valueRequired":true,"valueName":"search_term_string"}}],"inLanguage":"es"},{"@type":"Person","@id":"https:\/\/www.asajacyl.com\/palencia\/#\/schema\/person\/3ab17aeb03527485c317557fae64aab1","name":"Administrador","image":{"@type":"ImageObject","inLanguage":"es","@id":"https:\/\/www.asajacyl.com\/palencia\/#\/schema\/person\/image\/","url":"https:\/\/secure.gravatar.com\/avatar\/517384810d242ca9e38c180f3c9fb973?s=96&d=mm&r=g","contentUrl":"https:\/\/secure.gravatar.com\/avatar\/517384810d242ca9e38c180f3c9fb973?s=96&d=mm&r=g","caption":"Administrador"},"url":"https:\/\/www.asajacyl.com\/palencia\/author\/carlosrm"}]}},"_links":{"self":[{"href":"https:\/\/www.asajacyl.com\/palencia\/wp-json\/wp\/v2\/posts\/8313"}],"collection":[{"href":"https:\/\/www.asajacyl.com\/palencia\/wp-json\/wp\/v2\/posts"}],"about":[{"href":"https:\/\/www.asajacyl.com\/palencia\/wp-json\/wp\/v2\/types\/post"}],"author":[{"embeddable":true,"href":"https:\/\/www.asajacyl.com\/palencia\/wp-json\/wp\/v2\/users\/9"}],"replies":[{"embeddable":true,"href":"https:\/\/www.asajacyl.com\/palencia\/wp-json\/wp\/v2\/comments?post=8313"}],"version-history":[{"count":1,"href":"https:\/\/www.asajacyl.com\/palencia\/wp-json\/wp\/v2\/posts\/8313\/revisions"}],"predecessor-version":[{"id":8315,"href":"https:\/\/www.asajacyl.com\/palencia\/wp-json\/wp\/v2\/posts\/8313\/revisions\/8315"}],"wp:featuredmedia":[{"embeddable":true,"href":"https:\/\/www.asajacyl.com\/palencia\/wp-json\/wp\/v2\/media\/8194"}],"wp:attachment":[{"href":"https:\/\/www.asajacyl.com\/palencia\/wp-json\/wp\/v2\/media?parent=8313"}],"wp:term":[{"taxonomy":"category","embeddable":true,"href":"https:\/\/www.asajacyl.com\/palencia\/wp-json\/wp\/v2\/categories?post=8313"},{"taxonomy":"post_tag","embeddable":true,"href":"https:\/\/www.asajacyl.com\/palencia\/wp-json\/wp\/v2\/tags?post=8313"}],"curies":[{"name":"wp","href":"https:\/\/api.w.org\/{rel}","templated":true}]}}